{"id":918108,"date":"2023-09-04T16:54:04","date_gmt":"2023-09-04T19:54:04","guid":{"rendered":"https:\/\/www.pm.pb.gov.br\/portal\/?p=918108"},"modified":"2023-09-04T16:54:06","modified_gmt":"2023-09-04T19:54:06","slug":"policia-militar-apreende-duas-armas-de-fogo-colete-e-quase-50-municoes-em-bayeux","status":"publish","type":"post","link":"https:\/\/www.pm.pb.gov.br\/portal\/2023\/09\/04\/policia-militar-apreende-duas-armas-de-fogo-colete-e-quase-50-municoes-em-bayeux\/","title":{"rendered":"Pol\u00edcia Militar apreende duas armas de fogo, colete e quase 50 muni\u00e7\u00f5es em Bayeux"},"content":{"rendered":"\n<p>O m\u00eas de setembro segue com a\u00e7\u00f5es refor\u00e7adas de seguran\u00e7a na Grande Jo\u00e3o Pessoa. Na tarde desta segunda-feira (04), uma espingarda, um rev\u00f3lver e mais 46 muni\u00e7\u00f5es, al\u00e9m de um colete bal\u00edstico, foram retiradas das ruas de Bayeux pela Pol\u00edcia Militar.<\/p>\n<p>A apreens\u00e3o do material foi realizada pelos policiais da For\u00e7a T\u00e1tica da 4\u00aa Companhia Independente. Um acusado de 24 anos de idade, e que j\u00e1 havia sido apreendido quando era menor, foi preso. De acordo com os policiais, o acusado estava com o rev\u00f3lver em um pacote, e tentou fugir ao perceber a chegada da PM na regi\u00e3o do bairro Mario Andreazza. A fuga foi frustrada e os policiais apreenderam o armamento e localizaram, na casa do acusado, a espingarda, muni\u00e7\u00f5es, colete bal\u00edstico e balan\u00e7a de precis\u00e3o.<\/p>\n<p><img loading=\"lazy\" decoding=\"async\" class=\"size-medium wp-image-918109 aligncenter\" src=\"http:\/\/www.pm.pb.gov.br\/portal\/wp-content\/uploads\/2023\/09\/bayeuxset-496x445.jpeg\" alt=\"\" width=\"496\" height=\"445\" srcset=\"https:\/\/www.pm.pb.gov.br\/portal\/wp-content\/uploads\/2023\/09\/bayeuxset-496x445.jpeg 496w, https:\/\/www.pm.pb.gov.br\/portal\/wp-content\/uploads\/2023\/09\/bayeuxset-636x570.jpeg 636w, https:\/\/www.pm.pb.gov.br\/portal\/wp-content\/uploads\/2023\/09\/bayeuxset-768x689.jpeg 768w, https:\/\/www.pm.pb.gov.br\/portal\/wp-content\/uploads\/2023\/09\/bayeuxset.jpeg 1200w\" sizes=\"(max-width: 496px) 100vw, 496px\" \/><\/p>\n<p>Todo o material e o homem preso foram apresentados na 5\u00aa Delegacia Distrital para os procedimentos cab\u00edveis. A participa\u00e7\u00e3o do acusado nos crimes da regi\u00e3o dever\u00e1 ser investigada.<\/p>\n\n\n","protected":false},"excerpt":{"rendered":"<p>O m\u00eas de setembro segue com a\u00e7\u00f5es refor\u00e7adas de seguran\u00e7a na Grande Jo\u00e3o Pessoa. Na tarde desta segunda-feira (04), uma<\/p>\n","protected":false},"author":12,"featured_media":913089,"comment_status":"closed","ping_status":"closed","sticky":false,"template":"","format":"standard","meta":{"_exactmetrics_skip_tracking":false,"_exactmetrics_sitenote_active":false,"_exactmetrics_sitenote_note":"","_exactmetrics_sitenote_category":0,"footnotes":""},"categories":[4],"tags":[],"yoast_head":"<!-- This site is optimized with the Yoast SEO plugin v22.0 - https:\/\/yoast.com\/wordpress\/plugins\/seo\/ -->\n<title>Pol\u00edcia Militar apreende duas armas de fogo, colete e quase 50 muni\u00e7\u00f5es em Bayeux - Pol\u00edcia Militar da Para\u00edba<\/title>\n<meta name=\"robots\" content=\"index, follow, max-snippet:-1, max-image-preview:large, max-video-preview:-1\" \/>\n<link rel=\"canonical\" href=\"https:\/\/www.pm.pb.gov.br\/portal\/2023\/09\/04\/policia-militar-apreende-duas-armas-de-fogo-colete-e-quase-50-municoes-em-bayeux\/\" \/>\n<meta property=\"og:locale\" content=\"pt_BR\" \/>\n<meta property=\"og:type\" content=\"article\" \/>\n<meta property=\"og:title\" content=\"Pol\u00edcia Militar apreende duas armas de fogo, colete e quase 50 muni\u00e7\u00f5es em Bayeux - Pol\u00edcia Militar da Para\u00edba\" \/>\n<meta property=\"og:description\" content=\"O m\u00eas de setembro segue com a\u00e7\u00f5es refor\u00e7adas de seguran\u00e7a na Grande Jo\u00e3o Pessoa. Na tarde desta segunda-feira (04), uma\" \/>\n<meta property=\"og:url\" content=\"https:\/\/www.pm.pb.gov.br\/portal\/2023\/09\/04\/policia-militar-apreende-duas-armas-de-fogo-colete-e-quase-50-municoes-em-bayeux\/\" \/>\n<meta property=\"og:site_name\" content=\"Pol\u00edcia Militar da Para\u00edba\" \/>\n<meta property=\"article:published_time\" content=\"2023-09-04T19:54:04+00:00\" \/>\n<meta property=\"article:modified_time\" content=\"2023-09-04T19:54:06+00:00\" \/>\n<meta property=\"og:image\" content=\"http:\/\/www.pm.pb.gov.br\/portal\/wp-content\/uploads\/2021\/11\/4cipm.jpeg\" \/>\n\t<meta property=\"og:image:width\" content=\"800\" \/>\n\t<meta property=\"og:image:height\" content=\"445\" \/>\n\t<meta property=\"og:image:type\" content=\"image\/jpeg\" \/>\n<meta name=\"author\" content=\"Tarcisio Oliveira\" \/>\n<meta name=\"twitter:card\" content=\"summary_large_image\" \/>\n<meta name=\"twitter:label1\" content=\"Escrito por\" \/>\n\t<meta name=\"twitter:data1\" content=\"Tarcisio Oliveira\" \/>\n\t<meta name=\"twitter:label2\" content=\"Est. tempo de leitura\" \/>\n\t<meta name=\"twitter:data2\" content=\"2 minutos\" \/>\n<script type=\"application\/ld+json\" class=\"yoast-schema-graph\">{\"@context\":\"https:\/\/schema.org\",\"@graph\":[{\"@type\":\"Article\",\"@id\":\"https:\/\/www.pm.pb.gov.br\/portal\/2023\/09\/04\/policia-militar-apreende-duas-armas-de-fogo-colete-e-quase-50-municoes-em-bayeux\/#article\",\"isPartOf\":{\"@id\":\"https:\/\/www.pm.pb.gov.br\/portal\/2023\/09\/04\/policia-militar-apreende-duas-armas-de-fogo-colete-e-quase-50-municoes-em-bayeux\/\"},\"author\":{\"name\":\"Tarcisio Oliveira\",\"@id\":\"https:\/\/www.pm.pb.gov.br\/portal\/#\/schema\/person\/f84f56dcc78ce4357054da888b8247fd\"},\"headline\":\"Pol\u00edcia Militar apreende duas armas de fogo, colete e quase 50 muni\u00e7\u00f5es em Bayeux\",\"datePublished\":\"2023-09-04T19:54:04+00:00\",\"dateModified\":\"2023-09-04T19:54:06+00:00\",\"mainEntityOfPage\":{\"@id\":\"https:\/\/www.pm.pb.gov.br\/portal\/2023\/09\/04\/policia-militar-apreende-duas-armas-de-fogo-colete-e-quase-50-municoes-em-bayeux\/\"},\"wordCount\":188,\"publisher\":{\"@id\":\"https:\/\/www.pm.pb.gov.br\/portal\/#organization\"},\"articleSection\":[\"A\u00e7\u00f5es Policiais\"],\"inLanguage\":\"pt-BR\"},{\"@type\":\"WebPage\",\"@id\":\"https:\/\/www.pm.pb.gov.br\/portal\/2023\/09\/04\/policia-militar-apreende-duas-armas-de-fogo-colete-e-quase-50-municoes-em-bayeux\/\",\"url\":\"https:\/\/www.pm.pb.gov.br\/portal\/2023\/09\/04\/policia-militar-apreende-duas-armas-de-fogo-colete-e-quase-50-municoes-em-bayeux\/\",\"name\":\"Pol\u00edcia Militar apreende duas armas de fogo, colete e quase 50 muni\u00e7\u00f5es em Bayeux - Pol\u00edcia Militar da Para\u00edba\",\"isPartOf\":{\"@id\":\"https:\/\/www.pm.pb.gov.br\/portal\/#website\"},\"datePublished\":\"2023-09-04T19:54:04+00:00\",\"dateModified\":\"2023-09-04T19:54:06+00:00\",\"breadcrumb\":{\"@id\":\"https:\/\/www.pm.pb.gov.br\/portal\/2023\/09\/04\/policia-militar-apreende-duas-armas-de-fogo-colete-e-quase-50-municoes-em-bayeux\/#breadcrumb\"},\"inLanguage\":\"pt-BR\",\"potentialAction\":[{\"@type\":\"ReadAction\",\"target\":[\"https:\/\/www.pm.pb.gov.br\/portal\/2023\/09\/04\/policia-militar-apreende-duas-armas-de-fogo-colete-e-quase-50-municoes-em-bayeux\/\"]}]},{\"@type\":\"BreadcrumbList\",\"@id\":\"https:\/\/www.pm.pb.gov.br\/portal\/2023\/09\/04\/policia-militar-apreende-duas-armas-de-fogo-colete-e-quase-50-municoes-em-bayeux\/#breadcrumb\",\"itemListElement\":[{\"@type\":\"ListItem\",\"position\":1,\"name\":\"In\u00edcio\",\"item\":\"https:\/\/www.pm.pb.gov.br\/portal\/\"},{\"@type\":\"ListItem\",\"position\":2,\"name\":\"Pol\u00edcia Militar apreende duas armas de fogo, colete e quase 50 muni\u00e7\u00f5es em Bayeux\"}]},{\"@type\":\"WebSite\",\"@id\":\"https:\/\/www.pm.pb.gov.br\/portal\/#website\",\"url\":\"https:\/\/www.pm.pb.gov.br\/portal\/\",\"name\":\"Pol\u00edcia Militar da Para\u00edba\",\"description\":\"\",\"publisher\":{\"@id\":\"https:\/\/www.pm.pb.gov.br\/portal\/#organization\"},\"potentialAction\":[{\"@type\":\"SearchAction\",\"target\":{\"@type\":\"EntryPoint\",\"urlTemplate\":\"https:\/\/www.pm.pb.gov.br\/portal\/?s={search_term_string}\"},\"query-input\":\"required name=search_term_string\"}],\"inLanguage\":\"pt-BR\"},{\"@type\":\"Organization\",\"@id\":\"https:\/\/www.pm.pb.gov.br\/portal\/#organization\",\"name\":\"Pol\u00edcia Militar da Para\u00edba\",\"url\":\"https:\/\/www.pm.pb.gov.br\/portal\/\",\"logo\":{\"@type\":\"ImageObject\",\"inLanguage\":\"pt-BR\",\"@id\":\"https:\/\/www.pm.pb.gov.br\/portal\/#\/schema\/logo\/image\/\",\"url\":\"https:\/\/www.pm.pb.gov.br\/portal\/wp-content\/uploads\/2025\/03\/cropped-logo-site-mag2-1.png\",\"contentUrl\":\"https:\/\/www.pm.pb.gov.br\/portal\/wp-content\/uploads\/2025\/03\/cropped-logo-site-mag2-1.png\",\"width\":320,\"height\":90,\"caption\":\"Pol\u00edcia Militar da Para\u00edba\"},\"image\":{\"@id\":\"https:\/\/www.pm.pb.gov.br\/portal\/#\/schema\/logo\/image\/\"}},{\"@type\":\"Person\",\"@id\":\"https:\/\/www.pm.pb.gov.br\/portal\/#\/schema\/person\/f84f56dcc78ce4357054da888b8247fd\",\"name\":\"Tarcisio Oliveira\",\"image\":{\"@type\":\"ImageObject\",\"inLanguage\":\"pt-BR\",\"@id\":\"https:\/\/www.pm.pb.gov.br\/portal\/#\/schema\/person\/image\/\",\"url\":\"https:\/\/secure.gravatar.com\/avatar\/72917b630b69d31cd0297507f34bac97?s=96&d=mm&r=g\",\"contentUrl\":\"https:\/\/secure.gravatar.com\/avatar\/72917b630b69d31cd0297507f34bac97?s=96&d=mm&r=g\",\"caption\":\"Tarcisio Oliveira\"},\"url\":\"https:\/\/www.pm.pb.gov.br\/portal\/author\/tarcisio\/\"}]}<\/script>\n<!-- \/ Yoast SEO plugin. -->","yoast_head_json":{"title":"Pol\u00edcia Militar apreende duas armas de fogo, colete e quase 50 muni\u00e7\u00f5es em Bayeux - Pol\u00edcia Militar da Para\u00edba","robots":{"index":"index","follow":"follow","max-snippet":"max-snippet:-1","max-image-preview":"max-image-preview:large","max-video-preview":"max-video-preview:-1"},"canonical":"https:\/\/www.pm.pb.gov.br\/portal\/2023\/09\/04\/policia-militar-apreende-duas-armas-de-fogo-colete-e-quase-50-municoes-em-bayeux\/","og_locale":"pt_BR","og_type":"article","og_title":"Pol\u00edcia Militar apreende duas armas de fogo, colete e quase 50 muni\u00e7\u00f5es em Bayeux - Pol\u00edcia Militar da Para\u00edba","og_description":"O m\u00eas de setembro segue com a\u00e7\u00f5es refor\u00e7adas de seguran\u00e7a na Grande Jo\u00e3o Pessoa. Na tarde desta segunda-feira (04), uma","og_url":"https:\/\/www.pm.pb.gov.br\/portal\/2023\/09\/04\/policia-militar-apreende-duas-armas-de-fogo-colete-e-quase-50-municoes-em-bayeux\/","og_site_name":"Pol\u00edcia Militar da Para\u00edba","article_published_time":"2023-09-04T19:54:04+00:00","article_modified_time":"2023-09-04T19:54:06+00:00","og_image":[{"width":800,"height":445,"url":"http:\/\/www.pm.pb.gov.br\/portal\/wp-content\/uploads\/2021\/11\/4cipm.jpeg","type":"image\/jpeg"}],"author":"Tarcisio Oliveira","twitter_card":"summary_large_image","twitter_misc":{"Escrito por":"Tarcisio Oliveira","Est. tempo de leitura":"2 minutos"},"schema":{"@context":"https:\/\/schema.org","@graph":[{"@type":"Article","@id":"https:\/\/www.pm.pb.gov.br\/portal\/2023\/09\/04\/policia-militar-apreende-duas-armas-de-fogo-colete-e-quase-50-municoes-em-bayeux\/#article","isPartOf":{"@id":"https:\/\/www.pm.pb.gov.br\/portal\/2023\/09\/04\/policia-militar-apreende-duas-armas-de-fogo-colete-e-quase-50-municoes-em-bayeux\/"},"author":{"name":"Tarcisio Oliveira","@id":"https:\/\/www.pm.pb.gov.br\/portal\/#\/schema\/person\/f84f56dcc78ce4357054da888b8247fd"},"headline":"Pol\u00edcia Militar apreende duas armas de fogo, colete e quase 50 muni\u00e7\u00f5es em Bayeux","datePublished":"2023-09-04T19:54:04+00:00","dateModified":"2023-09-04T19:54:06+00:00","mainEntityOfPage":{"@id":"https:\/\/www.pm.pb.gov.br\/portal\/2023\/09\/04\/policia-militar-apreende-duas-armas-de-fogo-colete-e-quase-50-municoes-em-bayeux\/"},"wordCount":188,"publisher":{"@id":"https:\/\/www.pm.pb.gov.br\/portal\/#organization"},"articleSection":["A\u00e7\u00f5es Policiais"],"inLanguage":"pt-BR"},{"@type":"WebPage","@id":"https:\/\/www.pm.pb.gov.br\/portal\/2023\/09\/04\/policia-militar-apreende-duas-armas-de-fogo-colete-e-quase-50-municoes-em-bayeux\/","url":"https:\/\/www.pm.pb.gov.br\/portal\/2023\/09\/04\/policia-militar-apreende-duas-armas-de-fogo-colete-e-quase-50-municoes-em-bayeux\/","name":"Pol\u00edcia Militar apreende duas armas de fogo, colete e quase 50 muni\u00e7\u00f5es em Bayeux - Pol\u00edcia Militar da Para\u00edba","isPartOf":{"@id":"https:\/\/www.pm.pb.gov.br\/portal\/#website"},"datePublished":"2023-09-04T19:54:04+00:00","dateModified":"2023-09-04T19:54:06+00:00","breadcrumb":{"@id":"https:\/\/www.pm.pb.gov.br\/portal\/2023\/09\/04\/policia-militar-apreende-duas-armas-de-fogo-colete-e-quase-50-municoes-em-bayeux\/#breadcrumb"},"inLanguage":"pt-BR","potentialAction":[{"@type":"ReadAction","target":["https:\/\/www.pm.pb.gov.br\/portal\/2023\/09\/04\/policia-militar-apreende-duas-armas-de-fogo-colete-e-quase-50-municoes-em-bayeux\/"]}]},{"@type":"BreadcrumbList","@id":"https:\/\/www.pm.pb.gov.br\/portal\/2023\/09\/04\/policia-militar-apreende-duas-armas-de-fogo-colete-e-quase-50-municoes-em-bayeux\/#breadcrumb","itemListElement":[{"@type":"ListItem","position":1,"name":"In\u00edcio","item":"https:\/\/www.pm.pb.gov.br\/portal\/"},{"@type":"ListItem","position":2,"name":"Pol\u00edcia Militar apreende duas armas de fogo, colete e quase 50 muni\u00e7\u00f5es em Bayeux"}]},{"@type":"WebSite","@id":"https:\/\/www.pm.pb.gov.br\/portal\/#website","url":"https:\/\/www.pm.pb.gov.br\/portal\/","name":"Pol\u00edcia Militar da Para\u00edba","description":"","publisher":{"@id":"https:\/\/www.pm.pb.gov.br\/portal\/#organization"},"potentialAction":[{"@type":"SearchAction","target":{"@type":"EntryPoint","urlTemplate":"https:\/\/www.pm.pb.gov.br\/portal\/?s={search_term_string}"},"query-input":"required name=search_term_string"}],"inLanguage":"pt-BR"},{"@type":"Organization","@id":"https:\/\/www.pm.pb.gov.br\/portal\/#organization","name":"Pol\u00edcia Militar da Para\u00edba","url":"https:\/\/www.pm.pb.gov.br\/portal\/","logo":{"@type":"ImageObject","inLanguage":"pt-BR","@id":"https:\/\/www.pm.pb.gov.br\/portal\/#\/schema\/logo\/image\/","url":"https:\/\/www.pm.pb.gov.br\/portal\/wp-content\/uploads\/2025\/03\/cropped-logo-site-mag2-1.png","contentUrl":"https:\/\/www.pm.pb.gov.br\/portal\/wp-content\/uploads\/2025\/03\/cropped-logo-site-mag2-1.png","width":320,"height":90,"caption":"Pol\u00edcia Militar da Para\u00edba"},"image":{"@id":"https:\/\/www.pm.pb.gov.br\/portal\/#\/schema\/logo\/image\/"}},{"@type":"Person","@id":"https:\/\/www.pm.pb.gov.br\/portal\/#\/schema\/person\/f84f56dcc78ce4357054da888b8247fd","name":"Tarcisio Oliveira","image":{"@type":"ImageObject","inLanguage":"pt-BR","@id":"https:\/\/www.pm.pb.gov.br\/portal\/#\/schema\/person\/image\/","url":"https:\/\/secure.gravatar.com\/avatar\/72917b630b69d31cd0297507f34bac97?s=96&d=mm&r=g","contentUrl":"https:\/\/secure.gravatar.com\/avatar\/72917b630b69d31cd0297507f34bac97?s=96&d=mm&r=g","caption":"Tarcisio Oliveira"},"url":"https:\/\/www.pm.pb.gov.br\/portal\/author\/tarcisio\/"}]}},"_links":{"self":[{"href":"https:\/\/www.pm.pb.gov.br\/portal\/wp-json\/wp\/v2\/posts\/918108"}],"collection":[{"href":"https:\/\/www.pm.pb.gov.br\/portal\/wp-json\/wp\/v2\/posts"}],"about":[{"href":"https:\/\/www.pm.pb.gov.br\/portal\/wp-json\/wp\/v2\/types\/post"}],"author":[{"embeddable":true,"href":"https:\/\/www.pm.pb.gov.br\/portal\/wp-json\/wp\/v2\/users\/12"}],"replies":[{"embeddable":true,"href":"https:\/\/www.pm.pb.gov.br\/portal\/wp-json\/wp\/v2\/comments?post=918108"}],"version-history":[{"count":1,"href":"https:\/\/www.pm.pb.gov.br\/portal\/wp-json\/wp\/v2\/posts\/918108\/revisions"}],"predecessor-version":[{"id":918110,"href":"https:\/\/www.pm.pb.gov.br\/portal\/wp-json\/wp\/v2\/posts\/918108\/revisions\/918110"}],"wp:featuredmedia":[{"embeddable":true,"href":"https:\/\/www.pm.pb.gov.br\/portal\/wp-json\/wp\/v2\/media\/913089"}],"wp:attachment":[{"href":"https:\/\/www.pm.pb.gov.br\/portal\/wp-json\/wp\/v2\/media?parent=918108"}],"wp:term":[{"taxonomy":"category","embeddable":true,"href":"https:\/\/www.pm.pb.gov.br\/portal\/wp-json\/wp\/v2\/categories?post=918108"},{"taxonomy":"post_tag","embeddable":true,"href":"https:\/\/www.pm.pb.gov.br\/portal\/wp-json\/wp\/v2\/tags?post=918108"}],"curies":[{"name":"wp","href":"https:\/\/api.w.org\/{rel}","templated":true}]}}