{"id":918080,"date":"2023-09-01T12:17:00","date_gmt":"2023-09-01T15:17:00","guid":{"rendered":"https:\/\/www.pm.pb.gov.br\/portal\/?p=918080"},"modified":"2023-09-01T17:31:32","modified_gmt":"2023-09-01T20:31:32","slug":"918080","status":"publish","type":"post","link":"https:\/\/www.pm.pb.gov.br\/portal\/2023\/09\/01\/918080\/","title":{"rendered":"INTEGRA\u00c7\u00c3O: PMPB recebe policiais militares do Tocantins"},"content":{"rendered":"\n<p>Refer\u00eancia em Seguran\u00e7a P\u00fablica no pa\u00eds, a Pol\u00edcia Militar da Para\u00edba recebeu, nesta quinta e sexta-feira (31 e 01), a visita da delega\u00e7\u00e3o da Pol\u00edcia Militar do Tocantins, que veio \u00e0 Para\u00edba conhecer a institui\u00e7\u00e3o coirm\u00e3, respons\u00e1vel pelo patrulhamento ostensivo e preventivo, al\u00e9m de diversas a\u00e7\u00f5es na seguran\u00e7a p\u00fablica e que tem tornando o Estado uma refer\u00eancia no assunto.<\/p>\n<p>A delega\u00e7\u00e3o de Tocantins veio composta por mais de 80 policiais do Curso de Habilita\u00e7\u00e3o de Oficiais Administrativos, e Administrativos M\u00fasicos. Eles foram recebidos no Quartel do Comando Geral da PMPB, pelo pr\u00f3prio subcomandante-geral da institui\u00e7\u00e3o, coronel Ronildo, e que na ocasi\u00e3o representou o comandante-geral, coronel S\u00e9rgio Fonseca.<\/p>\n<figure id=\"attachment_918083\" aria-describedby=\"caption-attachment-918083\" style=\"width: 642px\" class=\"wp-caption aligncenter\"><img loading=\"lazy\" decoding=\"async\" class=\"wp-image-918083\" src=\"http:\/\/www.pm.pb.gov.br\/portal\/wp-content\/uploads\/2023\/09\/DSC00042-667x445.jpg\" alt=\"\" width=\"642\" height=\"428\" srcset=\"https:\/\/www.pm.pb.gov.br\/portal\/wp-content\/uploads\/2023\/09\/DSC00042-667x445.jpg 667w, https:\/\/www.pm.pb.gov.br\/portal\/wp-content\/uploads\/2023\/09\/DSC00042-855x570.jpg 855w, https:\/\/www.pm.pb.gov.br\/portal\/wp-content\/uploads\/2023\/09\/DSC00042-768x512.jpg 768w, https:\/\/www.pm.pb.gov.br\/portal\/wp-content\/uploads\/2023\/09\/DSC00042-272x182.jpg 272w, https:\/\/www.pm.pb.gov.br\/portal\/wp-content\/uploads\/2023\/09\/DSC00042.jpg 1024w\" sizes=\"(max-width: 642px) 100vw, 642px\" \/><figcaption id=\"caption-attachment-918083\" class=\"wp-caption-text\">PMTO foi recebida por oficiais do alto comando da PMPB; subchefe do Estado-Maior da PMTO, coronel Marques, tamb\u00e9m participou da visita \u00e0 Para\u00edba<\/figcaption><\/figure>\n<p>Os visitantes conheceram a administra\u00e7\u00e3o da corpora\u00e7\u00e3o, sua participa\u00e7\u00e3o no Programa Para\u00edba Unida Pela Paz, e sua atua\u00e7\u00e3o para redu\u00e7\u00e3o da criminalidade. Neste ano a Para\u00edba alcan\u00e7ou o 3\u00ba lugar no ranking da seguran\u00e7a p\u00fablica, em levantamento feito pelo Centro de Lideran\u00e7a P\u00fablica (CLP), que analisou a competitividade entre os Estados do pa\u00eds. Nas regi\u00f5es Norte\/Nordeste, a Para\u00edba alcan\u00e7a a primeira coloca\u00e7\u00e3o. Os indicadores analisam itens como viol\u00eancia sexual, mortes a esclarecer, seguran\u00e7a patrimonial, entre outros.<\/p>\n<p>A delega\u00e7\u00e3o da PMTO tamb\u00e9m visitou o 1\u00ba Batalh\u00e3o, respons\u00e1vel pelo policiamento da zona norte de Jo\u00e3o Pessoa, e a Banda de M\u00fasica da PM, que \u00e9 uma das mais antigas do pa\u00eds e hoje \u00e9 patrim\u00f4nio imaterial da Para\u00edba. A visita terminou nesta sexta-feira no Centro de Educa\u00e7\u00e3o, onde os oficiais conheceram a unidade respons\u00e1vel pela forma\u00e7\u00e3o, capacita\u00e7\u00e3o e treinamento dos policiais miliares paraibanos.<\/p>\n","protected":false},"excerpt":{"rendered":"<p>Refer\u00eancia em Seguran\u00e7a P\u00fablica no pa\u00eds, a Pol\u00edcia Militar da Para\u00edba recebeu, nesta quinta e sexta-feira (31 e 01), a<\/p>\n","protected":false},"author":12,"featured_media":918082,"comment_status":"closed","ping_status":"closed","sticky":false,"template":"","format":"standard","meta":{"_exactmetrics_skip_tracking":false,"_exactmetrics_sitenote_active":false,"_exactmetrics_sitenote_note":"","_exactmetrics_sitenote_category":0,"footnotes":""},"categories":[13],"tags":[],"yoast_head":"<!-- This site is optimized with the Yoast SEO plugin v22.0 - https:\/\/yoast.com\/wordpress\/plugins\/seo\/ -->\n<title>INTEGRA\u00c7\u00c3O: PMPB recebe policiais militares do Tocantins - Pol\u00edcia Militar da Para\u00edba<\/title>\n<meta name=\"robots\" content=\"index, follow, max-snippet:-1, max-image-preview:large, max-video-preview:-1\" \/>\n<link rel=\"canonical\" href=\"https:\/\/www.pm.pb.gov.br\/portal\/2023\/09\/01\/918080\/\" \/>\n<meta property=\"og:locale\" content=\"pt_BR\" \/>\n<meta property=\"og:type\" content=\"article\" \/>\n<meta property=\"og:title\" content=\"INTEGRA\u00c7\u00c3O: PMPB recebe policiais militares do Tocantins - Pol\u00edcia Militar da Para\u00edba\" \/>\n<meta property=\"og:description\" content=\"Refer\u00eancia em Seguran\u00e7a P\u00fablica no pa\u00eds, a Pol\u00edcia Militar da Para\u00edba recebeu, nesta quinta e sexta-feira (31 e 01), a\" \/>\n<meta property=\"og:url\" content=\"https:\/\/www.pm.pb.gov.br\/portal\/2023\/09\/01\/918080\/\" \/>\n<meta property=\"og:site_name\" content=\"Pol\u00edcia Militar da Para\u00edba\" \/>\n<meta property=\"article:published_time\" content=\"2023-09-01T15:17:00+00:00\" \/>\n<meta property=\"article:modified_time\" content=\"2023-09-01T20:31:32+00:00\" \/>\n<meta property=\"og:image\" content=\"http:\/\/www.pm.pb.gov.br\/portal\/wp-content\/uploads\/2023\/09\/pmto.jpg\" \/>\n\t<meta property=\"og:image:width\" content=\"800\" \/>\n\t<meta property=\"og:image:height\" content=\"445\" \/>\n\t<meta property=\"og:image:type\" content=\"image\/jpeg\" \/>\n<meta name=\"author\" content=\"Tarcisio Oliveira\" \/>\n<meta name=\"twitter:card\" content=\"summary_large_image\" \/>\n<meta name=\"twitter:label1\" content=\"Escrito por\" \/>\n\t<meta name=\"twitter:data1\" content=\"Tarcisio Oliveira\" \/>\n\t<meta name=\"twitter:label2\" content=\"Est. tempo de leitura\" \/>\n\t<meta name=\"twitter:data2\" content=\"2 minutos\" \/>\n<script type=\"application\/ld+json\" class=\"yoast-schema-graph\">{\"@context\":\"https:\/\/schema.org\",\"@graph\":[{\"@type\":\"Article\",\"@id\":\"https:\/\/www.pm.pb.gov.br\/portal\/2023\/09\/01\/918080\/#article\",\"isPartOf\":{\"@id\":\"https:\/\/www.pm.pb.gov.br\/portal\/2023\/09\/01\/918080\/\"},\"author\":{\"name\":\"Tarcisio Oliveira\",\"@id\":\"https:\/\/www.pm.pb.gov.br\/portal\/#\/schema\/person\/f84f56dcc78ce4357054da888b8247fd\"},\"headline\":\"INTEGRA\u00c7\u00c3O: PMPB recebe policiais militares do Tocantins\",\"datePublished\":\"2023-09-01T15:17:00+00:00\",\"dateModified\":\"2023-09-01T20:31:32+00:00\",\"mainEntityOfPage\":{\"@id\":\"https:\/\/www.pm.pb.gov.br\/portal\/2023\/09\/01\/918080\/\"},\"wordCount\":335,\"publisher\":{\"@id\":\"https:\/\/www.pm.pb.gov.br\/portal\/#organization\"},\"articleSection\":[\"Visitas Especiais\"],\"inLanguage\":\"pt-BR\"},{\"@type\":\"WebPage\",\"@id\":\"https:\/\/www.pm.pb.gov.br\/portal\/2023\/09\/01\/918080\/\",\"url\":\"https:\/\/www.pm.pb.gov.br\/portal\/2023\/09\/01\/918080\/\",\"name\":\"INTEGRA\u00c7\u00c3O: PMPB recebe policiais militares do Tocantins - Pol\u00edcia Militar da Para\u00edba\",\"isPartOf\":{\"@id\":\"https:\/\/www.pm.pb.gov.br\/portal\/#website\"},\"datePublished\":\"2023-09-01T15:17:00+00:00\",\"dateModified\":\"2023-09-01T20:31:32+00:00\",\"breadcrumb\":{\"@id\":\"https:\/\/www.pm.pb.gov.br\/portal\/2023\/09\/01\/918080\/#breadcrumb\"},\"inLanguage\":\"pt-BR\",\"potentialAction\":[{\"@type\":\"ReadAction\",\"target\":[\"https:\/\/www.pm.pb.gov.br\/portal\/2023\/09\/01\/918080\/\"]}]},{\"@type\":\"BreadcrumbList\",\"@id\":\"https:\/\/www.pm.pb.gov.br\/portal\/2023\/09\/01\/918080\/#breadcrumb\",\"itemListElement\":[{\"@type\":\"ListItem\",\"position\":1,\"name\":\"In\u00edcio\",\"item\":\"https:\/\/www.pm.pb.gov.br\/portal\/\"},{\"@type\":\"ListItem\",\"position\":2,\"name\":\"INTEGRA\u00c7\u00c3O: PMPB recebe policiais militares do Tocantins\"}]},{\"@type\":\"WebSite\",\"@id\":\"https:\/\/www.pm.pb.gov.br\/portal\/#website\",\"url\":\"https:\/\/www.pm.pb.gov.br\/portal\/\",\"name\":\"Pol\u00edcia Militar da Para\u00edba\",\"description\":\"\",\"publisher\":{\"@id\":\"https:\/\/www.pm.pb.gov.br\/portal\/#organization\"},\"potentialAction\":[{\"@type\":\"SearchAction\",\"target\":{\"@type\":\"EntryPoint\",\"urlTemplate\":\"https:\/\/www.pm.pb.gov.br\/portal\/?s={search_term_string}\"},\"query-input\":\"required name=search_term_string\"}],\"inLanguage\":\"pt-BR\"},{\"@type\":\"Organization\",\"@id\":\"https:\/\/www.pm.pb.gov.br\/portal\/#organization\",\"name\":\"Pol\u00edcia Militar da Para\u00edba\",\"url\":\"https:\/\/www.pm.pb.gov.br\/portal\/\",\"logo\":{\"@type\":\"ImageObject\",\"inLanguage\":\"pt-BR\",\"@id\":\"https:\/\/www.pm.pb.gov.br\/portal\/#\/schema\/logo\/image\/\",\"url\":\"https:\/\/www.pm.pb.gov.br\/portal\/wp-content\/uploads\/2025\/03\/cropped-logo-site-mag2-1.png\",\"contentUrl\":\"https:\/\/www.pm.pb.gov.br\/portal\/wp-content\/uploads\/2025\/03\/cropped-logo-site-mag2-1.png\",\"width\":320,\"height\":90,\"caption\":\"Pol\u00edcia Militar da Para\u00edba\"},\"image\":{\"@id\":\"https:\/\/www.pm.pb.gov.br\/portal\/#\/schema\/logo\/image\/\"}},{\"@type\":\"Person\",\"@id\":\"https:\/\/www.pm.pb.gov.br\/portal\/#\/schema\/person\/f84f56dcc78ce4357054da888b8247fd\",\"name\":\"Tarcisio Oliveira\",\"image\":{\"@type\":\"ImageObject\",\"inLanguage\":\"pt-BR\",\"@id\":\"https:\/\/www.pm.pb.gov.br\/portal\/#\/schema\/person\/image\/\",\"url\":\"https:\/\/secure.gravatar.com\/avatar\/72917b630b69d31cd0297507f34bac97?s=96&d=mm&r=g\",\"contentUrl\":\"https:\/\/secure.gravatar.com\/avatar\/72917b630b69d31cd0297507f34bac97?s=96&d=mm&r=g\",\"caption\":\"Tarcisio Oliveira\"},\"url\":\"https:\/\/www.pm.pb.gov.br\/portal\/author\/tarcisio\/\"}]}<\/script>\n<!-- \/ Yoast SEO plugin. -->","yoast_head_json":{"title":"INTEGRA\u00c7\u00c3O: PMPB recebe policiais militares do Tocantins - Pol\u00edcia Militar da Para\u00edba","robots":{"index":"index","follow":"follow","max-snippet":"max-snippet:-1","max-image-preview":"max-image-preview:large","max-video-preview":"max-video-preview:-1"},"canonical":"https:\/\/www.pm.pb.gov.br\/portal\/2023\/09\/01\/918080\/","og_locale":"pt_BR","og_type":"article","og_title":"INTEGRA\u00c7\u00c3O: PMPB recebe policiais militares do Tocantins - Pol\u00edcia Militar da Para\u00edba","og_description":"Refer\u00eancia em Seguran\u00e7a P\u00fablica no pa\u00eds, a Pol\u00edcia Militar da Para\u00edba recebeu, nesta quinta e sexta-feira (31 e 01), a","og_url":"https:\/\/www.pm.pb.gov.br\/portal\/2023\/09\/01\/918080\/","og_site_name":"Pol\u00edcia Militar da Para\u00edba","article_published_time":"2023-09-01T15:17:00+00:00","article_modified_time":"2023-09-01T20:31:32+00:00","og_image":[{"width":800,"height":445,"url":"http:\/\/www.pm.pb.gov.br\/portal\/wp-content\/uploads\/2023\/09\/pmto.jpg","type":"image\/jpeg"}],"author":"Tarcisio Oliveira","twitter_card":"summary_large_image","twitter_misc":{"Escrito por":"Tarcisio Oliveira","Est. tempo de leitura":"2 minutos"},"schema":{"@context":"https:\/\/schema.org","@graph":[{"@type":"Article","@id":"https:\/\/www.pm.pb.gov.br\/portal\/2023\/09\/01\/918080\/#article","isPartOf":{"@id":"https:\/\/www.pm.pb.gov.br\/portal\/2023\/09\/01\/918080\/"},"author":{"name":"Tarcisio Oliveira","@id":"https:\/\/www.pm.pb.gov.br\/portal\/#\/schema\/person\/f84f56dcc78ce4357054da888b8247fd"},"headline":"INTEGRA\u00c7\u00c3O: PMPB recebe policiais militares do Tocantins","datePublished":"2023-09-01T15:17:00+00:00","dateModified":"2023-09-01T20:31:32+00:00","mainEntityOfPage":{"@id":"https:\/\/www.pm.pb.gov.br\/portal\/2023\/09\/01\/918080\/"},"wordCount":335,"publisher":{"@id":"https:\/\/www.pm.pb.gov.br\/portal\/#organization"},"articleSection":["Visitas Especiais"],"inLanguage":"pt-BR"},{"@type":"WebPage","@id":"https:\/\/www.pm.pb.gov.br\/portal\/2023\/09\/01\/918080\/","url":"https:\/\/www.pm.pb.gov.br\/portal\/2023\/09\/01\/918080\/","name":"INTEGRA\u00c7\u00c3O: PMPB recebe policiais militares do Tocantins - Pol\u00edcia Militar da Para\u00edba","isPartOf":{"@id":"https:\/\/www.pm.pb.gov.br\/portal\/#website"},"datePublished":"2023-09-01T15:17:00+00:00","dateModified":"2023-09-01T20:31:32+00:00","breadcrumb":{"@id":"https:\/\/www.pm.pb.gov.br\/portal\/2023\/09\/01\/918080\/#breadcrumb"},"inLanguage":"pt-BR","potentialAction":[{"@type":"ReadAction","target":["https:\/\/www.pm.pb.gov.br\/portal\/2023\/09\/01\/918080\/"]}]},{"@type":"BreadcrumbList","@id":"https:\/\/www.pm.pb.gov.br\/portal\/2023\/09\/01\/918080\/#breadcrumb","itemListElement":[{"@type":"ListItem","position":1,"name":"In\u00edcio","item":"https:\/\/www.pm.pb.gov.br\/portal\/"},{"@type":"ListItem","position":2,"name":"INTEGRA\u00c7\u00c3O: PMPB recebe policiais militares do Tocantins"}]},{"@type":"WebSite","@id":"https:\/\/www.pm.pb.gov.br\/portal\/#website","url":"https:\/\/www.pm.pb.gov.br\/portal\/","name":"Pol\u00edcia Militar da Para\u00edba","description":"","publisher":{"@id":"https:\/\/www.pm.pb.gov.br\/portal\/#organization"},"potentialAction":[{"@type":"SearchAction","target":{"@type":"EntryPoint","urlTemplate":"https:\/\/www.pm.pb.gov.br\/portal\/?s={search_term_string}"},"query-input":"required name=search_term_string"}],"inLanguage":"pt-BR"},{"@type":"Organization","@id":"https:\/\/www.pm.pb.gov.br\/portal\/#organization","name":"Pol\u00edcia Militar da Para\u00edba","url":"https:\/\/www.pm.pb.gov.br\/portal\/","logo":{"@type":"ImageObject","inLanguage":"pt-BR","@id":"https:\/\/www.pm.pb.gov.br\/portal\/#\/schema\/logo\/image\/","url":"https:\/\/www.pm.pb.gov.br\/portal\/wp-content\/uploads\/2025\/03\/cropped-logo-site-mag2-1.png","contentUrl":"https:\/\/www.pm.pb.gov.br\/portal\/wp-content\/uploads\/2025\/03\/cropped-logo-site-mag2-1.png","width":320,"height":90,"caption":"Pol\u00edcia Militar da Para\u00edba"},"image":{"@id":"https:\/\/www.pm.pb.gov.br\/portal\/#\/schema\/logo\/image\/"}},{"@type":"Person","@id":"https:\/\/www.pm.pb.gov.br\/portal\/#\/schema\/person\/f84f56dcc78ce4357054da888b8247fd","name":"Tarcisio Oliveira","image":{"@type":"ImageObject","inLanguage":"pt-BR","@id":"https:\/\/www.pm.pb.gov.br\/portal\/#\/schema\/person\/image\/","url":"https:\/\/secure.gravatar.com\/avatar\/72917b630b69d31cd0297507f34bac97?s=96&d=mm&r=g","contentUrl":"https:\/\/secure.gravatar.com\/avatar\/72917b630b69d31cd0297507f34bac97?s=96&d=mm&r=g","caption":"Tarcisio Oliveira"},"url":"https:\/\/www.pm.pb.gov.br\/portal\/author\/tarcisio\/"}]}},"_links":{"self":[{"href":"https:\/\/www.pm.pb.gov.br\/portal\/wp-json\/wp\/v2\/posts\/918080"}],"collection":[{"href":"https:\/\/www.pm.pb.gov.br\/portal\/wp-json\/wp\/v2\/posts"}],"about":[{"href":"https:\/\/www.pm.pb.gov.br\/portal\/wp-json\/wp\/v2\/types\/post"}],"author":[{"embeddable":true,"href":"https:\/\/www.pm.pb.gov.br\/portal\/wp-json\/wp\/v2\/users\/12"}],"replies":[{"embeddable":true,"href":"https:\/\/www.pm.pb.gov.br\/portal\/wp-json\/wp\/v2\/comments?post=918080"}],"version-history":[{"count":2,"href":"https:\/\/www.pm.pb.gov.br\/portal\/wp-json\/wp\/v2\/posts\/918080\/revisions"}],"predecessor-version":[{"id":918085,"href":"https:\/\/www.pm.pb.gov.br\/portal\/wp-json\/wp\/v2\/posts\/918080\/revisions\/918085"}],"wp:featuredmedia":[{"embeddable":true,"href":"https:\/\/www.pm.pb.gov.br\/portal\/wp-json\/wp\/v2\/media\/918082"}],"wp:attachment":[{"href":"https:\/\/www.pm.pb.gov.br\/portal\/wp-json\/wp\/v2\/media?parent=918080"}],"wp:term":[{"taxonomy":"category","embeddable":true,"href":"https:\/\/www.pm.pb.gov.br\/portal\/wp-json\/wp\/v2\/categories?post=918080"},{"taxonomy":"post_tag","embeddable":true,"href":"https:\/\/www.pm.pb.gov.br\/portal\/wp-json\/wp\/v2\/tags?post=918080"}],"curies":[{"name":"wp","href":"https:\/\/api.w.org\/{rel}","templated":true}]}}