{"id":918056,"date":"2023-08-30T04:59:00","date_gmt":"2023-08-30T07:59:00","guid":{"rendered":"https:\/\/www.pm.pb.gov.br\/portal\/?p=918056"},"modified":"2023-08-31T15:01:33","modified_gmt":"2023-08-31T18:01:33","slug":"em-bayeux-policia-militar-apreende-adolescente-e-prende-acusado-com-armas-e-drogas","status":"publish","type":"post","link":"https:\/\/www.pm.pb.gov.br\/portal\/2023\/08\/30\/em-bayeux-policia-militar-apreende-adolescente-e-prende-acusado-com-armas-e-drogas\/","title":{"rendered":"EM BAYEUX: Pol\u00edcia Militar apreende adolescente e prende acusado com armas e drogas"},"content":{"rendered":"\n\n\n<p>A Pol\u00edcia Militar segue com a\u00e7\u00f5es intensificadas em Bayeux neste fim de agosto e apreendeu, na noite da \u00faltima ter\u00e7a-feira, um adolescente envolvido em ato infracional an\u00e1logo a roubo de um carro, e prendeu um homem que estava com arma de fogo, drogas e muni\u00e7\u00f5es. As a\u00e7\u00f5es foram na regi\u00e3o do Rio do Meio e fazem parte das respostas que a 4\u00aa Companhia v\u00eam dando \u00e0 criminalidade no local.<\/p>\n<p>O adolescente apreendido foi capturado pelos policiais logo ap\u00f3s dilig\u00eancias da PM para recupera um carro que havia sido roubado, um Sandero da cor vermelha. De acordo com a unidade, outros dois suspeitos envolvidos no crime conseguiram fugir ap\u00f3s colidirem o ve\u00edculo que haviam tomado na a\u00e7\u00e3o criminosa. O menor foi reconhecido pelas v\u00edtimas e apreendido, e o carro foi recuperado.<\/p>\n<p>Mais cedo, na mesma noite, a PM prendeu um homem que estava com uma espingarda calibre 12, uma pistola de press\u00e3o, 40 por\u00e7\u00f5es de drogas, muni\u00e7\u00f5es, entre outros objetos de tr\u00e1fico (foto acima). Parte do material estava com o acusado que tentou fugir ao perceber a presen\u00e7a da 4\u00aa CIPM na localidade onde estava. Outros materiais foram apreendidos na casa do acusado.<\/p>\n<p>As ocorr\u00eancias foram encaminhadas para a 6\u00aa Delegacia Distrital para os procedimentos cab\u00edveis. \u00a0<\/p>\n","protected":false},"excerpt":{"rendered":"<p>A Pol\u00edcia Militar segue com a\u00e7\u00f5es intensificadas em Bayeux neste fim de agosto e apreendeu, na noite da \u00faltima ter\u00e7a-feira,<\/p>\n","protected":false},"author":12,"featured_media":918057,"comment_status":"closed","ping_status":"closed","sticky":false,"template":"","format":"standard","meta":{"_exactmetrics_skip_tracking":false,"_exactmetrics_sitenote_active":false,"_exactmetrics_sitenote_note":"","_exactmetrics_sitenote_category":0,"footnotes":""},"categories":[4],"tags":[],"yoast_head":"<!-- This site is optimized with the Yoast SEO plugin v22.0 - https:\/\/yoast.com\/wordpress\/plugins\/seo\/ -->\n<title>EM BAYEUX: Pol\u00edcia Militar apreende adolescente e prende acusado com armas e drogas - Pol\u00edcia Militar da Para\u00edba<\/title>\n<meta name=\"robots\" content=\"index, follow, max-snippet:-1, max-image-preview:large, max-video-preview:-1\" \/>\n<link rel=\"canonical\" href=\"https:\/\/www.pm.pb.gov.br\/portal\/2023\/08\/30\/em-bayeux-policia-militar-apreende-adolescente-e-prende-acusado-com-armas-e-drogas\/\" \/>\n<meta property=\"og:locale\" content=\"pt_BR\" \/>\n<meta property=\"og:type\" content=\"article\" \/>\n<meta property=\"og:title\" content=\"EM BAYEUX: Pol\u00edcia Militar apreende adolescente e prende acusado com armas e drogas - Pol\u00edcia Militar da Para\u00edba\" \/>\n<meta property=\"og:description\" content=\"A Pol\u00edcia Militar segue com a\u00e7\u00f5es intensificadas em Bayeux neste fim de agosto e apreendeu, na noite da \u00faltima ter\u00e7a-feira,\" \/>\n<meta property=\"og:url\" content=\"https:\/\/www.pm.pb.gov.br\/portal\/2023\/08\/30\/em-bayeux-policia-militar-apreende-adolescente-e-prende-acusado-com-armas-e-drogas\/\" \/>\n<meta property=\"og:site_name\" content=\"Pol\u00edcia Militar da Para\u00edba\" \/>\n<meta property=\"article:published_time\" content=\"2023-08-30T07:59:00+00:00\" \/>\n<meta property=\"article:modified_time\" content=\"2023-08-31T18:01:33+00:00\" \/>\n<meta property=\"og:image\" content=\"http:\/\/www.pm.pb.gov.br\/portal\/wp-content\/uploads\/2023\/08\/bayeux1.jpeg\" \/>\n\t<meta property=\"og:image:width\" content=\"800\" \/>\n\t<meta property=\"og:image:height\" content=\"445\" \/>\n\t<meta property=\"og:image:type\" content=\"image\/jpeg\" \/>\n<meta name=\"author\" content=\"Tarcisio Oliveira\" \/>\n<meta name=\"twitter:card\" content=\"summary_large_image\" \/>\n<meta name=\"twitter:label1\" content=\"Escrito por\" \/>\n\t<meta name=\"twitter:data1\" content=\"Tarcisio Oliveira\" \/>\n\t<meta name=\"twitter:label2\" content=\"Est. tempo de leitura\" \/>\n\t<meta name=\"twitter:data2\" content=\"2 minutos\" \/>\n<script type=\"application\/ld+json\" class=\"yoast-schema-graph\">{\"@context\":\"https:\/\/schema.org\",\"@graph\":[{\"@type\":\"Article\",\"@id\":\"https:\/\/www.pm.pb.gov.br\/portal\/2023\/08\/30\/em-bayeux-policia-militar-apreende-adolescente-e-prende-acusado-com-armas-e-drogas\/#article\",\"isPartOf\":{\"@id\":\"https:\/\/www.pm.pb.gov.br\/portal\/2023\/08\/30\/em-bayeux-policia-militar-apreende-adolescente-e-prende-acusado-com-armas-e-drogas\/\"},\"author\":{\"name\":\"Tarcisio Oliveira\",\"@id\":\"https:\/\/www.pm.pb.gov.br\/portal\/#\/schema\/person\/f84f56dcc78ce4357054da888b8247fd\"},\"headline\":\"EM BAYEUX: Pol\u00edcia Militar apreende adolescente e prende acusado com armas e drogas\",\"datePublished\":\"2023-08-30T07:59:00+00:00\",\"dateModified\":\"2023-08-31T18:01:33+00:00\",\"mainEntityOfPage\":{\"@id\":\"https:\/\/www.pm.pb.gov.br\/portal\/2023\/08\/30\/em-bayeux-policia-militar-apreende-adolescente-e-prende-acusado-com-armas-e-drogas\/\"},\"wordCount\":234,\"publisher\":{\"@id\":\"https:\/\/www.pm.pb.gov.br\/portal\/#organization\"},\"articleSection\":[\"A\u00e7\u00f5es Policiais\"],\"inLanguage\":\"pt-BR\"},{\"@type\":\"WebPage\",\"@id\":\"https:\/\/www.pm.pb.gov.br\/portal\/2023\/08\/30\/em-bayeux-policia-militar-apreende-adolescente-e-prende-acusado-com-armas-e-drogas\/\",\"url\":\"https:\/\/www.pm.pb.gov.br\/portal\/2023\/08\/30\/em-bayeux-policia-militar-apreende-adolescente-e-prende-acusado-com-armas-e-drogas\/\",\"name\":\"EM BAYEUX: Pol\u00edcia Militar apreende adolescente e prende acusado com armas e drogas - Pol\u00edcia Militar da Para\u00edba\",\"isPartOf\":{\"@id\":\"https:\/\/www.pm.pb.gov.br\/portal\/#website\"},\"datePublished\":\"2023-08-30T07:59:00+00:00\",\"dateModified\":\"2023-08-31T18:01:33+00:00\",\"breadcrumb\":{\"@id\":\"https:\/\/www.pm.pb.gov.br\/portal\/2023\/08\/30\/em-bayeux-policia-militar-apreende-adolescente-e-prende-acusado-com-armas-e-drogas\/#breadcrumb\"},\"inLanguage\":\"pt-BR\",\"potentialAction\":[{\"@type\":\"ReadAction\",\"target\":[\"https:\/\/www.pm.pb.gov.br\/portal\/2023\/08\/30\/em-bayeux-policia-militar-apreende-adolescente-e-prende-acusado-com-armas-e-drogas\/\"]}]},{\"@type\":\"BreadcrumbList\",\"@id\":\"https:\/\/www.pm.pb.gov.br\/portal\/2023\/08\/30\/em-bayeux-policia-militar-apreende-adolescente-e-prende-acusado-com-armas-e-drogas\/#breadcrumb\",\"itemListElement\":[{\"@type\":\"ListItem\",\"position\":1,\"name\":\"In\u00edcio\",\"item\":\"https:\/\/www.pm.pb.gov.br\/portal\/\"},{\"@type\":\"ListItem\",\"position\":2,\"name\":\"EM BAYEUX: Pol\u00edcia Militar apreende adolescente e prende acusado com armas e drogas\"}]},{\"@type\":\"WebSite\",\"@id\":\"https:\/\/www.pm.pb.gov.br\/portal\/#website\",\"url\":\"https:\/\/www.pm.pb.gov.br\/portal\/\",\"name\":\"Pol\u00edcia Militar da Para\u00edba\",\"description\":\"\",\"publisher\":{\"@id\":\"https:\/\/www.pm.pb.gov.br\/portal\/#organization\"},\"potentialAction\":[{\"@type\":\"SearchAction\",\"target\":{\"@type\":\"EntryPoint\",\"urlTemplate\":\"https:\/\/www.pm.pb.gov.br\/portal\/?s={search_term_string}\"},\"query-input\":\"required name=search_term_string\"}],\"inLanguage\":\"pt-BR\"},{\"@type\":\"Organization\",\"@id\":\"https:\/\/www.pm.pb.gov.br\/portal\/#organization\",\"name\":\"Pol\u00edcia Militar da Para\u00edba\",\"url\":\"https:\/\/www.pm.pb.gov.br\/portal\/\",\"logo\":{\"@type\":\"ImageObject\",\"inLanguage\":\"pt-BR\",\"@id\":\"https:\/\/www.pm.pb.gov.br\/portal\/#\/schema\/logo\/image\/\",\"url\":\"https:\/\/www.pm.pb.gov.br\/portal\/wp-content\/uploads\/2025\/03\/cropped-logo-site-mag2-1.png\",\"contentUrl\":\"https:\/\/www.pm.pb.gov.br\/portal\/wp-content\/uploads\/2025\/03\/cropped-logo-site-mag2-1.png\",\"width\":320,\"height\":90,\"caption\":\"Pol\u00edcia Militar da Para\u00edba\"},\"image\":{\"@id\":\"https:\/\/www.pm.pb.gov.br\/portal\/#\/schema\/logo\/image\/\"}},{\"@type\":\"Person\",\"@id\":\"https:\/\/www.pm.pb.gov.br\/portal\/#\/schema\/person\/f84f56dcc78ce4357054da888b8247fd\",\"name\":\"Tarcisio Oliveira\",\"image\":{\"@type\":\"ImageObject\",\"inLanguage\":\"pt-BR\",\"@id\":\"https:\/\/www.pm.pb.gov.br\/portal\/#\/schema\/person\/image\/\",\"url\":\"https:\/\/secure.gravatar.com\/avatar\/72917b630b69d31cd0297507f34bac97?s=96&d=mm&r=g\",\"contentUrl\":\"https:\/\/secure.gravatar.com\/avatar\/72917b630b69d31cd0297507f34bac97?s=96&d=mm&r=g\",\"caption\":\"Tarcisio Oliveira\"},\"url\":\"https:\/\/www.pm.pb.gov.br\/portal\/author\/tarcisio\/\"}]}<\/script>\n<!-- \/ Yoast SEO plugin. -->","yoast_head_json":{"title":"EM BAYEUX: Pol\u00edcia Militar apreende adolescente e prende acusado com armas e drogas - Pol\u00edcia Militar da Para\u00edba","robots":{"index":"index","follow":"follow","max-snippet":"max-snippet:-1","max-image-preview":"max-image-preview:large","max-video-preview":"max-video-preview:-1"},"canonical":"https:\/\/www.pm.pb.gov.br\/portal\/2023\/08\/30\/em-bayeux-policia-militar-apreende-adolescente-e-prende-acusado-com-armas-e-drogas\/","og_locale":"pt_BR","og_type":"article","og_title":"EM BAYEUX: Pol\u00edcia Militar apreende adolescente e prende acusado com armas e drogas - Pol\u00edcia Militar da Para\u00edba","og_description":"A Pol\u00edcia Militar segue com a\u00e7\u00f5es intensificadas em Bayeux neste fim de agosto e apreendeu, na noite da \u00faltima ter\u00e7a-feira,","og_url":"https:\/\/www.pm.pb.gov.br\/portal\/2023\/08\/30\/em-bayeux-policia-militar-apreende-adolescente-e-prende-acusado-com-armas-e-drogas\/","og_site_name":"Pol\u00edcia Militar da Para\u00edba","article_published_time":"2023-08-30T07:59:00+00:00","article_modified_time":"2023-08-31T18:01:33+00:00","og_image":[{"width":800,"height":445,"url":"http:\/\/www.pm.pb.gov.br\/portal\/wp-content\/uploads\/2023\/08\/bayeux1.jpeg","type":"image\/jpeg"}],"author":"Tarcisio Oliveira","twitter_card":"summary_large_image","twitter_misc":{"Escrito por":"Tarcisio Oliveira","Est. tempo de leitura":"2 minutos"},"schema":{"@context":"https:\/\/schema.org","@graph":[{"@type":"Article","@id":"https:\/\/www.pm.pb.gov.br\/portal\/2023\/08\/30\/em-bayeux-policia-militar-apreende-adolescente-e-prende-acusado-com-armas-e-drogas\/#article","isPartOf":{"@id":"https:\/\/www.pm.pb.gov.br\/portal\/2023\/08\/30\/em-bayeux-policia-militar-apreende-adolescente-e-prende-acusado-com-armas-e-drogas\/"},"author":{"name":"Tarcisio Oliveira","@id":"https:\/\/www.pm.pb.gov.br\/portal\/#\/schema\/person\/f84f56dcc78ce4357054da888b8247fd"},"headline":"EM BAYEUX: Pol\u00edcia Militar apreende adolescente e prende acusado com armas e drogas","datePublished":"2023-08-30T07:59:00+00:00","dateModified":"2023-08-31T18:01:33+00:00","mainEntityOfPage":{"@id":"https:\/\/www.pm.pb.gov.br\/portal\/2023\/08\/30\/em-bayeux-policia-militar-apreende-adolescente-e-prende-acusado-com-armas-e-drogas\/"},"wordCount":234,"publisher":{"@id":"https:\/\/www.pm.pb.gov.br\/portal\/#organization"},"articleSection":["A\u00e7\u00f5es Policiais"],"inLanguage":"pt-BR"},{"@type":"WebPage","@id":"https:\/\/www.pm.pb.gov.br\/portal\/2023\/08\/30\/em-bayeux-policia-militar-apreende-adolescente-e-prende-acusado-com-armas-e-drogas\/","url":"https:\/\/www.pm.pb.gov.br\/portal\/2023\/08\/30\/em-bayeux-policia-militar-apreende-adolescente-e-prende-acusado-com-armas-e-drogas\/","name":"EM BAYEUX: Pol\u00edcia Militar apreende adolescente e prende acusado com armas e drogas - Pol\u00edcia Militar da Para\u00edba","isPartOf":{"@id":"https:\/\/www.pm.pb.gov.br\/portal\/#website"},"datePublished":"2023-08-30T07:59:00+00:00","dateModified":"2023-08-31T18:01:33+00:00","breadcrumb":{"@id":"https:\/\/www.pm.pb.gov.br\/portal\/2023\/08\/30\/em-bayeux-policia-militar-apreende-adolescente-e-prende-acusado-com-armas-e-drogas\/#breadcrumb"},"inLanguage":"pt-BR","potentialAction":[{"@type":"ReadAction","target":["https:\/\/www.pm.pb.gov.br\/portal\/2023\/08\/30\/em-bayeux-policia-militar-apreende-adolescente-e-prende-acusado-com-armas-e-drogas\/"]}]},{"@type":"BreadcrumbList","@id":"https:\/\/www.pm.pb.gov.br\/portal\/2023\/08\/30\/em-bayeux-policia-militar-apreende-adolescente-e-prende-acusado-com-armas-e-drogas\/#breadcrumb","itemListElement":[{"@type":"ListItem","position":1,"name":"In\u00edcio","item":"https:\/\/www.pm.pb.gov.br\/portal\/"},{"@type":"ListItem","position":2,"name":"EM BAYEUX: Pol\u00edcia Militar apreende adolescente e prende acusado com armas e drogas"}]},{"@type":"WebSite","@id":"https:\/\/www.pm.pb.gov.br\/portal\/#website","url":"https:\/\/www.pm.pb.gov.br\/portal\/","name":"Pol\u00edcia Militar da Para\u00edba","description":"","publisher":{"@id":"https:\/\/www.pm.pb.gov.br\/portal\/#organization"},"potentialAction":[{"@type":"SearchAction","target":{"@type":"EntryPoint","urlTemplate":"https:\/\/www.pm.pb.gov.br\/portal\/?s={search_term_string}"},"query-input":"required name=search_term_string"}],"inLanguage":"pt-BR"},{"@type":"Organization","@id":"https:\/\/www.pm.pb.gov.br\/portal\/#organization","name":"Pol\u00edcia Militar da Para\u00edba","url":"https:\/\/www.pm.pb.gov.br\/portal\/","logo":{"@type":"ImageObject","inLanguage":"pt-BR","@id":"https:\/\/www.pm.pb.gov.br\/portal\/#\/schema\/logo\/image\/","url":"https:\/\/www.pm.pb.gov.br\/portal\/wp-content\/uploads\/2025\/03\/cropped-logo-site-mag2-1.png","contentUrl":"https:\/\/www.pm.pb.gov.br\/portal\/wp-content\/uploads\/2025\/03\/cropped-logo-site-mag2-1.png","width":320,"height":90,"caption":"Pol\u00edcia Militar da Para\u00edba"},"image":{"@id":"https:\/\/www.pm.pb.gov.br\/portal\/#\/schema\/logo\/image\/"}},{"@type":"Person","@id":"https:\/\/www.pm.pb.gov.br\/portal\/#\/schema\/person\/f84f56dcc78ce4357054da888b8247fd","name":"Tarcisio Oliveira","image":{"@type":"ImageObject","inLanguage":"pt-BR","@id":"https:\/\/www.pm.pb.gov.br\/portal\/#\/schema\/person\/image\/","url":"https:\/\/secure.gravatar.com\/avatar\/72917b630b69d31cd0297507f34bac97?s=96&d=mm&r=g","contentUrl":"https:\/\/secure.gravatar.com\/avatar\/72917b630b69d31cd0297507f34bac97?s=96&d=mm&r=g","caption":"Tarcisio Oliveira"},"url":"https:\/\/www.pm.pb.gov.br\/portal\/author\/tarcisio\/"}]}},"_links":{"self":[{"href":"https:\/\/www.pm.pb.gov.br\/portal\/wp-json\/wp\/v2\/posts\/918056"}],"collection":[{"href":"https:\/\/www.pm.pb.gov.br\/portal\/wp-json\/wp\/v2\/posts"}],"about":[{"href":"https:\/\/www.pm.pb.gov.br\/portal\/wp-json\/wp\/v2\/types\/post"}],"author":[{"embeddable":true,"href":"https:\/\/www.pm.pb.gov.br\/portal\/wp-json\/wp\/v2\/users\/12"}],"replies":[{"embeddable":true,"href":"https:\/\/www.pm.pb.gov.br\/portal\/wp-json\/wp\/v2\/comments?post=918056"}],"version-history":[{"count":1,"href":"https:\/\/www.pm.pb.gov.br\/portal\/wp-json\/wp\/v2\/posts\/918056\/revisions"}],"predecessor-version":[{"id":918058,"href":"https:\/\/www.pm.pb.gov.br\/portal\/wp-json\/wp\/v2\/posts\/918056\/revisions\/918058"}],"wp:featuredmedia":[{"embeddable":true,"href":"https:\/\/www.pm.pb.gov.br\/portal\/wp-json\/wp\/v2\/media\/918057"}],"wp:attachment":[{"href":"https:\/\/www.pm.pb.gov.br\/portal\/wp-json\/wp\/v2\/media?parent=918056"}],"wp:term":[{"taxonomy":"category","embeddable":true,"href":"https:\/\/www.pm.pb.gov.br\/portal\/wp-json\/wp\/v2\/categories?post=918056"},{"taxonomy":"post_tag","embeddable":true,"href":"https:\/\/www.pm.pb.gov.br\/portal\/wp-json\/wp\/v2\/tags?post=918056"}],"curies":[{"name":"wp","href":"https:\/\/api.w.org\/{rel}","templated":true}]}}