{"id":918047,"date":"2023-08-30T15:14:12","date_gmt":"2023-08-30T18:14:12","guid":{"rendered":"https:\/\/www.pm.pb.gov.br\/portal\/?p=918047"},"modified":"2023-08-30T15:45:29","modified_gmt":"2023-08-30T18:45:29","slug":"resposta-policia-militar-apreende-arsenal-de-organizacao-criminosa-e-captura-acusado-envolvido-em-homicidio-em-cabedelo","status":"publish","type":"post","link":"https:\/\/www.pm.pb.gov.br\/portal\/2023\/08\/30\/resposta-policia-militar-apreende-arsenal-de-organizacao-criminosa-e-captura-acusado-envolvido-em-homicidio-em-cabedelo\/","title":{"rendered":"RESPOSTA: Pol\u00edcia Militar apreende arsenal de organiza\u00e7\u00e3o criminosa e captura acusado envolvido em homic\u00eddio em Cabedelo"},"content":{"rendered":"\n<p>Arsenal do crime apreendido. Em Opera\u00e7\u00e3o na Comunidade Porto do Capim, no bairro do Varadouro, no fim da manh\u00e3 de hoje (30), em Jo\u00e3o Pessoa, a Pol\u00edcia Militar atrav\u00e9s da For\u00e7a T\u00e1tica do 1\u00ba Batalh\u00e3o apreendeu quatro pistolas, carregadores, muni\u00e7\u00f5es, coletes bal\u00edsticos e outros materiais de uma organiza\u00e7\u00e3o criminosa que seria respons\u00e1vel por v\u00e1rios assassinatos na cidade de Cabedelo (fotos acima e abaixo).<\/p>\n<p>Na opera\u00e7\u00e3o, foi preso um homem de 22 anos. Ele seria comparsa de outros dois suspeitos, de 21 e 24 anos, que tinham sido presos na madrugada desta quarta-feira (30) pela For\u00e7a Regional. Os tr\u00eas estariam envolvidos no assassinato de um jovem de 15 anos de idade, na noite de ontem, no bairro do Jacar\u00e9, em Cabedelo.<\/p>\n<p><img loading=\"lazy\" decoding=\"async\" class=\" wp-image-918051 aligncenter\" src=\"http:\/\/www.pm.pb.gov.br\/portal\/wp-content\/uploads\/2023\/08\/WhatsApp-Image-2023-08-30-at-15.10.20-334x445.jpeg\" alt=\"\" width=\"346\" height=\"461\" srcset=\"https:\/\/www.pm.pb.gov.br\/portal\/wp-content\/uploads\/2023\/08\/WhatsApp-Image-2023-08-30-at-15.10.20-334x445.jpeg 334w, https:\/\/www.pm.pb.gov.br\/portal\/wp-content\/uploads\/2023\/08\/WhatsApp-Image-2023-08-30-at-15.10.20-428x570.jpeg 428w, https:\/\/www.pm.pb.gov.br\/portal\/wp-content\/uploads\/2023\/08\/WhatsApp-Image-2023-08-30-at-15.10.20-768x1024.jpeg 768w, https:\/\/www.pm.pb.gov.br\/portal\/wp-content\/uploads\/2023\/08\/WhatsApp-Image-2023-08-30-at-15.10.20-1152x1536.jpeg 1152w, https:\/\/www.pm.pb.gov.br\/portal\/wp-content\/uploads\/2023\/08\/WhatsApp-Image-2023-08-30-at-15.10.20.jpeg 1200w\" sizes=\"(max-width: 346px) 100vw, 346px\" \/><\/p>\n<p>O &#8216;arsenal do crime&#8217; ficava escondido em uma casa e, possivelmente, era retirado apenas no momento das pr\u00e1ticas criminosas. No total foram apreendidas 191 muni\u00e7\u00f5es dos calibres 12, 38, .40, e 9 mil\u00edmetros, al\u00e9m das quatro pistolas de diversos calibres, tr\u00eas capas e placas de colete, e oito carregadores.<\/p>\n<p>O caso foi levado para a Central de Pol\u00edcia.<\/p>\n<p><em>Atualizado \u00e0s 16h04.<\/em><\/p>\n\n\n","protected":false},"excerpt":{"rendered":"<p>Arsenal do crime apreendido. Em Opera\u00e7\u00e3o na Comunidade Porto do Capim, no bairro do Varadouro, no fim da manh\u00e3 de<\/p>\n","protected":false},"author":12,"featured_media":918049,"comment_status":"closed","ping_status":"closed","sticky":false,"template":"","format":"standard","meta":{"_exactmetrics_skip_tracking":false,"_exactmetrics_sitenote_active":false,"_exactmetrics_sitenote_note":"","_exactmetrics_sitenote_category":0,"footnotes":""},"categories":[4],"tags":[],"yoast_head":"<!-- This site is optimized with the Yoast SEO plugin v22.0 - https:\/\/yoast.com\/wordpress\/plugins\/seo\/ -->\n<title>RESPOSTA: Pol\u00edcia Militar apreende arsenal de organiza\u00e7\u00e3o criminosa e captura acusado envolvido em homic\u00eddio em Cabedelo - Pol\u00edcia Militar da Para\u00edba<\/title>\n<meta name=\"robots\" content=\"index, follow, max-snippet:-1, max-image-preview:large, max-video-preview:-1\" \/>\n<link rel=\"canonical\" href=\"https:\/\/www.pm.pb.gov.br\/portal\/2023\/08\/30\/resposta-policia-militar-apreende-arsenal-de-organizacao-criminosa-e-captura-acusado-envolvido-em-homicidio-em-cabedelo\/\" \/>\n<meta property=\"og:locale\" content=\"pt_BR\" \/>\n<meta property=\"og:type\" content=\"article\" \/>\n<meta property=\"og:title\" content=\"RESPOSTA: Pol\u00edcia Militar apreende arsenal de organiza\u00e7\u00e3o criminosa e captura acusado envolvido em homic\u00eddio em Cabedelo - Pol\u00edcia Militar da Para\u00edba\" \/>\n<meta property=\"og:description\" content=\"Arsenal do crime apreendido. Em Opera\u00e7\u00e3o na Comunidade Porto do Capim, no bairro do Varadouro, no fim da manh\u00e3 de\" \/>\n<meta property=\"og:url\" content=\"https:\/\/www.pm.pb.gov.br\/portal\/2023\/08\/30\/resposta-policia-militar-apreende-arsenal-de-organizacao-criminosa-e-captura-acusado-envolvido-em-homicidio-em-cabedelo\/\" \/>\n<meta property=\"og:site_name\" content=\"Pol\u00edcia Militar da Para\u00edba\" \/>\n<meta property=\"article:published_time\" content=\"2023-08-30T18:14:12+00:00\" \/>\n<meta property=\"article:modified_time\" content=\"2023-08-30T18:45:29+00:00\" \/>\n<meta property=\"og:image\" content=\"http:\/\/www.pm.pb.gov.br\/portal\/wp-content\/uploads\/2023\/08\/WhatsApp-Image-2023-08-30-at-15.14.44.jpeg\" \/>\n\t<meta property=\"og:image:width\" content=\"800\" \/>\n\t<meta property=\"og:image:height\" content=\"445\" \/>\n\t<meta property=\"og:image:type\" content=\"image\/jpeg\" \/>\n<meta name=\"author\" content=\"Tarcisio Oliveira\" \/>\n<meta name=\"twitter:card\" content=\"summary_large_image\" \/>\n<meta name=\"twitter:label1\" content=\"Escrito por\" \/>\n\t<meta name=\"twitter:data1\" content=\"Tarcisio Oliveira\" \/>\n\t<meta name=\"twitter:label2\" content=\"Est. tempo de leitura\" \/>\n\t<meta name=\"twitter:data2\" content=\"2 minutos\" \/>\n<script type=\"application\/ld+json\" class=\"yoast-schema-graph\">{\"@context\":\"https:\/\/schema.org\",\"@graph\":[{\"@type\":\"Article\",\"@id\":\"https:\/\/www.pm.pb.gov.br\/portal\/2023\/08\/30\/resposta-policia-militar-apreende-arsenal-de-organizacao-criminosa-e-captura-acusado-envolvido-em-homicidio-em-cabedelo\/#article\",\"isPartOf\":{\"@id\":\"https:\/\/www.pm.pb.gov.br\/portal\/2023\/08\/30\/resposta-policia-militar-apreende-arsenal-de-organizacao-criminosa-e-captura-acusado-envolvido-em-homicidio-em-cabedelo\/\"},\"author\":{\"name\":\"Tarcisio Oliveira\",\"@id\":\"https:\/\/www.pm.pb.gov.br\/portal\/#\/schema\/person\/f84f56dcc78ce4357054da888b8247fd\"},\"headline\":\"RESPOSTA: Pol\u00edcia Militar apreende arsenal de organiza\u00e7\u00e3o criminosa e captura acusado envolvido em homic\u00eddio em Cabedelo\",\"datePublished\":\"2023-08-30T18:14:12+00:00\",\"dateModified\":\"2023-08-30T18:45:29+00:00\",\"mainEntityOfPage\":{\"@id\":\"https:\/\/www.pm.pb.gov.br\/portal\/2023\/08\/30\/resposta-policia-militar-apreende-arsenal-de-organizacao-criminosa-e-captura-acusado-envolvido-em-homicidio-em-cabedelo\/\"},\"wordCount\":209,\"publisher\":{\"@id\":\"https:\/\/www.pm.pb.gov.br\/portal\/#organization\"},\"articleSection\":[\"A\u00e7\u00f5es Policiais\"],\"inLanguage\":\"pt-BR\"},{\"@type\":\"WebPage\",\"@id\":\"https:\/\/www.pm.pb.gov.br\/portal\/2023\/08\/30\/resposta-policia-militar-apreende-arsenal-de-organizacao-criminosa-e-captura-acusado-envolvido-em-homicidio-em-cabedelo\/\",\"url\":\"https:\/\/www.pm.pb.gov.br\/portal\/2023\/08\/30\/resposta-policia-militar-apreende-arsenal-de-organizacao-criminosa-e-captura-acusado-envolvido-em-homicidio-em-cabedelo\/\",\"name\":\"RESPOSTA: Pol\u00edcia Militar apreende arsenal de organiza\u00e7\u00e3o criminosa e captura acusado envolvido em homic\u00eddio em Cabedelo - Pol\u00edcia Militar da Para\u00edba\",\"isPartOf\":{\"@id\":\"https:\/\/www.pm.pb.gov.br\/portal\/#website\"},\"datePublished\":\"2023-08-30T18:14:12+00:00\",\"dateModified\":\"2023-08-30T18:45:29+00:00\",\"breadcrumb\":{\"@id\":\"https:\/\/www.pm.pb.gov.br\/portal\/2023\/08\/30\/resposta-policia-militar-apreende-arsenal-de-organizacao-criminosa-e-captura-acusado-envolvido-em-homicidio-em-cabedelo\/#breadcrumb\"},\"inLanguage\":\"pt-BR\",\"potentialAction\":[{\"@type\":\"ReadAction\",\"target\":[\"https:\/\/www.pm.pb.gov.br\/portal\/2023\/08\/30\/resposta-policia-militar-apreende-arsenal-de-organizacao-criminosa-e-captura-acusado-envolvido-em-homicidio-em-cabedelo\/\"]}]},{\"@type\":\"BreadcrumbList\",\"@id\":\"https:\/\/www.pm.pb.gov.br\/portal\/2023\/08\/30\/resposta-policia-militar-apreende-arsenal-de-organizacao-criminosa-e-captura-acusado-envolvido-em-homicidio-em-cabedelo\/#breadcrumb\",\"itemListElement\":[{\"@type\":\"ListItem\",\"position\":1,\"name\":\"In\u00edcio\",\"item\":\"https:\/\/www.pm.pb.gov.br\/portal\/\"},{\"@type\":\"ListItem\",\"position\":2,\"name\":\"RESPOSTA: Pol\u00edcia Militar apreende arsenal de organiza\u00e7\u00e3o criminosa e captura acusado envolvido em homic\u00eddio em Cabedelo\"}]},{\"@type\":\"WebSite\",\"@id\":\"https:\/\/www.pm.pb.gov.br\/portal\/#website\",\"url\":\"https:\/\/www.pm.pb.gov.br\/portal\/\",\"name\":\"Pol\u00edcia Militar da Para\u00edba\",\"description\":\"\",\"publisher\":{\"@id\":\"https:\/\/www.pm.pb.gov.br\/portal\/#organization\"},\"potentialAction\":[{\"@type\":\"SearchAction\",\"target\":{\"@type\":\"EntryPoint\",\"urlTemplate\":\"https:\/\/www.pm.pb.gov.br\/portal\/?s={search_term_string}\"},\"query-input\":\"required name=search_term_string\"}],\"inLanguage\":\"pt-BR\"},{\"@type\":\"Organization\",\"@id\":\"https:\/\/www.pm.pb.gov.br\/portal\/#organization\",\"name\":\"Pol\u00edcia Militar da Para\u00edba\",\"url\":\"https:\/\/www.pm.pb.gov.br\/portal\/\",\"logo\":{\"@type\":\"ImageObject\",\"inLanguage\":\"pt-BR\",\"@id\":\"https:\/\/www.pm.pb.gov.br\/portal\/#\/schema\/logo\/image\/\",\"url\":\"https:\/\/www.pm.pb.gov.br\/portal\/wp-content\/uploads\/2025\/03\/cropped-logo-site-mag2-1.png\",\"contentUrl\":\"https:\/\/www.pm.pb.gov.br\/portal\/wp-content\/uploads\/2025\/03\/cropped-logo-site-mag2-1.png\",\"width\":320,\"height\":90,\"caption\":\"Pol\u00edcia Militar da Para\u00edba\"},\"image\":{\"@id\":\"https:\/\/www.pm.pb.gov.br\/portal\/#\/schema\/logo\/image\/\"}},{\"@type\":\"Person\",\"@id\":\"https:\/\/www.pm.pb.gov.br\/portal\/#\/schema\/person\/f84f56dcc78ce4357054da888b8247fd\",\"name\":\"Tarcisio Oliveira\",\"image\":{\"@type\":\"ImageObject\",\"inLanguage\":\"pt-BR\",\"@id\":\"https:\/\/www.pm.pb.gov.br\/portal\/#\/schema\/person\/image\/\",\"url\":\"https:\/\/secure.gravatar.com\/avatar\/72917b630b69d31cd0297507f34bac97?s=96&d=mm&r=g\",\"contentUrl\":\"https:\/\/secure.gravatar.com\/avatar\/72917b630b69d31cd0297507f34bac97?s=96&d=mm&r=g\",\"caption\":\"Tarcisio Oliveira\"},\"url\":\"https:\/\/www.pm.pb.gov.br\/portal\/author\/tarcisio\/\"}]}<\/script>\n<!-- \/ Yoast SEO plugin. -->","yoast_head_json":{"title":"RESPOSTA: Pol\u00edcia Militar apreende arsenal de organiza\u00e7\u00e3o criminosa e captura acusado envolvido em homic\u00eddio em Cabedelo - Pol\u00edcia Militar da Para\u00edba","robots":{"index":"index","follow":"follow","max-snippet":"max-snippet:-1","max-image-preview":"max-image-preview:large","max-video-preview":"max-video-preview:-1"},"canonical":"https:\/\/www.pm.pb.gov.br\/portal\/2023\/08\/30\/resposta-policia-militar-apreende-arsenal-de-organizacao-criminosa-e-captura-acusado-envolvido-em-homicidio-em-cabedelo\/","og_locale":"pt_BR","og_type":"article","og_title":"RESPOSTA: Pol\u00edcia Militar apreende arsenal de organiza\u00e7\u00e3o criminosa e captura acusado envolvido em homic\u00eddio em Cabedelo - Pol\u00edcia Militar da Para\u00edba","og_description":"Arsenal do crime apreendido. Em Opera\u00e7\u00e3o na Comunidade Porto do Capim, no bairro do Varadouro, no fim da manh\u00e3 de","og_url":"https:\/\/www.pm.pb.gov.br\/portal\/2023\/08\/30\/resposta-policia-militar-apreende-arsenal-de-organizacao-criminosa-e-captura-acusado-envolvido-em-homicidio-em-cabedelo\/","og_site_name":"Pol\u00edcia Militar da Para\u00edba","article_published_time":"2023-08-30T18:14:12+00:00","article_modified_time":"2023-08-30T18:45:29+00:00","og_image":[{"width":800,"height":445,"url":"http:\/\/www.pm.pb.gov.br\/portal\/wp-content\/uploads\/2023\/08\/WhatsApp-Image-2023-08-30-at-15.14.44.jpeg","type":"image\/jpeg"}],"author":"Tarcisio Oliveira","twitter_card":"summary_large_image","twitter_misc":{"Escrito por":"Tarcisio Oliveira","Est. tempo de leitura":"2 minutos"},"schema":{"@context":"https:\/\/schema.org","@graph":[{"@type":"Article","@id":"https:\/\/www.pm.pb.gov.br\/portal\/2023\/08\/30\/resposta-policia-militar-apreende-arsenal-de-organizacao-criminosa-e-captura-acusado-envolvido-em-homicidio-em-cabedelo\/#article","isPartOf":{"@id":"https:\/\/www.pm.pb.gov.br\/portal\/2023\/08\/30\/resposta-policia-militar-apreende-arsenal-de-organizacao-criminosa-e-captura-acusado-envolvido-em-homicidio-em-cabedelo\/"},"author":{"name":"Tarcisio Oliveira","@id":"https:\/\/www.pm.pb.gov.br\/portal\/#\/schema\/person\/f84f56dcc78ce4357054da888b8247fd"},"headline":"RESPOSTA: Pol\u00edcia Militar apreende arsenal de organiza\u00e7\u00e3o criminosa e captura acusado envolvido em homic\u00eddio em Cabedelo","datePublished":"2023-08-30T18:14:12+00:00","dateModified":"2023-08-30T18:45:29+00:00","mainEntityOfPage":{"@id":"https:\/\/www.pm.pb.gov.br\/portal\/2023\/08\/30\/resposta-policia-militar-apreende-arsenal-de-organizacao-criminosa-e-captura-acusado-envolvido-em-homicidio-em-cabedelo\/"},"wordCount":209,"publisher":{"@id":"https:\/\/www.pm.pb.gov.br\/portal\/#organization"},"articleSection":["A\u00e7\u00f5es Policiais"],"inLanguage":"pt-BR"},{"@type":"WebPage","@id":"https:\/\/www.pm.pb.gov.br\/portal\/2023\/08\/30\/resposta-policia-militar-apreende-arsenal-de-organizacao-criminosa-e-captura-acusado-envolvido-em-homicidio-em-cabedelo\/","url":"https:\/\/www.pm.pb.gov.br\/portal\/2023\/08\/30\/resposta-policia-militar-apreende-arsenal-de-organizacao-criminosa-e-captura-acusado-envolvido-em-homicidio-em-cabedelo\/","name":"RESPOSTA: Pol\u00edcia Militar apreende arsenal de organiza\u00e7\u00e3o criminosa e captura acusado envolvido em homic\u00eddio em Cabedelo - Pol\u00edcia Militar da Para\u00edba","isPartOf":{"@id":"https:\/\/www.pm.pb.gov.br\/portal\/#website"},"datePublished":"2023-08-30T18:14:12+00:00","dateModified":"2023-08-30T18:45:29+00:00","breadcrumb":{"@id":"https:\/\/www.pm.pb.gov.br\/portal\/2023\/08\/30\/resposta-policia-militar-apreende-arsenal-de-organizacao-criminosa-e-captura-acusado-envolvido-em-homicidio-em-cabedelo\/#breadcrumb"},"inLanguage":"pt-BR","potentialAction":[{"@type":"ReadAction","target":["https:\/\/www.pm.pb.gov.br\/portal\/2023\/08\/30\/resposta-policia-militar-apreende-arsenal-de-organizacao-criminosa-e-captura-acusado-envolvido-em-homicidio-em-cabedelo\/"]}]},{"@type":"BreadcrumbList","@id":"https:\/\/www.pm.pb.gov.br\/portal\/2023\/08\/30\/resposta-policia-militar-apreende-arsenal-de-organizacao-criminosa-e-captura-acusado-envolvido-em-homicidio-em-cabedelo\/#breadcrumb","itemListElement":[{"@type":"ListItem","position":1,"name":"In\u00edcio","item":"https:\/\/www.pm.pb.gov.br\/portal\/"},{"@type":"ListItem","position":2,"name":"RESPOSTA: Pol\u00edcia Militar apreende arsenal de organiza\u00e7\u00e3o criminosa e captura acusado envolvido em homic\u00eddio em Cabedelo"}]},{"@type":"WebSite","@id":"https:\/\/www.pm.pb.gov.br\/portal\/#website","url":"https:\/\/www.pm.pb.gov.br\/portal\/","name":"Pol\u00edcia Militar da Para\u00edba","description":"","publisher":{"@id":"https:\/\/www.pm.pb.gov.br\/portal\/#organization"},"potentialAction":[{"@type":"SearchAction","target":{"@type":"EntryPoint","urlTemplate":"https:\/\/www.pm.pb.gov.br\/portal\/?s={search_term_string}"},"query-input":"required name=search_term_string"}],"inLanguage":"pt-BR"},{"@type":"Organization","@id":"https:\/\/www.pm.pb.gov.br\/portal\/#organization","name":"Pol\u00edcia Militar da Para\u00edba","url":"https:\/\/www.pm.pb.gov.br\/portal\/","logo":{"@type":"ImageObject","inLanguage":"pt-BR","@id":"https:\/\/www.pm.pb.gov.br\/portal\/#\/schema\/logo\/image\/","url":"https:\/\/www.pm.pb.gov.br\/portal\/wp-content\/uploads\/2025\/03\/cropped-logo-site-mag2-1.png","contentUrl":"https:\/\/www.pm.pb.gov.br\/portal\/wp-content\/uploads\/2025\/03\/cropped-logo-site-mag2-1.png","width":320,"height":90,"caption":"Pol\u00edcia Militar da Para\u00edba"},"image":{"@id":"https:\/\/www.pm.pb.gov.br\/portal\/#\/schema\/logo\/image\/"}},{"@type":"Person","@id":"https:\/\/www.pm.pb.gov.br\/portal\/#\/schema\/person\/f84f56dcc78ce4357054da888b8247fd","name":"Tarcisio Oliveira","image":{"@type":"ImageObject","inLanguage":"pt-BR","@id":"https:\/\/www.pm.pb.gov.br\/portal\/#\/schema\/person\/image\/","url":"https:\/\/secure.gravatar.com\/avatar\/72917b630b69d31cd0297507f34bac97?s=96&d=mm&r=g","contentUrl":"https:\/\/secure.gravatar.com\/avatar\/72917b630b69d31cd0297507f34bac97?s=96&d=mm&r=g","caption":"Tarcisio Oliveira"},"url":"https:\/\/www.pm.pb.gov.br\/portal\/author\/tarcisio\/"}]}},"_links":{"self":[{"href":"https:\/\/www.pm.pb.gov.br\/portal\/wp-json\/wp\/v2\/posts\/918047"}],"collection":[{"href":"https:\/\/www.pm.pb.gov.br\/portal\/wp-json\/wp\/v2\/posts"}],"about":[{"href":"https:\/\/www.pm.pb.gov.br\/portal\/wp-json\/wp\/v2\/types\/post"}],"author":[{"embeddable":true,"href":"https:\/\/www.pm.pb.gov.br\/portal\/wp-json\/wp\/v2\/users\/12"}],"replies":[{"embeddable":true,"href":"https:\/\/www.pm.pb.gov.br\/portal\/wp-json\/wp\/v2\/comments?post=918047"}],"version-history":[{"count":5,"href":"https:\/\/www.pm.pb.gov.br\/portal\/wp-json\/wp\/v2\/posts\/918047\/revisions"}],"predecessor-version":[{"id":918055,"href":"https:\/\/www.pm.pb.gov.br\/portal\/wp-json\/wp\/v2\/posts\/918047\/revisions\/918055"}],"wp:featuredmedia":[{"embeddable":true,"href":"https:\/\/www.pm.pb.gov.br\/portal\/wp-json\/wp\/v2\/media\/918049"}],"wp:attachment":[{"href":"https:\/\/www.pm.pb.gov.br\/portal\/wp-json\/wp\/v2\/media?parent=918047"}],"wp:term":[{"taxonomy":"category","embeddable":true,"href":"https:\/\/www.pm.pb.gov.br\/portal\/wp-json\/wp\/v2\/categories?post=918047"},{"taxonomy":"post_tag","embeddable":true,"href":"https:\/\/www.pm.pb.gov.br\/portal\/wp-json\/wp\/v2\/tags?post=918047"}],"curies":[{"name":"wp","href":"https:\/\/api.w.org\/{rel}","templated":true}]}}