{"id":918016,"date":"2023-08-27T23:49:00","date_gmt":"2023-08-28T02:49:00","guid":{"rendered":"https:\/\/www.pm.pb.gov.br\/portal\/?p=918016"},"modified":"2023-08-28T00:59:15","modified_gmt":"2023-08-28T03:59:15","slug":"em-bayuex-policia-militar-prende-criminosos-apreende-pistolas-e-retira-mais-de-100-municoes-das-ruas-no-final-de-semana","status":"publish","type":"post","link":"https:\/\/www.pm.pb.gov.br\/portal\/2023\/08\/27\/em-bayuex-policia-militar-prende-criminosos-apreende-pistolas-e-retira-mais-de-100-municoes-das-ruas-no-final-de-semana\/","title":{"rendered":"EM BAYUEX: Pol\u00edcia Militar prende criminosos, apreende pistolas e retira mais de 100 muni\u00e7\u00f5es das ruas no final de semana"},"content":{"rendered":"\n\n\n<p>A intensifica\u00e7\u00e3o das a\u00e7\u00f5es da Pol\u00edcia Militar em Bayeux neste final de semana (26 e 27) levou a pris\u00e3o de tr\u00eas pessoas e apreens\u00e3o de um adolescente por delitos graves, como tr\u00e1fico de drogas, porte ilegal de arma de fogo, entre outros. Duas armas, mais de 100 muni\u00e7\u00f5es e cerca de 250 por\u00e7\u00f5es de drogas foram retiradas das ruas pelas a\u00e7\u00f5es da 4\u00aa Companhia Independente.<\/p>\n<p>Um foragido da cadeia p\u00fablica de Bayeux e que tinha tr\u00eas mandados de pris\u00e3o em aberto foi preso ap\u00f3s trocar tiros com os policiais da 4\u00aa CIPM. De acordo com a unidade, o acusado \u00e9 de alta periculosidade, e foi localizado na comunidade Canudos, no bairro de M\u00e1rio Andreazza. Ap\u00f3s reagir contra os policiais, o acusado ficou ferido e recebeu atendimento m\u00e9dico.<\/p>\n<p><img loading=\"lazy\" decoding=\"async\" class=\"size-medium wp-image-918017 aligncenter\" src=\"http:\/\/www.pm.pb.gov.br\/portal\/wp-content\/uploads\/2023\/08\/marioandreazza-365x445.jpeg\" alt=\"\" width=\"365\" height=\"445\" srcset=\"https:\/\/www.pm.pb.gov.br\/portal\/wp-content\/uploads\/2023\/08\/marioandreazza-365x445.jpeg 365w, https:\/\/www.pm.pb.gov.br\/portal\/wp-content\/uploads\/2023\/08\/marioandreazza-467x570.jpeg 467w, https:\/\/www.pm.pb.gov.br\/portal\/wp-content\/uploads\/2023\/08\/marioandreazza-768x937.jpeg 768w, https:\/\/www.pm.pb.gov.br\/portal\/wp-content\/uploads\/2023\/08\/marioandreazza.jpeg 899w\" sizes=\"(max-width: 365px) 100vw, 365px\" \/><\/p>\n<p>Uma pistola calibre 380, mais de 50 muni\u00e7\u00f5es, carregadores e por\u00e7\u00f5es de maconha foram apreendidas com o criminoso (foto acima). O homem, de 36 anos de idade, estava sendo procurado pelos crimes de homic\u00eddio, tr\u00e1fico de drogas, porte ilegal de arma de fogo, recepta\u00e7\u00e3o, al\u00e9m da fuga da unidade prisional.<\/p>\n<p>Em outra ocorr\u00eancia, no Jardim Aeroporto, a PM chegou at\u00e9 um terreno baldio usado para o tr\u00e1fico, e encontrou enterrada mais de 180 por\u00e7\u00f5es de maconha, uma pistola calibre 380, carregador, 60 muni\u00e7\u00f5es e radiocomunicador. Um adolescente que estava na localidade com duas por\u00e7\u00f5es de maconha foi apreendido.<\/p>\n<p><img loading=\"lazy\" decoding=\"async\" class=\" wp-image-918018 aligncenter\" src=\"http:\/\/www.pm.pb.gov.br\/portal\/wp-content\/uploads\/2023\/08\/jardimaeroporto-497x445.jpeg\" alt=\"\" width=\"428\" height=\"383\" srcset=\"https:\/\/www.pm.pb.gov.br\/portal\/wp-content\/uploads\/2023\/08\/jardimaeroporto-497x445.jpeg 497w, https:\/\/www.pm.pb.gov.br\/portal\/wp-content\/uploads\/2023\/08\/jardimaeroporto-636x570.jpeg 636w, https:\/\/www.pm.pb.gov.br\/portal\/wp-content\/uploads\/2023\/08\/jardimaeroporto.jpeg 768w\" sizes=\"(max-width: 428px) 100vw, 428px\" \/><\/p>\n<p>J\u00e1 no Alto da Boa Vista, na localidade conhecida como Casa dos Artistas, dois homens foram presos com mais de 50 por\u00e7\u00f5es de drogas, entre maconha e coca\u00edna, al\u00e9m de balan\u00e7a de precis\u00e3o. \u00a0<\/p>\n<p>As ocorr\u00eancias foram encaminhadas para a 6\u00aa Delegacia Distrital e onde os casos ser\u00e3o investigados. As pris\u00f5es desse \u00faltimo s\u00e1bado (26) foram resultado do refor\u00e7o do policiamento em \u00e1reas consideradas \u2018chaves\u2019 para preven\u00e7\u00e3o dos crimes contra a vida, combate ao tr\u00e1fico de drogas e captura de criminosos. Novas a\u00e7\u00f5es devem acontecer nesta semana.<\/p>\n","protected":false},"excerpt":{"rendered":"<p>A intensifica\u00e7\u00e3o das a\u00e7\u00f5es da Pol\u00edcia Militar em Bayeux neste final de semana (26 e 27) levou a pris\u00e3o de<\/p>\n","protected":false},"author":12,"featured_media":918019,"comment_status":"closed","ping_status":"closed","sticky":false,"template":"","format":"standard","meta":{"_exactmetrics_skip_tracking":false,"_exactmetrics_sitenote_active":false,"_exactmetrics_sitenote_note":"","_exactmetrics_sitenote_category":0,"footnotes":""},"categories":[4],"tags":[],"yoast_head":"<!-- This site is optimized with the Yoast SEO plugin v22.0 - https:\/\/yoast.com\/wordpress\/plugins\/seo\/ -->\n<title>EM BAYUEX: Pol\u00edcia Militar prende criminosos, apreende pistolas e retira mais de 100 muni\u00e7\u00f5es das ruas no final de semana - Pol\u00edcia Militar da Para\u00edba<\/title>\n<meta name=\"robots\" content=\"index, follow, max-snippet:-1, max-image-preview:large, max-video-preview:-1\" \/>\n<link rel=\"canonical\" href=\"https:\/\/www.pm.pb.gov.br\/portal\/2023\/08\/27\/em-bayuex-policia-militar-prende-criminosos-apreende-pistolas-e-retira-mais-de-100-municoes-das-ruas-no-final-de-semana\/\" \/>\n<meta property=\"og:locale\" content=\"pt_BR\" \/>\n<meta property=\"og:type\" content=\"article\" \/>\n<meta property=\"og:title\" content=\"EM BAYUEX: Pol\u00edcia Militar prende criminosos, apreende pistolas e retira mais de 100 muni\u00e7\u00f5es das ruas no final de semana - Pol\u00edcia Militar da Para\u00edba\" \/>\n<meta property=\"og:description\" content=\"A intensifica\u00e7\u00e3o das a\u00e7\u00f5es da Pol\u00edcia Militar em Bayeux neste final de semana (26 e 27) levou a pris\u00e3o de\" \/>\n<meta property=\"og:url\" content=\"https:\/\/www.pm.pb.gov.br\/portal\/2023\/08\/27\/em-bayuex-policia-militar-prende-criminosos-apreende-pistolas-e-retira-mais-de-100-municoes-das-ruas-no-final-de-semana\/\" \/>\n<meta property=\"og:site_name\" content=\"Pol\u00edcia Militar da Para\u00edba\" \/>\n<meta property=\"article:published_time\" content=\"2023-08-28T02:49:00+00:00\" \/>\n<meta property=\"article:modified_time\" content=\"2023-08-28T03:59:15+00:00\" \/>\n<meta property=\"og:image\" content=\"http:\/\/www.pm.pb.gov.br\/portal\/wp-content\/uploads\/2023\/08\/bayeuxcapa.jpeg\" \/>\n\t<meta property=\"og:image:width\" content=\"800\" \/>\n\t<meta property=\"og:image:height\" content=\"445\" \/>\n\t<meta property=\"og:image:type\" content=\"image\/jpeg\" \/>\n<meta name=\"author\" content=\"Tarcisio Oliveira\" \/>\n<meta name=\"twitter:card\" content=\"summary_large_image\" \/>\n<meta name=\"twitter:label1\" content=\"Escrito por\" \/>\n\t<meta name=\"twitter:data1\" content=\"Tarcisio Oliveira\" \/>\n\t<meta name=\"twitter:label2\" content=\"Est. tempo de leitura\" \/>\n\t<meta name=\"twitter:data2\" content=\"3 minutos\" \/>\n<script type=\"application\/ld+json\" class=\"yoast-schema-graph\">{\"@context\":\"https:\/\/schema.org\",\"@graph\":[{\"@type\":\"Article\",\"@id\":\"https:\/\/www.pm.pb.gov.br\/portal\/2023\/08\/27\/em-bayuex-policia-militar-prende-criminosos-apreende-pistolas-e-retira-mais-de-100-municoes-das-ruas-no-final-de-semana\/#article\",\"isPartOf\":{\"@id\":\"https:\/\/www.pm.pb.gov.br\/portal\/2023\/08\/27\/em-bayuex-policia-militar-prende-criminosos-apreende-pistolas-e-retira-mais-de-100-municoes-das-ruas-no-final-de-semana\/\"},\"author\":{\"name\":\"Tarcisio Oliveira\",\"@id\":\"https:\/\/www.pm.pb.gov.br\/portal\/#\/schema\/person\/f84f56dcc78ce4357054da888b8247fd\"},\"headline\":\"EM BAYUEX: Pol\u00edcia Militar prende criminosos, apreende pistolas e retira mais de 100 muni\u00e7\u00f5es das ruas no final de semana\",\"datePublished\":\"2023-08-28T02:49:00+00:00\",\"dateModified\":\"2023-08-28T03:59:15+00:00\",\"mainEntityOfPage\":{\"@id\":\"https:\/\/www.pm.pb.gov.br\/portal\/2023\/08\/27\/em-bayuex-policia-militar-prende-criminosos-apreende-pistolas-e-retira-mais-de-100-municoes-das-ruas-no-final-de-semana\/\"},\"wordCount\":357,\"publisher\":{\"@id\":\"https:\/\/www.pm.pb.gov.br\/portal\/#organization\"},\"articleSection\":[\"A\u00e7\u00f5es Policiais\"],\"inLanguage\":\"pt-BR\"},{\"@type\":\"WebPage\",\"@id\":\"https:\/\/www.pm.pb.gov.br\/portal\/2023\/08\/27\/em-bayuex-policia-militar-prende-criminosos-apreende-pistolas-e-retira-mais-de-100-municoes-das-ruas-no-final-de-semana\/\",\"url\":\"https:\/\/www.pm.pb.gov.br\/portal\/2023\/08\/27\/em-bayuex-policia-militar-prende-criminosos-apreende-pistolas-e-retira-mais-de-100-municoes-das-ruas-no-final-de-semana\/\",\"name\":\"EM BAYUEX: Pol\u00edcia Militar prende criminosos, apreende pistolas e retira mais de 100 muni\u00e7\u00f5es das ruas no final de semana - Pol\u00edcia Militar da Para\u00edba\",\"isPartOf\":{\"@id\":\"https:\/\/www.pm.pb.gov.br\/portal\/#website\"},\"datePublished\":\"2023-08-28T02:49:00+00:00\",\"dateModified\":\"2023-08-28T03:59:15+00:00\",\"breadcrumb\":{\"@id\":\"https:\/\/www.pm.pb.gov.br\/portal\/2023\/08\/27\/em-bayuex-policia-militar-prende-criminosos-apreende-pistolas-e-retira-mais-de-100-municoes-das-ruas-no-final-de-semana\/#breadcrumb\"},\"inLanguage\":\"pt-BR\",\"potentialAction\":[{\"@type\":\"ReadAction\",\"target\":[\"https:\/\/www.pm.pb.gov.br\/portal\/2023\/08\/27\/em-bayuex-policia-militar-prende-criminosos-apreende-pistolas-e-retira-mais-de-100-municoes-das-ruas-no-final-de-semana\/\"]}]},{\"@type\":\"BreadcrumbList\",\"@id\":\"https:\/\/www.pm.pb.gov.br\/portal\/2023\/08\/27\/em-bayuex-policia-militar-prende-criminosos-apreende-pistolas-e-retira-mais-de-100-municoes-das-ruas-no-final-de-semana\/#breadcrumb\",\"itemListElement\":[{\"@type\":\"ListItem\",\"position\":1,\"name\":\"In\u00edcio\",\"item\":\"https:\/\/www.pm.pb.gov.br\/portal\/\"},{\"@type\":\"ListItem\",\"position\":2,\"name\":\"EM BAYUEX: Pol\u00edcia Militar prende criminosos, apreende pistolas e retira mais de 100 muni\u00e7\u00f5es das ruas no final de semana\"}]},{\"@type\":\"WebSite\",\"@id\":\"https:\/\/www.pm.pb.gov.br\/portal\/#website\",\"url\":\"https:\/\/www.pm.pb.gov.br\/portal\/\",\"name\":\"Pol\u00edcia Militar da Para\u00edba\",\"description\":\"\",\"publisher\":{\"@id\":\"https:\/\/www.pm.pb.gov.br\/portal\/#organization\"},\"potentialAction\":[{\"@type\":\"SearchAction\",\"target\":{\"@type\":\"EntryPoint\",\"urlTemplate\":\"https:\/\/www.pm.pb.gov.br\/portal\/?s={search_term_string}\"},\"query-input\":\"required name=search_term_string\"}],\"inLanguage\":\"pt-BR\"},{\"@type\":\"Organization\",\"@id\":\"https:\/\/www.pm.pb.gov.br\/portal\/#organization\",\"name\":\"Pol\u00edcia Militar da Para\u00edba\",\"url\":\"https:\/\/www.pm.pb.gov.br\/portal\/\",\"logo\":{\"@type\":\"ImageObject\",\"inLanguage\":\"pt-BR\",\"@id\":\"https:\/\/www.pm.pb.gov.br\/portal\/#\/schema\/logo\/image\/\",\"url\":\"https:\/\/www.pm.pb.gov.br\/portal\/wp-content\/uploads\/2025\/03\/cropped-logo-site-mag2-1.png\",\"contentUrl\":\"https:\/\/www.pm.pb.gov.br\/portal\/wp-content\/uploads\/2025\/03\/cropped-logo-site-mag2-1.png\",\"width\":320,\"height\":90,\"caption\":\"Pol\u00edcia Militar da Para\u00edba\"},\"image\":{\"@id\":\"https:\/\/www.pm.pb.gov.br\/portal\/#\/schema\/logo\/image\/\"}},{\"@type\":\"Person\",\"@id\":\"https:\/\/www.pm.pb.gov.br\/portal\/#\/schema\/person\/f84f56dcc78ce4357054da888b8247fd\",\"name\":\"Tarcisio Oliveira\",\"image\":{\"@type\":\"ImageObject\",\"inLanguage\":\"pt-BR\",\"@id\":\"https:\/\/www.pm.pb.gov.br\/portal\/#\/schema\/person\/image\/\",\"url\":\"https:\/\/secure.gravatar.com\/avatar\/72917b630b69d31cd0297507f34bac97?s=96&d=mm&r=g\",\"contentUrl\":\"https:\/\/secure.gravatar.com\/avatar\/72917b630b69d31cd0297507f34bac97?s=96&d=mm&r=g\",\"caption\":\"Tarcisio Oliveira\"},\"url\":\"https:\/\/www.pm.pb.gov.br\/portal\/author\/tarcisio\/\"}]}<\/script>\n<!-- \/ Yoast SEO plugin. -->","yoast_head_json":{"title":"EM BAYUEX: Pol\u00edcia Militar prende criminosos, apreende pistolas e retira mais de 100 muni\u00e7\u00f5es das ruas no final de semana - Pol\u00edcia Militar da Para\u00edba","robots":{"index":"index","follow":"follow","max-snippet":"max-snippet:-1","max-image-preview":"max-image-preview:large","max-video-preview":"max-video-preview:-1"},"canonical":"https:\/\/www.pm.pb.gov.br\/portal\/2023\/08\/27\/em-bayuex-policia-militar-prende-criminosos-apreende-pistolas-e-retira-mais-de-100-municoes-das-ruas-no-final-de-semana\/","og_locale":"pt_BR","og_type":"article","og_title":"EM BAYUEX: Pol\u00edcia Militar prende criminosos, apreende pistolas e retira mais de 100 muni\u00e7\u00f5es das ruas no final de semana - Pol\u00edcia Militar da Para\u00edba","og_description":"A intensifica\u00e7\u00e3o das a\u00e7\u00f5es da Pol\u00edcia Militar em Bayeux neste final de semana (26 e 27) levou a pris\u00e3o de","og_url":"https:\/\/www.pm.pb.gov.br\/portal\/2023\/08\/27\/em-bayuex-policia-militar-prende-criminosos-apreende-pistolas-e-retira-mais-de-100-municoes-das-ruas-no-final-de-semana\/","og_site_name":"Pol\u00edcia Militar da Para\u00edba","article_published_time":"2023-08-28T02:49:00+00:00","article_modified_time":"2023-08-28T03:59:15+00:00","og_image":[{"width":800,"height":445,"url":"http:\/\/www.pm.pb.gov.br\/portal\/wp-content\/uploads\/2023\/08\/bayeuxcapa.jpeg","type":"image\/jpeg"}],"author":"Tarcisio Oliveira","twitter_card":"summary_large_image","twitter_misc":{"Escrito por":"Tarcisio Oliveira","Est. tempo de leitura":"3 minutos"},"schema":{"@context":"https:\/\/schema.org","@graph":[{"@type":"Article","@id":"https:\/\/www.pm.pb.gov.br\/portal\/2023\/08\/27\/em-bayuex-policia-militar-prende-criminosos-apreende-pistolas-e-retira-mais-de-100-municoes-das-ruas-no-final-de-semana\/#article","isPartOf":{"@id":"https:\/\/www.pm.pb.gov.br\/portal\/2023\/08\/27\/em-bayuex-policia-militar-prende-criminosos-apreende-pistolas-e-retira-mais-de-100-municoes-das-ruas-no-final-de-semana\/"},"author":{"name":"Tarcisio Oliveira","@id":"https:\/\/www.pm.pb.gov.br\/portal\/#\/schema\/person\/f84f56dcc78ce4357054da888b8247fd"},"headline":"EM BAYUEX: Pol\u00edcia Militar prende criminosos, apreende pistolas e retira mais de 100 muni\u00e7\u00f5es das ruas no final de semana","datePublished":"2023-08-28T02:49:00+00:00","dateModified":"2023-08-28T03:59:15+00:00","mainEntityOfPage":{"@id":"https:\/\/www.pm.pb.gov.br\/portal\/2023\/08\/27\/em-bayuex-policia-militar-prende-criminosos-apreende-pistolas-e-retira-mais-de-100-municoes-das-ruas-no-final-de-semana\/"},"wordCount":357,"publisher":{"@id":"https:\/\/www.pm.pb.gov.br\/portal\/#organization"},"articleSection":["A\u00e7\u00f5es Policiais"],"inLanguage":"pt-BR"},{"@type":"WebPage","@id":"https:\/\/www.pm.pb.gov.br\/portal\/2023\/08\/27\/em-bayuex-policia-militar-prende-criminosos-apreende-pistolas-e-retira-mais-de-100-municoes-das-ruas-no-final-de-semana\/","url":"https:\/\/www.pm.pb.gov.br\/portal\/2023\/08\/27\/em-bayuex-policia-militar-prende-criminosos-apreende-pistolas-e-retira-mais-de-100-municoes-das-ruas-no-final-de-semana\/","name":"EM BAYUEX: Pol\u00edcia Militar prende criminosos, apreende pistolas e retira mais de 100 muni\u00e7\u00f5es das ruas no final de semana - Pol\u00edcia Militar da Para\u00edba","isPartOf":{"@id":"https:\/\/www.pm.pb.gov.br\/portal\/#website"},"datePublished":"2023-08-28T02:49:00+00:00","dateModified":"2023-08-28T03:59:15+00:00","breadcrumb":{"@id":"https:\/\/www.pm.pb.gov.br\/portal\/2023\/08\/27\/em-bayuex-policia-militar-prende-criminosos-apreende-pistolas-e-retira-mais-de-100-municoes-das-ruas-no-final-de-semana\/#breadcrumb"},"inLanguage":"pt-BR","potentialAction":[{"@type":"ReadAction","target":["https:\/\/www.pm.pb.gov.br\/portal\/2023\/08\/27\/em-bayuex-policia-militar-prende-criminosos-apreende-pistolas-e-retira-mais-de-100-municoes-das-ruas-no-final-de-semana\/"]}]},{"@type":"BreadcrumbList","@id":"https:\/\/www.pm.pb.gov.br\/portal\/2023\/08\/27\/em-bayuex-policia-militar-prende-criminosos-apreende-pistolas-e-retira-mais-de-100-municoes-das-ruas-no-final-de-semana\/#breadcrumb","itemListElement":[{"@type":"ListItem","position":1,"name":"In\u00edcio","item":"https:\/\/www.pm.pb.gov.br\/portal\/"},{"@type":"ListItem","position":2,"name":"EM BAYUEX: Pol\u00edcia Militar prende criminosos, apreende pistolas e retira mais de 100 muni\u00e7\u00f5es das ruas no final de semana"}]},{"@type":"WebSite","@id":"https:\/\/www.pm.pb.gov.br\/portal\/#website","url":"https:\/\/www.pm.pb.gov.br\/portal\/","name":"Pol\u00edcia Militar da Para\u00edba","description":"","publisher":{"@id":"https:\/\/www.pm.pb.gov.br\/portal\/#organization"},"potentialAction":[{"@type":"SearchAction","target":{"@type":"EntryPoint","urlTemplate":"https:\/\/www.pm.pb.gov.br\/portal\/?s={search_term_string}"},"query-input":"required name=search_term_string"}],"inLanguage":"pt-BR"},{"@type":"Organization","@id":"https:\/\/www.pm.pb.gov.br\/portal\/#organization","name":"Pol\u00edcia Militar da Para\u00edba","url":"https:\/\/www.pm.pb.gov.br\/portal\/","logo":{"@type":"ImageObject","inLanguage":"pt-BR","@id":"https:\/\/www.pm.pb.gov.br\/portal\/#\/schema\/logo\/image\/","url":"https:\/\/www.pm.pb.gov.br\/portal\/wp-content\/uploads\/2025\/03\/cropped-logo-site-mag2-1.png","contentUrl":"https:\/\/www.pm.pb.gov.br\/portal\/wp-content\/uploads\/2025\/03\/cropped-logo-site-mag2-1.png","width":320,"height":90,"caption":"Pol\u00edcia Militar da Para\u00edba"},"image":{"@id":"https:\/\/www.pm.pb.gov.br\/portal\/#\/schema\/logo\/image\/"}},{"@type":"Person","@id":"https:\/\/www.pm.pb.gov.br\/portal\/#\/schema\/person\/f84f56dcc78ce4357054da888b8247fd","name":"Tarcisio Oliveira","image":{"@type":"ImageObject","inLanguage":"pt-BR","@id":"https:\/\/www.pm.pb.gov.br\/portal\/#\/schema\/person\/image\/","url":"https:\/\/secure.gravatar.com\/avatar\/72917b630b69d31cd0297507f34bac97?s=96&d=mm&r=g","contentUrl":"https:\/\/secure.gravatar.com\/avatar\/72917b630b69d31cd0297507f34bac97?s=96&d=mm&r=g","caption":"Tarcisio Oliveira"},"url":"https:\/\/www.pm.pb.gov.br\/portal\/author\/tarcisio\/"}]}},"_links":{"self":[{"href":"https:\/\/www.pm.pb.gov.br\/portal\/wp-json\/wp\/v2\/posts\/918016"}],"collection":[{"href":"https:\/\/www.pm.pb.gov.br\/portal\/wp-json\/wp\/v2\/posts"}],"about":[{"href":"https:\/\/www.pm.pb.gov.br\/portal\/wp-json\/wp\/v2\/types\/post"}],"author":[{"embeddable":true,"href":"https:\/\/www.pm.pb.gov.br\/portal\/wp-json\/wp\/v2\/users\/12"}],"replies":[{"embeddable":true,"href":"https:\/\/www.pm.pb.gov.br\/portal\/wp-json\/wp\/v2\/comments?post=918016"}],"version-history":[{"count":1,"href":"https:\/\/www.pm.pb.gov.br\/portal\/wp-json\/wp\/v2\/posts\/918016\/revisions"}],"predecessor-version":[{"id":918020,"href":"https:\/\/www.pm.pb.gov.br\/portal\/wp-json\/wp\/v2\/posts\/918016\/revisions\/918020"}],"wp:featuredmedia":[{"embeddable":true,"href":"https:\/\/www.pm.pb.gov.br\/portal\/wp-json\/wp\/v2\/media\/918019"}],"wp:attachment":[{"href":"https:\/\/www.pm.pb.gov.br\/portal\/wp-json\/wp\/v2\/media?parent=918016"}],"wp:term":[{"taxonomy":"category","embeddable":true,"href":"https:\/\/www.pm.pb.gov.br\/portal\/wp-json\/wp\/v2\/categories?post=918016"},{"taxonomy":"post_tag","embeddable":true,"href":"https:\/\/www.pm.pb.gov.br\/portal\/wp-json\/wp\/v2\/tags?post=918016"}],"curies":[{"name":"wp","href":"https:\/\/api.w.org\/{rel}","templated":true}]}}