{"id":917957,"date":"2023-08-26T01:42:18","date_gmt":"2023-08-26T04:42:18","guid":{"rendered":"https:\/\/www.pm.pb.gov.br\/portal\/?p=917957"},"modified":"2023-08-26T01:46:16","modified_gmt":"2023-08-26T04:46:16","slug":"em-novas-acoes-policia-militar-captura-foragidos-em-bairros-da-orla-na-capital","status":"publish","type":"post","link":"https:\/\/www.pm.pb.gov.br\/portal\/2023\/08\/26\/em-novas-acoes-policia-militar-captura-foragidos-em-bairros-da-orla-na-capital\/","title":{"rendered":"Em novas a\u00e7\u00f5es, Pol\u00edcia Militar captura foragidos em bairros da orla, na capital"},"content":{"rendered":"\n<p>A intensifica\u00e7\u00e3o das a\u00e7\u00f5es preventivas da Pol\u00edcia Militar levou \u00e0 pris\u00e3o de quatro acusados envolvidos em diversos delitos em tr\u00eas bairros da regi\u00e3o da orla de Jo\u00e3o Pessoa. As a\u00e7\u00f5es foram realizadas nesta \u00faltima sexta-feira (25) resultando ainda na apreens\u00e3o de uma arma de fogo (foto acima ilustrativa).<\/p>\n<p>De acordo com o Batalh\u00e3o Especializado em Policiamento Tur\u00edstico (BEPTur), tr\u00eas pris\u00f5es ocorreram durante cumprimento de mandados contra foragidos que estavam sendo procurados pela Justi\u00e7a. Os acusados foram localizados e identificados durante abordagens e rondas feitas pelos policiais.<\/p>\n<p>Entre os presos est\u00e1 um homem de 41 anos de idade, que vinha sendo procurado por crimes de les\u00e3o corporal no \u00e2mbito de viol\u00eancia dom\u00e9stica, al\u00e9m de crimes do C\u00f3digo de Tr\u00e2nsito Brasileiro. A pris\u00e3o ocorreu em Mana\u00edra. Outras pris\u00f5es ocorreram nos bairros do Altiplano e no Jardim Oceania, sendo esta \u00faltima contra um foragido da Justi\u00e7a de Tocantins.<\/p>\n<p>Ainda de acordo com o BEPTur, outros crimes patrimoniais foram impedidos em Mana\u00edra com a pris\u00e3o de um de um homem de 21 anos de idade, que estava com um rev\u00f3lver que ele pretendia usar para cometer assaltos na regi\u00e3o da avenida Maria Rosa (foto abaixo).<\/p>\n<p><img loading=\"lazy\" decoding=\"async\" class=\" wp-image-917955 aligncenter\" src=\"http:\/\/www.pm.pb.gov.br\/portal\/wp-content\/uploads\/2023\/08\/WhatsApp-Image-2023-08-25-at-17.36.19-593x445.jpeg\" alt=\"\" width=\"513\" height=\"385\" srcset=\"https:\/\/www.pm.pb.gov.br\/portal\/wp-content\/uploads\/2023\/08\/WhatsApp-Image-2023-08-25-at-17.36.19-593x445.jpeg 593w, https:\/\/www.pm.pb.gov.br\/portal\/wp-content\/uploads\/2023\/08\/WhatsApp-Image-2023-08-25-at-17.36.19-760x570.jpeg 760w, https:\/\/www.pm.pb.gov.br\/portal\/wp-content\/uploads\/2023\/08\/WhatsApp-Image-2023-08-25-at-17.36.19-768x576.jpeg 768w, https:\/\/www.pm.pb.gov.br\/portal\/wp-content\/uploads\/2023\/08\/WhatsApp-Image-2023-08-25-at-17.36.19-1536x1152.jpeg 1536w, https:\/\/www.pm.pb.gov.br\/portal\/wp-content\/uploads\/2023\/08\/WhatsApp-Image-2023-08-25-at-17.36.19.jpeg 1600w\" sizes=\"(max-width: 513px) 100vw, 513px\" \/><\/p>\n<p>Todas as ocorr\u00eancias foram apresentadas na delegacia nessa sexta. Novas a\u00e7\u00f5es preventivas da PM devem acontecer durante o final de semana na regi\u00e3o.<\/p>\n\n\n","protected":false},"excerpt":{"rendered":"<p>A intensifica\u00e7\u00e3o das a\u00e7\u00f5es preventivas da Pol\u00edcia Militar levou \u00e0 pris\u00e3o de quatro acusados envolvidos em diversos delitos em tr\u00eas<\/p>\n","protected":false},"author":12,"featured_media":905174,"comment_status":"closed","ping_status":"closed","sticky":false,"template":"","format":"standard","meta":{"_exactmetrics_skip_tracking":false,"_exactmetrics_sitenote_active":false,"_exactmetrics_sitenote_note":"","_exactmetrics_sitenote_category":0,"footnotes":""},"categories":[4],"tags":[],"yoast_head":"<!-- This site is optimized with the Yoast SEO plugin v22.0 - https:\/\/yoast.com\/wordpress\/plugins\/seo\/ -->\n<title>Em novas a\u00e7\u00f5es, Pol\u00edcia Militar captura foragidos em bairros da orla, na capital - Pol\u00edcia Militar da Para\u00edba<\/title>\n<meta name=\"robots\" content=\"index, follow, max-snippet:-1, max-image-preview:large, max-video-preview:-1\" \/>\n<link rel=\"canonical\" href=\"https:\/\/www.pm.pb.gov.br\/portal\/2023\/08\/26\/em-novas-acoes-policia-militar-captura-foragidos-em-bairros-da-orla-na-capital\/\" \/>\n<meta property=\"og:locale\" content=\"pt_BR\" \/>\n<meta property=\"og:type\" content=\"article\" \/>\n<meta property=\"og:title\" content=\"Em novas a\u00e7\u00f5es, Pol\u00edcia Militar captura foragidos em bairros da orla, na capital - Pol\u00edcia Militar da Para\u00edba\" \/>\n<meta property=\"og:description\" content=\"A intensifica\u00e7\u00e3o das a\u00e7\u00f5es preventivas da Pol\u00edcia Militar levou \u00e0 pris\u00e3o de quatro acusados envolvidos em diversos delitos em tr\u00eas\" \/>\n<meta property=\"og:url\" content=\"https:\/\/www.pm.pb.gov.br\/portal\/2023\/08\/26\/em-novas-acoes-policia-militar-captura-foragidos-em-bairros-da-orla-na-capital\/\" \/>\n<meta property=\"og:site_name\" content=\"Pol\u00edcia Militar da Para\u00edba\" \/>\n<meta property=\"article:published_time\" content=\"2023-08-26T04:42:18+00:00\" \/>\n<meta property=\"article:modified_time\" content=\"2023-08-26T04:46:16+00:00\" \/>\n<meta property=\"og:image\" content=\"http:\/\/www.pm.pb.gov.br\/portal\/wp-content\/uploads\/2020\/05\/ceatur-1.jpeg\" \/>\n\t<meta property=\"og:image:width\" content=\"800\" \/>\n\t<meta property=\"og:image:height\" content=\"445\" \/>\n\t<meta property=\"og:image:type\" content=\"image\/jpeg\" \/>\n<meta name=\"author\" content=\"Tarcisio Oliveira\" \/>\n<meta name=\"twitter:card\" content=\"summary_large_image\" \/>\n<meta name=\"twitter:label1\" content=\"Escrito por\" \/>\n\t<meta name=\"twitter:data1\" content=\"Tarcisio Oliveira\" \/>\n\t<meta name=\"twitter:label2\" content=\"Est. tempo de leitura\" \/>\n\t<meta name=\"twitter:data2\" content=\"2 minutos\" \/>\n<script type=\"application\/ld+json\" class=\"yoast-schema-graph\">{\"@context\":\"https:\/\/schema.org\",\"@graph\":[{\"@type\":\"Article\",\"@id\":\"https:\/\/www.pm.pb.gov.br\/portal\/2023\/08\/26\/em-novas-acoes-policia-militar-captura-foragidos-em-bairros-da-orla-na-capital\/#article\",\"isPartOf\":{\"@id\":\"https:\/\/www.pm.pb.gov.br\/portal\/2023\/08\/26\/em-novas-acoes-policia-militar-captura-foragidos-em-bairros-da-orla-na-capital\/\"},\"author\":{\"name\":\"Tarcisio Oliveira\",\"@id\":\"https:\/\/www.pm.pb.gov.br\/portal\/#\/schema\/person\/f84f56dcc78ce4357054da888b8247fd\"},\"headline\":\"Em novas a\u00e7\u00f5es, Pol\u00edcia Militar captura foragidos em bairros da orla, na capital\",\"datePublished\":\"2023-08-26T04:42:18+00:00\",\"dateModified\":\"2023-08-26T04:46:16+00:00\",\"mainEntityOfPage\":{\"@id\":\"https:\/\/www.pm.pb.gov.br\/portal\/2023\/08\/26\/em-novas-acoes-policia-militar-captura-foragidos-em-bairros-da-orla-na-capital\/\"},\"wordCount\":256,\"publisher\":{\"@id\":\"https:\/\/www.pm.pb.gov.br\/portal\/#organization\"},\"articleSection\":[\"A\u00e7\u00f5es Policiais\"],\"inLanguage\":\"pt-BR\"},{\"@type\":\"WebPage\",\"@id\":\"https:\/\/www.pm.pb.gov.br\/portal\/2023\/08\/26\/em-novas-acoes-policia-militar-captura-foragidos-em-bairros-da-orla-na-capital\/\",\"url\":\"https:\/\/www.pm.pb.gov.br\/portal\/2023\/08\/26\/em-novas-acoes-policia-militar-captura-foragidos-em-bairros-da-orla-na-capital\/\",\"name\":\"Em novas a\u00e7\u00f5es, Pol\u00edcia Militar captura foragidos em bairros da orla, na capital - Pol\u00edcia Militar da Para\u00edba\",\"isPartOf\":{\"@id\":\"https:\/\/www.pm.pb.gov.br\/portal\/#website\"},\"datePublished\":\"2023-08-26T04:42:18+00:00\",\"dateModified\":\"2023-08-26T04:46:16+00:00\",\"breadcrumb\":{\"@id\":\"https:\/\/www.pm.pb.gov.br\/portal\/2023\/08\/26\/em-novas-acoes-policia-militar-captura-foragidos-em-bairros-da-orla-na-capital\/#breadcrumb\"},\"inLanguage\":\"pt-BR\",\"potentialAction\":[{\"@type\":\"ReadAction\",\"target\":[\"https:\/\/www.pm.pb.gov.br\/portal\/2023\/08\/26\/em-novas-acoes-policia-militar-captura-foragidos-em-bairros-da-orla-na-capital\/\"]}]},{\"@type\":\"BreadcrumbList\",\"@id\":\"https:\/\/www.pm.pb.gov.br\/portal\/2023\/08\/26\/em-novas-acoes-policia-militar-captura-foragidos-em-bairros-da-orla-na-capital\/#breadcrumb\",\"itemListElement\":[{\"@type\":\"ListItem\",\"position\":1,\"name\":\"In\u00edcio\",\"item\":\"https:\/\/www.pm.pb.gov.br\/portal\/\"},{\"@type\":\"ListItem\",\"position\":2,\"name\":\"Em novas a\u00e7\u00f5es, Pol\u00edcia Militar captura foragidos em bairros da orla, na capital\"}]},{\"@type\":\"WebSite\",\"@id\":\"https:\/\/www.pm.pb.gov.br\/portal\/#website\",\"url\":\"https:\/\/www.pm.pb.gov.br\/portal\/\",\"name\":\"Pol\u00edcia Militar da Para\u00edba\",\"description\":\"\",\"publisher\":{\"@id\":\"https:\/\/www.pm.pb.gov.br\/portal\/#organization\"},\"potentialAction\":[{\"@type\":\"SearchAction\",\"target\":{\"@type\":\"EntryPoint\",\"urlTemplate\":\"https:\/\/www.pm.pb.gov.br\/portal\/?s={search_term_string}\"},\"query-input\":\"required name=search_term_string\"}],\"inLanguage\":\"pt-BR\"},{\"@type\":\"Organization\",\"@id\":\"https:\/\/www.pm.pb.gov.br\/portal\/#organization\",\"name\":\"Pol\u00edcia Militar da Para\u00edba\",\"url\":\"https:\/\/www.pm.pb.gov.br\/portal\/\",\"logo\":{\"@type\":\"ImageObject\",\"inLanguage\":\"pt-BR\",\"@id\":\"https:\/\/www.pm.pb.gov.br\/portal\/#\/schema\/logo\/image\/\",\"url\":\"https:\/\/www.pm.pb.gov.br\/portal\/wp-content\/uploads\/2025\/03\/cropped-logo-site-mag2-1.png\",\"contentUrl\":\"https:\/\/www.pm.pb.gov.br\/portal\/wp-content\/uploads\/2025\/03\/cropped-logo-site-mag2-1.png\",\"width\":320,\"height\":90,\"caption\":\"Pol\u00edcia Militar da Para\u00edba\"},\"image\":{\"@id\":\"https:\/\/www.pm.pb.gov.br\/portal\/#\/schema\/logo\/image\/\"}},{\"@type\":\"Person\",\"@id\":\"https:\/\/www.pm.pb.gov.br\/portal\/#\/schema\/person\/f84f56dcc78ce4357054da888b8247fd\",\"name\":\"Tarcisio Oliveira\",\"image\":{\"@type\":\"ImageObject\",\"inLanguage\":\"pt-BR\",\"@id\":\"https:\/\/www.pm.pb.gov.br\/portal\/#\/schema\/person\/image\/\",\"url\":\"https:\/\/secure.gravatar.com\/avatar\/72917b630b69d31cd0297507f34bac97?s=96&d=mm&r=g\",\"contentUrl\":\"https:\/\/secure.gravatar.com\/avatar\/72917b630b69d31cd0297507f34bac97?s=96&d=mm&r=g\",\"caption\":\"Tarcisio Oliveira\"},\"url\":\"https:\/\/www.pm.pb.gov.br\/portal\/author\/tarcisio\/\"}]}<\/script>\n<!-- \/ Yoast SEO plugin. -->","yoast_head_json":{"title":"Em novas a\u00e7\u00f5es, Pol\u00edcia Militar captura foragidos em bairros da orla, na capital - Pol\u00edcia Militar da Para\u00edba","robots":{"index":"index","follow":"follow","max-snippet":"max-snippet:-1","max-image-preview":"max-image-preview:large","max-video-preview":"max-video-preview:-1"},"canonical":"https:\/\/www.pm.pb.gov.br\/portal\/2023\/08\/26\/em-novas-acoes-policia-militar-captura-foragidos-em-bairros-da-orla-na-capital\/","og_locale":"pt_BR","og_type":"article","og_title":"Em novas a\u00e7\u00f5es, Pol\u00edcia Militar captura foragidos em bairros da orla, na capital - Pol\u00edcia Militar da Para\u00edba","og_description":"A intensifica\u00e7\u00e3o das a\u00e7\u00f5es preventivas da Pol\u00edcia Militar levou \u00e0 pris\u00e3o de quatro acusados envolvidos em diversos delitos em tr\u00eas","og_url":"https:\/\/www.pm.pb.gov.br\/portal\/2023\/08\/26\/em-novas-acoes-policia-militar-captura-foragidos-em-bairros-da-orla-na-capital\/","og_site_name":"Pol\u00edcia Militar da Para\u00edba","article_published_time":"2023-08-26T04:42:18+00:00","article_modified_time":"2023-08-26T04:46:16+00:00","og_image":[{"width":800,"height":445,"url":"http:\/\/www.pm.pb.gov.br\/portal\/wp-content\/uploads\/2020\/05\/ceatur-1.jpeg","type":"image\/jpeg"}],"author":"Tarcisio Oliveira","twitter_card":"summary_large_image","twitter_misc":{"Escrito por":"Tarcisio Oliveira","Est. tempo de leitura":"2 minutos"},"schema":{"@context":"https:\/\/schema.org","@graph":[{"@type":"Article","@id":"https:\/\/www.pm.pb.gov.br\/portal\/2023\/08\/26\/em-novas-acoes-policia-militar-captura-foragidos-em-bairros-da-orla-na-capital\/#article","isPartOf":{"@id":"https:\/\/www.pm.pb.gov.br\/portal\/2023\/08\/26\/em-novas-acoes-policia-militar-captura-foragidos-em-bairros-da-orla-na-capital\/"},"author":{"name":"Tarcisio Oliveira","@id":"https:\/\/www.pm.pb.gov.br\/portal\/#\/schema\/person\/f84f56dcc78ce4357054da888b8247fd"},"headline":"Em novas a\u00e7\u00f5es, Pol\u00edcia Militar captura foragidos em bairros da orla, na capital","datePublished":"2023-08-26T04:42:18+00:00","dateModified":"2023-08-26T04:46:16+00:00","mainEntityOfPage":{"@id":"https:\/\/www.pm.pb.gov.br\/portal\/2023\/08\/26\/em-novas-acoes-policia-militar-captura-foragidos-em-bairros-da-orla-na-capital\/"},"wordCount":256,"publisher":{"@id":"https:\/\/www.pm.pb.gov.br\/portal\/#organization"},"articleSection":["A\u00e7\u00f5es Policiais"],"inLanguage":"pt-BR"},{"@type":"WebPage","@id":"https:\/\/www.pm.pb.gov.br\/portal\/2023\/08\/26\/em-novas-acoes-policia-militar-captura-foragidos-em-bairros-da-orla-na-capital\/","url":"https:\/\/www.pm.pb.gov.br\/portal\/2023\/08\/26\/em-novas-acoes-policia-militar-captura-foragidos-em-bairros-da-orla-na-capital\/","name":"Em novas a\u00e7\u00f5es, Pol\u00edcia Militar captura foragidos em bairros da orla, na capital - Pol\u00edcia Militar da Para\u00edba","isPartOf":{"@id":"https:\/\/www.pm.pb.gov.br\/portal\/#website"},"datePublished":"2023-08-26T04:42:18+00:00","dateModified":"2023-08-26T04:46:16+00:00","breadcrumb":{"@id":"https:\/\/www.pm.pb.gov.br\/portal\/2023\/08\/26\/em-novas-acoes-policia-militar-captura-foragidos-em-bairros-da-orla-na-capital\/#breadcrumb"},"inLanguage":"pt-BR","potentialAction":[{"@type":"ReadAction","target":["https:\/\/www.pm.pb.gov.br\/portal\/2023\/08\/26\/em-novas-acoes-policia-militar-captura-foragidos-em-bairros-da-orla-na-capital\/"]}]},{"@type":"BreadcrumbList","@id":"https:\/\/www.pm.pb.gov.br\/portal\/2023\/08\/26\/em-novas-acoes-policia-militar-captura-foragidos-em-bairros-da-orla-na-capital\/#breadcrumb","itemListElement":[{"@type":"ListItem","position":1,"name":"In\u00edcio","item":"https:\/\/www.pm.pb.gov.br\/portal\/"},{"@type":"ListItem","position":2,"name":"Em novas a\u00e7\u00f5es, Pol\u00edcia Militar captura foragidos em bairros da orla, na capital"}]},{"@type":"WebSite","@id":"https:\/\/www.pm.pb.gov.br\/portal\/#website","url":"https:\/\/www.pm.pb.gov.br\/portal\/","name":"Pol\u00edcia Militar da Para\u00edba","description":"","publisher":{"@id":"https:\/\/www.pm.pb.gov.br\/portal\/#organization"},"potentialAction":[{"@type":"SearchAction","target":{"@type":"EntryPoint","urlTemplate":"https:\/\/www.pm.pb.gov.br\/portal\/?s={search_term_string}"},"query-input":"required name=search_term_string"}],"inLanguage":"pt-BR"},{"@type":"Organization","@id":"https:\/\/www.pm.pb.gov.br\/portal\/#organization","name":"Pol\u00edcia Militar da Para\u00edba","url":"https:\/\/www.pm.pb.gov.br\/portal\/","logo":{"@type":"ImageObject","inLanguage":"pt-BR","@id":"https:\/\/www.pm.pb.gov.br\/portal\/#\/schema\/logo\/image\/","url":"https:\/\/www.pm.pb.gov.br\/portal\/wp-content\/uploads\/2025\/03\/cropped-logo-site-mag2-1.png","contentUrl":"https:\/\/www.pm.pb.gov.br\/portal\/wp-content\/uploads\/2025\/03\/cropped-logo-site-mag2-1.png","width":320,"height":90,"caption":"Pol\u00edcia Militar da Para\u00edba"},"image":{"@id":"https:\/\/www.pm.pb.gov.br\/portal\/#\/schema\/logo\/image\/"}},{"@type":"Person","@id":"https:\/\/www.pm.pb.gov.br\/portal\/#\/schema\/person\/f84f56dcc78ce4357054da888b8247fd","name":"Tarcisio Oliveira","image":{"@type":"ImageObject","inLanguage":"pt-BR","@id":"https:\/\/www.pm.pb.gov.br\/portal\/#\/schema\/person\/image\/","url":"https:\/\/secure.gravatar.com\/avatar\/72917b630b69d31cd0297507f34bac97?s=96&d=mm&r=g","contentUrl":"https:\/\/secure.gravatar.com\/avatar\/72917b630b69d31cd0297507f34bac97?s=96&d=mm&r=g","caption":"Tarcisio Oliveira"},"url":"https:\/\/www.pm.pb.gov.br\/portal\/author\/tarcisio\/"}]}},"_links":{"self":[{"href":"https:\/\/www.pm.pb.gov.br\/portal\/wp-json\/wp\/v2\/posts\/917957"}],"collection":[{"href":"https:\/\/www.pm.pb.gov.br\/portal\/wp-json\/wp\/v2\/posts"}],"about":[{"href":"https:\/\/www.pm.pb.gov.br\/portal\/wp-json\/wp\/v2\/types\/post"}],"author":[{"embeddable":true,"href":"https:\/\/www.pm.pb.gov.br\/portal\/wp-json\/wp\/v2\/users\/12"}],"replies":[{"embeddable":true,"href":"https:\/\/www.pm.pb.gov.br\/portal\/wp-json\/wp\/v2\/comments?post=917957"}],"version-history":[{"count":2,"href":"https:\/\/www.pm.pb.gov.br\/portal\/wp-json\/wp\/v2\/posts\/917957\/revisions"}],"predecessor-version":[{"id":917959,"href":"https:\/\/www.pm.pb.gov.br\/portal\/wp-json\/wp\/v2\/posts\/917957\/revisions\/917959"}],"wp:featuredmedia":[{"embeddable":true,"href":"https:\/\/www.pm.pb.gov.br\/portal\/wp-json\/wp\/v2\/media\/905174"}],"wp:attachment":[{"href":"https:\/\/www.pm.pb.gov.br\/portal\/wp-json\/wp\/v2\/media?parent=917957"}],"wp:term":[{"taxonomy":"category","embeddable":true,"href":"https:\/\/www.pm.pb.gov.br\/portal\/wp-json\/wp\/v2\/categories?post=917957"},{"taxonomy":"post_tag","embeddable":true,"href":"https:\/\/www.pm.pb.gov.br\/portal\/wp-json\/wp\/v2\/tags?post=917957"}],"curies":[{"name":"wp","href":"https:\/\/api.w.org\/{rel}","templated":true}]}}