{"id":917945,"date":"2023-08-24T16:17:25","date_gmt":"2023-08-24T19:17:25","guid":{"rendered":"https:\/\/www.pm.pb.gov.br\/portal\/?p=917945"},"modified":"2023-08-24T16:17:26","modified_gmt":"2023-08-24T19:17:26","slug":"mais-um-policia-militar-prende-acusado-com-arma-de-fogo-e-drogas-em-cabedelo","status":"publish","type":"post","link":"https:\/\/www.pm.pb.gov.br\/portal\/2023\/08\/24\/mais-um-policia-militar-prende-acusado-com-arma-de-fogo-e-drogas-em-cabedelo\/","title":{"rendered":"MAIS UM: Pol\u00edcia Militar prende acusado com arma de fogo e drogas em Cabedelo"},"content":{"rendered":"\n<p>Mais um acusado envolvido em grupos criminosos que atuam na \u00e1rea de Cabedelo foi preso na tarde desta quinta-feira (24) pela Pol\u00edcia Militar. A a\u00e7\u00e3o resultou ainda na apreens\u00e3o de uma arma de fogo e muni\u00e7\u00f5es.<\/p>\n<p>A pris\u00e3o do acusado, de 23 anos de idade, aconteceu na comunidade conhecida por Talib\u00e3, na regi\u00e3o do Jacar\u00e9. Policiais da 6\u00aa Companhia Independente j\u00e1 estavam em buscas pelo suspeito, que j\u00e1 era apontado por envolvimento em crimes na regi\u00e3o, e encontraram o acusado com um rev\u00f3lver calibre 38, muni\u00e7\u00f5es (foto acima), e mais de 10 por\u00e7\u00f5es de subst\u00e2ncia similar a maconha. Toda a ocorr\u00eancia foi apresentada na 7\u00aa Delegacia Distrital.<\/p>\n<p>O homem preso foi autuado por porte ilegal de arma de fogo e tr\u00e1fico de drogas. De acordo com o comando da 6\u00aa CIPM, a participa\u00e7\u00e3o do acusado em crimes na regi\u00e3o dever\u00e1 ser investigada.<\/p>\n","protected":false},"excerpt":{"rendered":"<p>Mais um acusado envolvido em grupos criminosos que atuam na \u00e1rea de Cabedelo foi preso na tarde desta quinta-feira (24)<\/p>\n","protected":false},"author":12,"featured_media":917946,"comment_status":"closed","ping_status":"closed","sticky":false,"template":"","format":"standard","meta":{"_exactmetrics_skip_tracking":false,"_exactmetrics_sitenote_active":false,"_exactmetrics_sitenote_note":"","_exactmetrics_sitenote_category":0,"footnotes":""},"categories":[4],"tags":[],"yoast_head":"<!-- This site is optimized with the Yoast SEO plugin v22.0 - https:\/\/yoast.com\/wordpress\/plugins\/seo\/ -->\n<title>MAIS UM: Pol\u00edcia Militar prende acusado com arma de fogo e drogas em Cabedelo - Pol\u00edcia Militar da Para\u00edba<\/title>\n<meta name=\"robots\" content=\"index, follow, max-snippet:-1, max-image-preview:large, max-video-preview:-1\" \/>\n<link rel=\"canonical\" href=\"https:\/\/www.pm.pb.gov.br\/portal\/2023\/08\/24\/mais-um-policia-militar-prende-acusado-com-arma-de-fogo-e-drogas-em-cabedelo\/\" \/>\n<meta property=\"og:locale\" content=\"pt_BR\" \/>\n<meta property=\"og:type\" content=\"article\" \/>\n<meta property=\"og:title\" content=\"MAIS UM: Pol\u00edcia Militar prende acusado com arma de fogo e drogas em Cabedelo - Pol\u00edcia Militar da Para\u00edba\" \/>\n<meta property=\"og:description\" content=\"Mais um acusado envolvido em grupos criminosos que atuam na \u00e1rea de Cabedelo foi preso na tarde desta quinta-feira (24)\" \/>\n<meta property=\"og:url\" content=\"https:\/\/www.pm.pb.gov.br\/portal\/2023\/08\/24\/mais-um-policia-militar-prende-acusado-com-arma-de-fogo-e-drogas-em-cabedelo\/\" \/>\n<meta property=\"og:site_name\" content=\"Pol\u00edcia Militar da Para\u00edba\" \/>\n<meta property=\"article:published_time\" content=\"2023-08-24T19:17:25+00:00\" \/>\n<meta property=\"article:modified_time\" content=\"2023-08-24T19:17:26+00:00\" \/>\n<meta property=\"og:image\" content=\"http:\/\/www.pm.pb.gov.br\/portal\/wp-content\/uploads\/2023\/08\/FotoArmaCabedelo2408.jpg\" \/>\n\t<meta property=\"og:image:width\" content=\"800\" \/>\n\t<meta property=\"og:image:height\" content=\"445\" \/>\n\t<meta property=\"og:image:type\" content=\"image\/jpeg\" \/>\n<meta name=\"author\" content=\"Tarcisio Oliveira\" \/>\n<meta name=\"twitter:card\" content=\"summary_large_image\" \/>\n<meta name=\"twitter:label1\" content=\"Escrito por\" \/>\n\t<meta name=\"twitter:data1\" content=\"Tarcisio Oliveira\" \/>\n\t<meta name=\"twitter:label2\" content=\"Est. tempo de leitura\" \/>\n\t<meta name=\"twitter:data2\" content=\"1 minuto\" \/>\n<script type=\"application\/ld+json\" class=\"yoast-schema-graph\">{\"@context\":\"https:\/\/schema.org\",\"@graph\":[{\"@type\":\"Article\",\"@id\":\"https:\/\/www.pm.pb.gov.br\/portal\/2023\/08\/24\/mais-um-policia-militar-prende-acusado-com-arma-de-fogo-e-drogas-em-cabedelo\/#article\",\"isPartOf\":{\"@id\":\"https:\/\/www.pm.pb.gov.br\/portal\/2023\/08\/24\/mais-um-policia-militar-prende-acusado-com-arma-de-fogo-e-drogas-em-cabedelo\/\"},\"author\":{\"name\":\"Tarcisio Oliveira\",\"@id\":\"https:\/\/www.pm.pb.gov.br\/portal\/#\/schema\/person\/f84f56dcc78ce4357054da888b8247fd\"},\"headline\":\"MAIS UM: Pol\u00edcia Militar prende acusado com arma de fogo e drogas em Cabedelo\",\"datePublished\":\"2023-08-24T19:17:25+00:00\",\"dateModified\":\"2023-08-24T19:17:26+00:00\",\"mainEntityOfPage\":{\"@id\":\"https:\/\/www.pm.pb.gov.br\/portal\/2023\/08\/24\/mais-um-policia-militar-prende-acusado-com-arma-de-fogo-e-drogas-em-cabedelo\/\"},\"wordCount\":165,\"publisher\":{\"@id\":\"https:\/\/www.pm.pb.gov.br\/portal\/#organization\"},\"articleSection\":[\"A\u00e7\u00f5es Policiais\"],\"inLanguage\":\"pt-BR\"},{\"@type\":\"WebPage\",\"@id\":\"https:\/\/www.pm.pb.gov.br\/portal\/2023\/08\/24\/mais-um-policia-militar-prende-acusado-com-arma-de-fogo-e-drogas-em-cabedelo\/\",\"url\":\"https:\/\/www.pm.pb.gov.br\/portal\/2023\/08\/24\/mais-um-policia-militar-prende-acusado-com-arma-de-fogo-e-drogas-em-cabedelo\/\",\"name\":\"MAIS UM: Pol\u00edcia Militar prende acusado com arma de fogo e drogas em Cabedelo - Pol\u00edcia Militar da Para\u00edba\",\"isPartOf\":{\"@id\":\"https:\/\/www.pm.pb.gov.br\/portal\/#website\"},\"datePublished\":\"2023-08-24T19:17:25+00:00\",\"dateModified\":\"2023-08-24T19:17:26+00:00\",\"breadcrumb\":{\"@id\":\"https:\/\/www.pm.pb.gov.br\/portal\/2023\/08\/24\/mais-um-policia-militar-prende-acusado-com-arma-de-fogo-e-drogas-em-cabedelo\/#breadcrumb\"},\"inLanguage\":\"pt-BR\",\"potentialAction\":[{\"@type\":\"ReadAction\",\"target\":[\"https:\/\/www.pm.pb.gov.br\/portal\/2023\/08\/24\/mais-um-policia-militar-prende-acusado-com-arma-de-fogo-e-drogas-em-cabedelo\/\"]}]},{\"@type\":\"BreadcrumbList\",\"@id\":\"https:\/\/www.pm.pb.gov.br\/portal\/2023\/08\/24\/mais-um-policia-militar-prende-acusado-com-arma-de-fogo-e-drogas-em-cabedelo\/#breadcrumb\",\"itemListElement\":[{\"@type\":\"ListItem\",\"position\":1,\"name\":\"In\u00edcio\",\"item\":\"https:\/\/www.pm.pb.gov.br\/portal\/\"},{\"@type\":\"ListItem\",\"position\":2,\"name\":\"MAIS UM: Pol\u00edcia Militar prende acusado com arma de fogo e drogas em Cabedelo\"}]},{\"@type\":\"WebSite\",\"@id\":\"https:\/\/www.pm.pb.gov.br\/portal\/#website\",\"url\":\"https:\/\/www.pm.pb.gov.br\/portal\/\",\"name\":\"Pol\u00edcia Militar da Para\u00edba\",\"description\":\"\",\"publisher\":{\"@id\":\"https:\/\/www.pm.pb.gov.br\/portal\/#organization\"},\"potentialAction\":[{\"@type\":\"SearchAction\",\"target\":{\"@type\":\"EntryPoint\",\"urlTemplate\":\"https:\/\/www.pm.pb.gov.br\/portal\/?s={search_term_string}\"},\"query-input\":\"required name=search_term_string\"}],\"inLanguage\":\"pt-BR\"},{\"@type\":\"Organization\",\"@id\":\"https:\/\/www.pm.pb.gov.br\/portal\/#organization\",\"name\":\"Pol\u00edcia Militar da Para\u00edba\",\"url\":\"https:\/\/www.pm.pb.gov.br\/portal\/\",\"logo\":{\"@type\":\"ImageObject\",\"inLanguage\":\"pt-BR\",\"@id\":\"https:\/\/www.pm.pb.gov.br\/portal\/#\/schema\/logo\/image\/\",\"url\":\"https:\/\/www.pm.pb.gov.br\/portal\/wp-content\/uploads\/2025\/03\/cropped-logo-site-mag2-1.png\",\"contentUrl\":\"https:\/\/www.pm.pb.gov.br\/portal\/wp-content\/uploads\/2025\/03\/cropped-logo-site-mag2-1.png\",\"width\":320,\"height\":90,\"caption\":\"Pol\u00edcia Militar da Para\u00edba\"},\"image\":{\"@id\":\"https:\/\/www.pm.pb.gov.br\/portal\/#\/schema\/logo\/image\/\"}},{\"@type\":\"Person\",\"@id\":\"https:\/\/www.pm.pb.gov.br\/portal\/#\/schema\/person\/f84f56dcc78ce4357054da888b8247fd\",\"name\":\"Tarcisio Oliveira\",\"image\":{\"@type\":\"ImageObject\",\"inLanguage\":\"pt-BR\",\"@id\":\"https:\/\/www.pm.pb.gov.br\/portal\/#\/schema\/person\/image\/\",\"url\":\"https:\/\/secure.gravatar.com\/avatar\/72917b630b69d31cd0297507f34bac97?s=96&d=mm&r=g\",\"contentUrl\":\"https:\/\/secure.gravatar.com\/avatar\/72917b630b69d31cd0297507f34bac97?s=96&d=mm&r=g\",\"caption\":\"Tarcisio Oliveira\"},\"url\":\"https:\/\/www.pm.pb.gov.br\/portal\/author\/tarcisio\/\"}]}<\/script>\n<!-- \/ Yoast SEO plugin. -->","yoast_head_json":{"title":"MAIS UM: Pol\u00edcia Militar prende acusado com arma de fogo e drogas em Cabedelo - Pol\u00edcia Militar da Para\u00edba","robots":{"index":"index","follow":"follow","max-snippet":"max-snippet:-1","max-image-preview":"max-image-preview:large","max-video-preview":"max-video-preview:-1"},"canonical":"https:\/\/www.pm.pb.gov.br\/portal\/2023\/08\/24\/mais-um-policia-militar-prende-acusado-com-arma-de-fogo-e-drogas-em-cabedelo\/","og_locale":"pt_BR","og_type":"article","og_title":"MAIS UM: Pol\u00edcia Militar prende acusado com arma de fogo e drogas em Cabedelo - Pol\u00edcia Militar da Para\u00edba","og_description":"Mais um acusado envolvido em grupos criminosos que atuam na \u00e1rea de Cabedelo foi preso na tarde desta quinta-feira (24)","og_url":"https:\/\/www.pm.pb.gov.br\/portal\/2023\/08\/24\/mais-um-policia-militar-prende-acusado-com-arma-de-fogo-e-drogas-em-cabedelo\/","og_site_name":"Pol\u00edcia Militar da Para\u00edba","article_published_time":"2023-08-24T19:17:25+00:00","article_modified_time":"2023-08-24T19:17:26+00:00","og_image":[{"width":800,"height":445,"url":"http:\/\/www.pm.pb.gov.br\/portal\/wp-content\/uploads\/2023\/08\/FotoArmaCabedelo2408.jpg","type":"image\/jpeg"}],"author":"Tarcisio Oliveira","twitter_card":"summary_large_image","twitter_misc":{"Escrito por":"Tarcisio Oliveira","Est. tempo de leitura":"1 minuto"},"schema":{"@context":"https:\/\/schema.org","@graph":[{"@type":"Article","@id":"https:\/\/www.pm.pb.gov.br\/portal\/2023\/08\/24\/mais-um-policia-militar-prende-acusado-com-arma-de-fogo-e-drogas-em-cabedelo\/#article","isPartOf":{"@id":"https:\/\/www.pm.pb.gov.br\/portal\/2023\/08\/24\/mais-um-policia-militar-prende-acusado-com-arma-de-fogo-e-drogas-em-cabedelo\/"},"author":{"name":"Tarcisio Oliveira","@id":"https:\/\/www.pm.pb.gov.br\/portal\/#\/schema\/person\/f84f56dcc78ce4357054da888b8247fd"},"headline":"MAIS UM: Pol\u00edcia Militar prende acusado com arma de fogo e drogas em Cabedelo","datePublished":"2023-08-24T19:17:25+00:00","dateModified":"2023-08-24T19:17:26+00:00","mainEntityOfPage":{"@id":"https:\/\/www.pm.pb.gov.br\/portal\/2023\/08\/24\/mais-um-policia-militar-prende-acusado-com-arma-de-fogo-e-drogas-em-cabedelo\/"},"wordCount":165,"publisher":{"@id":"https:\/\/www.pm.pb.gov.br\/portal\/#organization"},"articleSection":["A\u00e7\u00f5es Policiais"],"inLanguage":"pt-BR"},{"@type":"WebPage","@id":"https:\/\/www.pm.pb.gov.br\/portal\/2023\/08\/24\/mais-um-policia-militar-prende-acusado-com-arma-de-fogo-e-drogas-em-cabedelo\/","url":"https:\/\/www.pm.pb.gov.br\/portal\/2023\/08\/24\/mais-um-policia-militar-prende-acusado-com-arma-de-fogo-e-drogas-em-cabedelo\/","name":"MAIS UM: Pol\u00edcia Militar prende acusado com arma de fogo e drogas em Cabedelo - Pol\u00edcia Militar da Para\u00edba","isPartOf":{"@id":"https:\/\/www.pm.pb.gov.br\/portal\/#website"},"datePublished":"2023-08-24T19:17:25+00:00","dateModified":"2023-08-24T19:17:26+00:00","breadcrumb":{"@id":"https:\/\/www.pm.pb.gov.br\/portal\/2023\/08\/24\/mais-um-policia-militar-prende-acusado-com-arma-de-fogo-e-drogas-em-cabedelo\/#breadcrumb"},"inLanguage":"pt-BR","potentialAction":[{"@type":"ReadAction","target":["https:\/\/www.pm.pb.gov.br\/portal\/2023\/08\/24\/mais-um-policia-militar-prende-acusado-com-arma-de-fogo-e-drogas-em-cabedelo\/"]}]},{"@type":"BreadcrumbList","@id":"https:\/\/www.pm.pb.gov.br\/portal\/2023\/08\/24\/mais-um-policia-militar-prende-acusado-com-arma-de-fogo-e-drogas-em-cabedelo\/#breadcrumb","itemListElement":[{"@type":"ListItem","position":1,"name":"In\u00edcio","item":"https:\/\/www.pm.pb.gov.br\/portal\/"},{"@type":"ListItem","position":2,"name":"MAIS UM: Pol\u00edcia Militar prende acusado com arma de fogo e drogas em Cabedelo"}]},{"@type":"WebSite","@id":"https:\/\/www.pm.pb.gov.br\/portal\/#website","url":"https:\/\/www.pm.pb.gov.br\/portal\/","name":"Pol\u00edcia Militar da Para\u00edba","description":"","publisher":{"@id":"https:\/\/www.pm.pb.gov.br\/portal\/#organization"},"potentialAction":[{"@type":"SearchAction","target":{"@type":"EntryPoint","urlTemplate":"https:\/\/www.pm.pb.gov.br\/portal\/?s={search_term_string}"},"query-input":"required name=search_term_string"}],"inLanguage":"pt-BR"},{"@type":"Organization","@id":"https:\/\/www.pm.pb.gov.br\/portal\/#organization","name":"Pol\u00edcia Militar da Para\u00edba","url":"https:\/\/www.pm.pb.gov.br\/portal\/","logo":{"@type":"ImageObject","inLanguage":"pt-BR","@id":"https:\/\/www.pm.pb.gov.br\/portal\/#\/schema\/logo\/image\/","url":"https:\/\/www.pm.pb.gov.br\/portal\/wp-content\/uploads\/2025\/03\/cropped-logo-site-mag2-1.png","contentUrl":"https:\/\/www.pm.pb.gov.br\/portal\/wp-content\/uploads\/2025\/03\/cropped-logo-site-mag2-1.png","width":320,"height":90,"caption":"Pol\u00edcia Militar da Para\u00edba"},"image":{"@id":"https:\/\/www.pm.pb.gov.br\/portal\/#\/schema\/logo\/image\/"}},{"@type":"Person","@id":"https:\/\/www.pm.pb.gov.br\/portal\/#\/schema\/person\/f84f56dcc78ce4357054da888b8247fd","name":"Tarcisio Oliveira","image":{"@type":"ImageObject","inLanguage":"pt-BR","@id":"https:\/\/www.pm.pb.gov.br\/portal\/#\/schema\/person\/image\/","url":"https:\/\/secure.gravatar.com\/avatar\/72917b630b69d31cd0297507f34bac97?s=96&d=mm&r=g","contentUrl":"https:\/\/secure.gravatar.com\/avatar\/72917b630b69d31cd0297507f34bac97?s=96&d=mm&r=g","caption":"Tarcisio Oliveira"},"url":"https:\/\/www.pm.pb.gov.br\/portal\/author\/tarcisio\/"}]}},"_links":{"self":[{"href":"https:\/\/www.pm.pb.gov.br\/portal\/wp-json\/wp\/v2\/posts\/917945"}],"collection":[{"href":"https:\/\/www.pm.pb.gov.br\/portal\/wp-json\/wp\/v2\/posts"}],"about":[{"href":"https:\/\/www.pm.pb.gov.br\/portal\/wp-json\/wp\/v2\/types\/post"}],"author":[{"embeddable":true,"href":"https:\/\/www.pm.pb.gov.br\/portal\/wp-json\/wp\/v2\/users\/12"}],"replies":[{"embeddable":true,"href":"https:\/\/www.pm.pb.gov.br\/portal\/wp-json\/wp\/v2\/comments?post=917945"}],"version-history":[{"count":1,"href":"https:\/\/www.pm.pb.gov.br\/portal\/wp-json\/wp\/v2\/posts\/917945\/revisions"}],"predecessor-version":[{"id":917947,"href":"https:\/\/www.pm.pb.gov.br\/portal\/wp-json\/wp\/v2\/posts\/917945\/revisions\/917947"}],"wp:featuredmedia":[{"embeddable":true,"href":"https:\/\/www.pm.pb.gov.br\/portal\/wp-json\/wp\/v2\/media\/917946"}],"wp:attachment":[{"href":"https:\/\/www.pm.pb.gov.br\/portal\/wp-json\/wp\/v2\/media?parent=917945"}],"wp:term":[{"taxonomy":"category","embeddable":true,"href":"https:\/\/www.pm.pb.gov.br\/portal\/wp-json\/wp\/v2\/categories?post=917945"},{"taxonomy":"post_tag","embeddable":true,"href":"https:\/\/www.pm.pb.gov.br\/portal\/wp-json\/wp\/v2\/tags?post=917945"}],"curies":[{"name":"wp","href":"https:\/\/api.w.org\/{rel}","templated":true}]}}