{"id":917926,"date":"2023-08-23T07:46:00","date_gmt":"2023-08-23T10:46:00","guid":{"rendered":"https:\/\/www.pm.pb.gov.br\/portal\/?p=917926"},"modified":"2023-08-24T01:01:09","modified_gmt":"2023-08-24T04:01:09","slug":"em-bayeux-policia-militar-apreende-arma-de-fogo-e-adolescente-em-ponto-de-trafico","status":"publish","type":"post","link":"https:\/\/www.pm.pb.gov.br\/portal\/2023\/08\/23\/em-bayeux-policia-militar-apreende-arma-de-fogo-e-adolescente-em-ponto-de-trafico\/","title":{"rendered":"EM BAYEUX: Pol\u00edcia Militar apreende arma de fogo e adolescente em ponto de tr\u00e1fico"},"content":{"rendered":"\n<p>A intensifica\u00e7\u00e3o das a\u00e7\u00f5es preventivas da Pol\u00edcia Militar em Bayeux e regi\u00e3o levou a apreens\u00e3o de uma nova arma de fogo, na madrugada desta ter\u00e7a-feira (23), no bairro Bras\u00edlia. A a\u00e7\u00e3o resultou ainda na apreens\u00e3o de uma adolescente, muni\u00e7\u00f5es e por\u00e7\u00f5es de drogas (foto acima ilustrativa).<\/p>\n<p>A apreens\u00e3o foi realizada pelos policiais da 4\u00aa Companhia Independente, que flagraram um grupo de suspeitos que fugiu, abandonando uma bolsa com um rev\u00f3lver calibre 38, quatro muni\u00e7\u00f5es, 13 por\u00e7\u00f5es de maconha. De acordo com a unidade, uma adolescente que estava com o grupo foi detida pelos policiais.<\/p>\n<p><img loading=\"lazy\" decoding=\"async\" class=\"size-medium wp-image-917927 aligncenter\" src=\"http:\/\/www.pm.pb.gov.br\/portal\/wp-content\/uploads\/2023\/08\/WhatsApp-Image-2023-08-23-at-16.10.45-334x445.jpeg\" alt=\"\" width=\"334\" height=\"445\" srcset=\"https:\/\/www.pm.pb.gov.br\/portal\/wp-content\/uploads\/2023\/08\/WhatsApp-Image-2023-08-23-at-16.10.45-334x445.jpeg 334w, https:\/\/www.pm.pb.gov.br\/portal\/wp-content\/uploads\/2023\/08\/WhatsApp-Image-2023-08-23-at-16.10.45-428x570.jpeg 428w, https:\/\/www.pm.pb.gov.br\/portal\/wp-content\/uploads\/2023\/08\/WhatsApp-Image-2023-08-23-at-16.10.45-768x1024.jpeg 768w, https:\/\/www.pm.pb.gov.br\/portal\/wp-content\/uploads\/2023\/08\/WhatsApp-Image-2023-08-23-at-16.10.45-1152x1536.jpeg 1152w, https:\/\/www.pm.pb.gov.br\/portal\/wp-content\/uploads\/2023\/08\/WhatsApp-Image-2023-08-23-at-16.10.45.jpeg 1200w\" sizes=\"(max-width: 334px) 100vw, 334px\" \/><\/p>\n<p>Toda a ocorr\u00eancia foi apresentada na 6\u00aa Delegacia Distrital para os procedimentos cab\u00edveis.<\/p>\n\n\n","protected":false},"excerpt":{"rendered":"<p>A intensifica\u00e7\u00e3o das a\u00e7\u00f5es preventivas da Pol\u00edcia Militar em Bayeux e regi\u00e3o levou a apreens\u00e3o de uma nova arma de<\/p>\n","protected":false},"author":12,"featured_media":905134,"comment_status":"closed","ping_status":"closed","sticky":false,"template":"","format":"standard","meta":{"_exactmetrics_skip_tracking":false,"_exactmetrics_sitenote_active":false,"_exactmetrics_sitenote_note":"","_exactmetrics_sitenote_category":0,"footnotes":""},"categories":[4],"tags":[],"yoast_head":"<!-- This site is optimized with the Yoast SEO plugin v22.0 - https:\/\/yoast.com\/wordpress\/plugins\/seo\/ -->\n<title>EM BAYEUX: Pol\u00edcia Militar apreende arma de fogo e adolescente em ponto de tr\u00e1fico - Pol\u00edcia Militar da Para\u00edba<\/title>\n<meta name=\"robots\" content=\"index, follow, max-snippet:-1, max-image-preview:large, max-video-preview:-1\" \/>\n<link rel=\"canonical\" href=\"https:\/\/www.pm.pb.gov.br\/portal\/2023\/08\/23\/em-bayeux-policia-militar-apreende-arma-de-fogo-e-adolescente-em-ponto-de-trafico\/\" \/>\n<meta property=\"og:locale\" content=\"pt_BR\" \/>\n<meta property=\"og:type\" content=\"article\" \/>\n<meta property=\"og:title\" content=\"EM BAYEUX: Pol\u00edcia Militar apreende arma de fogo e adolescente em ponto de tr\u00e1fico - Pol\u00edcia Militar da Para\u00edba\" \/>\n<meta property=\"og:description\" content=\"A intensifica\u00e7\u00e3o das a\u00e7\u00f5es preventivas da Pol\u00edcia Militar em Bayeux e regi\u00e3o levou a apreens\u00e3o de uma nova arma de\" \/>\n<meta property=\"og:url\" content=\"https:\/\/www.pm.pb.gov.br\/portal\/2023\/08\/23\/em-bayeux-policia-militar-apreende-arma-de-fogo-e-adolescente-em-ponto-de-trafico\/\" \/>\n<meta property=\"og:site_name\" content=\"Pol\u00edcia Militar da Para\u00edba\" \/>\n<meta property=\"article:published_time\" content=\"2023-08-23T10:46:00+00:00\" \/>\n<meta property=\"article:modified_time\" content=\"2023-08-24T04:01:09+00:00\" \/>\n<meta property=\"og:image\" content=\"http:\/\/www.pm.pb.gov.br\/portal\/wp-content\/uploads\/2020\/05\/bayeux.jpeg\" \/>\n\t<meta property=\"og:image:width\" content=\"800\" \/>\n\t<meta property=\"og:image:height\" content=\"445\" \/>\n\t<meta property=\"og:image:type\" content=\"image\/jpeg\" \/>\n<meta name=\"author\" content=\"Tarcisio Oliveira\" \/>\n<meta name=\"twitter:card\" content=\"summary_large_image\" \/>\n<meta name=\"twitter:label1\" content=\"Escrito por\" \/>\n\t<meta name=\"twitter:data1\" content=\"Tarcisio Oliveira\" \/>\n\t<meta name=\"twitter:label2\" content=\"Est. tempo de leitura\" \/>\n\t<meta name=\"twitter:data2\" content=\"1 minuto\" \/>\n<script type=\"application\/ld+json\" class=\"yoast-schema-graph\">{\"@context\":\"https:\/\/schema.org\",\"@graph\":[{\"@type\":\"Article\",\"@id\":\"https:\/\/www.pm.pb.gov.br\/portal\/2023\/08\/23\/em-bayeux-policia-militar-apreende-arma-de-fogo-e-adolescente-em-ponto-de-trafico\/#article\",\"isPartOf\":{\"@id\":\"https:\/\/www.pm.pb.gov.br\/portal\/2023\/08\/23\/em-bayeux-policia-militar-apreende-arma-de-fogo-e-adolescente-em-ponto-de-trafico\/\"},\"author\":{\"name\":\"Tarcisio Oliveira\",\"@id\":\"https:\/\/www.pm.pb.gov.br\/portal\/#\/schema\/person\/f84f56dcc78ce4357054da888b8247fd\"},\"headline\":\"EM BAYEUX: Pol\u00edcia Militar apreende arma de fogo e adolescente em ponto de tr\u00e1fico\",\"datePublished\":\"2023-08-23T10:46:00+00:00\",\"dateModified\":\"2023-08-24T04:01:09+00:00\",\"mainEntityOfPage\":{\"@id\":\"https:\/\/www.pm.pb.gov.br\/portal\/2023\/08\/23\/em-bayeux-policia-militar-apreende-arma-de-fogo-e-adolescente-em-ponto-de-trafico\/\"},\"wordCount\":135,\"publisher\":{\"@id\":\"https:\/\/www.pm.pb.gov.br\/portal\/#organization\"},\"articleSection\":[\"A\u00e7\u00f5es Policiais\"],\"inLanguage\":\"pt-BR\"},{\"@type\":\"WebPage\",\"@id\":\"https:\/\/www.pm.pb.gov.br\/portal\/2023\/08\/23\/em-bayeux-policia-militar-apreende-arma-de-fogo-e-adolescente-em-ponto-de-trafico\/\",\"url\":\"https:\/\/www.pm.pb.gov.br\/portal\/2023\/08\/23\/em-bayeux-policia-militar-apreende-arma-de-fogo-e-adolescente-em-ponto-de-trafico\/\",\"name\":\"EM BAYEUX: Pol\u00edcia Militar apreende arma de fogo e adolescente em ponto de tr\u00e1fico - Pol\u00edcia Militar da Para\u00edba\",\"isPartOf\":{\"@id\":\"https:\/\/www.pm.pb.gov.br\/portal\/#website\"},\"datePublished\":\"2023-08-23T10:46:00+00:00\",\"dateModified\":\"2023-08-24T04:01:09+00:00\",\"breadcrumb\":{\"@id\":\"https:\/\/www.pm.pb.gov.br\/portal\/2023\/08\/23\/em-bayeux-policia-militar-apreende-arma-de-fogo-e-adolescente-em-ponto-de-trafico\/#breadcrumb\"},\"inLanguage\":\"pt-BR\",\"potentialAction\":[{\"@type\":\"ReadAction\",\"target\":[\"https:\/\/www.pm.pb.gov.br\/portal\/2023\/08\/23\/em-bayeux-policia-militar-apreende-arma-de-fogo-e-adolescente-em-ponto-de-trafico\/\"]}]},{\"@type\":\"BreadcrumbList\",\"@id\":\"https:\/\/www.pm.pb.gov.br\/portal\/2023\/08\/23\/em-bayeux-policia-militar-apreende-arma-de-fogo-e-adolescente-em-ponto-de-trafico\/#breadcrumb\",\"itemListElement\":[{\"@type\":\"ListItem\",\"position\":1,\"name\":\"In\u00edcio\",\"item\":\"https:\/\/www.pm.pb.gov.br\/portal\/\"},{\"@type\":\"ListItem\",\"position\":2,\"name\":\"EM BAYEUX: Pol\u00edcia Militar apreende arma de fogo e adolescente em ponto de tr\u00e1fico\"}]},{\"@type\":\"WebSite\",\"@id\":\"https:\/\/www.pm.pb.gov.br\/portal\/#website\",\"url\":\"https:\/\/www.pm.pb.gov.br\/portal\/\",\"name\":\"Pol\u00edcia Militar da Para\u00edba\",\"description\":\"\",\"publisher\":{\"@id\":\"https:\/\/www.pm.pb.gov.br\/portal\/#organization\"},\"potentialAction\":[{\"@type\":\"SearchAction\",\"target\":{\"@type\":\"EntryPoint\",\"urlTemplate\":\"https:\/\/www.pm.pb.gov.br\/portal\/?s={search_term_string}\"},\"query-input\":\"required name=search_term_string\"}],\"inLanguage\":\"pt-BR\"},{\"@type\":\"Organization\",\"@id\":\"https:\/\/www.pm.pb.gov.br\/portal\/#organization\",\"name\":\"Pol\u00edcia Militar da Para\u00edba\",\"url\":\"https:\/\/www.pm.pb.gov.br\/portal\/\",\"logo\":{\"@type\":\"ImageObject\",\"inLanguage\":\"pt-BR\",\"@id\":\"https:\/\/www.pm.pb.gov.br\/portal\/#\/schema\/logo\/image\/\",\"url\":\"https:\/\/www.pm.pb.gov.br\/portal\/wp-content\/uploads\/2025\/03\/cropped-logo-site-mag2-1.png\",\"contentUrl\":\"https:\/\/www.pm.pb.gov.br\/portal\/wp-content\/uploads\/2025\/03\/cropped-logo-site-mag2-1.png\",\"width\":320,\"height\":90,\"caption\":\"Pol\u00edcia Militar da Para\u00edba\"},\"image\":{\"@id\":\"https:\/\/www.pm.pb.gov.br\/portal\/#\/schema\/logo\/image\/\"}},{\"@type\":\"Person\",\"@id\":\"https:\/\/www.pm.pb.gov.br\/portal\/#\/schema\/person\/f84f56dcc78ce4357054da888b8247fd\",\"name\":\"Tarcisio Oliveira\",\"image\":{\"@type\":\"ImageObject\",\"inLanguage\":\"pt-BR\",\"@id\":\"https:\/\/www.pm.pb.gov.br\/portal\/#\/schema\/person\/image\/\",\"url\":\"https:\/\/secure.gravatar.com\/avatar\/72917b630b69d31cd0297507f34bac97?s=96&d=mm&r=g\",\"contentUrl\":\"https:\/\/secure.gravatar.com\/avatar\/72917b630b69d31cd0297507f34bac97?s=96&d=mm&r=g\",\"caption\":\"Tarcisio Oliveira\"},\"url\":\"https:\/\/www.pm.pb.gov.br\/portal\/author\/tarcisio\/\"}]}<\/script>\n<!-- \/ Yoast SEO plugin. -->","yoast_head_json":{"title":"EM BAYEUX: Pol\u00edcia Militar apreende arma de fogo e adolescente em ponto de tr\u00e1fico - Pol\u00edcia Militar da Para\u00edba","robots":{"index":"index","follow":"follow","max-snippet":"max-snippet:-1","max-image-preview":"max-image-preview:large","max-video-preview":"max-video-preview:-1"},"canonical":"https:\/\/www.pm.pb.gov.br\/portal\/2023\/08\/23\/em-bayeux-policia-militar-apreende-arma-de-fogo-e-adolescente-em-ponto-de-trafico\/","og_locale":"pt_BR","og_type":"article","og_title":"EM BAYEUX: Pol\u00edcia Militar apreende arma de fogo e adolescente em ponto de tr\u00e1fico - Pol\u00edcia Militar da Para\u00edba","og_description":"A intensifica\u00e7\u00e3o das a\u00e7\u00f5es preventivas da Pol\u00edcia Militar em Bayeux e regi\u00e3o levou a apreens\u00e3o de uma nova arma de","og_url":"https:\/\/www.pm.pb.gov.br\/portal\/2023\/08\/23\/em-bayeux-policia-militar-apreende-arma-de-fogo-e-adolescente-em-ponto-de-trafico\/","og_site_name":"Pol\u00edcia Militar da Para\u00edba","article_published_time":"2023-08-23T10:46:00+00:00","article_modified_time":"2023-08-24T04:01:09+00:00","og_image":[{"width":800,"height":445,"url":"http:\/\/www.pm.pb.gov.br\/portal\/wp-content\/uploads\/2020\/05\/bayeux.jpeg","type":"image\/jpeg"}],"author":"Tarcisio Oliveira","twitter_card":"summary_large_image","twitter_misc":{"Escrito por":"Tarcisio Oliveira","Est. tempo de leitura":"1 minuto"},"schema":{"@context":"https:\/\/schema.org","@graph":[{"@type":"Article","@id":"https:\/\/www.pm.pb.gov.br\/portal\/2023\/08\/23\/em-bayeux-policia-militar-apreende-arma-de-fogo-e-adolescente-em-ponto-de-trafico\/#article","isPartOf":{"@id":"https:\/\/www.pm.pb.gov.br\/portal\/2023\/08\/23\/em-bayeux-policia-militar-apreende-arma-de-fogo-e-adolescente-em-ponto-de-trafico\/"},"author":{"name":"Tarcisio Oliveira","@id":"https:\/\/www.pm.pb.gov.br\/portal\/#\/schema\/person\/f84f56dcc78ce4357054da888b8247fd"},"headline":"EM BAYEUX: Pol\u00edcia Militar apreende arma de fogo e adolescente em ponto de tr\u00e1fico","datePublished":"2023-08-23T10:46:00+00:00","dateModified":"2023-08-24T04:01:09+00:00","mainEntityOfPage":{"@id":"https:\/\/www.pm.pb.gov.br\/portal\/2023\/08\/23\/em-bayeux-policia-militar-apreende-arma-de-fogo-e-adolescente-em-ponto-de-trafico\/"},"wordCount":135,"publisher":{"@id":"https:\/\/www.pm.pb.gov.br\/portal\/#organization"},"articleSection":["A\u00e7\u00f5es Policiais"],"inLanguage":"pt-BR"},{"@type":"WebPage","@id":"https:\/\/www.pm.pb.gov.br\/portal\/2023\/08\/23\/em-bayeux-policia-militar-apreende-arma-de-fogo-e-adolescente-em-ponto-de-trafico\/","url":"https:\/\/www.pm.pb.gov.br\/portal\/2023\/08\/23\/em-bayeux-policia-militar-apreende-arma-de-fogo-e-adolescente-em-ponto-de-trafico\/","name":"EM BAYEUX: Pol\u00edcia Militar apreende arma de fogo e adolescente em ponto de tr\u00e1fico - Pol\u00edcia Militar da Para\u00edba","isPartOf":{"@id":"https:\/\/www.pm.pb.gov.br\/portal\/#website"},"datePublished":"2023-08-23T10:46:00+00:00","dateModified":"2023-08-24T04:01:09+00:00","breadcrumb":{"@id":"https:\/\/www.pm.pb.gov.br\/portal\/2023\/08\/23\/em-bayeux-policia-militar-apreende-arma-de-fogo-e-adolescente-em-ponto-de-trafico\/#breadcrumb"},"inLanguage":"pt-BR","potentialAction":[{"@type":"ReadAction","target":["https:\/\/www.pm.pb.gov.br\/portal\/2023\/08\/23\/em-bayeux-policia-militar-apreende-arma-de-fogo-e-adolescente-em-ponto-de-trafico\/"]}]},{"@type":"BreadcrumbList","@id":"https:\/\/www.pm.pb.gov.br\/portal\/2023\/08\/23\/em-bayeux-policia-militar-apreende-arma-de-fogo-e-adolescente-em-ponto-de-trafico\/#breadcrumb","itemListElement":[{"@type":"ListItem","position":1,"name":"In\u00edcio","item":"https:\/\/www.pm.pb.gov.br\/portal\/"},{"@type":"ListItem","position":2,"name":"EM BAYEUX: Pol\u00edcia Militar apreende arma de fogo e adolescente em ponto de tr\u00e1fico"}]},{"@type":"WebSite","@id":"https:\/\/www.pm.pb.gov.br\/portal\/#website","url":"https:\/\/www.pm.pb.gov.br\/portal\/","name":"Pol\u00edcia Militar da Para\u00edba","description":"","publisher":{"@id":"https:\/\/www.pm.pb.gov.br\/portal\/#organization"},"potentialAction":[{"@type":"SearchAction","target":{"@type":"EntryPoint","urlTemplate":"https:\/\/www.pm.pb.gov.br\/portal\/?s={search_term_string}"},"query-input":"required name=search_term_string"}],"inLanguage":"pt-BR"},{"@type":"Organization","@id":"https:\/\/www.pm.pb.gov.br\/portal\/#organization","name":"Pol\u00edcia Militar da Para\u00edba","url":"https:\/\/www.pm.pb.gov.br\/portal\/","logo":{"@type":"ImageObject","inLanguage":"pt-BR","@id":"https:\/\/www.pm.pb.gov.br\/portal\/#\/schema\/logo\/image\/","url":"https:\/\/www.pm.pb.gov.br\/portal\/wp-content\/uploads\/2025\/03\/cropped-logo-site-mag2-1.png","contentUrl":"https:\/\/www.pm.pb.gov.br\/portal\/wp-content\/uploads\/2025\/03\/cropped-logo-site-mag2-1.png","width":320,"height":90,"caption":"Pol\u00edcia Militar da Para\u00edba"},"image":{"@id":"https:\/\/www.pm.pb.gov.br\/portal\/#\/schema\/logo\/image\/"}},{"@type":"Person","@id":"https:\/\/www.pm.pb.gov.br\/portal\/#\/schema\/person\/f84f56dcc78ce4357054da888b8247fd","name":"Tarcisio Oliveira","image":{"@type":"ImageObject","inLanguage":"pt-BR","@id":"https:\/\/www.pm.pb.gov.br\/portal\/#\/schema\/person\/image\/","url":"https:\/\/secure.gravatar.com\/avatar\/72917b630b69d31cd0297507f34bac97?s=96&d=mm&r=g","contentUrl":"https:\/\/secure.gravatar.com\/avatar\/72917b630b69d31cd0297507f34bac97?s=96&d=mm&r=g","caption":"Tarcisio Oliveira"},"url":"https:\/\/www.pm.pb.gov.br\/portal\/author\/tarcisio\/"}]}},"_links":{"self":[{"href":"https:\/\/www.pm.pb.gov.br\/portal\/wp-json\/wp\/v2\/posts\/917926"}],"collection":[{"href":"https:\/\/www.pm.pb.gov.br\/portal\/wp-json\/wp\/v2\/posts"}],"about":[{"href":"https:\/\/www.pm.pb.gov.br\/portal\/wp-json\/wp\/v2\/types\/post"}],"author":[{"embeddable":true,"href":"https:\/\/www.pm.pb.gov.br\/portal\/wp-json\/wp\/v2\/users\/12"}],"replies":[{"embeddable":true,"href":"https:\/\/www.pm.pb.gov.br\/portal\/wp-json\/wp\/v2\/comments?post=917926"}],"version-history":[{"count":1,"href":"https:\/\/www.pm.pb.gov.br\/portal\/wp-json\/wp\/v2\/posts\/917926\/revisions"}],"predecessor-version":[{"id":917928,"href":"https:\/\/www.pm.pb.gov.br\/portal\/wp-json\/wp\/v2\/posts\/917926\/revisions\/917928"}],"wp:featuredmedia":[{"embeddable":true,"href":"https:\/\/www.pm.pb.gov.br\/portal\/wp-json\/wp\/v2\/media\/905134"}],"wp:attachment":[{"href":"https:\/\/www.pm.pb.gov.br\/portal\/wp-json\/wp\/v2\/media?parent=917926"}],"wp:term":[{"taxonomy":"category","embeddable":true,"href":"https:\/\/www.pm.pb.gov.br\/portal\/wp-json\/wp\/v2\/categories?post=917926"},{"taxonomy":"post_tag","embeddable":true,"href":"https:\/\/www.pm.pb.gov.br\/portal\/wp-json\/wp\/v2\/tags?post=917926"}],"curies":[{"name":"wp","href":"https:\/\/api.w.org\/{rel}","templated":true}]}}