{"id":917899,"date":"2023-08-21T19:23:00","date_gmt":"2023-08-21T22:23:00","guid":{"rendered":"https:\/\/www.pm.pb.gov.br\/portal\/?p=917899"},"modified":"2023-08-22T14:27:08","modified_gmt":"2023-08-22T17:27:08","slug":"litoral-sul-policia-militar-apreende-mais-duas-armas-de-fogo-na-paraiba","status":"publish","type":"post","link":"https:\/\/www.pm.pb.gov.br\/portal\/2023\/08\/21\/litoral-sul-policia-militar-apreende-mais-duas-armas-de-fogo-na-paraiba\/","title":{"rendered":"LITORAL SUL: Pol\u00edcia Militar apreende mais duas armas de fogo na Para\u00edba"},"content":{"rendered":"\n<p>A Pol\u00edcia Militar segue com refor\u00e7o de combate \u00e0 criminalidade na grande Jo\u00e3o Pessoa e apreendeu, na noite da segunda-feira (21), mais duas armas de fogo com um homem de 27 anos de idade. A a\u00e7\u00e3o aconteceu em Cupissura, distrito de Caapor\u00e3, no litoral sul da Para\u00edba (foto acima ilustrativa).<\/p>\n<p>Dois rev\u00f3lveres, de calibres 32 e 38, al\u00e9m de muni\u00e7\u00f5es, foram apreendidos com um homem abordado em um ve\u00edculo, durante a\u00e7\u00f5es preventivas da For\u00e7a T\u00e1tica da 1\u00aa Companhia Independente. A ocorr\u00eancia foi encaminhada para delegacia para os procedimentos cab\u00edveis (foto abaixo).<\/p>\n<p><img loading=\"lazy\" decoding=\"async\" class=\" wp-image-917900 aligncenter\" src=\"http:\/\/www.pm.pb.gov.br\/portal\/wp-content\/uploads\/2023\/08\/WhatsApp-Image-2023-08-22-at-10.18.48-334x445.jpeg\" alt=\"\" width=\"294\" height=\"392\" srcset=\"https:\/\/www.pm.pb.gov.br\/portal\/wp-content\/uploads\/2023\/08\/WhatsApp-Image-2023-08-22-at-10.18.48-334x445.jpeg 334w, https:\/\/www.pm.pb.gov.br\/portal\/wp-content\/uploads\/2023\/08\/WhatsApp-Image-2023-08-22-at-10.18.48-428x570.jpeg 428w, https:\/\/www.pm.pb.gov.br\/portal\/wp-content\/uploads\/2023\/08\/WhatsApp-Image-2023-08-22-at-10.18.48-768x1024.jpeg 768w, https:\/\/www.pm.pb.gov.br\/portal\/wp-content\/uploads\/2023\/08\/WhatsApp-Image-2023-08-22-at-10.18.48-1152x1536.jpeg 1152w, https:\/\/www.pm.pb.gov.br\/portal\/wp-content\/uploads\/2023\/08\/WhatsApp-Image-2023-08-22-at-10.18.48.jpeg 1200w\" sizes=\"(max-width: 294px) 100vw, 294px\" \/><\/p>\n<p><strong>N\u00fameros \u2013<\/strong> Com esta apreens\u00e3o, sobem para dez as armas apreendidas na grande Jo\u00e3o Pessoa e regi\u00e3o nesta tarde e noite de segunda-feira. Tr\u00eas armas, entre um fuzil, pistola e rev\u00f3lver foram apreendidas na comunidade Saturnino de Brito, na capital, levando a dois criminosos presos.<\/p>\n<p>Outras tr\u00eas armas, sendo duas espingardas e uma pistola, foram apreendidas em Bayeux, resultando em dois presos. J\u00e1 em Sap\u00e9, uma pistola e um rev\u00f3lver foi apreendido com uma dupla abordada em um ve\u00edculo pela PM. \u00a0<\/p>\n\n\n","protected":false},"excerpt":{"rendered":"<p>A Pol\u00edcia Militar segue com refor\u00e7o de combate \u00e0 criminalidade na grande Jo\u00e3o Pessoa e apreendeu, na noite da segunda-feira<\/p>\n","protected":false},"author":12,"featured_media":912944,"comment_status":"closed","ping_status":"closed","sticky":false,"template":"","format":"standard","meta":{"_exactmetrics_skip_tracking":false,"_exactmetrics_sitenote_active":false,"_exactmetrics_sitenote_note":"","_exactmetrics_sitenote_category":0,"footnotes":""},"categories":[4],"tags":[],"yoast_head":"<!-- This site is optimized with the Yoast SEO plugin v22.0 - https:\/\/yoast.com\/wordpress\/plugins\/seo\/ -->\n<title>LITORAL SUL: Pol\u00edcia Militar apreende mais duas armas de fogo na Para\u00edba - Pol\u00edcia Militar da Para\u00edba<\/title>\n<meta name=\"robots\" content=\"index, follow, max-snippet:-1, max-image-preview:large, max-video-preview:-1\" \/>\n<link rel=\"canonical\" href=\"https:\/\/www.pm.pb.gov.br\/portal\/2023\/08\/21\/litoral-sul-policia-militar-apreende-mais-duas-armas-de-fogo-na-paraiba\/\" \/>\n<meta property=\"og:locale\" content=\"pt_BR\" \/>\n<meta property=\"og:type\" content=\"article\" \/>\n<meta property=\"og:title\" content=\"LITORAL SUL: Pol\u00edcia Militar apreende mais duas armas de fogo na Para\u00edba - Pol\u00edcia Militar da Para\u00edba\" \/>\n<meta property=\"og:description\" content=\"A Pol\u00edcia Militar segue com refor\u00e7o de combate \u00e0 criminalidade na grande Jo\u00e3o Pessoa e apreendeu, na noite da segunda-feira\" \/>\n<meta property=\"og:url\" content=\"https:\/\/www.pm.pb.gov.br\/portal\/2023\/08\/21\/litoral-sul-policia-militar-apreende-mais-duas-armas-de-fogo-na-paraiba\/\" \/>\n<meta property=\"og:site_name\" content=\"Pol\u00edcia Militar da Para\u00edba\" \/>\n<meta property=\"article:published_time\" content=\"2023-08-21T22:23:00+00:00\" \/>\n<meta property=\"article:modified_time\" content=\"2023-08-22T17:27:08+00:00\" \/>\n<meta property=\"og:image\" content=\"http:\/\/www.pm.pb.gov.br\/portal\/wp-content\/uploads\/2021\/10\/1cipm.jpeg\" \/>\n\t<meta property=\"og:image:width\" content=\"800\" \/>\n\t<meta property=\"og:image:height\" content=\"445\" \/>\n\t<meta property=\"og:image:type\" content=\"image\/jpeg\" \/>\n<meta name=\"author\" content=\"Tarcisio Oliveira\" \/>\n<meta name=\"twitter:card\" content=\"summary_large_image\" \/>\n<meta name=\"twitter:label1\" content=\"Escrito por\" \/>\n\t<meta name=\"twitter:data1\" content=\"Tarcisio Oliveira\" \/>\n\t<meta name=\"twitter:label2\" content=\"Est. tempo de leitura\" \/>\n\t<meta name=\"twitter:data2\" content=\"2 minutos\" \/>\n<script type=\"application\/ld+json\" class=\"yoast-schema-graph\">{\"@context\":\"https:\/\/schema.org\",\"@graph\":[{\"@type\":\"Article\",\"@id\":\"https:\/\/www.pm.pb.gov.br\/portal\/2023\/08\/21\/litoral-sul-policia-militar-apreende-mais-duas-armas-de-fogo-na-paraiba\/#article\",\"isPartOf\":{\"@id\":\"https:\/\/www.pm.pb.gov.br\/portal\/2023\/08\/21\/litoral-sul-policia-militar-apreende-mais-duas-armas-de-fogo-na-paraiba\/\"},\"author\":{\"name\":\"Tarcisio Oliveira\",\"@id\":\"https:\/\/www.pm.pb.gov.br\/portal\/#\/schema\/person\/f84f56dcc78ce4357054da888b8247fd\"},\"headline\":\"LITORAL SUL: Pol\u00edcia Militar apreende mais duas armas de fogo na Para\u00edba\",\"datePublished\":\"2023-08-21T22:23:00+00:00\",\"dateModified\":\"2023-08-22T17:27:08+00:00\",\"mainEntityOfPage\":{\"@id\":\"https:\/\/www.pm.pb.gov.br\/portal\/2023\/08\/21\/litoral-sul-policia-militar-apreende-mais-duas-armas-de-fogo-na-paraiba\/\"},\"wordCount\":202,\"publisher\":{\"@id\":\"https:\/\/www.pm.pb.gov.br\/portal\/#organization\"},\"articleSection\":[\"A\u00e7\u00f5es Policiais\"],\"inLanguage\":\"pt-BR\"},{\"@type\":\"WebPage\",\"@id\":\"https:\/\/www.pm.pb.gov.br\/portal\/2023\/08\/21\/litoral-sul-policia-militar-apreende-mais-duas-armas-de-fogo-na-paraiba\/\",\"url\":\"https:\/\/www.pm.pb.gov.br\/portal\/2023\/08\/21\/litoral-sul-policia-militar-apreende-mais-duas-armas-de-fogo-na-paraiba\/\",\"name\":\"LITORAL SUL: Pol\u00edcia Militar apreende mais duas armas de fogo na Para\u00edba - Pol\u00edcia Militar da Para\u00edba\",\"isPartOf\":{\"@id\":\"https:\/\/www.pm.pb.gov.br\/portal\/#website\"},\"datePublished\":\"2023-08-21T22:23:00+00:00\",\"dateModified\":\"2023-08-22T17:27:08+00:00\",\"breadcrumb\":{\"@id\":\"https:\/\/www.pm.pb.gov.br\/portal\/2023\/08\/21\/litoral-sul-policia-militar-apreende-mais-duas-armas-de-fogo-na-paraiba\/#breadcrumb\"},\"inLanguage\":\"pt-BR\",\"potentialAction\":[{\"@type\":\"ReadAction\",\"target\":[\"https:\/\/www.pm.pb.gov.br\/portal\/2023\/08\/21\/litoral-sul-policia-militar-apreende-mais-duas-armas-de-fogo-na-paraiba\/\"]}]},{\"@type\":\"BreadcrumbList\",\"@id\":\"https:\/\/www.pm.pb.gov.br\/portal\/2023\/08\/21\/litoral-sul-policia-militar-apreende-mais-duas-armas-de-fogo-na-paraiba\/#breadcrumb\",\"itemListElement\":[{\"@type\":\"ListItem\",\"position\":1,\"name\":\"In\u00edcio\",\"item\":\"https:\/\/www.pm.pb.gov.br\/portal\/\"},{\"@type\":\"ListItem\",\"position\":2,\"name\":\"LITORAL SUL: Pol\u00edcia Militar apreende mais duas armas de fogo na Para\u00edba\"}]},{\"@type\":\"WebSite\",\"@id\":\"https:\/\/www.pm.pb.gov.br\/portal\/#website\",\"url\":\"https:\/\/www.pm.pb.gov.br\/portal\/\",\"name\":\"Pol\u00edcia Militar da Para\u00edba\",\"description\":\"\",\"publisher\":{\"@id\":\"https:\/\/www.pm.pb.gov.br\/portal\/#organization\"},\"potentialAction\":[{\"@type\":\"SearchAction\",\"target\":{\"@type\":\"EntryPoint\",\"urlTemplate\":\"https:\/\/www.pm.pb.gov.br\/portal\/?s={search_term_string}\"},\"query-input\":\"required name=search_term_string\"}],\"inLanguage\":\"pt-BR\"},{\"@type\":\"Organization\",\"@id\":\"https:\/\/www.pm.pb.gov.br\/portal\/#organization\",\"name\":\"Pol\u00edcia Militar da Para\u00edba\",\"url\":\"https:\/\/www.pm.pb.gov.br\/portal\/\",\"logo\":{\"@type\":\"ImageObject\",\"inLanguage\":\"pt-BR\",\"@id\":\"https:\/\/www.pm.pb.gov.br\/portal\/#\/schema\/logo\/image\/\",\"url\":\"https:\/\/www.pm.pb.gov.br\/portal\/wp-content\/uploads\/2025\/03\/cropped-logo-site-mag2-1.png\",\"contentUrl\":\"https:\/\/www.pm.pb.gov.br\/portal\/wp-content\/uploads\/2025\/03\/cropped-logo-site-mag2-1.png\",\"width\":320,\"height\":90,\"caption\":\"Pol\u00edcia Militar da Para\u00edba\"},\"image\":{\"@id\":\"https:\/\/www.pm.pb.gov.br\/portal\/#\/schema\/logo\/image\/\"}},{\"@type\":\"Person\",\"@id\":\"https:\/\/www.pm.pb.gov.br\/portal\/#\/schema\/person\/f84f56dcc78ce4357054da888b8247fd\",\"name\":\"Tarcisio Oliveira\",\"image\":{\"@type\":\"ImageObject\",\"inLanguage\":\"pt-BR\",\"@id\":\"https:\/\/www.pm.pb.gov.br\/portal\/#\/schema\/person\/image\/\",\"url\":\"https:\/\/secure.gravatar.com\/avatar\/72917b630b69d31cd0297507f34bac97?s=96&d=mm&r=g\",\"contentUrl\":\"https:\/\/secure.gravatar.com\/avatar\/72917b630b69d31cd0297507f34bac97?s=96&d=mm&r=g\",\"caption\":\"Tarcisio Oliveira\"},\"url\":\"https:\/\/www.pm.pb.gov.br\/portal\/author\/tarcisio\/\"}]}<\/script>\n<!-- \/ Yoast SEO plugin. -->","yoast_head_json":{"title":"LITORAL SUL: Pol\u00edcia Militar apreende mais duas armas de fogo na Para\u00edba - Pol\u00edcia Militar da Para\u00edba","robots":{"index":"index","follow":"follow","max-snippet":"max-snippet:-1","max-image-preview":"max-image-preview:large","max-video-preview":"max-video-preview:-1"},"canonical":"https:\/\/www.pm.pb.gov.br\/portal\/2023\/08\/21\/litoral-sul-policia-militar-apreende-mais-duas-armas-de-fogo-na-paraiba\/","og_locale":"pt_BR","og_type":"article","og_title":"LITORAL SUL: Pol\u00edcia Militar apreende mais duas armas de fogo na Para\u00edba - Pol\u00edcia Militar da Para\u00edba","og_description":"A Pol\u00edcia Militar segue com refor\u00e7o de combate \u00e0 criminalidade na grande Jo\u00e3o Pessoa e apreendeu, na noite da segunda-feira","og_url":"https:\/\/www.pm.pb.gov.br\/portal\/2023\/08\/21\/litoral-sul-policia-militar-apreende-mais-duas-armas-de-fogo-na-paraiba\/","og_site_name":"Pol\u00edcia Militar da Para\u00edba","article_published_time":"2023-08-21T22:23:00+00:00","article_modified_time":"2023-08-22T17:27:08+00:00","og_image":[{"width":800,"height":445,"url":"http:\/\/www.pm.pb.gov.br\/portal\/wp-content\/uploads\/2021\/10\/1cipm.jpeg","type":"image\/jpeg"}],"author":"Tarcisio Oliveira","twitter_card":"summary_large_image","twitter_misc":{"Escrito por":"Tarcisio Oliveira","Est. tempo de leitura":"2 minutos"},"schema":{"@context":"https:\/\/schema.org","@graph":[{"@type":"Article","@id":"https:\/\/www.pm.pb.gov.br\/portal\/2023\/08\/21\/litoral-sul-policia-militar-apreende-mais-duas-armas-de-fogo-na-paraiba\/#article","isPartOf":{"@id":"https:\/\/www.pm.pb.gov.br\/portal\/2023\/08\/21\/litoral-sul-policia-militar-apreende-mais-duas-armas-de-fogo-na-paraiba\/"},"author":{"name":"Tarcisio Oliveira","@id":"https:\/\/www.pm.pb.gov.br\/portal\/#\/schema\/person\/f84f56dcc78ce4357054da888b8247fd"},"headline":"LITORAL SUL: Pol\u00edcia Militar apreende mais duas armas de fogo na Para\u00edba","datePublished":"2023-08-21T22:23:00+00:00","dateModified":"2023-08-22T17:27:08+00:00","mainEntityOfPage":{"@id":"https:\/\/www.pm.pb.gov.br\/portal\/2023\/08\/21\/litoral-sul-policia-militar-apreende-mais-duas-armas-de-fogo-na-paraiba\/"},"wordCount":202,"publisher":{"@id":"https:\/\/www.pm.pb.gov.br\/portal\/#organization"},"articleSection":["A\u00e7\u00f5es Policiais"],"inLanguage":"pt-BR"},{"@type":"WebPage","@id":"https:\/\/www.pm.pb.gov.br\/portal\/2023\/08\/21\/litoral-sul-policia-militar-apreende-mais-duas-armas-de-fogo-na-paraiba\/","url":"https:\/\/www.pm.pb.gov.br\/portal\/2023\/08\/21\/litoral-sul-policia-militar-apreende-mais-duas-armas-de-fogo-na-paraiba\/","name":"LITORAL SUL: Pol\u00edcia Militar apreende mais duas armas de fogo na Para\u00edba - Pol\u00edcia Militar da Para\u00edba","isPartOf":{"@id":"https:\/\/www.pm.pb.gov.br\/portal\/#website"},"datePublished":"2023-08-21T22:23:00+00:00","dateModified":"2023-08-22T17:27:08+00:00","breadcrumb":{"@id":"https:\/\/www.pm.pb.gov.br\/portal\/2023\/08\/21\/litoral-sul-policia-militar-apreende-mais-duas-armas-de-fogo-na-paraiba\/#breadcrumb"},"inLanguage":"pt-BR","potentialAction":[{"@type":"ReadAction","target":["https:\/\/www.pm.pb.gov.br\/portal\/2023\/08\/21\/litoral-sul-policia-militar-apreende-mais-duas-armas-de-fogo-na-paraiba\/"]}]},{"@type":"BreadcrumbList","@id":"https:\/\/www.pm.pb.gov.br\/portal\/2023\/08\/21\/litoral-sul-policia-militar-apreende-mais-duas-armas-de-fogo-na-paraiba\/#breadcrumb","itemListElement":[{"@type":"ListItem","position":1,"name":"In\u00edcio","item":"https:\/\/www.pm.pb.gov.br\/portal\/"},{"@type":"ListItem","position":2,"name":"LITORAL SUL: Pol\u00edcia Militar apreende mais duas armas de fogo na Para\u00edba"}]},{"@type":"WebSite","@id":"https:\/\/www.pm.pb.gov.br\/portal\/#website","url":"https:\/\/www.pm.pb.gov.br\/portal\/","name":"Pol\u00edcia Militar da Para\u00edba","description":"","publisher":{"@id":"https:\/\/www.pm.pb.gov.br\/portal\/#organization"},"potentialAction":[{"@type":"SearchAction","target":{"@type":"EntryPoint","urlTemplate":"https:\/\/www.pm.pb.gov.br\/portal\/?s={search_term_string}"},"query-input":"required name=search_term_string"}],"inLanguage":"pt-BR"},{"@type":"Organization","@id":"https:\/\/www.pm.pb.gov.br\/portal\/#organization","name":"Pol\u00edcia Militar da Para\u00edba","url":"https:\/\/www.pm.pb.gov.br\/portal\/","logo":{"@type":"ImageObject","inLanguage":"pt-BR","@id":"https:\/\/www.pm.pb.gov.br\/portal\/#\/schema\/logo\/image\/","url":"https:\/\/www.pm.pb.gov.br\/portal\/wp-content\/uploads\/2025\/03\/cropped-logo-site-mag2-1.png","contentUrl":"https:\/\/www.pm.pb.gov.br\/portal\/wp-content\/uploads\/2025\/03\/cropped-logo-site-mag2-1.png","width":320,"height":90,"caption":"Pol\u00edcia Militar da Para\u00edba"},"image":{"@id":"https:\/\/www.pm.pb.gov.br\/portal\/#\/schema\/logo\/image\/"}},{"@type":"Person","@id":"https:\/\/www.pm.pb.gov.br\/portal\/#\/schema\/person\/f84f56dcc78ce4357054da888b8247fd","name":"Tarcisio Oliveira","image":{"@type":"ImageObject","inLanguage":"pt-BR","@id":"https:\/\/www.pm.pb.gov.br\/portal\/#\/schema\/person\/image\/","url":"https:\/\/secure.gravatar.com\/avatar\/72917b630b69d31cd0297507f34bac97?s=96&d=mm&r=g","contentUrl":"https:\/\/secure.gravatar.com\/avatar\/72917b630b69d31cd0297507f34bac97?s=96&d=mm&r=g","caption":"Tarcisio Oliveira"},"url":"https:\/\/www.pm.pb.gov.br\/portal\/author\/tarcisio\/"}]}},"_links":{"self":[{"href":"https:\/\/www.pm.pb.gov.br\/portal\/wp-json\/wp\/v2\/posts\/917899"}],"collection":[{"href":"https:\/\/www.pm.pb.gov.br\/portal\/wp-json\/wp\/v2\/posts"}],"about":[{"href":"https:\/\/www.pm.pb.gov.br\/portal\/wp-json\/wp\/v2\/types\/post"}],"author":[{"embeddable":true,"href":"https:\/\/www.pm.pb.gov.br\/portal\/wp-json\/wp\/v2\/users\/12"}],"replies":[{"embeddable":true,"href":"https:\/\/www.pm.pb.gov.br\/portal\/wp-json\/wp\/v2\/comments?post=917899"}],"version-history":[{"count":1,"href":"https:\/\/www.pm.pb.gov.br\/portal\/wp-json\/wp\/v2\/posts\/917899\/revisions"}],"predecessor-version":[{"id":917901,"href":"https:\/\/www.pm.pb.gov.br\/portal\/wp-json\/wp\/v2\/posts\/917899\/revisions\/917901"}],"wp:featuredmedia":[{"embeddable":true,"href":"https:\/\/www.pm.pb.gov.br\/portal\/wp-json\/wp\/v2\/media\/912944"}],"wp:attachment":[{"href":"https:\/\/www.pm.pb.gov.br\/portal\/wp-json\/wp\/v2\/media?parent=917899"}],"wp:term":[{"taxonomy":"category","embeddable":true,"href":"https:\/\/www.pm.pb.gov.br\/portal\/wp-json\/wp\/v2\/categories?post=917899"},{"taxonomy":"post_tag","embeddable":true,"href":"https:\/\/www.pm.pb.gov.br\/portal\/wp-json\/wp\/v2\/tags?post=917899"}],"curies":[{"name":"wp","href":"https:\/\/api.w.org\/{rel}","templated":true}]}}