{"id":917887,"date":"2023-08-21T02:21:00","date_gmt":"2023-08-21T05:21:00","guid":{"rendered":"https:\/\/www.pm.pb.gov.br\/portal\/?p=917887"},"modified":"2023-08-21T16:38:16","modified_gmt":"2023-08-21T19:38:16","slug":"em-flagrante-policia-militar-prende-acusado-de-tentativa-de-homicidio-em-joao-pessoa","status":"publish","type":"post","link":"https:\/\/www.pm.pb.gov.br\/portal\/2023\/08\/21\/em-flagrante-policia-militar-prende-acusado-de-tentativa-de-homicidio-em-joao-pessoa\/","title":{"rendered":"EM FLAGRANTE: Pol\u00edcia Militar prende acusado de tentativa de homic\u00eddio em Jo\u00e3o Pessoa"},"content":{"rendered":"\n<p>A Pol\u00edcia Militar prendeu, em flagrante, um homem suspeito de tentativa de homic\u00eddio, crime ocorrido na manh\u00e3 deste \u00faltimo domingo (20), no bairro de Cabo Branco, em Jo\u00e3o Pessoa (foto acima ilustrativa).<\/p>\n<p>A pris\u00e3o aconteceu ap\u00f3s uma equipe policial do Batalh\u00e3o Especializado em Policiamento Tur\u00edstico ser acionado para uma ocorr\u00eancia de disparo de arma de fogo, em um bar na Orla de Cabo Branco. No local, os militares constataram que havia uma v\u00edtima dos disparos e, a partir das informa\u00e7\u00f5es repassada no local, conseguiram localizar o homem apontado como autor do crime, em sua resid\u00eancia.<\/p>\n<p>A v\u00edtima foi socorrida para o Hospital de Emerg\u00eancia e Trauma, e o acusado foi conduzido para a Central de Flagrantes onde, ap\u00f3s a audi\u00eancia de cust\u00f3dia, foi encaminhado para um pres\u00eddio na Capital. As motiva\u00e7\u00f5es do crime dever\u00e3o ser investigadas. A arma usada no delito segue sendo procurada.<\/p>\n<p><em>Atualizado \u00e0s 16h56.<\/em><\/p>\n\n\n","protected":false},"excerpt":{"rendered":"<p>A Pol\u00edcia Militar prendeu, em flagrante, um homem suspeito de tentativa de homic\u00eddio, crime ocorrido na manh\u00e3 deste \u00faltimo domingo<\/p>\n","protected":false},"author":12,"featured_media":905174,"comment_status":"closed","ping_status":"closed","sticky":false,"template":"","format":"standard","meta":{"_exactmetrics_skip_tracking":false,"_exactmetrics_sitenote_active":false,"_exactmetrics_sitenote_note":"","_exactmetrics_sitenote_category":0,"footnotes":""},"categories":[4],"tags":[],"yoast_head":"<!-- This site is optimized with the Yoast SEO plugin v22.0 - https:\/\/yoast.com\/wordpress\/plugins\/seo\/ -->\n<title>EM FLAGRANTE: Pol\u00edcia Militar prende acusado de tentativa de homic\u00eddio em Jo\u00e3o Pessoa - Pol\u00edcia Militar da Para\u00edba<\/title>\n<meta name=\"robots\" content=\"index, follow, max-snippet:-1, max-image-preview:large, max-video-preview:-1\" \/>\n<link rel=\"canonical\" href=\"https:\/\/www.pm.pb.gov.br\/portal\/2023\/08\/21\/em-flagrante-policia-militar-prende-acusado-de-tentativa-de-homicidio-em-joao-pessoa\/\" \/>\n<meta property=\"og:locale\" content=\"pt_BR\" \/>\n<meta property=\"og:type\" content=\"article\" \/>\n<meta property=\"og:title\" content=\"EM FLAGRANTE: Pol\u00edcia Militar prende acusado de tentativa de homic\u00eddio em Jo\u00e3o Pessoa - Pol\u00edcia Militar da Para\u00edba\" \/>\n<meta property=\"og:description\" content=\"A Pol\u00edcia Militar prendeu, em flagrante, um homem suspeito de tentativa de homic\u00eddio, crime ocorrido na manh\u00e3 deste \u00faltimo domingo\" \/>\n<meta property=\"og:url\" content=\"https:\/\/www.pm.pb.gov.br\/portal\/2023\/08\/21\/em-flagrante-policia-militar-prende-acusado-de-tentativa-de-homicidio-em-joao-pessoa\/\" \/>\n<meta property=\"og:site_name\" content=\"Pol\u00edcia Militar da Para\u00edba\" \/>\n<meta property=\"article:published_time\" content=\"2023-08-21T05:21:00+00:00\" \/>\n<meta property=\"article:modified_time\" content=\"2023-08-21T19:38:16+00:00\" \/>\n<meta property=\"og:image\" content=\"http:\/\/www.pm.pb.gov.br\/portal\/wp-content\/uploads\/2020\/05\/ceatur-1.jpeg\" \/>\n\t<meta property=\"og:image:width\" content=\"800\" \/>\n\t<meta property=\"og:image:height\" content=\"445\" \/>\n\t<meta property=\"og:image:type\" content=\"image\/jpeg\" \/>\n<meta name=\"author\" content=\"Tarcisio Oliveira\" \/>\n<meta name=\"twitter:card\" content=\"summary_large_image\" \/>\n<meta name=\"twitter:label1\" content=\"Escrito por\" \/>\n\t<meta name=\"twitter:data1\" content=\"Tarcisio Oliveira\" \/>\n\t<meta name=\"twitter:label2\" content=\"Est. tempo de leitura\" \/>\n\t<meta name=\"twitter:data2\" content=\"1 minuto\" \/>\n<script type=\"application\/ld+json\" class=\"yoast-schema-graph\">{\"@context\":\"https:\/\/schema.org\",\"@graph\":[{\"@type\":\"Article\",\"@id\":\"https:\/\/www.pm.pb.gov.br\/portal\/2023\/08\/21\/em-flagrante-policia-militar-prende-acusado-de-tentativa-de-homicidio-em-joao-pessoa\/#article\",\"isPartOf\":{\"@id\":\"https:\/\/www.pm.pb.gov.br\/portal\/2023\/08\/21\/em-flagrante-policia-militar-prende-acusado-de-tentativa-de-homicidio-em-joao-pessoa\/\"},\"author\":{\"name\":\"Tarcisio Oliveira\",\"@id\":\"https:\/\/www.pm.pb.gov.br\/portal\/#\/schema\/person\/f84f56dcc78ce4357054da888b8247fd\"},\"headline\":\"EM FLAGRANTE: Pol\u00edcia Militar prende acusado de tentativa de homic\u00eddio em Jo\u00e3o Pessoa\",\"datePublished\":\"2023-08-21T05:21:00+00:00\",\"dateModified\":\"2023-08-21T19:38:16+00:00\",\"mainEntityOfPage\":{\"@id\":\"https:\/\/www.pm.pb.gov.br\/portal\/2023\/08\/21\/em-flagrante-policia-militar-prende-acusado-de-tentativa-de-homicidio-em-joao-pessoa\/\"},\"wordCount\":181,\"publisher\":{\"@id\":\"https:\/\/www.pm.pb.gov.br\/portal\/#organization\"},\"articleSection\":[\"A\u00e7\u00f5es Policiais\"],\"inLanguage\":\"pt-BR\"},{\"@type\":\"WebPage\",\"@id\":\"https:\/\/www.pm.pb.gov.br\/portal\/2023\/08\/21\/em-flagrante-policia-militar-prende-acusado-de-tentativa-de-homicidio-em-joao-pessoa\/\",\"url\":\"https:\/\/www.pm.pb.gov.br\/portal\/2023\/08\/21\/em-flagrante-policia-militar-prende-acusado-de-tentativa-de-homicidio-em-joao-pessoa\/\",\"name\":\"EM FLAGRANTE: Pol\u00edcia Militar prende acusado de tentativa de homic\u00eddio em Jo\u00e3o Pessoa - Pol\u00edcia Militar da Para\u00edba\",\"isPartOf\":{\"@id\":\"https:\/\/www.pm.pb.gov.br\/portal\/#website\"},\"datePublished\":\"2023-08-21T05:21:00+00:00\",\"dateModified\":\"2023-08-21T19:38:16+00:00\",\"breadcrumb\":{\"@id\":\"https:\/\/www.pm.pb.gov.br\/portal\/2023\/08\/21\/em-flagrante-policia-militar-prende-acusado-de-tentativa-de-homicidio-em-joao-pessoa\/#breadcrumb\"},\"inLanguage\":\"pt-BR\",\"potentialAction\":[{\"@type\":\"ReadAction\",\"target\":[\"https:\/\/www.pm.pb.gov.br\/portal\/2023\/08\/21\/em-flagrante-policia-militar-prende-acusado-de-tentativa-de-homicidio-em-joao-pessoa\/\"]}]},{\"@type\":\"BreadcrumbList\",\"@id\":\"https:\/\/www.pm.pb.gov.br\/portal\/2023\/08\/21\/em-flagrante-policia-militar-prende-acusado-de-tentativa-de-homicidio-em-joao-pessoa\/#breadcrumb\",\"itemListElement\":[{\"@type\":\"ListItem\",\"position\":1,\"name\":\"In\u00edcio\",\"item\":\"https:\/\/www.pm.pb.gov.br\/portal\/\"},{\"@type\":\"ListItem\",\"position\":2,\"name\":\"EM FLAGRANTE: Pol\u00edcia Militar prende acusado de tentativa de homic\u00eddio em Jo\u00e3o Pessoa\"}]},{\"@type\":\"WebSite\",\"@id\":\"https:\/\/www.pm.pb.gov.br\/portal\/#website\",\"url\":\"https:\/\/www.pm.pb.gov.br\/portal\/\",\"name\":\"Pol\u00edcia Militar da Para\u00edba\",\"description\":\"\",\"publisher\":{\"@id\":\"https:\/\/www.pm.pb.gov.br\/portal\/#organization\"},\"potentialAction\":[{\"@type\":\"SearchAction\",\"target\":{\"@type\":\"EntryPoint\",\"urlTemplate\":\"https:\/\/www.pm.pb.gov.br\/portal\/?s={search_term_string}\"},\"query-input\":\"required name=search_term_string\"}],\"inLanguage\":\"pt-BR\"},{\"@type\":\"Organization\",\"@id\":\"https:\/\/www.pm.pb.gov.br\/portal\/#organization\",\"name\":\"Pol\u00edcia Militar da Para\u00edba\",\"url\":\"https:\/\/www.pm.pb.gov.br\/portal\/\",\"logo\":{\"@type\":\"ImageObject\",\"inLanguage\":\"pt-BR\",\"@id\":\"https:\/\/www.pm.pb.gov.br\/portal\/#\/schema\/logo\/image\/\",\"url\":\"https:\/\/www.pm.pb.gov.br\/portal\/wp-content\/uploads\/2025\/03\/cropped-logo-site-mag2-1.png\",\"contentUrl\":\"https:\/\/www.pm.pb.gov.br\/portal\/wp-content\/uploads\/2025\/03\/cropped-logo-site-mag2-1.png\",\"width\":320,\"height\":90,\"caption\":\"Pol\u00edcia Militar da Para\u00edba\"},\"image\":{\"@id\":\"https:\/\/www.pm.pb.gov.br\/portal\/#\/schema\/logo\/image\/\"}},{\"@type\":\"Person\",\"@id\":\"https:\/\/www.pm.pb.gov.br\/portal\/#\/schema\/person\/f84f56dcc78ce4357054da888b8247fd\",\"name\":\"Tarcisio Oliveira\",\"image\":{\"@type\":\"ImageObject\",\"inLanguage\":\"pt-BR\",\"@id\":\"https:\/\/www.pm.pb.gov.br\/portal\/#\/schema\/person\/image\/\",\"url\":\"https:\/\/secure.gravatar.com\/avatar\/72917b630b69d31cd0297507f34bac97?s=96&d=mm&r=g\",\"contentUrl\":\"https:\/\/secure.gravatar.com\/avatar\/72917b630b69d31cd0297507f34bac97?s=96&d=mm&r=g\",\"caption\":\"Tarcisio Oliveira\"},\"url\":\"https:\/\/www.pm.pb.gov.br\/portal\/author\/tarcisio\/\"}]}<\/script>\n<!-- \/ Yoast SEO plugin. -->","yoast_head_json":{"title":"EM FLAGRANTE: Pol\u00edcia Militar prende acusado de tentativa de homic\u00eddio em Jo\u00e3o Pessoa - Pol\u00edcia Militar da Para\u00edba","robots":{"index":"index","follow":"follow","max-snippet":"max-snippet:-1","max-image-preview":"max-image-preview:large","max-video-preview":"max-video-preview:-1"},"canonical":"https:\/\/www.pm.pb.gov.br\/portal\/2023\/08\/21\/em-flagrante-policia-militar-prende-acusado-de-tentativa-de-homicidio-em-joao-pessoa\/","og_locale":"pt_BR","og_type":"article","og_title":"EM FLAGRANTE: Pol\u00edcia Militar prende acusado de tentativa de homic\u00eddio em Jo\u00e3o Pessoa - Pol\u00edcia Militar da Para\u00edba","og_description":"A Pol\u00edcia Militar prendeu, em flagrante, um homem suspeito de tentativa de homic\u00eddio, crime ocorrido na manh\u00e3 deste \u00faltimo domingo","og_url":"https:\/\/www.pm.pb.gov.br\/portal\/2023\/08\/21\/em-flagrante-policia-militar-prende-acusado-de-tentativa-de-homicidio-em-joao-pessoa\/","og_site_name":"Pol\u00edcia Militar da Para\u00edba","article_published_time":"2023-08-21T05:21:00+00:00","article_modified_time":"2023-08-21T19:38:16+00:00","og_image":[{"width":800,"height":445,"url":"http:\/\/www.pm.pb.gov.br\/portal\/wp-content\/uploads\/2020\/05\/ceatur-1.jpeg","type":"image\/jpeg"}],"author":"Tarcisio Oliveira","twitter_card":"summary_large_image","twitter_misc":{"Escrito por":"Tarcisio Oliveira","Est. tempo de leitura":"1 minuto"},"schema":{"@context":"https:\/\/schema.org","@graph":[{"@type":"Article","@id":"https:\/\/www.pm.pb.gov.br\/portal\/2023\/08\/21\/em-flagrante-policia-militar-prende-acusado-de-tentativa-de-homicidio-em-joao-pessoa\/#article","isPartOf":{"@id":"https:\/\/www.pm.pb.gov.br\/portal\/2023\/08\/21\/em-flagrante-policia-militar-prende-acusado-de-tentativa-de-homicidio-em-joao-pessoa\/"},"author":{"name":"Tarcisio Oliveira","@id":"https:\/\/www.pm.pb.gov.br\/portal\/#\/schema\/person\/f84f56dcc78ce4357054da888b8247fd"},"headline":"EM FLAGRANTE: Pol\u00edcia Militar prende acusado de tentativa de homic\u00eddio em Jo\u00e3o Pessoa","datePublished":"2023-08-21T05:21:00+00:00","dateModified":"2023-08-21T19:38:16+00:00","mainEntityOfPage":{"@id":"https:\/\/www.pm.pb.gov.br\/portal\/2023\/08\/21\/em-flagrante-policia-militar-prende-acusado-de-tentativa-de-homicidio-em-joao-pessoa\/"},"wordCount":181,"publisher":{"@id":"https:\/\/www.pm.pb.gov.br\/portal\/#organization"},"articleSection":["A\u00e7\u00f5es Policiais"],"inLanguage":"pt-BR"},{"@type":"WebPage","@id":"https:\/\/www.pm.pb.gov.br\/portal\/2023\/08\/21\/em-flagrante-policia-militar-prende-acusado-de-tentativa-de-homicidio-em-joao-pessoa\/","url":"https:\/\/www.pm.pb.gov.br\/portal\/2023\/08\/21\/em-flagrante-policia-militar-prende-acusado-de-tentativa-de-homicidio-em-joao-pessoa\/","name":"EM FLAGRANTE: Pol\u00edcia Militar prende acusado de tentativa de homic\u00eddio em Jo\u00e3o Pessoa - Pol\u00edcia Militar da Para\u00edba","isPartOf":{"@id":"https:\/\/www.pm.pb.gov.br\/portal\/#website"},"datePublished":"2023-08-21T05:21:00+00:00","dateModified":"2023-08-21T19:38:16+00:00","breadcrumb":{"@id":"https:\/\/www.pm.pb.gov.br\/portal\/2023\/08\/21\/em-flagrante-policia-militar-prende-acusado-de-tentativa-de-homicidio-em-joao-pessoa\/#breadcrumb"},"inLanguage":"pt-BR","potentialAction":[{"@type":"ReadAction","target":["https:\/\/www.pm.pb.gov.br\/portal\/2023\/08\/21\/em-flagrante-policia-militar-prende-acusado-de-tentativa-de-homicidio-em-joao-pessoa\/"]}]},{"@type":"BreadcrumbList","@id":"https:\/\/www.pm.pb.gov.br\/portal\/2023\/08\/21\/em-flagrante-policia-militar-prende-acusado-de-tentativa-de-homicidio-em-joao-pessoa\/#breadcrumb","itemListElement":[{"@type":"ListItem","position":1,"name":"In\u00edcio","item":"https:\/\/www.pm.pb.gov.br\/portal\/"},{"@type":"ListItem","position":2,"name":"EM FLAGRANTE: Pol\u00edcia Militar prende acusado de tentativa de homic\u00eddio em Jo\u00e3o Pessoa"}]},{"@type":"WebSite","@id":"https:\/\/www.pm.pb.gov.br\/portal\/#website","url":"https:\/\/www.pm.pb.gov.br\/portal\/","name":"Pol\u00edcia Militar da Para\u00edba","description":"","publisher":{"@id":"https:\/\/www.pm.pb.gov.br\/portal\/#organization"},"potentialAction":[{"@type":"SearchAction","target":{"@type":"EntryPoint","urlTemplate":"https:\/\/www.pm.pb.gov.br\/portal\/?s={search_term_string}"},"query-input":"required name=search_term_string"}],"inLanguage":"pt-BR"},{"@type":"Organization","@id":"https:\/\/www.pm.pb.gov.br\/portal\/#organization","name":"Pol\u00edcia Militar da Para\u00edba","url":"https:\/\/www.pm.pb.gov.br\/portal\/","logo":{"@type":"ImageObject","inLanguage":"pt-BR","@id":"https:\/\/www.pm.pb.gov.br\/portal\/#\/schema\/logo\/image\/","url":"https:\/\/www.pm.pb.gov.br\/portal\/wp-content\/uploads\/2025\/03\/cropped-logo-site-mag2-1.png","contentUrl":"https:\/\/www.pm.pb.gov.br\/portal\/wp-content\/uploads\/2025\/03\/cropped-logo-site-mag2-1.png","width":320,"height":90,"caption":"Pol\u00edcia Militar da Para\u00edba"},"image":{"@id":"https:\/\/www.pm.pb.gov.br\/portal\/#\/schema\/logo\/image\/"}},{"@type":"Person","@id":"https:\/\/www.pm.pb.gov.br\/portal\/#\/schema\/person\/f84f56dcc78ce4357054da888b8247fd","name":"Tarcisio Oliveira","image":{"@type":"ImageObject","inLanguage":"pt-BR","@id":"https:\/\/www.pm.pb.gov.br\/portal\/#\/schema\/person\/image\/","url":"https:\/\/secure.gravatar.com\/avatar\/72917b630b69d31cd0297507f34bac97?s=96&d=mm&r=g","contentUrl":"https:\/\/secure.gravatar.com\/avatar\/72917b630b69d31cd0297507f34bac97?s=96&d=mm&r=g","caption":"Tarcisio Oliveira"},"url":"https:\/\/www.pm.pb.gov.br\/portal\/author\/tarcisio\/"}]}},"_links":{"self":[{"href":"https:\/\/www.pm.pb.gov.br\/portal\/wp-json\/wp\/v2\/posts\/917887"}],"collection":[{"href":"https:\/\/www.pm.pb.gov.br\/portal\/wp-json\/wp\/v2\/posts"}],"about":[{"href":"https:\/\/www.pm.pb.gov.br\/portal\/wp-json\/wp\/v2\/types\/post"}],"author":[{"embeddable":true,"href":"https:\/\/www.pm.pb.gov.br\/portal\/wp-json\/wp\/v2\/users\/12"}],"replies":[{"embeddable":true,"href":"https:\/\/www.pm.pb.gov.br\/portal\/wp-json\/wp\/v2\/comments?post=917887"}],"version-history":[{"count":2,"href":"https:\/\/www.pm.pb.gov.br\/portal\/wp-json\/wp\/v2\/posts\/917887\/revisions"}],"predecessor-version":[{"id":917889,"href":"https:\/\/www.pm.pb.gov.br\/portal\/wp-json\/wp\/v2\/posts\/917887\/revisions\/917889"}],"wp:featuredmedia":[{"embeddable":true,"href":"https:\/\/www.pm.pb.gov.br\/portal\/wp-json\/wp\/v2\/media\/905174"}],"wp:attachment":[{"href":"https:\/\/www.pm.pb.gov.br\/portal\/wp-json\/wp\/v2\/media?parent=917887"}],"wp:term":[{"taxonomy":"category","embeddable":true,"href":"https:\/\/www.pm.pb.gov.br\/portal\/wp-json\/wp\/v2\/categories?post=917887"},{"taxonomy":"post_tag","embeddable":true,"href":"https:\/\/www.pm.pb.gov.br\/portal\/wp-json\/wp\/v2\/tags?post=917887"}],"curies":[{"name":"wp","href":"https:\/\/api.w.org\/{rel}","templated":true}]}}