{"id":917885,"date":"2023-08-21T01:59:00","date_gmt":"2023-08-21T04:59:00","guid":{"rendered":"https:\/\/www.pm.pb.gov.br\/portal\/?p=917885"},"modified":"2023-08-21T16:02:07","modified_gmt":"2023-08-21T19:02:07","slug":"em-campina-grande-policia-militar-captura-quatro-foragidos-da-justica-procurados-por-violencia-domestica-trafico-latrocinio-e-porte-de-arma-de-fogo","status":"publish","type":"post","link":"https:\/\/www.pm.pb.gov.br\/portal\/2023\/08\/21\/em-campina-grande-policia-militar-captura-quatro-foragidos-da-justica-procurados-por-violencia-domestica-trafico-latrocinio-e-porte-de-arma-de-fogo\/","title":{"rendered":"Em Campina Grande, Pol\u00edcia Militar captura quatro foragidos da Justi\u00e7a procurados por viol\u00eancia dom\u00e9stica, tr\u00e1fico, latroc\u00ednio e porte de arma de fogo"},"content":{"rendered":"\n\n\n<p>A Pol\u00edcia Militar capturou quatro foragidos da Justi\u00e7a em Campina Grande, da noite da \u00faltima sexta-feira (18), at\u00e9 a noite do domingo (20). As pris\u00f5es aconteceram nos bairros do Centro, Jardim Paulistano e na regi\u00e3o do A\u00e7ude Velho (foto acima ilustrativa).<\/p>\n<p>Os foragidos foram presos pelos policiais do 10\u00ba Batalh\u00e3o, durante rondas e abordagens. Os acusados possu\u00edam mandados de pris\u00e3o em aberto, de condena\u00e7\u00e3o ou pris\u00e3o preventiva, pelos crimes de viol\u00eancia dom\u00e9stica, tr\u00e1fico de drogas, porte e posse ilegal de arma de fogo, e latroc\u00ednio. De acordo com a unidade, um dos acusados que foi preso no domingo tinha uma pena de 26 anos e 8 meses de condena\u00e7\u00e3o por latroc\u00ednio.<\/p>\n<p>Os foragidos capturados foram encaminhados as delegacias para os procedimentos cab\u00edveis e o devido cumprimento das penas.<\/p>\n","protected":false},"excerpt":{"rendered":"<p>A Pol\u00edcia Militar capturou quatro foragidos da Justi\u00e7a em Campina Grande, da noite da \u00faltima sexta-feira (18), at\u00e9 a noite<\/p>\n","protected":false},"author":12,"featured_media":915348,"comment_status":"closed","ping_status":"closed","sticky":false,"template":"","format":"standard","meta":{"_exactmetrics_skip_tracking":false,"_exactmetrics_sitenote_active":false,"_exactmetrics_sitenote_note":"","_exactmetrics_sitenote_category":0,"footnotes":""},"categories":[4],"tags":[],"yoast_head":"<!-- This site is optimized with the Yoast SEO plugin v22.0 - https:\/\/yoast.com\/wordpress\/plugins\/seo\/ -->\n<title>Em Campina Grande, Pol\u00edcia Militar captura quatro foragidos da Justi\u00e7a procurados por viol\u00eancia dom\u00e9stica, tr\u00e1fico, latroc\u00ednio e porte de arma de fogo - Pol\u00edcia Militar da Para\u00edba<\/title>\n<meta name=\"robots\" content=\"index, follow, max-snippet:-1, max-image-preview:large, max-video-preview:-1\" \/>\n<link rel=\"canonical\" href=\"https:\/\/www.pm.pb.gov.br\/portal\/2023\/08\/21\/em-campina-grande-policia-militar-captura-quatro-foragidos-da-justica-procurados-por-violencia-domestica-trafico-latrocinio-e-porte-de-arma-de-fogo\/\" \/>\n<meta property=\"og:locale\" content=\"pt_BR\" \/>\n<meta property=\"og:type\" content=\"article\" \/>\n<meta property=\"og:title\" content=\"Em Campina Grande, Pol\u00edcia Militar captura quatro foragidos da Justi\u00e7a procurados por viol\u00eancia dom\u00e9stica, tr\u00e1fico, latroc\u00ednio e porte de arma de fogo - Pol\u00edcia Militar da Para\u00edba\" \/>\n<meta property=\"og:description\" content=\"A Pol\u00edcia Militar capturou quatro foragidos da Justi\u00e7a em Campina Grande, da noite da \u00faltima sexta-feira (18), at\u00e9 a noite\" \/>\n<meta property=\"og:url\" content=\"https:\/\/www.pm.pb.gov.br\/portal\/2023\/08\/21\/em-campina-grande-policia-militar-captura-quatro-foragidos-da-justica-procurados-por-violencia-domestica-trafico-latrocinio-e-porte-de-arma-de-fogo\/\" \/>\n<meta property=\"og:site_name\" content=\"Pol\u00edcia Militar da Para\u00edba\" \/>\n<meta property=\"article:published_time\" content=\"2023-08-21T04:59:00+00:00\" \/>\n<meta property=\"article:modified_time\" content=\"2023-08-21T19:02:07+00:00\" \/>\n<meta property=\"og:image\" content=\"http:\/\/www.pm.pb.gov.br\/portal\/wp-content\/uploads\/2023\/01\/10bpm1s.jpeg\" \/>\n\t<meta property=\"og:image:width\" content=\"800\" \/>\n\t<meta property=\"og:image:height\" content=\"445\" \/>\n\t<meta property=\"og:image:type\" content=\"image\/jpeg\" \/>\n<meta name=\"author\" content=\"Tarcisio Oliveira\" \/>\n<meta name=\"twitter:card\" content=\"summary_large_image\" \/>\n<meta name=\"twitter:label1\" content=\"Escrito por\" \/>\n\t<meta name=\"twitter:data1\" content=\"Tarcisio Oliveira\" \/>\n\t<meta name=\"twitter:label2\" content=\"Est. tempo de leitura\" \/>\n\t<meta name=\"twitter:data2\" content=\"1 minuto\" \/>\n<script type=\"application\/ld+json\" class=\"yoast-schema-graph\">{\"@context\":\"https:\/\/schema.org\",\"@graph\":[{\"@type\":\"Article\",\"@id\":\"https:\/\/www.pm.pb.gov.br\/portal\/2023\/08\/21\/em-campina-grande-policia-militar-captura-quatro-foragidos-da-justica-procurados-por-violencia-domestica-trafico-latrocinio-e-porte-de-arma-de-fogo\/#article\",\"isPartOf\":{\"@id\":\"https:\/\/www.pm.pb.gov.br\/portal\/2023\/08\/21\/em-campina-grande-policia-militar-captura-quatro-foragidos-da-justica-procurados-por-violencia-domestica-trafico-latrocinio-e-porte-de-arma-de-fogo\/\"},\"author\":{\"name\":\"Tarcisio Oliveira\",\"@id\":\"https:\/\/www.pm.pb.gov.br\/portal\/#\/schema\/person\/f84f56dcc78ce4357054da888b8247fd\"},\"headline\":\"Em Campina Grande, Pol\u00edcia Militar captura quatro foragidos da Justi\u00e7a procurados por viol\u00eancia dom\u00e9stica, tr\u00e1fico, latroc\u00ednio e porte de arma de fogo\",\"datePublished\":\"2023-08-21T04:59:00+00:00\",\"dateModified\":\"2023-08-21T19:02:07+00:00\",\"mainEntityOfPage\":{\"@id\":\"https:\/\/www.pm.pb.gov.br\/portal\/2023\/08\/21\/em-campina-grande-policia-militar-captura-quatro-foragidos-da-justica-procurados-por-violencia-domestica-trafico-latrocinio-e-porte-de-arma-de-fogo\/\"},\"wordCount\":168,\"publisher\":{\"@id\":\"https:\/\/www.pm.pb.gov.br\/portal\/#organization\"},\"articleSection\":[\"A\u00e7\u00f5es Policiais\"],\"inLanguage\":\"pt-BR\"},{\"@type\":\"WebPage\",\"@id\":\"https:\/\/www.pm.pb.gov.br\/portal\/2023\/08\/21\/em-campina-grande-policia-militar-captura-quatro-foragidos-da-justica-procurados-por-violencia-domestica-trafico-latrocinio-e-porte-de-arma-de-fogo\/\",\"url\":\"https:\/\/www.pm.pb.gov.br\/portal\/2023\/08\/21\/em-campina-grande-policia-militar-captura-quatro-foragidos-da-justica-procurados-por-violencia-domestica-trafico-latrocinio-e-porte-de-arma-de-fogo\/\",\"name\":\"Em Campina Grande, Pol\u00edcia Militar captura quatro foragidos da Justi\u00e7a procurados por viol\u00eancia dom\u00e9stica, tr\u00e1fico, latroc\u00ednio e porte de arma de fogo - Pol\u00edcia Militar da Para\u00edba\",\"isPartOf\":{\"@id\":\"https:\/\/www.pm.pb.gov.br\/portal\/#website\"},\"datePublished\":\"2023-08-21T04:59:00+00:00\",\"dateModified\":\"2023-08-21T19:02:07+00:00\",\"breadcrumb\":{\"@id\":\"https:\/\/www.pm.pb.gov.br\/portal\/2023\/08\/21\/em-campina-grande-policia-militar-captura-quatro-foragidos-da-justica-procurados-por-violencia-domestica-trafico-latrocinio-e-porte-de-arma-de-fogo\/#breadcrumb\"},\"inLanguage\":\"pt-BR\",\"potentialAction\":[{\"@type\":\"ReadAction\",\"target\":[\"https:\/\/www.pm.pb.gov.br\/portal\/2023\/08\/21\/em-campina-grande-policia-militar-captura-quatro-foragidos-da-justica-procurados-por-violencia-domestica-trafico-latrocinio-e-porte-de-arma-de-fogo\/\"]}]},{\"@type\":\"BreadcrumbList\",\"@id\":\"https:\/\/www.pm.pb.gov.br\/portal\/2023\/08\/21\/em-campina-grande-policia-militar-captura-quatro-foragidos-da-justica-procurados-por-violencia-domestica-trafico-latrocinio-e-porte-de-arma-de-fogo\/#breadcrumb\",\"itemListElement\":[{\"@type\":\"ListItem\",\"position\":1,\"name\":\"In\u00edcio\",\"item\":\"https:\/\/www.pm.pb.gov.br\/portal\/\"},{\"@type\":\"ListItem\",\"position\":2,\"name\":\"Em Campina Grande, Pol\u00edcia Militar captura quatro foragidos da Justi\u00e7a procurados por viol\u00eancia dom\u00e9stica, tr\u00e1fico, latroc\u00ednio e porte de arma de fogo\"}]},{\"@type\":\"WebSite\",\"@id\":\"https:\/\/www.pm.pb.gov.br\/portal\/#website\",\"url\":\"https:\/\/www.pm.pb.gov.br\/portal\/\",\"name\":\"Pol\u00edcia Militar da Para\u00edba\",\"description\":\"\",\"publisher\":{\"@id\":\"https:\/\/www.pm.pb.gov.br\/portal\/#organization\"},\"potentialAction\":[{\"@type\":\"SearchAction\",\"target\":{\"@type\":\"EntryPoint\",\"urlTemplate\":\"https:\/\/www.pm.pb.gov.br\/portal\/?s={search_term_string}\"},\"query-input\":\"required name=search_term_string\"}],\"inLanguage\":\"pt-BR\"},{\"@type\":\"Organization\",\"@id\":\"https:\/\/www.pm.pb.gov.br\/portal\/#organization\",\"name\":\"Pol\u00edcia Militar da Para\u00edba\",\"url\":\"https:\/\/www.pm.pb.gov.br\/portal\/\",\"logo\":{\"@type\":\"ImageObject\",\"inLanguage\":\"pt-BR\",\"@id\":\"https:\/\/www.pm.pb.gov.br\/portal\/#\/schema\/logo\/image\/\",\"url\":\"https:\/\/www.pm.pb.gov.br\/portal\/wp-content\/uploads\/2025\/03\/cropped-logo-site-mag2-1.png\",\"contentUrl\":\"https:\/\/www.pm.pb.gov.br\/portal\/wp-content\/uploads\/2025\/03\/cropped-logo-site-mag2-1.png\",\"width\":320,\"height\":90,\"caption\":\"Pol\u00edcia Militar da Para\u00edba\"},\"image\":{\"@id\":\"https:\/\/www.pm.pb.gov.br\/portal\/#\/schema\/logo\/image\/\"}},{\"@type\":\"Person\",\"@id\":\"https:\/\/www.pm.pb.gov.br\/portal\/#\/schema\/person\/f84f56dcc78ce4357054da888b8247fd\",\"name\":\"Tarcisio Oliveira\",\"image\":{\"@type\":\"ImageObject\",\"inLanguage\":\"pt-BR\",\"@id\":\"https:\/\/www.pm.pb.gov.br\/portal\/#\/schema\/person\/image\/\",\"url\":\"https:\/\/secure.gravatar.com\/avatar\/72917b630b69d31cd0297507f34bac97?s=96&d=mm&r=g\",\"contentUrl\":\"https:\/\/secure.gravatar.com\/avatar\/72917b630b69d31cd0297507f34bac97?s=96&d=mm&r=g\",\"caption\":\"Tarcisio Oliveira\"},\"url\":\"https:\/\/www.pm.pb.gov.br\/portal\/author\/tarcisio\/\"}]}<\/script>\n<!-- \/ Yoast SEO plugin. -->","yoast_head_json":{"title":"Em Campina Grande, Pol\u00edcia Militar captura quatro foragidos da Justi\u00e7a procurados por viol\u00eancia dom\u00e9stica, tr\u00e1fico, latroc\u00ednio e porte de arma de fogo - Pol\u00edcia Militar da Para\u00edba","robots":{"index":"index","follow":"follow","max-snippet":"max-snippet:-1","max-image-preview":"max-image-preview:large","max-video-preview":"max-video-preview:-1"},"canonical":"https:\/\/www.pm.pb.gov.br\/portal\/2023\/08\/21\/em-campina-grande-policia-militar-captura-quatro-foragidos-da-justica-procurados-por-violencia-domestica-trafico-latrocinio-e-porte-de-arma-de-fogo\/","og_locale":"pt_BR","og_type":"article","og_title":"Em Campina Grande, Pol\u00edcia Militar captura quatro foragidos da Justi\u00e7a procurados por viol\u00eancia dom\u00e9stica, tr\u00e1fico, latroc\u00ednio e porte de arma de fogo - Pol\u00edcia Militar da Para\u00edba","og_description":"A Pol\u00edcia Militar capturou quatro foragidos da Justi\u00e7a em Campina Grande, da noite da \u00faltima sexta-feira (18), at\u00e9 a noite","og_url":"https:\/\/www.pm.pb.gov.br\/portal\/2023\/08\/21\/em-campina-grande-policia-militar-captura-quatro-foragidos-da-justica-procurados-por-violencia-domestica-trafico-latrocinio-e-porte-de-arma-de-fogo\/","og_site_name":"Pol\u00edcia Militar da Para\u00edba","article_published_time":"2023-08-21T04:59:00+00:00","article_modified_time":"2023-08-21T19:02:07+00:00","og_image":[{"width":800,"height":445,"url":"http:\/\/www.pm.pb.gov.br\/portal\/wp-content\/uploads\/2023\/01\/10bpm1s.jpeg","type":"image\/jpeg"}],"author":"Tarcisio Oliveira","twitter_card":"summary_large_image","twitter_misc":{"Escrito por":"Tarcisio Oliveira","Est. tempo de leitura":"1 minuto"},"schema":{"@context":"https:\/\/schema.org","@graph":[{"@type":"Article","@id":"https:\/\/www.pm.pb.gov.br\/portal\/2023\/08\/21\/em-campina-grande-policia-militar-captura-quatro-foragidos-da-justica-procurados-por-violencia-domestica-trafico-latrocinio-e-porte-de-arma-de-fogo\/#article","isPartOf":{"@id":"https:\/\/www.pm.pb.gov.br\/portal\/2023\/08\/21\/em-campina-grande-policia-militar-captura-quatro-foragidos-da-justica-procurados-por-violencia-domestica-trafico-latrocinio-e-porte-de-arma-de-fogo\/"},"author":{"name":"Tarcisio Oliveira","@id":"https:\/\/www.pm.pb.gov.br\/portal\/#\/schema\/person\/f84f56dcc78ce4357054da888b8247fd"},"headline":"Em Campina Grande, Pol\u00edcia Militar captura quatro foragidos da Justi\u00e7a procurados por viol\u00eancia dom\u00e9stica, tr\u00e1fico, latroc\u00ednio e porte de arma de fogo","datePublished":"2023-08-21T04:59:00+00:00","dateModified":"2023-08-21T19:02:07+00:00","mainEntityOfPage":{"@id":"https:\/\/www.pm.pb.gov.br\/portal\/2023\/08\/21\/em-campina-grande-policia-militar-captura-quatro-foragidos-da-justica-procurados-por-violencia-domestica-trafico-latrocinio-e-porte-de-arma-de-fogo\/"},"wordCount":168,"publisher":{"@id":"https:\/\/www.pm.pb.gov.br\/portal\/#organization"},"articleSection":["A\u00e7\u00f5es Policiais"],"inLanguage":"pt-BR"},{"@type":"WebPage","@id":"https:\/\/www.pm.pb.gov.br\/portal\/2023\/08\/21\/em-campina-grande-policia-militar-captura-quatro-foragidos-da-justica-procurados-por-violencia-domestica-trafico-latrocinio-e-porte-de-arma-de-fogo\/","url":"https:\/\/www.pm.pb.gov.br\/portal\/2023\/08\/21\/em-campina-grande-policia-militar-captura-quatro-foragidos-da-justica-procurados-por-violencia-domestica-trafico-latrocinio-e-porte-de-arma-de-fogo\/","name":"Em Campina Grande, Pol\u00edcia Militar captura quatro foragidos da Justi\u00e7a procurados por viol\u00eancia dom\u00e9stica, tr\u00e1fico, latroc\u00ednio e porte de arma de fogo - Pol\u00edcia Militar da Para\u00edba","isPartOf":{"@id":"https:\/\/www.pm.pb.gov.br\/portal\/#website"},"datePublished":"2023-08-21T04:59:00+00:00","dateModified":"2023-08-21T19:02:07+00:00","breadcrumb":{"@id":"https:\/\/www.pm.pb.gov.br\/portal\/2023\/08\/21\/em-campina-grande-policia-militar-captura-quatro-foragidos-da-justica-procurados-por-violencia-domestica-trafico-latrocinio-e-porte-de-arma-de-fogo\/#breadcrumb"},"inLanguage":"pt-BR","potentialAction":[{"@type":"ReadAction","target":["https:\/\/www.pm.pb.gov.br\/portal\/2023\/08\/21\/em-campina-grande-policia-militar-captura-quatro-foragidos-da-justica-procurados-por-violencia-domestica-trafico-latrocinio-e-porte-de-arma-de-fogo\/"]}]},{"@type":"BreadcrumbList","@id":"https:\/\/www.pm.pb.gov.br\/portal\/2023\/08\/21\/em-campina-grande-policia-militar-captura-quatro-foragidos-da-justica-procurados-por-violencia-domestica-trafico-latrocinio-e-porte-de-arma-de-fogo\/#breadcrumb","itemListElement":[{"@type":"ListItem","position":1,"name":"In\u00edcio","item":"https:\/\/www.pm.pb.gov.br\/portal\/"},{"@type":"ListItem","position":2,"name":"Em Campina Grande, Pol\u00edcia Militar captura quatro foragidos da Justi\u00e7a procurados por viol\u00eancia dom\u00e9stica, tr\u00e1fico, latroc\u00ednio e porte de arma de fogo"}]},{"@type":"WebSite","@id":"https:\/\/www.pm.pb.gov.br\/portal\/#website","url":"https:\/\/www.pm.pb.gov.br\/portal\/","name":"Pol\u00edcia Militar da Para\u00edba","description":"","publisher":{"@id":"https:\/\/www.pm.pb.gov.br\/portal\/#organization"},"potentialAction":[{"@type":"SearchAction","target":{"@type":"EntryPoint","urlTemplate":"https:\/\/www.pm.pb.gov.br\/portal\/?s={search_term_string}"},"query-input":"required name=search_term_string"}],"inLanguage":"pt-BR"},{"@type":"Organization","@id":"https:\/\/www.pm.pb.gov.br\/portal\/#organization","name":"Pol\u00edcia Militar da Para\u00edba","url":"https:\/\/www.pm.pb.gov.br\/portal\/","logo":{"@type":"ImageObject","inLanguage":"pt-BR","@id":"https:\/\/www.pm.pb.gov.br\/portal\/#\/schema\/logo\/image\/","url":"https:\/\/www.pm.pb.gov.br\/portal\/wp-content\/uploads\/2025\/03\/cropped-logo-site-mag2-1.png","contentUrl":"https:\/\/www.pm.pb.gov.br\/portal\/wp-content\/uploads\/2025\/03\/cropped-logo-site-mag2-1.png","width":320,"height":90,"caption":"Pol\u00edcia Militar da Para\u00edba"},"image":{"@id":"https:\/\/www.pm.pb.gov.br\/portal\/#\/schema\/logo\/image\/"}},{"@type":"Person","@id":"https:\/\/www.pm.pb.gov.br\/portal\/#\/schema\/person\/f84f56dcc78ce4357054da888b8247fd","name":"Tarcisio Oliveira","image":{"@type":"ImageObject","inLanguage":"pt-BR","@id":"https:\/\/www.pm.pb.gov.br\/portal\/#\/schema\/person\/image\/","url":"https:\/\/secure.gravatar.com\/avatar\/72917b630b69d31cd0297507f34bac97?s=96&d=mm&r=g","contentUrl":"https:\/\/secure.gravatar.com\/avatar\/72917b630b69d31cd0297507f34bac97?s=96&d=mm&r=g","caption":"Tarcisio Oliveira"},"url":"https:\/\/www.pm.pb.gov.br\/portal\/author\/tarcisio\/"}]}},"_links":{"self":[{"href":"https:\/\/www.pm.pb.gov.br\/portal\/wp-json\/wp\/v2\/posts\/917885"}],"collection":[{"href":"https:\/\/www.pm.pb.gov.br\/portal\/wp-json\/wp\/v2\/posts"}],"about":[{"href":"https:\/\/www.pm.pb.gov.br\/portal\/wp-json\/wp\/v2\/types\/post"}],"author":[{"embeddable":true,"href":"https:\/\/www.pm.pb.gov.br\/portal\/wp-json\/wp\/v2\/users\/12"}],"replies":[{"embeddable":true,"href":"https:\/\/www.pm.pb.gov.br\/portal\/wp-json\/wp\/v2\/comments?post=917885"}],"version-history":[{"count":1,"href":"https:\/\/www.pm.pb.gov.br\/portal\/wp-json\/wp\/v2\/posts\/917885\/revisions"}],"predecessor-version":[{"id":917886,"href":"https:\/\/www.pm.pb.gov.br\/portal\/wp-json\/wp\/v2\/posts\/917885\/revisions\/917886"}],"wp:featuredmedia":[{"embeddable":true,"href":"https:\/\/www.pm.pb.gov.br\/portal\/wp-json\/wp\/v2\/media\/915348"}],"wp:attachment":[{"href":"https:\/\/www.pm.pb.gov.br\/portal\/wp-json\/wp\/v2\/media?parent=917885"}],"wp:term":[{"taxonomy":"category","embeddable":true,"href":"https:\/\/www.pm.pb.gov.br\/portal\/wp-json\/wp\/v2\/categories?post=917885"},{"taxonomy":"post_tag","embeddable":true,"href":"https:\/\/www.pm.pb.gov.br\/portal\/wp-json\/wp\/v2\/tags?post=917885"}],"curies":[{"name":"wp","href":"https:\/\/api.w.org\/{rel}","templated":true}]}}