{"id":917849,"date":"2023-08-16T18:09:00","date_gmt":"2023-08-16T21:09:00","guid":{"rendered":"https:\/\/www.pm.pb.gov.br\/portal\/?p=917849"},"modified":"2023-08-18T16:23:31","modified_gmt":"2023-08-18T19:23:31","slug":"gestao-policia-militar-entrega-plano-plurianual-a-secretaria-de-planejamento-da-paraiba","status":"publish","type":"post","link":"https:\/\/www.pm.pb.gov.br\/portal\/2023\/08\/16\/gestao-policia-militar-entrega-plano-plurianual-a-secretaria-de-planejamento-da-paraiba\/","title":{"rendered":"GEST\u00c3O: Pol\u00edcia Militar entrega Plano Plurianual \u00e0 Secretaria de Planejamento da Para\u00edba"},"content":{"rendered":"\n\n\n<p>Em mais um passo no fortalecimento institucional e na gest\u00e3o administrativa, a Pol\u00edcia Militar entregou, na tarde da \u00faltima quarta-feira (16), o Plano Plurianual da PMPB ao secret\u00e1rio de planejamento, or\u00e7amento e gest\u00e3o do estado, Gilmar Martins. Pe\u00e7a fundamental para as diretrizes financeiras e de gest\u00e3o dos anos de 2024 \u00e0 2027, o Plano deve integrar demais diretrizes de or\u00e7amento das For\u00e7as de Seguran\u00e7a.<\/p>\n<p>A entrega do documento ocorreu no Quartel do Comando Geral da institui\u00e7\u00e3o, em Cabedelo, e foi acompanhada por oficiais de setores estrat\u00e9gicos, Diretorias e Coordenadorias, al\u00e9m de professores e especialistas no tema, que auxiliaram na constru\u00e7\u00e3o da pe\u00e7a (foto abaixo). O comandante-geral da PM, coronel S\u00e9rgio Fonseca, foi representado pelo subcomandante-geral da institui\u00e7\u00e3o, coronel Ronildo.\u00a0<\/p>\n<p><img loading=\"lazy\" decoding=\"async\" class=\" wp-image-917851 aligncenter\" src=\"http:\/\/www.pm.pb.gov.br\/portal\/wp-content\/uploads\/2023\/08\/ppa1-667x445.jpg\" alt=\"\" width=\"618\" height=\"412\" srcset=\"https:\/\/www.pm.pb.gov.br\/portal\/wp-content\/uploads\/2023\/08\/ppa1-667x445.jpg 667w, https:\/\/www.pm.pb.gov.br\/portal\/wp-content\/uploads\/2023\/08\/ppa1-855x570.jpg 855w, https:\/\/www.pm.pb.gov.br\/portal\/wp-content\/uploads\/2023\/08\/ppa1-768x512.jpg 768w, https:\/\/www.pm.pb.gov.br\/portal\/wp-content\/uploads\/2023\/08\/ppa1-272x182.jpg 272w, https:\/\/www.pm.pb.gov.br\/portal\/wp-content\/uploads\/2023\/08\/ppa1.jpg 1024w\" sizes=\"(max-width: 618px) 100vw, 618px\" \/><\/p>\n<p>Durante a reuni\u00e3o, o secret\u00e1rio de planejamento e gest\u00e3o parabenizou a institui\u00e7\u00e3o pelo documento entregue e pelo conte\u00fado da pe\u00e7a (nas fotos acima e abaixo). \u201cO trabalho apresentado pelo Comando da Pol\u00edcia Militar ser\u00e1 uma refer\u00eancia para as demais institui\u00e7\u00f5es. Naturalmente vamos discutir todas as propostas de planos das For\u00e7as de Seguran\u00e7a com o secret\u00e1rio de Seguran\u00e7a Jean Nunes e, de forma conclusiva, com o governador do Estado\u201d, afirmou.<\/p>\n<p>\u201cEstamos apresentando o Plano com a certeza de que estamos fazendo a nossa parte, e mostrando o que realmente buscamos para os pr\u00f3ximos anos\u201d, disse o coronel Ronildo, sobre o documento que aponta metas, objetivos e indicadores da institui\u00e7\u00e3o para a gest\u00e3o, administra\u00e7\u00e3o e recursos financeiros.<\/p>\n<p><img loading=\"lazy\" decoding=\"async\" class=\" wp-image-917852 aligncenter\" src=\"http:\/\/www.pm.pb.gov.br\/portal\/wp-content\/uploads\/2023\/08\/DSC09589-659x445.jpg\" alt=\"\" width=\"561\" height=\"379\" srcset=\"https:\/\/www.pm.pb.gov.br\/portal\/wp-content\/uploads\/2023\/08\/DSC09589-659x445.jpg 659w, https:\/\/www.pm.pb.gov.br\/portal\/wp-content\/uploads\/2023\/08\/DSC09589-845x570.jpg 845w, https:\/\/www.pm.pb.gov.br\/portal\/wp-content\/uploads\/2023\/08\/DSC09589-768x518.jpg 768w, https:\/\/www.pm.pb.gov.br\/portal\/wp-content\/uploads\/2023\/08\/DSC09589-1536x1037.jpg 1536w, https:\/\/www.pm.pb.gov.br\/portal\/wp-content\/uploads\/2023\/08\/DSC09589-2048x1382.jpg 2048w\" sizes=\"(max-width: 561px) 100vw, 561px\" \/><\/p>\n","protected":false},"excerpt":{"rendered":"<p>Em mais um passo no fortalecimento institucional e na gest\u00e3o administrativa, a Pol\u00edcia Militar entregou, na tarde da \u00faltima quarta-feira<\/p>\n","protected":false},"author":12,"featured_media":917850,"comment_status":"closed","ping_status":"closed","sticky":false,"template":"","format":"standard","meta":{"_exactmetrics_skip_tracking":false,"_exactmetrics_sitenote_active":false,"_exactmetrics_sitenote_note":"","_exactmetrics_sitenote_category":0,"footnotes":""},"categories":[29],"tags":[],"yoast_head":"<!-- This site is optimized with the Yoast SEO plugin v22.0 - https:\/\/yoast.com\/wordpress\/plugins\/seo\/ -->\n<title>GEST\u00c3O: Pol\u00edcia Militar entrega Plano Plurianual \u00e0 Secretaria de Planejamento da Para\u00edba - Pol\u00edcia Militar da Para\u00edba<\/title>\n<meta name=\"robots\" content=\"index, follow, max-snippet:-1, max-image-preview:large, max-video-preview:-1\" \/>\n<link rel=\"canonical\" href=\"https:\/\/www.pm.pb.gov.br\/portal\/2023\/08\/16\/gestao-policia-militar-entrega-plano-plurianual-a-secretaria-de-planejamento-da-paraiba\/\" \/>\n<meta property=\"og:locale\" content=\"pt_BR\" \/>\n<meta property=\"og:type\" content=\"article\" \/>\n<meta property=\"og:title\" content=\"GEST\u00c3O: Pol\u00edcia Militar entrega Plano Plurianual \u00e0 Secretaria de Planejamento da Para\u00edba - Pol\u00edcia Militar da Para\u00edba\" \/>\n<meta property=\"og:description\" content=\"Em mais um passo no fortalecimento institucional e na gest\u00e3o administrativa, a Pol\u00edcia Militar entregou, na tarde da \u00faltima quarta-feira\" \/>\n<meta property=\"og:url\" content=\"https:\/\/www.pm.pb.gov.br\/portal\/2023\/08\/16\/gestao-policia-militar-entrega-plano-plurianual-a-secretaria-de-planejamento-da-paraiba\/\" \/>\n<meta property=\"og:site_name\" content=\"Pol\u00edcia Militar da Para\u00edba\" \/>\n<meta property=\"article:published_time\" content=\"2023-08-16T21:09:00+00:00\" \/>\n<meta property=\"article:modified_time\" content=\"2023-08-18T19:23:31+00:00\" \/>\n<meta property=\"og:image\" content=\"http:\/\/www.pm.pb.gov.br\/portal\/wp-content\/uploads\/2023\/08\/ppa.jpg\" \/>\n\t<meta property=\"og:image:width\" content=\"800\" \/>\n\t<meta property=\"og:image:height\" content=\"445\" \/>\n\t<meta property=\"og:image:type\" content=\"image\/jpeg\" \/>\n<meta name=\"author\" content=\"Tarcisio Oliveira\" \/>\n<meta name=\"twitter:card\" content=\"summary_large_image\" \/>\n<meta name=\"twitter:label1\" content=\"Escrito por\" \/>\n\t<meta name=\"twitter:data1\" content=\"Tarcisio Oliveira\" \/>\n\t<meta name=\"twitter:label2\" content=\"Est. tempo de leitura\" \/>\n\t<meta name=\"twitter:data2\" content=\"2 minutos\" \/>\n<script type=\"application\/ld+json\" class=\"yoast-schema-graph\">{\"@context\":\"https:\/\/schema.org\",\"@graph\":[{\"@type\":\"Article\",\"@id\":\"https:\/\/www.pm.pb.gov.br\/portal\/2023\/08\/16\/gestao-policia-militar-entrega-plano-plurianual-a-secretaria-de-planejamento-da-paraiba\/#article\",\"isPartOf\":{\"@id\":\"https:\/\/www.pm.pb.gov.br\/portal\/2023\/08\/16\/gestao-policia-militar-entrega-plano-plurianual-a-secretaria-de-planejamento-da-paraiba\/\"},\"author\":{\"name\":\"Tarcisio Oliveira\",\"@id\":\"https:\/\/www.pm.pb.gov.br\/portal\/#\/schema\/person\/f84f56dcc78ce4357054da888b8247fd\"},\"headline\":\"GEST\u00c3O: Pol\u00edcia Militar entrega Plano Plurianual \u00e0 Secretaria de Planejamento da Para\u00edba\",\"datePublished\":\"2023-08-16T21:09:00+00:00\",\"dateModified\":\"2023-08-18T19:23:31+00:00\",\"mainEntityOfPage\":{\"@id\":\"https:\/\/www.pm.pb.gov.br\/portal\/2023\/08\/16\/gestao-policia-militar-entrega-plano-plurianual-a-secretaria-de-planejamento-da-paraiba\/\"},\"wordCount\":278,\"publisher\":{\"@id\":\"https:\/\/www.pm.pb.gov.br\/portal\/#organization\"},\"articleSection\":[\"Gest\u00e3o e planejamento\"],\"inLanguage\":\"pt-BR\"},{\"@type\":\"WebPage\",\"@id\":\"https:\/\/www.pm.pb.gov.br\/portal\/2023\/08\/16\/gestao-policia-militar-entrega-plano-plurianual-a-secretaria-de-planejamento-da-paraiba\/\",\"url\":\"https:\/\/www.pm.pb.gov.br\/portal\/2023\/08\/16\/gestao-policia-militar-entrega-plano-plurianual-a-secretaria-de-planejamento-da-paraiba\/\",\"name\":\"GEST\u00c3O: Pol\u00edcia Militar entrega Plano Plurianual \u00e0 Secretaria de Planejamento da Para\u00edba - Pol\u00edcia Militar da Para\u00edba\",\"isPartOf\":{\"@id\":\"https:\/\/www.pm.pb.gov.br\/portal\/#website\"},\"datePublished\":\"2023-08-16T21:09:00+00:00\",\"dateModified\":\"2023-08-18T19:23:31+00:00\",\"breadcrumb\":{\"@id\":\"https:\/\/www.pm.pb.gov.br\/portal\/2023\/08\/16\/gestao-policia-militar-entrega-plano-plurianual-a-secretaria-de-planejamento-da-paraiba\/#breadcrumb\"},\"inLanguage\":\"pt-BR\",\"potentialAction\":[{\"@type\":\"ReadAction\",\"target\":[\"https:\/\/www.pm.pb.gov.br\/portal\/2023\/08\/16\/gestao-policia-militar-entrega-plano-plurianual-a-secretaria-de-planejamento-da-paraiba\/\"]}]},{\"@type\":\"BreadcrumbList\",\"@id\":\"https:\/\/www.pm.pb.gov.br\/portal\/2023\/08\/16\/gestao-policia-militar-entrega-plano-plurianual-a-secretaria-de-planejamento-da-paraiba\/#breadcrumb\",\"itemListElement\":[{\"@type\":\"ListItem\",\"position\":1,\"name\":\"In\u00edcio\",\"item\":\"https:\/\/www.pm.pb.gov.br\/portal\/\"},{\"@type\":\"ListItem\",\"position\":2,\"name\":\"GEST\u00c3O: Pol\u00edcia Militar entrega Plano Plurianual \u00e0 Secretaria de Planejamento da Para\u00edba\"}]},{\"@type\":\"WebSite\",\"@id\":\"https:\/\/www.pm.pb.gov.br\/portal\/#website\",\"url\":\"https:\/\/www.pm.pb.gov.br\/portal\/\",\"name\":\"Pol\u00edcia Militar da Para\u00edba\",\"description\":\"\",\"publisher\":{\"@id\":\"https:\/\/www.pm.pb.gov.br\/portal\/#organization\"},\"potentialAction\":[{\"@type\":\"SearchAction\",\"target\":{\"@type\":\"EntryPoint\",\"urlTemplate\":\"https:\/\/www.pm.pb.gov.br\/portal\/?s={search_term_string}\"},\"query-input\":\"required name=search_term_string\"}],\"inLanguage\":\"pt-BR\"},{\"@type\":\"Organization\",\"@id\":\"https:\/\/www.pm.pb.gov.br\/portal\/#organization\",\"name\":\"Pol\u00edcia Militar da Para\u00edba\",\"url\":\"https:\/\/www.pm.pb.gov.br\/portal\/\",\"logo\":{\"@type\":\"ImageObject\",\"inLanguage\":\"pt-BR\",\"@id\":\"https:\/\/www.pm.pb.gov.br\/portal\/#\/schema\/logo\/image\/\",\"url\":\"https:\/\/www.pm.pb.gov.br\/portal\/wp-content\/uploads\/2025\/03\/cropped-logo-site-mag2-1.png\",\"contentUrl\":\"https:\/\/www.pm.pb.gov.br\/portal\/wp-content\/uploads\/2025\/03\/cropped-logo-site-mag2-1.png\",\"width\":320,\"height\":90,\"caption\":\"Pol\u00edcia Militar da Para\u00edba\"},\"image\":{\"@id\":\"https:\/\/www.pm.pb.gov.br\/portal\/#\/schema\/logo\/image\/\"}},{\"@type\":\"Person\",\"@id\":\"https:\/\/www.pm.pb.gov.br\/portal\/#\/schema\/person\/f84f56dcc78ce4357054da888b8247fd\",\"name\":\"Tarcisio Oliveira\",\"image\":{\"@type\":\"ImageObject\",\"inLanguage\":\"pt-BR\",\"@id\":\"https:\/\/www.pm.pb.gov.br\/portal\/#\/schema\/person\/image\/\",\"url\":\"https:\/\/secure.gravatar.com\/avatar\/72917b630b69d31cd0297507f34bac97?s=96&d=mm&r=g\",\"contentUrl\":\"https:\/\/secure.gravatar.com\/avatar\/72917b630b69d31cd0297507f34bac97?s=96&d=mm&r=g\",\"caption\":\"Tarcisio Oliveira\"},\"url\":\"https:\/\/www.pm.pb.gov.br\/portal\/author\/tarcisio\/\"}]}<\/script>\n<!-- \/ Yoast SEO plugin. -->","yoast_head_json":{"title":"GEST\u00c3O: Pol\u00edcia Militar entrega Plano Plurianual \u00e0 Secretaria de Planejamento da Para\u00edba - Pol\u00edcia Militar da Para\u00edba","robots":{"index":"index","follow":"follow","max-snippet":"max-snippet:-1","max-image-preview":"max-image-preview:large","max-video-preview":"max-video-preview:-1"},"canonical":"https:\/\/www.pm.pb.gov.br\/portal\/2023\/08\/16\/gestao-policia-militar-entrega-plano-plurianual-a-secretaria-de-planejamento-da-paraiba\/","og_locale":"pt_BR","og_type":"article","og_title":"GEST\u00c3O: Pol\u00edcia Militar entrega Plano Plurianual \u00e0 Secretaria de Planejamento da Para\u00edba - Pol\u00edcia Militar da Para\u00edba","og_description":"Em mais um passo no fortalecimento institucional e na gest\u00e3o administrativa, a Pol\u00edcia Militar entregou, na tarde da \u00faltima quarta-feira","og_url":"https:\/\/www.pm.pb.gov.br\/portal\/2023\/08\/16\/gestao-policia-militar-entrega-plano-plurianual-a-secretaria-de-planejamento-da-paraiba\/","og_site_name":"Pol\u00edcia Militar da Para\u00edba","article_published_time":"2023-08-16T21:09:00+00:00","article_modified_time":"2023-08-18T19:23:31+00:00","og_image":[{"width":800,"height":445,"url":"http:\/\/www.pm.pb.gov.br\/portal\/wp-content\/uploads\/2023\/08\/ppa.jpg","type":"image\/jpeg"}],"author":"Tarcisio Oliveira","twitter_card":"summary_large_image","twitter_misc":{"Escrito por":"Tarcisio Oliveira","Est. tempo de leitura":"2 minutos"},"schema":{"@context":"https:\/\/schema.org","@graph":[{"@type":"Article","@id":"https:\/\/www.pm.pb.gov.br\/portal\/2023\/08\/16\/gestao-policia-militar-entrega-plano-plurianual-a-secretaria-de-planejamento-da-paraiba\/#article","isPartOf":{"@id":"https:\/\/www.pm.pb.gov.br\/portal\/2023\/08\/16\/gestao-policia-militar-entrega-plano-plurianual-a-secretaria-de-planejamento-da-paraiba\/"},"author":{"name":"Tarcisio Oliveira","@id":"https:\/\/www.pm.pb.gov.br\/portal\/#\/schema\/person\/f84f56dcc78ce4357054da888b8247fd"},"headline":"GEST\u00c3O: Pol\u00edcia Militar entrega Plano Plurianual \u00e0 Secretaria de Planejamento da Para\u00edba","datePublished":"2023-08-16T21:09:00+00:00","dateModified":"2023-08-18T19:23:31+00:00","mainEntityOfPage":{"@id":"https:\/\/www.pm.pb.gov.br\/portal\/2023\/08\/16\/gestao-policia-militar-entrega-plano-plurianual-a-secretaria-de-planejamento-da-paraiba\/"},"wordCount":278,"publisher":{"@id":"https:\/\/www.pm.pb.gov.br\/portal\/#organization"},"articleSection":["Gest\u00e3o e planejamento"],"inLanguage":"pt-BR"},{"@type":"WebPage","@id":"https:\/\/www.pm.pb.gov.br\/portal\/2023\/08\/16\/gestao-policia-militar-entrega-plano-plurianual-a-secretaria-de-planejamento-da-paraiba\/","url":"https:\/\/www.pm.pb.gov.br\/portal\/2023\/08\/16\/gestao-policia-militar-entrega-plano-plurianual-a-secretaria-de-planejamento-da-paraiba\/","name":"GEST\u00c3O: Pol\u00edcia Militar entrega Plano Plurianual \u00e0 Secretaria de Planejamento da Para\u00edba - Pol\u00edcia Militar da Para\u00edba","isPartOf":{"@id":"https:\/\/www.pm.pb.gov.br\/portal\/#website"},"datePublished":"2023-08-16T21:09:00+00:00","dateModified":"2023-08-18T19:23:31+00:00","breadcrumb":{"@id":"https:\/\/www.pm.pb.gov.br\/portal\/2023\/08\/16\/gestao-policia-militar-entrega-plano-plurianual-a-secretaria-de-planejamento-da-paraiba\/#breadcrumb"},"inLanguage":"pt-BR","potentialAction":[{"@type":"ReadAction","target":["https:\/\/www.pm.pb.gov.br\/portal\/2023\/08\/16\/gestao-policia-militar-entrega-plano-plurianual-a-secretaria-de-planejamento-da-paraiba\/"]}]},{"@type":"BreadcrumbList","@id":"https:\/\/www.pm.pb.gov.br\/portal\/2023\/08\/16\/gestao-policia-militar-entrega-plano-plurianual-a-secretaria-de-planejamento-da-paraiba\/#breadcrumb","itemListElement":[{"@type":"ListItem","position":1,"name":"In\u00edcio","item":"https:\/\/www.pm.pb.gov.br\/portal\/"},{"@type":"ListItem","position":2,"name":"GEST\u00c3O: Pol\u00edcia Militar entrega Plano Plurianual \u00e0 Secretaria de Planejamento da Para\u00edba"}]},{"@type":"WebSite","@id":"https:\/\/www.pm.pb.gov.br\/portal\/#website","url":"https:\/\/www.pm.pb.gov.br\/portal\/","name":"Pol\u00edcia Militar da Para\u00edba","description":"","publisher":{"@id":"https:\/\/www.pm.pb.gov.br\/portal\/#organization"},"potentialAction":[{"@type":"SearchAction","target":{"@type":"EntryPoint","urlTemplate":"https:\/\/www.pm.pb.gov.br\/portal\/?s={search_term_string}"},"query-input":"required name=search_term_string"}],"inLanguage":"pt-BR"},{"@type":"Organization","@id":"https:\/\/www.pm.pb.gov.br\/portal\/#organization","name":"Pol\u00edcia Militar da Para\u00edba","url":"https:\/\/www.pm.pb.gov.br\/portal\/","logo":{"@type":"ImageObject","inLanguage":"pt-BR","@id":"https:\/\/www.pm.pb.gov.br\/portal\/#\/schema\/logo\/image\/","url":"https:\/\/www.pm.pb.gov.br\/portal\/wp-content\/uploads\/2025\/03\/cropped-logo-site-mag2-1.png","contentUrl":"https:\/\/www.pm.pb.gov.br\/portal\/wp-content\/uploads\/2025\/03\/cropped-logo-site-mag2-1.png","width":320,"height":90,"caption":"Pol\u00edcia Militar da Para\u00edba"},"image":{"@id":"https:\/\/www.pm.pb.gov.br\/portal\/#\/schema\/logo\/image\/"}},{"@type":"Person","@id":"https:\/\/www.pm.pb.gov.br\/portal\/#\/schema\/person\/f84f56dcc78ce4357054da888b8247fd","name":"Tarcisio Oliveira","image":{"@type":"ImageObject","inLanguage":"pt-BR","@id":"https:\/\/www.pm.pb.gov.br\/portal\/#\/schema\/person\/image\/","url":"https:\/\/secure.gravatar.com\/avatar\/72917b630b69d31cd0297507f34bac97?s=96&d=mm&r=g","contentUrl":"https:\/\/secure.gravatar.com\/avatar\/72917b630b69d31cd0297507f34bac97?s=96&d=mm&r=g","caption":"Tarcisio Oliveira"},"url":"https:\/\/www.pm.pb.gov.br\/portal\/author\/tarcisio\/"}]}},"_links":{"self":[{"href":"https:\/\/www.pm.pb.gov.br\/portal\/wp-json\/wp\/v2\/posts\/917849"}],"collection":[{"href":"https:\/\/www.pm.pb.gov.br\/portal\/wp-json\/wp\/v2\/posts"}],"about":[{"href":"https:\/\/www.pm.pb.gov.br\/portal\/wp-json\/wp\/v2\/types\/post"}],"author":[{"embeddable":true,"href":"https:\/\/www.pm.pb.gov.br\/portal\/wp-json\/wp\/v2\/users\/12"}],"replies":[{"embeddable":true,"href":"https:\/\/www.pm.pb.gov.br\/portal\/wp-json\/wp\/v2\/comments?post=917849"}],"version-history":[{"count":1,"href":"https:\/\/www.pm.pb.gov.br\/portal\/wp-json\/wp\/v2\/posts\/917849\/revisions"}],"predecessor-version":[{"id":917853,"href":"https:\/\/www.pm.pb.gov.br\/portal\/wp-json\/wp\/v2\/posts\/917849\/revisions\/917853"}],"wp:featuredmedia":[{"embeddable":true,"href":"https:\/\/www.pm.pb.gov.br\/portal\/wp-json\/wp\/v2\/media\/917850"}],"wp:attachment":[{"href":"https:\/\/www.pm.pb.gov.br\/portal\/wp-json\/wp\/v2\/media?parent=917849"}],"wp:term":[{"taxonomy":"category","embeddable":true,"href":"https:\/\/www.pm.pb.gov.br\/portal\/wp-json\/wp\/v2\/categories?post=917849"},{"taxonomy":"post_tag","embeddable":true,"href":"https:\/\/www.pm.pb.gov.br\/portal\/wp-json\/wp\/v2\/tags?post=917849"}],"curies":[{"name":"wp","href":"https:\/\/api.w.org\/{rel}","templated":true}]}}