{"id":917844,"date":"2023-08-17T23:36:13","date_gmt":"2023-08-18T02:36:13","guid":{"rendered":"https:\/\/www.pm.pb.gov.br\/portal\/?p=917844"},"modified":"2023-08-17T23:36:18","modified_gmt":"2023-08-18T02:36:18","slug":"subiu-para-10-o-numeros-de-presos-pela-pm-em-bayeux-nesta-semana","status":"publish","type":"post","link":"https:\/\/www.pm.pb.gov.br\/portal\/2023\/08\/17\/subiu-para-10-o-numeros-de-presos-pela-pm-em-bayeux-nesta-semana\/","title":{"rendered":"Subiu para 10 o n\u00fameros de presos pela PM em Bayeux nesta semana"},"content":{"rendered":"\n\n\n<p>Subiu para 10 o n\u00famero de acusados presos por roubos, tr\u00e1fico de drogas, porte ilegal de arma de fogo, entre outros crimes em Bayeux, nesta semana. Seis armas de fogo j\u00e1 foram apreendidas nas a\u00e7\u00f5es.<\/p>\n<p><img loading=\"lazy\" decoding=\"async\" class=\"size-medium wp-image-917845 aligncenter\" src=\"http:\/\/www.pm.pb.gov.br\/portal\/wp-content\/uploads\/2023\/08\/bayeux-250x445.jpg\" alt=\"\" width=\"250\" height=\"445\" srcset=\"https:\/\/www.pm.pb.gov.br\/portal\/wp-content\/uploads\/2023\/08\/bayeux-250x445.jpg 250w, https:\/\/www.pm.pb.gov.br\/portal\/wp-content\/uploads\/2023\/08\/bayeux-321x570.jpg 321w, https:\/\/www.pm.pb.gov.br\/portal\/wp-content\/uploads\/2023\/08\/bayeux.jpg 720w\" sizes=\"(max-width: 250px) 100vw, 250px\" \/><\/p>\n<p>A \u00faltima pris\u00e3o aconteceu na tarde da quinta-feira (17), quando policiais da For\u00e7a T\u00e1tica da 4\u00aa Companhia Independente localizaram um homem que estava com uma pistola municiada, e que tentou fugir mas foi detido pelas guarni\u00e7\u00f5es (foto acima). Outros dois criminosos foram presos e com eles dois rev\u00f3lveres apreendidos ainda durante a manh\u00e3 de quinta na Opera\u00e7\u00e3o Alvorada (foto abaixo), quando a PM frustrou um ataque de um grupo criminoso.<\/p>\n<p><img loading=\"lazy\" decoding=\"async\" class=\" wp-image-917838 aligncenter\" src=\"http:\/\/www.pm.pb.gov.br\/portal\/wp-content\/uploads\/2023\/08\/WhatsApp-Image-2023-08-17-at-8.53.46-AM-791x445.jpeg\" alt=\"\" width=\"709\" height=\"399\" srcset=\"https:\/\/www.pm.pb.gov.br\/portal\/wp-content\/uploads\/2023\/08\/WhatsApp-Image-2023-08-17-at-8.53.46-AM-791x445.jpeg 791w, https:\/\/www.pm.pb.gov.br\/portal\/wp-content\/uploads\/2023\/08\/WhatsApp-Image-2023-08-17-at-8.53.46-AM-1013x570.jpeg 1013w, https:\/\/www.pm.pb.gov.br\/portal\/wp-content\/uploads\/2023\/08\/WhatsApp-Image-2023-08-17-at-8.53.46-AM-768x432.jpeg 768w, https:\/\/www.pm.pb.gov.br\/portal\/wp-content\/uploads\/2023\/08\/WhatsApp-Image-2023-08-17-at-8.53.46-AM-1536x864.jpeg 1536w, https:\/\/www.pm.pb.gov.br\/portal\/wp-content\/uploads\/2023\/08\/WhatsApp-Image-2023-08-17-at-8.53.46-AM.jpeg 1600w\" sizes=\"(max-width: 709px) 100vw, 709px\" \/><\/p>\n<p><strong>Reincid\u00eancia \u2013<\/strong> De acordo com a 4\u00aa CIPM, o perfil dos criminosos detidos \u00e9 de pessoas que j\u00e1 cometeram outros delitos anteriormente, que t\u00eam envolvimento no tr\u00e1fico de drogas e homic\u00eddios, e que j\u00e1 estavam respondendo na Justi\u00e7a. Um dos presos durante a semana estava com a tornozeleira eletr\u00f4nica descarregada.<\/p>\n<p>Novas a\u00e7\u00f5es devem acontecer na regi\u00e3o com chegada do fim de semana, e de refor\u00e7o de tropas especializadas.<\/p>\n","protected":false},"excerpt":{"rendered":"<p>Subiu para 10 o n\u00famero de acusados presos por roubos, tr\u00e1fico de drogas, porte ilegal de arma de fogo, entre<\/p>\n","protected":false},"author":12,"featured_media":905134,"comment_status":"closed","ping_status":"closed","sticky":false,"template":"","format":"standard","meta":{"_exactmetrics_skip_tracking":false,"_exactmetrics_sitenote_active":false,"_exactmetrics_sitenote_note":"","_exactmetrics_sitenote_category":0,"footnotes":""},"categories":[4],"tags":[],"yoast_head":"<!-- This site is optimized with the Yoast SEO plugin v22.0 - https:\/\/yoast.com\/wordpress\/plugins\/seo\/ -->\n<title>Subiu para 10 o n\u00fameros de presos pela PM em Bayeux nesta semana - Pol\u00edcia Militar da Para\u00edba<\/title>\n<meta name=\"robots\" content=\"index, follow, max-snippet:-1, max-image-preview:large, max-video-preview:-1\" \/>\n<link rel=\"canonical\" href=\"https:\/\/www.pm.pb.gov.br\/portal\/2023\/08\/17\/subiu-para-10-o-numeros-de-presos-pela-pm-em-bayeux-nesta-semana\/\" \/>\n<meta property=\"og:locale\" content=\"pt_BR\" \/>\n<meta property=\"og:type\" content=\"article\" \/>\n<meta property=\"og:title\" content=\"Subiu para 10 o n\u00fameros de presos pela PM em Bayeux nesta semana - Pol\u00edcia Militar da Para\u00edba\" \/>\n<meta property=\"og:description\" content=\"Subiu para 10 o n\u00famero de acusados presos por roubos, tr\u00e1fico de drogas, porte ilegal de arma de fogo, entre\" \/>\n<meta property=\"og:url\" content=\"https:\/\/www.pm.pb.gov.br\/portal\/2023\/08\/17\/subiu-para-10-o-numeros-de-presos-pela-pm-em-bayeux-nesta-semana\/\" \/>\n<meta property=\"og:site_name\" content=\"Pol\u00edcia Militar da Para\u00edba\" \/>\n<meta property=\"article:published_time\" content=\"2023-08-18T02:36:13+00:00\" \/>\n<meta property=\"article:modified_time\" content=\"2023-08-18T02:36:18+00:00\" \/>\n<meta property=\"og:image\" content=\"http:\/\/www.pm.pb.gov.br\/portal\/wp-content\/uploads\/2020\/05\/bayeux.jpeg\" \/>\n\t<meta property=\"og:image:width\" content=\"800\" \/>\n\t<meta property=\"og:image:height\" content=\"445\" \/>\n\t<meta property=\"og:image:type\" content=\"image\/jpeg\" \/>\n<meta name=\"author\" content=\"Tarcisio Oliveira\" \/>\n<meta name=\"twitter:card\" content=\"summary_large_image\" \/>\n<meta name=\"twitter:label1\" content=\"Escrito por\" \/>\n\t<meta name=\"twitter:data1\" content=\"Tarcisio Oliveira\" \/>\n\t<meta name=\"twitter:label2\" content=\"Est. tempo de leitura\" \/>\n\t<meta name=\"twitter:data2\" content=\"2 minutos\" \/>\n<script type=\"application\/ld+json\" class=\"yoast-schema-graph\">{\"@context\":\"https:\/\/schema.org\",\"@graph\":[{\"@type\":\"Article\",\"@id\":\"https:\/\/www.pm.pb.gov.br\/portal\/2023\/08\/17\/subiu-para-10-o-numeros-de-presos-pela-pm-em-bayeux-nesta-semana\/#article\",\"isPartOf\":{\"@id\":\"https:\/\/www.pm.pb.gov.br\/portal\/2023\/08\/17\/subiu-para-10-o-numeros-de-presos-pela-pm-em-bayeux-nesta-semana\/\"},\"author\":{\"name\":\"Tarcisio Oliveira\",\"@id\":\"https:\/\/www.pm.pb.gov.br\/portal\/#\/schema\/person\/f84f56dcc78ce4357054da888b8247fd\"},\"headline\":\"Subiu para 10 o n\u00fameros de presos pela PM em Bayeux nesta semana\",\"datePublished\":\"2023-08-18T02:36:13+00:00\",\"dateModified\":\"2023-08-18T02:36:18+00:00\",\"mainEntityOfPage\":{\"@id\":\"https:\/\/www.pm.pb.gov.br\/portal\/2023\/08\/17\/subiu-para-10-o-numeros-de-presos-pela-pm-em-bayeux-nesta-semana\/\"},\"wordCount\":198,\"publisher\":{\"@id\":\"https:\/\/www.pm.pb.gov.br\/portal\/#organization\"},\"articleSection\":[\"A\u00e7\u00f5es Policiais\"],\"inLanguage\":\"pt-BR\"},{\"@type\":\"WebPage\",\"@id\":\"https:\/\/www.pm.pb.gov.br\/portal\/2023\/08\/17\/subiu-para-10-o-numeros-de-presos-pela-pm-em-bayeux-nesta-semana\/\",\"url\":\"https:\/\/www.pm.pb.gov.br\/portal\/2023\/08\/17\/subiu-para-10-o-numeros-de-presos-pela-pm-em-bayeux-nesta-semana\/\",\"name\":\"Subiu para 10 o n\u00fameros de presos pela PM em Bayeux nesta semana - Pol\u00edcia Militar da Para\u00edba\",\"isPartOf\":{\"@id\":\"https:\/\/www.pm.pb.gov.br\/portal\/#website\"},\"datePublished\":\"2023-08-18T02:36:13+00:00\",\"dateModified\":\"2023-08-18T02:36:18+00:00\",\"breadcrumb\":{\"@id\":\"https:\/\/www.pm.pb.gov.br\/portal\/2023\/08\/17\/subiu-para-10-o-numeros-de-presos-pela-pm-em-bayeux-nesta-semana\/#breadcrumb\"},\"inLanguage\":\"pt-BR\",\"potentialAction\":[{\"@type\":\"ReadAction\",\"target\":[\"https:\/\/www.pm.pb.gov.br\/portal\/2023\/08\/17\/subiu-para-10-o-numeros-de-presos-pela-pm-em-bayeux-nesta-semana\/\"]}]},{\"@type\":\"BreadcrumbList\",\"@id\":\"https:\/\/www.pm.pb.gov.br\/portal\/2023\/08\/17\/subiu-para-10-o-numeros-de-presos-pela-pm-em-bayeux-nesta-semana\/#breadcrumb\",\"itemListElement\":[{\"@type\":\"ListItem\",\"position\":1,\"name\":\"In\u00edcio\",\"item\":\"https:\/\/www.pm.pb.gov.br\/portal\/\"},{\"@type\":\"ListItem\",\"position\":2,\"name\":\"Subiu para 10 o n\u00fameros de presos pela PM em Bayeux nesta semana\"}]},{\"@type\":\"WebSite\",\"@id\":\"https:\/\/www.pm.pb.gov.br\/portal\/#website\",\"url\":\"https:\/\/www.pm.pb.gov.br\/portal\/\",\"name\":\"Pol\u00edcia Militar da Para\u00edba\",\"description\":\"\",\"publisher\":{\"@id\":\"https:\/\/www.pm.pb.gov.br\/portal\/#organization\"},\"potentialAction\":[{\"@type\":\"SearchAction\",\"target\":{\"@type\":\"EntryPoint\",\"urlTemplate\":\"https:\/\/www.pm.pb.gov.br\/portal\/?s={search_term_string}\"},\"query-input\":\"required name=search_term_string\"}],\"inLanguage\":\"pt-BR\"},{\"@type\":\"Organization\",\"@id\":\"https:\/\/www.pm.pb.gov.br\/portal\/#organization\",\"name\":\"Pol\u00edcia Militar da Para\u00edba\",\"url\":\"https:\/\/www.pm.pb.gov.br\/portal\/\",\"logo\":{\"@type\":\"ImageObject\",\"inLanguage\":\"pt-BR\",\"@id\":\"https:\/\/www.pm.pb.gov.br\/portal\/#\/schema\/logo\/image\/\",\"url\":\"https:\/\/www.pm.pb.gov.br\/portal\/wp-content\/uploads\/2025\/03\/cropped-logo-site-mag2-1.png\",\"contentUrl\":\"https:\/\/www.pm.pb.gov.br\/portal\/wp-content\/uploads\/2025\/03\/cropped-logo-site-mag2-1.png\",\"width\":320,\"height\":90,\"caption\":\"Pol\u00edcia Militar da Para\u00edba\"},\"image\":{\"@id\":\"https:\/\/www.pm.pb.gov.br\/portal\/#\/schema\/logo\/image\/\"}},{\"@type\":\"Person\",\"@id\":\"https:\/\/www.pm.pb.gov.br\/portal\/#\/schema\/person\/f84f56dcc78ce4357054da888b8247fd\",\"name\":\"Tarcisio Oliveira\",\"image\":{\"@type\":\"ImageObject\",\"inLanguage\":\"pt-BR\",\"@id\":\"https:\/\/www.pm.pb.gov.br\/portal\/#\/schema\/person\/image\/\",\"url\":\"https:\/\/secure.gravatar.com\/avatar\/72917b630b69d31cd0297507f34bac97?s=96&d=mm&r=g\",\"contentUrl\":\"https:\/\/secure.gravatar.com\/avatar\/72917b630b69d31cd0297507f34bac97?s=96&d=mm&r=g\",\"caption\":\"Tarcisio Oliveira\"},\"url\":\"https:\/\/www.pm.pb.gov.br\/portal\/author\/tarcisio\/\"}]}<\/script>\n<!-- \/ Yoast SEO plugin. -->","yoast_head_json":{"title":"Subiu para 10 o n\u00fameros de presos pela PM em Bayeux nesta semana - Pol\u00edcia Militar da Para\u00edba","robots":{"index":"index","follow":"follow","max-snippet":"max-snippet:-1","max-image-preview":"max-image-preview:large","max-video-preview":"max-video-preview:-1"},"canonical":"https:\/\/www.pm.pb.gov.br\/portal\/2023\/08\/17\/subiu-para-10-o-numeros-de-presos-pela-pm-em-bayeux-nesta-semana\/","og_locale":"pt_BR","og_type":"article","og_title":"Subiu para 10 o n\u00fameros de presos pela PM em Bayeux nesta semana - Pol\u00edcia Militar da Para\u00edba","og_description":"Subiu para 10 o n\u00famero de acusados presos por roubos, tr\u00e1fico de drogas, porte ilegal de arma de fogo, entre","og_url":"https:\/\/www.pm.pb.gov.br\/portal\/2023\/08\/17\/subiu-para-10-o-numeros-de-presos-pela-pm-em-bayeux-nesta-semana\/","og_site_name":"Pol\u00edcia Militar da Para\u00edba","article_published_time":"2023-08-18T02:36:13+00:00","article_modified_time":"2023-08-18T02:36:18+00:00","og_image":[{"width":800,"height":445,"url":"http:\/\/www.pm.pb.gov.br\/portal\/wp-content\/uploads\/2020\/05\/bayeux.jpeg","type":"image\/jpeg"}],"author":"Tarcisio Oliveira","twitter_card":"summary_large_image","twitter_misc":{"Escrito por":"Tarcisio Oliveira","Est. tempo de leitura":"2 minutos"},"schema":{"@context":"https:\/\/schema.org","@graph":[{"@type":"Article","@id":"https:\/\/www.pm.pb.gov.br\/portal\/2023\/08\/17\/subiu-para-10-o-numeros-de-presos-pela-pm-em-bayeux-nesta-semana\/#article","isPartOf":{"@id":"https:\/\/www.pm.pb.gov.br\/portal\/2023\/08\/17\/subiu-para-10-o-numeros-de-presos-pela-pm-em-bayeux-nesta-semana\/"},"author":{"name":"Tarcisio Oliveira","@id":"https:\/\/www.pm.pb.gov.br\/portal\/#\/schema\/person\/f84f56dcc78ce4357054da888b8247fd"},"headline":"Subiu para 10 o n\u00fameros de presos pela PM em Bayeux nesta semana","datePublished":"2023-08-18T02:36:13+00:00","dateModified":"2023-08-18T02:36:18+00:00","mainEntityOfPage":{"@id":"https:\/\/www.pm.pb.gov.br\/portal\/2023\/08\/17\/subiu-para-10-o-numeros-de-presos-pela-pm-em-bayeux-nesta-semana\/"},"wordCount":198,"publisher":{"@id":"https:\/\/www.pm.pb.gov.br\/portal\/#organization"},"articleSection":["A\u00e7\u00f5es Policiais"],"inLanguage":"pt-BR"},{"@type":"WebPage","@id":"https:\/\/www.pm.pb.gov.br\/portal\/2023\/08\/17\/subiu-para-10-o-numeros-de-presos-pela-pm-em-bayeux-nesta-semana\/","url":"https:\/\/www.pm.pb.gov.br\/portal\/2023\/08\/17\/subiu-para-10-o-numeros-de-presos-pela-pm-em-bayeux-nesta-semana\/","name":"Subiu para 10 o n\u00fameros de presos pela PM em Bayeux nesta semana - Pol\u00edcia Militar da Para\u00edba","isPartOf":{"@id":"https:\/\/www.pm.pb.gov.br\/portal\/#website"},"datePublished":"2023-08-18T02:36:13+00:00","dateModified":"2023-08-18T02:36:18+00:00","breadcrumb":{"@id":"https:\/\/www.pm.pb.gov.br\/portal\/2023\/08\/17\/subiu-para-10-o-numeros-de-presos-pela-pm-em-bayeux-nesta-semana\/#breadcrumb"},"inLanguage":"pt-BR","potentialAction":[{"@type":"ReadAction","target":["https:\/\/www.pm.pb.gov.br\/portal\/2023\/08\/17\/subiu-para-10-o-numeros-de-presos-pela-pm-em-bayeux-nesta-semana\/"]}]},{"@type":"BreadcrumbList","@id":"https:\/\/www.pm.pb.gov.br\/portal\/2023\/08\/17\/subiu-para-10-o-numeros-de-presos-pela-pm-em-bayeux-nesta-semana\/#breadcrumb","itemListElement":[{"@type":"ListItem","position":1,"name":"In\u00edcio","item":"https:\/\/www.pm.pb.gov.br\/portal\/"},{"@type":"ListItem","position":2,"name":"Subiu para 10 o n\u00fameros de presos pela PM em Bayeux nesta semana"}]},{"@type":"WebSite","@id":"https:\/\/www.pm.pb.gov.br\/portal\/#website","url":"https:\/\/www.pm.pb.gov.br\/portal\/","name":"Pol\u00edcia Militar da Para\u00edba","description":"","publisher":{"@id":"https:\/\/www.pm.pb.gov.br\/portal\/#organization"},"potentialAction":[{"@type":"SearchAction","target":{"@type":"EntryPoint","urlTemplate":"https:\/\/www.pm.pb.gov.br\/portal\/?s={search_term_string}"},"query-input":"required name=search_term_string"}],"inLanguage":"pt-BR"},{"@type":"Organization","@id":"https:\/\/www.pm.pb.gov.br\/portal\/#organization","name":"Pol\u00edcia Militar da Para\u00edba","url":"https:\/\/www.pm.pb.gov.br\/portal\/","logo":{"@type":"ImageObject","inLanguage":"pt-BR","@id":"https:\/\/www.pm.pb.gov.br\/portal\/#\/schema\/logo\/image\/","url":"https:\/\/www.pm.pb.gov.br\/portal\/wp-content\/uploads\/2025\/03\/cropped-logo-site-mag2-1.png","contentUrl":"https:\/\/www.pm.pb.gov.br\/portal\/wp-content\/uploads\/2025\/03\/cropped-logo-site-mag2-1.png","width":320,"height":90,"caption":"Pol\u00edcia Militar da Para\u00edba"},"image":{"@id":"https:\/\/www.pm.pb.gov.br\/portal\/#\/schema\/logo\/image\/"}},{"@type":"Person","@id":"https:\/\/www.pm.pb.gov.br\/portal\/#\/schema\/person\/f84f56dcc78ce4357054da888b8247fd","name":"Tarcisio Oliveira","image":{"@type":"ImageObject","inLanguage":"pt-BR","@id":"https:\/\/www.pm.pb.gov.br\/portal\/#\/schema\/person\/image\/","url":"https:\/\/secure.gravatar.com\/avatar\/72917b630b69d31cd0297507f34bac97?s=96&d=mm&r=g","contentUrl":"https:\/\/secure.gravatar.com\/avatar\/72917b630b69d31cd0297507f34bac97?s=96&d=mm&r=g","caption":"Tarcisio Oliveira"},"url":"https:\/\/www.pm.pb.gov.br\/portal\/author\/tarcisio\/"}]}},"_links":{"self":[{"href":"https:\/\/www.pm.pb.gov.br\/portal\/wp-json\/wp\/v2\/posts\/917844"}],"collection":[{"href":"https:\/\/www.pm.pb.gov.br\/portal\/wp-json\/wp\/v2\/posts"}],"about":[{"href":"https:\/\/www.pm.pb.gov.br\/portal\/wp-json\/wp\/v2\/types\/post"}],"author":[{"embeddable":true,"href":"https:\/\/www.pm.pb.gov.br\/portal\/wp-json\/wp\/v2\/users\/12"}],"replies":[{"embeddable":true,"href":"https:\/\/www.pm.pb.gov.br\/portal\/wp-json\/wp\/v2\/comments?post=917844"}],"version-history":[{"count":1,"href":"https:\/\/www.pm.pb.gov.br\/portal\/wp-json\/wp\/v2\/posts\/917844\/revisions"}],"predecessor-version":[{"id":917846,"href":"https:\/\/www.pm.pb.gov.br\/portal\/wp-json\/wp\/v2\/posts\/917844\/revisions\/917846"}],"wp:featuredmedia":[{"embeddable":true,"href":"https:\/\/www.pm.pb.gov.br\/portal\/wp-json\/wp\/v2\/media\/905134"}],"wp:attachment":[{"href":"https:\/\/www.pm.pb.gov.br\/portal\/wp-json\/wp\/v2\/media?parent=917844"}],"wp:term":[{"taxonomy":"category","embeddable":true,"href":"https:\/\/www.pm.pb.gov.br\/portal\/wp-json\/wp\/v2\/categories?post=917844"},{"taxonomy":"post_tag","embeddable":true,"href":"https:\/\/www.pm.pb.gov.br\/portal\/wp-json\/wp\/v2\/tags?post=917844"}],"curies":[{"name":"wp","href":"https:\/\/api.w.org\/{rel}","templated":true}]}}