{"id":917826,"date":"2023-08-17T08:53:06","date_gmt":"2023-08-17T11:53:06","guid":{"rendered":"https:\/\/www.pm.pb.gov.br\/portal\/?p=917826"},"modified":"2023-08-17T08:53:09","modified_gmt":"2023-08-17T11:53:09","slug":"operacao-alvorada-reforca-a-seguranca-em-varios-pontos-da-regiao-metropolitana-de-joao-pessoa","status":"publish","type":"post","link":"https:\/\/www.pm.pb.gov.br\/portal\/2023\/08\/17\/operacao-alvorada-reforca-a-seguranca-em-varios-pontos-da-regiao-metropolitana-de-joao-pessoa\/","title":{"rendered":"Opera\u00e7\u00e3o Alvorada refor\u00e7a a seguran\u00e7a em v\u00e1rios pontos da Regi\u00e3o Metropolitana de Jo\u00e3o Pessoa"},"content":{"rendered":"\n<p>A Pol\u00edcia Militar amanheceu a quinta-feira (17) com refor\u00e7o de mais de 200 policiais atuando na Opera\u00e7\u00e3o Alvorada, com objetivo de prevenir crimes de roubo, contra a vida e prender acusados de integrar grupos criminosos, nas cidades de Jo\u00e3o Pessoa, Bayeux, Cabedelo e Santa Rita. As \u00e1reas ocupadas foram definidas com base nas estat\u00edsticas e apontamento da intelig\u00eancia.<\/p>\n\n\n\n<p>Na cidade de Bayeux, com apoio do helic\u00f3ptero Acau\u00e3, policiais da 4\u00aa Companhia Independente da PM (4\u00aa CIPM) prenderam dois suspeitos, de 24 anos, cada, com dois rev\u00f3lveres, trinta e quatro muni\u00e7\u00f5es, quarenta e quatro pinos de coca\u00edna, uma soqueira, cinco abra\u00e7adeiras (enforca gato), entre outros materiais. Eles seriam integrantes de um grupo criminoso que estava atirando em via p\u00fablica para intimidar moradores, em uma comunidade do bairro M\u00e1rio Andreazza. Um dos presos responde por tr\u00e1fico e tentativa de homic\u00eddio e estava foragido da justi\u00e7a. Eles n\u00e3o s\u00e3o da localidade, mas dos bairros de Tibiri (Santa Rita) e Quadramares (Jo\u00e3o Pessoa). O caso foi levado para a 5\u00aa Delegacia Distrital, em Bayeux.<\/p>\n\n\n\n<p><img loading=\"lazy\" decoding=\"async\" width=\"1600\" height=\"900\" class=\"wp-image-917838\" style=\"width: 800px;\" src=\"http:\/\/www.pm.pb.gov.br\/portal\/wp-content\/uploads\/2023\/08\/WhatsApp-Image-2023-08-17-at-8.53.46-AM.jpeg\" alt=\"\" srcset=\"https:\/\/www.pm.pb.gov.br\/portal\/wp-content\/uploads\/2023\/08\/WhatsApp-Image-2023-08-17-at-8.53.46-AM.jpeg 1600w, https:\/\/www.pm.pb.gov.br\/portal\/wp-content\/uploads\/2023\/08\/WhatsApp-Image-2023-08-17-at-8.53.46-AM-791x445.jpeg 791w, https:\/\/www.pm.pb.gov.br\/portal\/wp-content\/uploads\/2023\/08\/WhatsApp-Image-2023-08-17-at-8.53.46-AM-1013x570.jpeg 1013w, https:\/\/www.pm.pb.gov.br\/portal\/wp-content\/uploads\/2023\/08\/WhatsApp-Image-2023-08-17-at-8.53.46-AM-768x432.jpeg 768w, https:\/\/www.pm.pb.gov.br\/portal\/wp-content\/uploads\/2023\/08\/WhatsApp-Image-2023-08-17-at-8.53.46-AM-1536x864.jpeg 1536w\" sizes=\"(max-width: 1600px) 100vw, 1600px\" \/><\/p>\n\n\n\n<p>A opera\u00e7\u00e3o faz parte de um conjunto de a\u00e7\u00f5es que a Pol\u00edcia Militar vem desempenhando para prevenir e combater crimes, bem como para desarticular grupos ligados ao tr\u00e1fico de drogas. Novas a\u00e7\u00f5es devem acontecer nas pr\u00f3ximas horas.<\/p>\n\n\n\n<p><br><br><br><br><\/p>\n","protected":false},"excerpt":{"rendered":"<p>A Pol\u00edcia Militar amanheceu a quinta-feira (17) com refor\u00e7o de mais de 200 policiais atuando na Opera\u00e7\u00e3o Alvorada, com objetivo<\/p>\n","protected":false},"author":18,"featured_media":917837,"comment_status":"closed","ping_status":"closed","sticky":false,"template":"","format":"standard","meta":{"_exactmetrics_skip_tracking":false,"_exactmetrics_sitenote_active":false,"_exactmetrics_sitenote_note":"","_exactmetrics_sitenote_category":0,"footnotes":""},"categories":[4],"tags":[],"yoast_head":"<!-- This site is optimized with the Yoast SEO plugin v22.0 - https:\/\/yoast.com\/wordpress\/plugins\/seo\/ -->\n<title>Opera\u00e7\u00e3o Alvorada refor\u00e7a a seguran\u00e7a em v\u00e1rios pontos da Regi\u00e3o Metropolitana de Jo\u00e3o Pessoa - Pol\u00edcia Militar da Para\u00edba<\/title>\n<meta name=\"robots\" content=\"index, follow, max-snippet:-1, max-image-preview:large, max-video-preview:-1\" \/>\n<link rel=\"canonical\" href=\"https:\/\/www.pm.pb.gov.br\/portal\/2023\/08\/17\/operacao-alvorada-reforca-a-seguranca-em-varios-pontos-da-regiao-metropolitana-de-joao-pessoa\/\" \/>\n<meta property=\"og:locale\" content=\"pt_BR\" \/>\n<meta property=\"og:type\" content=\"article\" \/>\n<meta property=\"og:title\" content=\"Opera\u00e7\u00e3o Alvorada refor\u00e7a a seguran\u00e7a em v\u00e1rios pontos da Regi\u00e3o Metropolitana de Jo\u00e3o Pessoa - Pol\u00edcia Militar da Para\u00edba\" \/>\n<meta property=\"og:description\" content=\"A Pol\u00edcia Militar amanheceu a quinta-feira (17) com refor\u00e7o de mais de 200 policiais atuando na Opera\u00e7\u00e3o Alvorada, com objetivo\" \/>\n<meta property=\"og:url\" content=\"https:\/\/www.pm.pb.gov.br\/portal\/2023\/08\/17\/operacao-alvorada-reforca-a-seguranca-em-varios-pontos-da-regiao-metropolitana-de-joao-pessoa\/\" \/>\n<meta property=\"og:site_name\" content=\"Pol\u00edcia Militar da Para\u00edba\" \/>\n<meta property=\"article:published_time\" content=\"2023-08-17T11:53:06+00:00\" \/>\n<meta property=\"article:modified_time\" content=\"2023-08-17T11:53:09+00:00\" \/>\n<meta property=\"og:image\" content=\"http:\/\/www.pm.pb.gov.br\/portal\/wp-content\/uploads\/2023\/08\/WhatsApp-Image-2023-08-17-at-8.53.46-AM-1.jpeg\" \/>\n\t<meta property=\"og:image:width\" content=\"1600\" \/>\n\t<meta property=\"og:image:height\" content=\"900\" \/>\n\t<meta property=\"og:image:type\" content=\"image\/jpeg\" \/>\n<meta name=\"author\" content=\"Luiz Duarte\" \/>\n<meta name=\"twitter:card\" content=\"summary_large_image\" \/>\n<meta name=\"twitter:label1\" content=\"Escrito por\" \/>\n\t<meta name=\"twitter:data1\" content=\"Luiz Duarte\" \/>\n\t<meta name=\"twitter:label2\" content=\"Est. tempo de leitura\" \/>\n\t<meta name=\"twitter:data2\" content=\"2 minutos\" \/>\n<script type=\"application\/ld+json\" class=\"yoast-schema-graph\">{\"@context\":\"https:\/\/schema.org\",\"@graph\":[{\"@type\":\"Article\",\"@id\":\"https:\/\/www.pm.pb.gov.br\/portal\/2023\/08\/17\/operacao-alvorada-reforca-a-seguranca-em-varios-pontos-da-regiao-metropolitana-de-joao-pessoa\/#article\",\"isPartOf\":{\"@id\":\"https:\/\/www.pm.pb.gov.br\/portal\/2023\/08\/17\/operacao-alvorada-reforca-a-seguranca-em-varios-pontos-da-regiao-metropolitana-de-joao-pessoa\/\"},\"author\":{\"name\":\"Luiz Duarte\",\"@id\":\"https:\/\/www.pm.pb.gov.br\/portal\/#\/schema\/person\/89dd009e2523c97adf8def1d6cf90ca1\"},\"headline\":\"Opera\u00e7\u00e3o Alvorada refor\u00e7a a seguran\u00e7a em v\u00e1rios pontos da Regi\u00e3o Metropolitana de Jo\u00e3o Pessoa\",\"datePublished\":\"2023-08-17T11:53:06+00:00\",\"dateModified\":\"2023-08-17T11:53:09+00:00\",\"mainEntityOfPage\":{\"@id\":\"https:\/\/www.pm.pb.gov.br\/portal\/2023\/08\/17\/operacao-alvorada-reforca-a-seguranca-em-varios-pontos-da-regiao-metropolitana-de-joao-pessoa\/\"},\"wordCount\":246,\"publisher\":{\"@id\":\"https:\/\/www.pm.pb.gov.br\/portal\/#organization\"},\"articleSection\":[\"A\u00e7\u00f5es Policiais\"],\"inLanguage\":\"pt-BR\"},{\"@type\":\"WebPage\",\"@id\":\"https:\/\/www.pm.pb.gov.br\/portal\/2023\/08\/17\/operacao-alvorada-reforca-a-seguranca-em-varios-pontos-da-regiao-metropolitana-de-joao-pessoa\/\",\"url\":\"https:\/\/www.pm.pb.gov.br\/portal\/2023\/08\/17\/operacao-alvorada-reforca-a-seguranca-em-varios-pontos-da-regiao-metropolitana-de-joao-pessoa\/\",\"name\":\"Opera\u00e7\u00e3o Alvorada refor\u00e7a a seguran\u00e7a em v\u00e1rios pontos da Regi\u00e3o Metropolitana de Jo\u00e3o Pessoa - Pol\u00edcia Militar da Para\u00edba\",\"isPartOf\":{\"@id\":\"https:\/\/www.pm.pb.gov.br\/portal\/#website\"},\"datePublished\":\"2023-08-17T11:53:06+00:00\",\"dateModified\":\"2023-08-17T11:53:09+00:00\",\"breadcrumb\":{\"@id\":\"https:\/\/www.pm.pb.gov.br\/portal\/2023\/08\/17\/operacao-alvorada-reforca-a-seguranca-em-varios-pontos-da-regiao-metropolitana-de-joao-pessoa\/#breadcrumb\"},\"inLanguage\":\"pt-BR\",\"potentialAction\":[{\"@type\":\"ReadAction\",\"target\":[\"https:\/\/www.pm.pb.gov.br\/portal\/2023\/08\/17\/operacao-alvorada-reforca-a-seguranca-em-varios-pontos-da-regiao-metropolitana-de-joao-pessoa\/\"]}]},{\"@type\":\"BreadcrumbList\",\"@id\":\"https:\/\/www.pm.pb.gov.br\/portal\/2023\/08\/17\/operacao-alvorada-reforca-a-seguranca-em-varios-pontos-da-regiao-metropolitana-de-joao-pessoa\/#breadcrumb\",\"itemListElement\":[{\"@type\":\"ListItem\",\"position\":1,\"name\":\"In\u00edcio\",\"item\":\"https:\/\/www.pm.pb.gov.br\/portal\/\"},{\"@type\":\"ListItem\",\"position\":2,\"name\":\"Opera\u00e7\u00e3o Alvorada refor\u00e7a a seguran\u00e7a em v\u00e1rios pontos da Regi\u00e3o Metropolitana de Jo\u00e3o Pessoa\"}]},{\"@type\":\"WebSite\",\"@id\":\"https:\/\/www.pm.pb.gov.br\/portal\/#website\",\"url\":\"https:\/\/www.pm.pb.gov.br\/portal\/\",\"name\":\"Pol\u00edcia Militar da Para\u00edba\",\"description\":\"\",\"publisher\":{\"@id\":\"https:\/\/www.pm.pb.gov.br\/portal\/#organization\"},\"potentialAction\":[{\"@type\":\"SearchAction\",\"target\":{\"@type\":\"EntryPoint\",\"urlTemplate\":\"https:\/\/www.pm.pb.gov.br\/portal\/?s={search_term_string}\"},\"query-input\":\"required name=search_term_string\"}],\"inLanguage\":\"pt-BR\"},{\"@type\":\"Organization\",\"@id\":\"https:\/\/www.pm.pb.gov.br\/portal\/#organization\",\"name\":\"Pol\u00edcia Militar da Para\u00edba\",\"url\":\"https:\/\/www.pm.pb.gov.br\/portal\/\",\"logo\":{\"@type\":\"ImageObject\",\"inLanguage\":\"pt-BR\",\"@id\":\"https:\/\/www.pm.pb.gov.br\/portal\/#\/schema\/logo\/image\/\",\"url\":\"https:\/\/www.pm.pb.gov.br\/portal\/wp-content\/uploads\/2025\/03\/cropped-logo-site-mag2-1.png\",\"contentUrl\":\"https:\/\/www.pm.pb.gov.br\/portal\/wp-content\/uploads\/2025\/03\/cropped-logo-site-mag2-1.png\",\"width\":320,\"height\":90,\"caption\":\"Pol\u00edcia Militar da Para\u00edba\"},\"image\":{\"@id\":\"https:\/\/www.pm.pb.gov.br\/portal\/#\/schema\/logo\/image\/\"}},{\"@type\":\"Person\",\"@id\":\"https:\/\/www.pm.pb.gov.br\/portal\/#\/schema\/person\/89dd009e2523c97adf8def1d6cf90ca1\",\"name\":\"Luiz Duarte\",\"image\":{\"@type\":\"ImageObject\",\"inLanguage\":\"pt-BR\",\"@id\":\"https:\/\/www.pm.pb.gov.br\/portal\/#\/schema\/person\/image\/\",\"url\":\"https:\/\/secure.gravatar.com\/avatar\/ce5539b97246ef4d24dd039a3f64145b?s=96&d=mm&r=g\",\"contentUrl\":\"https:\/\/secure.gravatar.com\/avatar\/ce5539b97246ef4d24dd039a3f64145b?s=96&d=mm&r=g\",\"caption\":\"Luiz Duarte\"},\"url\":\"https:\/\/www.pm.pb.gov.br\/portal\/author\/luiz\/\"}]}<\/script>\n<!-- \/ Yoast SEO plugin. -->","yoast_head_json":{"title":"Opera\u00e7\u00e3o Alvorada refor\u00e7a a seguran\u00e7a em v\u00e1rios pontos da Regi\u00e3o Metropolitana de Jo\u00e3o Pessoa - Pol\u00edcia Militar da Para\u00edba","robots":{"index":"index","follow":"follow","max-snippet":"max-snippet:-1","max-image-preview":"max-image-preview:large","max-video-preview":"max-video-preview:-1"},"canonical":"https:\/\/www.pm.pb.gov.br\/portal\/2023\/08\/17\/operacao-alvorada-reforca-a-seguranca-em-varios-pontos-da-regiao-metropolitana-de-joao-pessoa\/","og_locale":"pt_BR","og_type":"article","og_title":"Opera\u00e7\u00e3o Alvorada refor\u00e7a a seguran\u00e7a em v\u00e1rios pontos da Regi\u00e3o Metropolitana de Jo\u00e3o Pessoa - Pol\u00edcia Militar da Para\u00edba","og_description":"A Pol\u00edcia Militar amanheceu a quinta-feira (17) com refor\u00e7o de mais de 200 policiais atuando na Opera\u00e7\u00e3o Alvorada, com objetivo","og_url":"https:\/\/www.pm.pb.gov.br\/portal\/2023\/08\/17\/operacao-alvorada-reforca-a-seguranca-em-varios-pontos-da-regiao-metropolitana-de-joao-pessoa\/","og_site_name":"Pol\u00edcia Militar da Para\u00edba","article_published_time":"2023-08-17T11:53:06+00:00","article_modified_time":"2023-08-17T11:53:09+00:00","og_image":[{"width":1600,"height":900,"url":"http:\/\/www.pm.pb.gov.br\/portal\/wp-content\/uploads\/2023\/08\/WhatsApp-Image-2023-08-17-at-8.53.46-AM-1.jpeg","type":"image\/jpeg"}],"author":"Luiz Duarte","twitter_card":"summary_large_image","twitter_misc":{"Escrito por":"Luiz Duarte","Est. tempo de leitura":"2 minutos"},"schema":{"@context":"https:\/\/schema.org","@graph":[{"@type":"Article","@id":"https:\/\/www.pm.pb.gov.br\/portal\/2023\/08\/17\/operacao-alvorada-reforca-a-seguranca-em-varios-pontos-da-regiao-metropolitana-de-joao-pessoa\/#article","isPartOf":{"@id":"https:\/\/www.pm.pb.gov.br\/portal\/2023\/08\/17\/operacao-alvorada-reforca-a-seguranca-em-varios-pontos-da-regiao-metropolitana-de-joao-pessoa\/"},"author":{"name":"Luiz Duarte","@id":"https:\/\/www.pm.pb.gov.br\/portal\/#\/schema\/person\/89dd009e2523c97adf8def1d6cf90ca1"},"headline":"Opera\u00e7\u00e3o Alvorada refor\u00e7a a seguran\u00e7a em v\u00e1rios pontos da Regi\u00e3o Metropolitana de Jo\u00e3o Pessoa","datePublished":"2023-08-17T11:53:06+00:00","dateModified":"2023-08-17T11:53:09+00:00","mainEntityOfPage":{"@id":"https:\/\/www.pm.pb.gov.br\/portal\/2023\/08\/17\/operacao-alvorada-reforca-a-seguranca-em-varios-pontos-da-regiao-metropolitana-de-joao-pessoa\/"},"wordCount":246,"publisher":{"@id":"https:\/\/www.pm.pb.gov.br\/portal\/#organization"},"articleSection":["A\u00e7\u00f5es Policiais"],"inLanguage":"pt-BR"},{"@type":"WebPage","@id":"https:\/\/www.pm.pb.gov.br\/portal\/2023\/08\/17\/operacao-alvorada-reforca-a-seguranca-em-varios-pontos-da-regiao-metropolitana-de-joao-pessoa\/","url":"https:\/\/www.pm.pb.gov.br\/portal\/2023\/08\/17\/operacao-alvorada-reforca-a-seguranca-em-varios-pontos-da-regiao-metropolitana-de-joao-pessoa\/","name":"Opera\u00e7\u00e3o Alvorada refor\u00e7a a seguran\u00e7a em v\u00e1rios pontos da Regi\u00e3o Metropolitana de Jo\u00e3o Pessoa - Pol\u00edcia Militar da Para\u00edba","isPartOf":{"@id":"https:\/\/www.pm.pb.gov.br\/portal\/#website"},"datePublished":"2023-08-17T11:53:06+00:00","dateModified":"2023-08-17T11:53:09+00:00","breadcrumb":{"@id":"https:\/\/www.pm.pb.gov.br\/portal\/2023\/08\/17\/operacao-alvorada-reforca-a-seguranca-em-varios-pontos-da-regiao-metropolitana-de-joao-pessoa\/#breadcrumb"},"inLanguage":"pt-BR","potentialAction":[{"@type":"ReadAction","target":["https:\/\/www.pm.pb.gov.br\/portal\/2023\/08\/17\/operacao-alvorada-reforca-a-seguranca-em-varios-pontos-da-regiao-metropolitana-de-joao-pessoa\/"]}]},{"@type":"BreadcrumbList","@id":"https:\/\/www.pm.pb.gov.br\/portal\/2023\/08\/17\/operacao-alvorada-reforca-a-seguranca-em-varios-pontos-da-regiao-metropolitana-de-joao-pessoa\/#breadcrumb","itemListElement":[{"@type":"ListItem","position":1,"name":"In\u00edcio","item":"https:\/\/www.pm.pb.gov.br\/portal\/"},{"@type":"ListItem","position":2,"name":"Opera\u00e7\u00e3o Alvorada refor\u00e7a a seguran\u00e7a em v\u00e1rios pontos da Regi\u00e3o Metropolitana de Jo\u00e3o Pessoa"}]},{"@type":"WebSite","@id":"https:\/\/www.pm.pb.gov.br\/portal\/#website","url":"https:\/\/www.pm.pb.gov.br\/portal\/","name":"Pol\u00edcia Militar da Para\u00edba","description":"","publisher":{"@id":"https:\/\/www.pm.pb.gov.br\/portal\/#organization"},"potentialAction":[{"@type":"SearchAction","target":{"@type":"EntryPoint","urlTemplate":"https:\/\/www.pm.pb.gov.br\/portal\/?s={search_term_string}"},"query-input":"required name=search_term_string"}],"inLanguage":"pt-BR"},{"@type":"Organization","@id":"https:\/\/www.pm.pb.gov.br\/portal\/#organization","name":"Pol\u00edcia Militar da Para\u00edba","url":"https:\/\/www.pm.pb.gov.br\/portal\/","logo":{"@type":"ImageObject","inLanguage":"pt-BR","@id":"https:\/\/www.pm.pb.gov.br\/portal\/#\/schema\/logo\/image\/","url":"https:\/\/www.pm.pb.gov.br\/portal\/wp-content\/uploads\/2025\/03\/cropped-logo-site-mag2-1.png","contentUrl":"https:\/\/www.pm.pb.gov.br\/portal\/wp-content\/uploads\/2025\/03\/cropped-logo-site-mag2-1.png","width":320,"height":90,"caption":"Pol\u00edcia Militar da Para\u00edba"},"image":{"@id":"https:\/\/www.pm.pb.gov.br\/portal\/#\/schema\/logo\/image\/"}},{"@type":"Person","@id":"https:\/\/www.pm.pb.gov.br\/portal\/#\/schema\/person\/89dd009e2523c97adf8def1d6cf90ca1","name":"Luiz Duarte","image":{"@type":"ImageObject","inLanguage":"pt-BR","@id":"https:\/\/www.pm.pb.gov.br\/portal\/#\/schema\/person\/image\/","url":"https:\/\/secure.gravatar.com\/avatar\/ce5539b97246ef4d24dd039a3f64145b?s=96&d=mm&r=g","contentUrl":"https:\/\/secure.gravatar.com\/avatar\/ce5539b97246ef4d24dd039a3f64145b?s=96&d=mm&r=g","caption":"Luiz Duarte"},"url":"https:\/\/www.pm.pb.gov.br\/portal\/author\/luiz\/"}]}},"_links":{"self":[{"href":"https:\/\/www.pm.pb.gov.br\/portal\/wp-json\/wp\/v2\/posts\/917826"}],"collection":[{"href":"https:\/\/www.pm.pb.gov.br\/portal\/wp-json\/wp\/v2\/posts"}],"about":[{"href":"https:\/\/www.pm.pb.gov.br\/portal\/wp-json\/wp\/v2\/types\/post"}],"author":[{"embeddable":true,"href":"https:\/\/www.pm.pb.gov.br\/portal\/wp-json\/wp\/v2\/users\/18"}],"replies":[{"embeddable":true,"href":"https:\/\/www.pm.pb.gov.br\/portal\/wp-json\/wp\/v2\/comments?post=917826"}],"version-history":[{"count":2,"href":"https:\/\/www.pm.pb.gov.br\/portal\/wp-json\/wp\/v2\/posts\/917826\/revisions"}],"predecessor-version":[{"id":917839,"href":"https:\/\/www.pm.pb.gov.br\/portal\/wp-json\/wp\/v2\/posts\/917826\/revisions\/917839"}],"wp:featuredmedia":[{"embeddable":true,"href":"https:\/\/www.pm.pb.gov.br\/portal\/wp-json\/wp\/v2\/media\/917837"}],"wp:attachment":[{"href":"https:\/\/www.pm.pb.gov.br\/portal\/wp-json\/wp\/v2\/media?parent=917826"}],"wp:term":[{"taxonomy":"category","embeddable":true,"href":"https:\/\/www.pm.pb.gov.br\/portal\/wp-json\/wp\/v2\/categories?post=917826"},{"taxonomy":"post_tag","embeddable":true,"href":"https:\/\/www.pm.pb.gov.br\/portal\/wp-json\/wp\/v2\/tags?post=917826"}],"curies":[{"name":"wp","href":"https:\/\/api.w.org\/{rel}","templated":true}]}}