{"id":917786,"date":"2023-08-14T11:19:00","date_gmt":"2023-08-14T14:19:00","guid":{"rendered":"https:\/\/www.pm.pb.gov.br\/portal\/?p=917786"},"modified":"2023-08-14T11:19:02","modified_gmt":"2023-08-14T14:19:02","slug":"policia-militar-prende-mais-um-suspeito-que-estava-praticando-roubos-em-manaira","status":"publish","type":"post","link":"https:\/\/www.pm.pb.gov.br\/portal\/2023\/08\/14\/policia-militar-prende-mais-um-suspeito-que-estava-praticando-roubos-em-manaira\/","title":{"rendered":"Pol\u00edcia Militar prende mais um suspeito que estava praticando roubos em Mana\u00edra"},"content":{"rendered":"\n<p>Quase dez suspeitos j\u00e1 foram detidos, neste m\u00eas de agosto, por pr\u00e1ticas de roubos no bairro de Mana\u00edra, em Jo\u00e3o Pessoa. A \u00faltima resposta da Pol\u00edcia Militar para os casos foi nesse domingo (13), onde um acusado de 19 anos, que estava de bicicleta, foi interceptado pelas equipes do Batalh\u00e3o Especializado em Policiamento Tur\u00edstico (BEPTur), no bairro S\u00e3o Jos\u00e9, ap\u00f3s tomar por assalto celulares perto do Ret\u00e3o de Mana\u00edra.<br><br>Com informa\u00e7\u00f5es sobre as caracter\u00edsticas do acusado, os policiais conseguiram localiz\u00e1-lo com a bicicleta usada para fugir e recuperou os celulares da v\u00edtima. No s\u00e1bado (12), foi preso um jovem de 19 anos e um adolescente de 17, na \u00e1rea da orla de Mana\u00edra. Com a dupla, que tamb\u00e9m estava de bicicleta, foram recuperados celulares e dinheiro. Ainda no mesmo dia, foram localizados dois adolescentes que aparecem em imagens de circuito interno tentando assaltar um homem, em Mana\u00edra. Eles tinham sido apreendidos h\u00e1 menos de um m\u00eas, no mesmo bairro, tamb\u00e9m por roubo.<br><br>Os casos foram levados para a Central de Pol\u00edcia, no Geisel. <br><br><br><\/p>\n","protected":false},"excerpt":{"rendered":"<p>Quase dez suspeitos j\u00e1 foram detidos, neste m\u00eas de agosto, por pr\u00e1ticas de roubos no bairro de Mana\u00edra, em Jo\u00e3o<\/p>\n","protected":false},"author":5,"featured_media":917791,"comment_status":"closed","ping_status":"closed","sticky":false,"template":"","format":"standard","meta":{"_exactmetrics_skip_tracking":false,"_exactmetrics_sitenote_active":false,"_exactmetrics_sitenote_note":"","_exactmetrics_sitenote_category":0,"footnotes":""},"categories":[4],"tags":[],"yoast_head":"<!-- This site is optimized with the Yoast SEO plugin v22.0 - https:\/\/yoast.com\/wordpress\/plugins\/seo\/ -->\n<title>Pol\u00edcia Militar prende mais um suspeito que estava praticando roubos em Mana\u00edra - Pol\u00edcia Militar da Para\u00edba<\/title>\n<meta name=\"robots\" content=\"index, follow, max-snippet:-1, max-image-preview:large, max-video-preview:-1\" \/>\n<link rel=\"canonical\" href=\"https:\/\/www.pm.pb.gov.br\/portal\/2023\/08\/14\/policia-militar-prende-mais-um-suspeito-que-estava-praticando-roubos-em-manaira\/\" \/>\n<meta property=\"og:locale\" content=\"pt_BR\" \/>\n<meta property=\"og:type\" content=\"article\" \/>\n<meta property=\"og:title\" content=\"Pol\u00edcia Militar prende mais um suspeito que estava praticando roubos em Mana\u00edra - Pol\u00edcia Militar da Para\u00edba\" \/>\n<meta property=\"og:description\" content=\"Quase dez suspeitos j\u00e1 foram detidos, neste m\u00eas de agosto, por pr\u00e1ticas de roubos no bairro de Mana\u00edra, em Jo\u00e3o\" \/>\n<meta property=\"og:url\" content=\"https:\/\/www.pm.pb.gov.br\/portal\/2023\/08\/14\/policia-militar-prende-mais-um-suspeito-que-estava-praticando-roubos-em-manaira\/\" \/>\n<meta property=\"og:site_name\" content=\"Pol\u00edcia Militar da Para\u00edba\" \/>\n<meta property=\"article:published_time\" content=\"2023-08-14T14:19:00+00:00\" \/>\n<meta property=\"article:modified_time\" content=\"2023-08-14T14:19:02+00:00\" \/>\n<meta property=\"og:image\" content=\"http:\/\/www.pm.pb.gov.br\/portal\/wp-content\/uploads\/2023\/08\/WhatsApp-Image-2023-08-14-at-10.07.07-AM-1.jpeg\" \/>\n\t<meta property=\"og:image:width\" content=\"1300\" \/>\n\t<meta property=\"og:image:height\" content=\"1600\" \/>\n\t<meta property=\"og:image:type\" content=\"image\/jpeg\" \/>\n<meta name=\"author\" content=\"Assessoria de Imprensa da PMPB\" \/>\n<meta name=\"twitter:card\" content=\"summary_large_image\" \/>\n<meta name=\"twitter:label1\" content=\"Escrito por\" \/>\n\t<meta name=\"twitter:data1\" content=\"Assessoria de Imprensa da PMPB\" \/>\n\t<meta name=\"twitter:label2\" content=\"Est. tempo de leitura\" \/>\n\t<meta name=\"twitter:data2\" content=\"1 minuto\" \/>\n<script type=\"application\/ld+json\" class=\"yoast-schema-graph\">{\"@context\":\"https:\/\/schema.org\",\"@graph\":[{\"@type\":\"Article\",\"@id\":\"https:\/\/www.pm.pb.gov.br\/portal\/2023\/08\/14\/policia-militar-prende-mais-um-suspeito-que-estava-praticando-roubos-em-manaira\/#article\",\"isPartOf\":{\"@id\":\"https:\/\/www.pm.pb.gov.br\/portal\/2023\/08\/14\/policia-militar-prende-mais-um-suspeito-que-estava-praticando-roubos-em-manaira\/\"},\"author\":{\"name\":\"Assessoria de Imprensa da PMPB\",\"@id\":\"https:\/\/www.pm.pb.gov.br\/portal\/#\/schema\/person\/e8454f46651c3ecf0e1ba3c1666d9947\"},\"headline\":\"Pol\u00edcia Militar prende mais um suspeito que estava praticando roubos em Mana\u00edra\",\"datePublished\":\"2023-08-14T14:19:00+00:00\",\"dateModified\":\"2023-08-14T14:19:02+00:00\",\"mainEntityOfPage\":{\"@id\":\"https:\/\/www.pm.pb.gov.br\/portal\/2023\/08\/14\/policia-militar-prende-mais-um-suspeito-que-estava-praticando-roubos-em-manaira\/\"},\"wordCount\":204,\"publisher\":{\"@id\":\"https:\/\/www.pm.pb.gov.br\/portal\/#organization\"},\"articleSection\":[\"A\u00e7\u00f5es Policiais\"],\"inLanguage\":\"pt-BR\"},{\"@type\":\"WebPage\",\"@id\":\"https:\/\/www.pm.pb.gov.br\/portal\/2023\/08\/14\/policia-militar-prende-mais-um-suspeito-que-estava-praticando-roubos-em-manaira\/\",\"url\":\"https:\/\/www.pm.pb.gov.br\/portal\/2023\/08\/14\/policia-militar-prende-mais-um-suspeito-que-estava-praticando-roubos-em-manaira\/\",\"name\":\"Pol\u00edcia Militar prende mais um suspeito que estava praticando roubos em Mana\u00edra - Pol\u00edcia Militar da Para\u00edba\",\"isPartOf\":{\"@id\":\"https:\/\/www.pm.pb.gov.br\/portal\/#website\"},\"datePublished\":\"2023-08-14T14:19:00+00:00\",\"dateModified\":\"2023-08-14T14:19:02+00:00\",\"breadcrumb\":{\"@id\":\"https:\/\/www.pm.pb.gov.br\/portal\/2023\/08\/14\/policia-militar-prende-mais-um-suspeito-que-estava-praticando-roubos-em-manaira\/#breadcrumb\"},\"inLanguage\":\"pt-BR\",\"potentialAction\":[{\"@type\":\"ReadAction\",\"target\":[\"https:\/\/www.pm.pb.gov.br\/portal\/2023\/08\/14\/policia-militar-prende-mais-um-suspeito-que-estava-praticando-roubos-em-manaira\/\"]}]},{\"@type\":\"BreadcrumbList\",\"@id\":\"https:\/\/www.pm.pb.gov.br\/portal\/2023\/08\/14\/policia-militar-prende-mais-um-suspeito-que-estava-praticando-roubos-em-manaira\/#breadcrumb\",\"itemListElement\":[{\"@type\":\"ListItem\",\"position\":1,\"name\":\"In\u00edcio\",\"item\":\"https:\/\/www.pm.pb.gov.br\/portal\/\"},{\"@type\":\"ListItem\",\"position\":2,\"name\":\"Pol\u00edcia Militar prende mais um suspeito que estava praticando roubos em Mana\u00edra\"}]},{\"@type\":\"WebSite\",\"@id\":\"https:\/\/www.pm.pb.gov.br\/portal\/#website\",\"url\":\"https:\/\/www.pm.pb.gov.br\/portal\/\",\"name\":\"Pol\u00edcia Militar da Para\u00edba\",\"description\":\"\",\"publisher\":{\"@id\":\"https:\/\/www.pm.pb.gov.br\/portal\/#organization\"},\"potentialAction\":[{\"@type\":\"SearchAction\",\"target\":{\"@type\":\"EntryPoint\",\"urlTemplate\":\"https:\/\/www.pm.pb.gov.br\/portal\/?s={search_term_string}\"},\"query-input\":\"required name=search_term_string\"}],\"inLanguage\":\"pt-BR\"},{\"@type\":\"Organization\",\"@id\":\"https:\/\/www.pm.pb.gov.br\/portal\/#organization\",\"name\":\"Pol\u00edcia Militar da Para\u00edba\",\"url\":\"https:\/\/www.pm.pb.gov.br\/portal\/\",\"logo\":{\"@type\":\"ImageObject\",\"inLanguage\":\"pt-BR\",\"@id\":\"https:\/\/www.pm.pb.gov.br\/portal\/#\/schema\/logo\/image\/\",\"url\":\"https:\/\/www.pm.pb.gov.br\/portal\/wp-content\/uploads\/2025\/03\/cropped-logo-site-mag2-1.png\",\"contentUrl\":\"https:\/\/www.pm.pb.gov.br\/portal\/wp-content\/uploads\/2025\/03\/cropped-logo-site-mag2-1.png\",\"width\":320,\"height\":90,\"caption\":\"Pol\u00edcia Militar da Para\u00edba\"},\"image\":{\"@id\":\"https:\/\/www.pm.pb.gov.br\/portal\/#\/schema\/logo\/image\/\"}},{\"@type\":\"Person\",\"@id\":\"https:\/\/www.pm.pb.gov.br\/portal\/#\/schema\/person\/e8454f46651c3ecf0e1ba3c1666d9947\",\"name\":\"Assessoria de Imprensa da PMPB\",\"image\":{\"@type\":\"ImageObject\",\"inLanguage\":\"pt-BR\",\"@id\":\"https:\/\/www.pm.pb.gov.br\/portal\/#\/schema\/person\/image\/\",\"url\":\"https:\/\/secure.gravatar.com\/avatar\/2efe197438265d1e90bd98c4c8e1acf8?s=96&d=mm&r=g\",\"contentUrl\":\"https:\/\/secure.gravatar.com\/avatar\/2efe197438265d1e90bd98c4c8e1acf8?s=96&d=mm&r=g\",\"caption\":\"Assessoria de Imprensa da PMPB\"},\"url\":\"https:\/\/www.pm.pb.gov.br\/portal\/author\/assessoria\/\"}]}<\/script>\n<!-- \/ Yoast SEO plugin. -->","yoast_head_json":{"title":"Pol\u00edcia Militar prende mais um suspeito que estava praticando roubos em Mana\u00edra - Pol\u00edcia Militar da Para\u00edba","robots":{"index":"index","follow":"follow","max-snippet":"max-snippet:-1","max-image-preview":"max-image-preview:large","max-video-preview":"max-video-preview:-1"},"canonical":"https:\/\/www.pm.pb.gov.br\/portal\/2023\/08\/14\/policia-militar-prende-mais-um-suspeito-que-estava-praticando-roubos-em-manaira\/","og_locale":"pt_BR","og_type":"article","og_title":"Pol\u00edcia Militar prende mais um suspeito que estava praticando roubos em Mana\u00edra - Pol\u00edcia Militar da Para\u00edba","og_description":"Quase dez suspeitos j\u00e1 foram detidos, neste m\u00eas de agosto, por pr\u00e1ticas de roubos no bairro de Mana\u00edra, em Jo\u00e3o","og_url":"https:\/\/www.pm.pb.gov.br\/portal\/2023\/08\/14\/policia-militar-prende-mais-um-suspeito-que-estava-praticando-roubos-em-manaira\/","og_site_name":"Pol\u00edcia Militar da Para\u00edba","article_published_time":"2023-08-14T14:19:00+00:00","article_modified_time":"2023-08-14T14:19:02+00:00","og_image":[{"width":1300,"height":1600,"url":"http:\/\/www.pm.pb.gov.br\/portal\/wp-content\/uploads\/2023\/08\/WhatsApp-Image-2023-08-14-at-10.07.07-AM-1.jpeg","type":"image\/jpeg"}],"author":"Assessoria de Imprensa da PMPB","twitter_card":"summary_large_image","twitter_misc":{"Escrito por":"Assessoria de Imprensa da PMPB","Est. tempo de leitura":"1 minuto"},"schema":{"@context":"https:\/\/schema.org","@graph":[{"@type":"Article","@id":"https:\/\/www.pm.pb.gov.br\/portal\/2023\/08\/14\/policia-militar-prende-mais-um-suspeito-que-estava-praticando-roubos-em-manaira\/#article","isPartOf":{"@id":"https:\/\/www.pm.pb.gov.br\/portal\/2023\/08\/14\/policia-militar-prende-mais-um-suspeito-que-estava-praticando-roubos-em-manaira\/"},"author":{"name":"Assessoria de Imprensa da PMPB","@id":"https:\/\/www.pm.pb.gov.br\/portal\/#\/schema\/person\/e8454f46651c3ecf0e1ba3c1666d9947"},"headline":"Pol\u00edcia Militar prende mais um suspeito que estava praticando roubos em Mana\u00edra","datePublished":"2023-08-14T14:19:00+00:00","dateModified":"2023-08-14T14:19:02+00:00","mainEntityOfPage":{"@id":"https:\/\/www.pm.pb.gov.br\/portal\/2023\/08\/14\/policia-militar-prende-mais-um-suspeito-que-estava-praticando-roubos-em-manaira\/"},"wordCount":204,"publisher":{"@id":"https:\/\/www.pm.pb.gov.br\/portal\/#organization"},"articleSection":["A\u00e7\u00f5es Policiais"],"inLanguage":"pt-BR"},{"@type":"WebPage","@id":"https:\/\/www.pm.pb.gov.br\/portal\/2023\/08\/14\/policia-militar-prende-mais-um-suspeito-que-estava-praticando-roubos-em-manaira\/","url":"https:\/\/www.pm.pb.gov.br\/portal\/2023\/08\/14\/policia-militar-prende-mais-um-suspeito-que-estava-praticando-roubos-em-manaira\/","name":"Pol\u00edcia Militar prende mais um suspeito que estava praticando roubos em Mana\u00edra - Pol\u00edcia Militar da Para\u00edba","isPartOf":{"@id":"https:\/\/www.pm.pb.gov.br\/portal\/#website"},"datePublished":"2023-08-14T14:19:00+00:00","dateModified":"2023-08-14T14:19:02+00:00","breadcrumb":{"@id":"https:\/\/www.pm.pb.gov.br\/portal\/2023\/08\/14\/policia-militar-prende-mais-um-suspeito-que-estava-praticando-roubos-em-manaira\/#breadcrumb"},"inLanguage":"pt-BR","potentialAction":[{"@type":"ReadAction","target":["https:\/\/www.pm.pb.gov.br\/portal\/2023\/08\/14\/policia-militar-prende-mais-um-suspeito-que-estava-praticando-roubos-em-manaira\/"]}]},{"@type":"BreadcrumbList","@id":"https:\/\/www.pm.pb.gov.br\/portal\/2023\/08\/14\/policia-militar-prende-mais-um-suspeito-que-estava-praticando-roubos-em-manaira\/#breadcrumb","itemListElement":[{"@type":"ListItem","position":1,"name":"In\u00edcio","item":"https:\/\/www.pm.pb.gov.br\/portal\/"},{"@type":"ListItem","position":2,"name":"Pol\u00edcia Militar prende mais um suspeito que estava praticando roubos em Mana\u00edra"}]},{"@type":"WebSite","@id":"https:\/\/www.pm.pb.gov.br\/portal\/#website","url":"https:\/\/www.pm.pb.gov.br\/portal\/","name":"Pol\u00edcia Militar da Para\u00edba","description":"","publisher":{"@id":"https:\/\/www.pm.pb.gov.br\/portal\/#organization"},"potentialAction":[{"@type":"SearchAction","target":{"@type":"EntryPoint","urlTemplate":"https:\/\/www.pm.pb.gov.br\/portal\/?s={search_term_string}"},"query-input":"required name=search_term_string"}],"inLanguage":"pt-BR"},{"@type":"Organization","@id":"https:\/\/www.pm.pb.gov.br\/portal\/#organization","name":"Pol\u00edcia Militar da Para\u00edba","url":"https:\/\/www.pm.pb.gov.br\/portal\/","logo":{"@type":"ImageObject","inLanguage":"pt-BR","@id":"https:\/\/www.pm.pb.gov.br\/portal\/#\/schema\/logo\/image\/","url":"https:\/\/www.pm.pb.gov.br\/portal\/wp-content\/uploads\/2025\/03\/cropped-logo-site-mag2-1.png","contentUrl":"https:\/\/www.pm.pb.gov.br\/portal\/wp-content\/uploads\/2025\/03\/cropped-logo-site-mag2-1.png","width":320,"height":90,"caption":"Pol\u00edcia Militar da Para\u00edba"},"image":{"@id":"https:\/\/www.pm.pb.gov.br\/portal\/#\/schema\/logo\/image\/"}},{"@type":"Person","@id":"https:\/\/www.pm.pb.gov.br\/portal\/#\/schema\/person\/e8454f46651c3ecf0e1ba3c1666d9947","name":"Assessoria de Imprensa da PMPB","image":{"@type":"ImageObject","inLanguage":"pt-BR","@id":"https:\/\/www.pm.pb.gov.br\/portal\/#\/schema\/person\/image\/","url":"https:\/\/secure.gravatar.com\/avatar\/2efe197438265d1e90bd98c4c8e1acf8?s=96&d=mm&r=g","contentUrl":"https:\/\/secure.gravatar.com\/avatar\/2efe197438265d1e90bd98c4c8e1acf8?s=96&d=mm&r=g","caption":"Assessoria de Imprensa da PMPB"},"url":"https:\/\/www.pm.pb.gov.br\/portal\/author\/assessoria\/"}]}},"_links":{"self":[{"href":"https:\/\/www.pm.pb.gov.br\/portal\/wp-json\/wp\/v2\/posts\/917786"}],"collection":[{"href":"https:\/\/www.pm.pb.gov.br\/portal\/wp-json\/wp\/v2\/posts"}],"about":[{"href":"https:\/\/www.pm.pb.gov.br\/portal\/wp-json\/wp\/v2\/types\/post"}],"author":[{"embeddable":true,"href":"https:\/\/www.pm.pb.gov.br\/portal\/wp-json\/wp\/v2\/users\/5"}],"replies":[{"embeddable":true,"href":"https:\/\/www.pm.pb.gov.br\/portal\/wp-json\/wp\/v2\/comments?post=917786"}],"version-history":[{"count":2,"href":"https:\/\/www.pm.pb.gov.br\/portal\/wp-json\/wp\/v2\/posts\/917786\/revisions"}],"predecessor-version":[{"id":917792,"href":"https:\/\/www.pm.pb.gov.br\/portal\/wp-json\/wp\/v2\/posts\/917786\/revisions\/917792"}],"wp:featuredmedia":[{"embeddable":true,"href":"https:\/\/www.pm.pb.gov.br\/portal\/wp-json\/wp\/v2\/media\/917791"}],"wp:attachment":[{"href":"https:\/\/www.pm.pb.gov.br\/portal\/wp-json\/wp\/v2\/media?parent=917786"}],"wp:term":[{"taxonomy":"category","embeddable":true,"href":"https:\/\/www.pm.pb.gov.br\/portal\/wp-json\/wp\/v2\/categories?post=917786"},{"taxonomy":"post_tag","embeddable":true,"href":"https:\/\/www.pm.pb.gov.br\/portal\/wp-json\/wp\/v2\/tags?post=917786"}],"curies":[{"name":"wp","href":"https:\/\/api.w.org\/{rel}","templated":true}]}}