{"id":917749,"date":"2023-08-11T16:48:56","date_gmt":"2023-08-11T19:48:56","guid":{"rendered":"https:\/\/www.pm.pb.gov.br\/portal\/?p=917749"},"modified":"2023-08-11T16:48:58","modified_gmt":"2023-08-11T19:48:58","slug":"policia-militar-prende-acusados-de-homicidio-e-roubo-em-cabedelo-e-apreende-quatro-armas-de-fogo-de-criminosos","status":"publish","type":"post","link":"https:\/\/www.pm.pb.gov.br\/portal\/2023\/08\/11\/policia-militar-prende-acusados-de-homicidio-e-roubo-em-cabedelo-e-apreende-quatro-armas-de-fogo-de-criminosos\/","title":{"rendered":"Pol\u00edcia Militar prende acusados de homic\u00eddio e roubo em Cabedelo, e apreende quatro armas de fogo de criminosos"},"content":{"rendered":"\n\n\n<p>A Pol\u00edcia Militar intensificou as a\u00e7\u00f5es na regi\u00e3o metropolitana de Jo\u00e3o Pessoa e prendeu, na tarde desta sexta-feira (11), tr\u00eas criminosos que estavam com quatro armas de fogo, muni\u00e7\u00f5es, por\u00e7\u00f5es de drogas, balan\u00e7a de precis\u00e3o e um carro roubado em Cabedelo.<\/p>\n<p>Os homens presos foram capturados em uma a\u00e7\u00e3o conjunta dos policiais da 6\u00aa Companhia Independente, For\u00e7a Regional, e um policial militar de folga, nas regi\u00f5es do Jacar\u00e9 e da Vila Feliz. A abordagem aos acusados come\u00e7ou em uma casa, que guardava um carro com registro de roubo, ve\u00edculo que foi recuperado nesta a\u00e7\u00e3o pela PM. Dois homens e tr\u00eas pistolas de calibre .40 e 380, com carregadores alongados e muni\u00e7\u00f5es, foram apreendidas na casa (foto abaixo).<\/p>\n<p><img loading=\"lazy\" decoding=\"async\" class=\" wp-image-917751 aligncenter\" src=\"http:\/\/www.pm.pb.gov.br\/portal\/wp-content\/uploads\/2023\/08\/CABEDELO1-251x445.jpg\" alt=\"\" width=\"265\" height=\"470\" srcset=\"https:\/\/www.pm.pb.gov.br\/portal\/wp-content\/uploads\/2023\/08\/CABEDELO1-251x445.jpg 251w, https:\/\/www.pm.pb.gov.br\/portal\/wp-content\/uploads\/2023\/08\/CABEDELO1-321x570.jpg 321w, https:\/\/www.pm.pb.gov.br\/portal\/wp-content\/uploads\/2023\/08\/CABEDELO1-768x1362.jpg 768w, https:\/\/www.pm.pb.gov.br\/portal\/wp-content\/uploads\/2023\/08\/CABEDELO1.jpg 828w\" sizes=\"(max-width: 265px) 100vw, 265px\" \/><\/p>\n<p>Em seguida, a PM localizou na regi\u00e3o da Vila Feliz um foragido da Justi\u00e7a, com mandado de pris\u00e3o em aberto por crime de homic\u00eddio. O acusado estava com uma pistola, balan\u00e7a de precis\u00e3o e por\u00e7\u00f5es de drogas. \u201cEle j\u00e1 estava sendo procurado pelas for\u00e7as policiais e pode estar ligado aos \u00faltimos crimes que vinham acontecendo na regi\u00e3o. Com essa pris\u00e3o, acreditamos que possamos esclarecer a participa\u00e7\u00e3o dele nestes \u00faltimos delitos e trazer mais tranquilidade para a \u00e1rea\u201d, esclareceu a major Viviane, comandante da 6\u00aa CIPM.<\/p>\n<p><img loading=\"lazy\" decoding=\"async\" class=\" wp-image-917752 aligncenter\" src=\"http:\/\/www.pm.pb.gov.br\/portal\/wp-content\/uploads\/2023\/08\/CABEDELO-791x445.jpg\" alt=\"\" width=\"700\" height=\"394\" srcset=\"https:\/\/www.pm.pb.gov.br\/portal\/wp-content\/uploads\/2023\/08\/CABEDELO-791x445.jpg 791w, https:\/\/www.pm.pb.gov.br\/portal\/wp-content\/uploads\/2023\/08\/CABEDELO-1013x570.jpg 1013w, https:\/\/www.pm.pb.gov.br\/portal\/wp-content\/uploads\/2023\/08\/CABEDELO-768x432.jpg 768w, https:\/\/www.pm.pb.gov.br\/portal\/wp-content\/uploads\/2023\/08\/CABEDELO-1536x864.jpg 1536w, https:\/\/www.pm.pb.gov.br\/portal\/wp-content\/uploads\/2023\/08\/CABEDELO-2048x1152.jpg 2048w\" sizes=\"(max-width: 700px) 100vw, 700px\" \/><\/p>\n<p>Ambas as a\u00e7\u00f5es da PM foram acompanhadas pelo pr\u00f3prio comandante-geral da corpora\u00e7\u00e3o, coronel S\u00e9rgio Fonseca. As ocorr\u00eancias foram encaminhadas para a 7\u00aa Delegacia Distrital, onde a participa\u00e7\u00e3o dos acusados em outros delitos na regi\u00e3o ser\u00e1 investigada. Novas a\u00e7\u00f5es da PM devem acontecer para refor\u00e7ar a seguran\u00e7a no final de semana.<\/p>\n","protected":false},"excerpt":{"rendered":"<p>A Pol\u00edcia Militar intensificou as a\u00e7\u00f5es na regi\u00e3o metropolitana de Jo\u00e3o Pessoa e prendeu, na tarde desta sexta-feira (11), tr\u00eas<\/p>\n","protected":false},"author":12,"featured_media":917750,"comment_status":"closed","ping_status":"closed","sticky":false,"template":"","format":"standard","meta":{"_exactmetrics_skip_tracking":false,"_exactmetrics_sitenote_active":false,"_exactmetrics_sitenote_note":"","_exactmetrics_sitenote_category":0,"footnotes":""},"categories":[4],"tags":[],"yoast_head":"<!-- This site is optimized with the Yoast SEO plugin v22.0 - https:\/\/yoast.com\/wordpress\/plugins\/seo\/ -->\n<title>Pol\u00edcia Militar prende acusados de homic\u00eddio e roubo em Cabedelo, e apreende quatro armas de fogo de criminosos - Pol\u00edcia Militar da Para\u00edba<\/title>\n<meta name=\"robots\" content=\"index, follow, max-snippet:-1, max-image-preview:large, max-video-preview:-1\" \/>\n<link rel=\"canonical\" href=\"https:\/\/www.pm.pb.gov.br\/portal\/2023\/08\/11\/policia-militar-prende-acusados-de-homicidio-e-roubo-em-cabedelo-e-apreende-quatro-armas-de-fogo-de-criminosos\/\" \/>\n<meta property=\"og:locale\" content=\"pt_BR\" \/>\n<meta property=\"og:type\" content=\"article\" \/>\n<meta property=\"og:title\" content=\"Pol\u00edcia Militar prende acusados de homic\u00eddio e roubo em Cabedelo, e apreende quatro armas de fogo de criminosos - Pol\u00edcia Militar da Para\u00edba\" \/>\n<meta property=\"og:description\" content=\"A Pol\u00edcia Militar intensificou as a\u00e7\u00f5es na regi\u00e3o metropolitana de Jo\u00e3o Pessoa e prendeu, na tarde desta sexta-feira (11), tr\u00eas\" \/>\n<meta property=\"og:url\" content=\"https:\/\/www.pm.pb.gov.br\/portal\/2023\/08\/11\/policia-militar-prende-acusados-de-homicidio-e-roubo-em-cabedelo-e-apreende-quatro-armas-de-fogo-de-criminosos\/\" \/>\n<meta property=\"og:site_name\" content=\"Pol\u00edcia Militar da Para\u00edba\" \/>\n<meta property=\"article:published_time\" content=\"2023-08-11T19:48:56+00:00\" \/>\n<meta property=\"article:modified_time\" content=\"2023-08-11T19:48:58+00:00\" \/>\n<meta property=\"og:image\" content=\"http:\/\/www.pm.pb.gov.br\/portal\/wp-content\/uploads\/2023\/08\/FotoArmaCabedelo.png\" \/>\n\t<meta property=\"og:image:width\" content=\"800\" \/>\n\t<meta property=\"og:image:height\" content=\"445\" \/>\n\t<meta property=\"og:image:type\" content=\"image\/png\" \/>\n<meta name=\"author\" content=\"Tarcisio Oliveira\" \/>\n<meta name=\"twitter:card\" content=\"summary_large_image\" \/>\n<meta name=\"twitter:label1\" content=\"Escrito por\" \/>\n\t<meta name=\"twitter:data1\" content=\"Tarcisio Oliveira\" \/>\n\t<meta name=\"twitter:label2\" content=\"Est. tempo de leitura\" \/>\n\t<meta name=\"twitter:data2\" content=\"2 minutos\" \/>\n<script type=\"application\/ld+json\" class=\"yoast-schema-graph\">{\"@context\":\"https:\/\/schema.org\",\"@graph\":[{\"@type\":\"Article\",\"@id\":\"https:\/\/www.pm.pb.gov.br\/portal\/2023\/08\/11\/policia-militar-prende-acusados-de-homicidio-e-roubo-em-cabedelo-e-apreende-quatro-armas-de-fogo-de-criminosos\/#article\",\"isPartOf\":{\"@id\":\"https:\/\/www.pm.pb.gov.br\/portal\/2023\/08\/11\/policia-militar-prende-acusados-de-homicidio-e-roubo-em-cabedelo-e-apreende-quatro-armas-de-fogo-de-criminosos\/\"},\"author\":{\"name\":\"Tarcisio Oliveira\",\"@id\":\"https:\/\/www.pm.pb.gov.br\/portal\/#\/schema\/person\/f84f56dcc78ce4357054da888b8247fd\"},\"headline\":\"Pol\u00edcia Militar prende acusados de homic\u00eddio e roubo em Cabedelo, e apreende quatro armas de fogo de criminosos\",\"datePublished\":\"2023-08-11T19:48:56+00:00\",\"dateModified\":\"2023-08-11T19:48:58+00:00\",\"mainEntityOfPage\":{\"@id\":\"https:\/\/www.pm.pb.gov.br\/portal\/2023\/08\/11\/policia-militar-prende-acusados-de-homicidio-e-roubo-em-cabedelo-e-apreende-quatro-armas-de-fogo-de-criminosos\/\"},\"wordCount\":304,\"publisher\":{\"@id\":\"https:\/\/www.pm.pb.gov.br\/portal\/#organization\"},\"articleSection\":[\"A\u00e7\u00f5es Policiais\"],\"inLanguage\":\"pt-BR\"},{\"@type\":\"WebPage\",\"@id\":\"https:\/\/www.pm.pb.gov.br\/portal\/2023\/08\/11\/policia-militar-prende-acusados-de-homicidio-e-roubo-em-cabedelo-e-apreende-quatro-armas-de-fogo-de-criminosos\/\",\"url\":\"https:\/\/www.pm.pb.gov.br\/portal\/2023\/08\/11\/policia-militar-prende-acusados-de-homicidio-e-roubo-em-cabedelo-e-apreende-quatro-armas-de-fogo-de-criminosos\/\",\"name\":\"Pol\u00edcia Militar prende acusados de homic\u00eddio e roubo em Cabedelo, e apreende quatro armas de fogo de criminosos - Pol\u00edcia Militar da Para\u00edba\",\"isPartOf\":{\"@id\":\"https:\/\/www.pm.pb.gov.br\/portal\/#website\"},\"datePublished\":\"2023-08-11T19:48:56+00:00\",\"dateModified\":\"2023-08-11T19:48:58+00:00\",\"breadcrumb\":{\"@id\":\"https:\/\/www.pm.pb.gov.br\/portal\/2023\/08\/11\/policia-militar-prende-acusados-de-homicidio-e-roubo-em-cabedelo-e-apreende-quatro-armas-de-fogo-de-criminosos\/#breadcrumb\"},\"inLanguage\":\"pt-BR\",\"potentialAction\":[{\"@type\":\"ReadAction\",\"target\":[\"https:\/\/www.pm.pb.gov.br\/portal\/2023\/08\/11\/policia-militar-prende-acusados-de-homicidio-e-roubo-em-cabedelo-e-apreende-quatro-armas-de-fogo-de-criminosos\/\"]}]},{\"@type\":\"BreadcrumbList\",\"@id\":\"https:\/\/www.pm.pb.gov.br\/portal\/2023\/08\/11\/policia-militar-prende-acusados-de-homicidio-e-roubo-em-cabedelo-e-apreende-quatro-armas-de-fogo-de-criminosos\/#breadcrumb\",\"itemListElement\":[{\"@type\":\"ListItem\",\"position\":1,\"name\":\"In\u00edcio\",\"item\":\"https:\/\/www.pm.pb.gov.br\/portal\/\"},{\"@type\":\"ListItem\",\"position\":2,\"name\":\"Pol\u00edcia Militar prende acusados de homic\u00eddio e roubo em Cabedelo, e apreende quatro armas de fogo de criminosos\"}]},{\"@type\":\"WebSite\",\"@id\":\"https:\/\/www.pm.pb.gov.br\/portal\/#website\",\"url\":\"https:\/\/www.pm.pb.gov.br\/portal\/\",\"name\":\"Pol\u00edcia Militar da Para\u00edba\",\"description\":\"\",\"publisher\":{\"@id\":\"https:\/\/www.pm.pb.gov.br\/portal\/#organization\"},\"potentialAction\":[{\"@type\":\"SearchAction\",\"target\":{\"@type\":\"EntryPoint\",\"urlTemplate\":\"https:\/\/www.pm.pb.gov.br\/portal\/?s={search_term_string}\"},\"query-input\":\"required name=search_term_string\"}],\"inLanguage\":\"pt-BR\"},{\"@type\":\"Organization\",\"@id\":\"https:\/\/www.pm.pb.gov.br\/portal\/#organization\",\"name\":\"Pol\u00edcia Militar da Para\u00edba\",\"url\":\"https:\/\/www.pm.pb.gov.br\/portal\/\",\"logo\":{\"@type\":\"ImageObject\",\"inLanguage\":\"pt-BR\",\"@id\":\"https:\/\/www.pm.pb.gov.br\/portal\/#\/schema\/logo\/image\/\",\"url\":\"https:\/\/www.pm.pb.gov.br\/portal\/wp-content\/uploads\/2025\/03\/cropped-logo-site-mag2-1.png\",\"contentUrl\":\"https:\/\/www.pm.pb.gov.br\/portal\/wp-content\/uploads\/2025\/03\/cropped-logo-site-mag2-1.png\",\"width\":320,\"height\":90,\"caption\":\"Pol\u00edcia Militar da Para\u00edba\"},\"image\":{\"@id\":\"https:\/\/www.pm.pb.gov.br\/portal\/#\/schema\/logo\/image\/\"}},{\"@type\":\"Person\",\"@id\":\"https:\/\/www.pm.pb.gov.br\/portal\/#\/schema\/person\/f84f56dcc78ce4357054da888b8247fd\",\"name\":\"Tarcisio Oliveira\",\"image\":{\"@type\":\"ImageObject\",\"inLanguage\":\"pt-BR\",\"@id\":\"https:\/\/www.pm.pb.gov.br\/portal\/#\/schema\/person\/image\/\",\"url\":\"https:\/\/secure.gravatar.com\/avatar\/72917b630b69d31cd0297507f34bac97?s=96&d=mm&r=g\",\"contentUrl\":\"https:\/\/secure.gravatar.com\/avatar\/72917b630b69d31cd0297507f34bac97?s=96&d=mm&r=g\",\"caption\":\"Tarcisio Oliveira\"},\"url\":\"https:\/\/www.pm.pb.gov.br\/portal\/author\/tarcisio\/\"}]}<\/script>\n<!-- \/ Yoast SEO plugin. -->","yoast_head_json":{"title":"Pol\u00edcia Militar prende acusados de homic\u00eddio e roubo em Cabedelo, e apreende quatro armas de fogo de criminosos - Pol\u00edcia Militar da Para\u00edba","robots":{"index":"index","follow":"follow","max-snippet":"max-snippet:-1","max-image-preview":"max-image-preview:large","max-video-preview":"max-video-preview:-1"},"canonical":"https:\/\/www.pm.pb.gov.br\/portal\/2023\/08\/11\/policia-militar-prende-acusados-de-homicidio-e-roubo-em-cabedelo-e-apreende-quatro-armas-de-fogo-de-criminosos\/","og_locale":"pt_BR","og_type":"article","og_title":"Pol\u00edcia Militar prende acusados de homic\u00eddio e roubo em Cabedelo, e apreende quatro armas de fogo de criminosos - Pol\u00edcia Militar da Para\u00edba","og_description":"A Pol\u00edcia Militar intensificou as a\u00e7\u00f5es na regi\u00e3o metropolitana de Jo\u00e3o Pessoa e prendeu, na tarde desta sexta-feira (11), tr\u00eas","og_url":"https:\/\/www.pm.pb.gov.br\/portal\/2023\/08\/11\/policia-militar-prende-acusados-de-homicidio-e-roubo-em-cabedelo-e-apreende-quatro-armas-de-fogo-de-criminosos\/","og_site_name":"Pol\u00edcia Militar da Para\u00edba","article_published_time":"2023-08-11T19:48:56+00:00","article_modified_time":"2023-08-11T19:48:58+00:00","og_image":[{"width":800,"height":445,"url":"http:\/\/www.pm.pb.gov.br\/portal\/wp-content\/uploads\/2023\/08\/FotoArmaCabedelo.png","type":"image\/png"}],"author":"Tarcisio Oliveira","twitter_card":"summary_large_image","twitter_misc":{"Escrito por":"Tarcisio Oliveira","Est. tempo de leitura":"2 minutos"},"schema":{"@context":"https:\/\/schema.org","@graph":[{"@type":"Article","@id":"https:\/\/www.pm.pb.gov.br\/portal\/2023\/08\/11\/policia-militar-prende-acusados-de-homicidio-e-roubo-em-cabedelo-e-apreende-quatro-armas-de-fogo-de-criminosos\/#article","isPartOf":{"@id":"https:\/\/www.pm.pb.gov.br\/portal\/2023\/08\/11\/policia-militar-prende-acusados-de-homicidio-e-roubo-em-cabedelo-e-apreende-quatro-armas-de-fogo-de-criminosos\/"},"author":{"name":"Tarcisio Oliveira","@id":"https:\/\/www.pm.pb.gov.br\/portal\/#\/schema\/person\/f84f56dcc78ce4357054da888b8247fd"},"headline":"Pol\u00edcia Militar prende acusados de homic\u00eddio e roubo em Cabedelo, e apreende quatro armas de fogo de criminosos","datePublished":"2023-08-11T19:48:56+00:00","dateModified":"2023-08-11T19:48:58+00:00","mainEntityOfPage":{"@id":"https:\/\/www.pm.pb.gov.br\/portal\/2023\/08\/11\/policia-militar-prende-acusados-de-homicidio-e-roubo-em-cabedelo-e-apreende-quatro-armas-de-fogo-de-criminosos\/"},"wordCount":304,"publisher":{"@id":"https:\/\/www.pm.pb.gov.br\/portal\/#organization"},"articleSection":["A\u00e7\u00f5es Policiais"],"inLanguage":"pt-BR"},{"@type":"WebPage","@id":"https:\/\/www.pm.pb.gov.br\/portal\/2023\/08\/11\/policia-militar-prende-acusados-de-homicidio-e-roubo-em-cabedelo-e-apreende-quatro-armas-de-fogo-de-criminosos\/","url":"https:\/\/www.pm.pb.gov.br\/portal\/2023\/08\/11\/policia-militar-prende-acusados-de-homicidio-e-roubo-em-cabedelo-e-apreende-quatro-armas-de-fogo-de-criminosos\/","name":"Pol\u00edcia Militar prende acusados de homic\u00eddio e roubo em Cabedelo, e apreende quatro armas de fogo de criminosos - Pol\u00edcia Militar da Para\u00edba","isPartOf":{"@id":"https:\/\/www.pm.pb.gov.br\/portal\/#website"},"datePublished":"2023-08-11T19:48:56+00:00","dateModified":"2023-08-11T19:48:58+00:00","breadcrumb":{"@id":"https:\/\/www.pm.pb.gov.br\/portal\/2023\/08\/11\/policia-militar-prende-acusados-de-homicidio-e-roubo-em-cabedelo-e-apreende-quatro-armas-de-fogo-de-criminosos\/#breadcrumb"},"inLanguage":"pt-BR","potentialAction":[{"@type":"ReadAction","target":["https:\/\/www.pm.pb.gov.br\/portal\/2023\/08\/11\/policia-militar-prende-acusados-de-homicidio-e-roubo-em-cabedelo-e-apreende-quatro-armas-de-fogo-de-criminosos\/"]}]},{"@type":"BreadcrumbList","@id":"https:\/\/www.pm.pb.gov.br\/portal\/2023\/08\/11\/policia-militar-prende-acusados-de-homicidio-e-roubo-em-cabedelo-e-apreende-quatro-armas-de-fogo-de-criminosos\/#breadcrumb","itemListElement":[{"@type":"ListItem","position":1,"name":"In\u00edcio","item":"https:\/\/www.pm.pb.gov.br\/portal\/"},{"@type":"ListItem","position":2,"name":"Pol\u00edcia Militar prende acusados de homic\u00eddio e roubo em Cabedelo, e apreende quatro armas de fogo de criminosos"}]},{"@type":"WebSite","@id":"https:\/\/www.pm.pb.gov.br\/portal\/#website","url":"https:\/\/www.pm.pb.gov.br\/portal\/","name":"Pol\u00edcia Militar da Para\u00edba","description":"","publisher":{"@id":"https:\/\/www.pm.pb.gov.br\/portal\/#organization"},"potentialAction":[{"@type":"SearchAction","target":{"@type":"EntryPoint","urlTemplate":"https:\/\/www.pm.pb.gov.br\/portal\/?s={search_term_string}"},"query-input":"required name=search_term_string"}],"inLanguage":"pt-BR"},{"@type":"Organization","@id":"https:\/\/www.pm.pb.gov.br\/portal\/#organization","name":"Pol\u00edcia Militar da Para\u00edba","url":"https:\/\/www.pm.pb.gov.br\/portal\/","logo":{"@type":"ImageObject","inLanguage":"pt-BR","@id":"https:\/\/www.pm.pb.gov.br\/portal\/#\/schema\/logo\/image\/","url":"https:\/\/www.pm.pb.gov.br\/portal\/wp-content\/uploads\/2025\/03\/cropped-logo-site-mag2-1.png","contentUrl":"https:\/\/www.pm.pb.gov.br\/portal\/wp-content\/uploads\/2025\/03\/cropped-logo-site-mag2-1.png","width":320,"height":90,"caption":"Pol\u00edcia Militar da Para\u00edba"},"image":{"@id":"https:\/\/www.pm.pb.gov.br\/portal\/#\/schema\/logo\/image\/"}},{"@type":"Person","@id":"https:\/\/www.pm.pb.gov.br\/portal\/#\/schema\/person\/f84f56dcc78ce4357054da888b8247fd","name":"Tarcisio Oliveira","image":{"@type":"ImageObject","inLanguage":"pt-BR","@id":"https:\/\/www.pm.pb.gov.br\/portal\/#\/schema\/person\/image\/","url":"https:\/\/secure.gravatar.com\/avatar\/72917b630b69d31cd0297507f34bac97?s=96&d=mm&r=g","contentUrl":"https:\/\/secure.gravatar.com\/avatar\/72917b630b69d31cd0297507f34bac97?s=96&d=mm&r=g","caption":"Tarcisio Oliveira"},"url":"https:\/\/www.pm.pb.gov.br\/portal\/author\/tarcisio\/"}]}},"_links":{"self":[{"href":"https:\/\/www.pm.pb.gov.br\/portal\/wp-json\/wp\/v2\/posts\/917749"}],"collection":[{"href":"https:\/\/www.pm.pb.gov.br\/portal\/wp-json\/wp\/v2\/posts"}],"about":[{"href":"https:\/\/www.pm.pb.gov.br\/portal\/wp-json\/wp\/v2\/types\/post"}],"author":[{"embeddable":true,"href":"https:\/\/www.pm.pb.gov.br\/portal\/wp-json\/wp\/v2\/users\/12"}],"replies":[{"embeddable":true,"href":"https:\/\/www.pm.pb.gov.br\/portal\/wp-json\/wp\/v2\/comments?post=917749"}],"version-history":[{"count":1,"href":"https:\/\/www.pm.pb.gov.br\/portal\/wp-json\/wp\/v2\/posts\/917749\/revisions"}],"predecessor-version":[{"id":917753,"href":"https:\/\/www.pm.pb.gov.br\/portal\/wp-json\/wp\/v2\/posts\/917749\/revisions\/917753"}],"wp:featuredmedia":[{"embeddable":true,"href":"https:\/\/www.pm.pb.gov.br\/portal\/wp-json\/wp\/v2\/media\/917750"}],"wp:attachment":[{"href":"https:\/\/www.pm.pb.gov.br\/portal\/wp-json\/wp\/v2\/media?parent=917749"}],"wp:term":[{"taxonomy":"category","embeddable":true,"href":"https:\/\/www.pm.pb.gov.br\/portal\/wp-json\/wp\/v2\/categories?post=917749"},{"taxonomy":"post_tag","embeddable":true,"href":"https:\/\/www.pm.pb.gov.br\/portal\/wp-json\/wp\/v2\/tags?post=917749"}],"curies":[{"name":"wp","href":"https:\/\/api.w.org\/{rel}","templated":true}]}}