{"id":917746,"date":"2023-08-11T13:20:00","date_gmt":"2023-08-11T16:20:00","guid":{"rendered":"https:\/\/www.pm.pb.gov.br\/portal\/?p=917746"},"modified":"2023-08-11T14:25:34","modified_gmt":"2023-08-11T17:25:34","slug":"curso-de-gestao-de-processo-da-pmpb-capacitou-mais-de-30-oficiais-da-corporacao","status":"publish","type":"post","link":"https:\/\/www.pm.pb.gov.br\/portal\/2023\/08\/11\/curso-de-gestao-de-processo-da-pmpb-capacitou-mais-de-30-oficiais-da-corporacao\/","title":{"rendered":"Curso de Gest\u00e3o de Processo da PMPB capacitou mais de 30 oficiais da corpora\u00e7\u00e3o"},"content":{"rendered":"\n<p>Mais de 30 oficiais encerraram, nesta sexta-feira (11), o Curso de Gest\u00e3o de Processos da PMPB, atividade que ocorreu durante toda a semana no Quartel do Comando Geral da institui\u00e7\u00e3o (foto acima). O curso \u00e9 mais um passo na moderniza\u00e7\u00e3o da corpora\u00e7\u00e3o e faz parte das diretrizes da gest\u00e3o do comandante-geral da PM, coronel S\u00e9rgio Fonseca.<\/p>\n<p>A atividade reuniu oficiais da regi\u00e3o metropolitana de Jo\u00e3o Pessoa e de diversas localidades da Para\u00edba. Em 40 horas-aulas, os alunos foram capacitados nas mais modernas ferramentas de gest\u00e3o, processos, planejamento estrat\u00e9gico, indicadores, an\u00e1lises, entre outros.<\/p>\n<p>O objetivo do Curso foi capacitar os policiais, que s\u00e3o gestores em suas unidades, para otimizar os processos administrativos da corpora\u00e7\u00e3o, maximizando recursos como or\u00e7amento, pessoal, tempo, entre outros, colaborando diretamente para a presta\u00e7\u00e3o de seguran\u00e7a p\u00fablica ainda mais efetiva.<\/p>\n<p>As instru\u00e7\u00f5es foram ministradas pela capit\u00e3 da Pol\u00edcia Militar da Bahia, Priscila Lemos.<\/p>\n<p><img loading=\"lazy\" decoding=\"async\" class=\"size-medium wp-image-917685 aligncenter\" src=\"http:\/\/www.pm.pb.gov.br\/portal\/wp-content\/uploads\/2023\/08\/WhatsApp-Image-2023-08-07-at-09.09.40-593x445.jpeg\" alt=\"\" width=\"593\" height=\"445\" srcset=\"https:\/\/www.pm.pb.gov.br\/portal\/wp-content\/uploads\/2023\/08\/WhatsApp-Image-2023-08-07-at-09.09.40-593x445.jpeg 593w, https:\/\/www.pm.pb.gov.br\/portal\/wp-content\/uploads\/2023\/08\/WhatsApp-Image-2023-08-07-at-09.09.40-760x570.jpeg 760w, https:\/\/www.pm.pb.gov.br\/portal\/wp-content\/uploads\/2023\/08\/WhatsApp-Image-2023-08-07-at-09.09.40-768x576.jpeg 768w, https:\/\/www.pm.pb.gov.br\/portal\/wp-content\/uploads\/2023\/08\/WhatsApp-Image-2023-08-07-at-09.09.40-1536x1152.jpeg 1536w, https:\/\/www.pm.pb.gov.br\/portal\/wp-content\/uploads\/2023\/08\/WhatsApp-Image-2023-08-07-at-09.09.40.jpeg 1600w\" sizes=\"(max-width: 593px) 100vw, 593px\" \/><\/p>\n\n\n","protected":false},"excerpt":{"rendered":"<p>Mais de 30 oficiais encerraram, nesta sexta-feira (11), o Curso de Gest\u00e3o de Processos da PMPB, atividade que ocorreu durante<\/p>\n","protected":false},"author":12,"featured_media":917747,"comment_status":"closed","ping_status":"closed","sticky":false,"template":"","format":"standard","meta":{"_exactmetrics_skip_tracking":false,"_exactmetrics_sitenote_active":false,"_exactmetrics_sitenote_note":"","_exactmetrics_sitenote_category":0,"footnotes":""},"categories":[29],"tags":[],"yoast_head":"<!-- This site is optimized with the Yoast SEO plugin v22.0 - https:\/\/yoast.com\/wordpress\/plugins\/seo\/ -->\n<title>Curso de Gest\u00e3o de Processo da PMPB capacitou mais de 30 oficiais da corpora\u00e7\u00e3o - Pol\u00edcia Militar da Para\u00edba<\/title>\n<meta name=\"robots\" content=\"index, follow, max-snippet:-1, max-image-preview:large, max-video-preview:-1\" \/>\n<link rel=\"canonical\" href=\"https:\/\/www.pm.pb.gov.br\/portal\/2023\/08\/11\/curso-de-gestao-de-processo-da-pmpb-capacitou-mais-de-30-oficiais-da-corporacao\/\" \/>\n<meta property=\"og:locale\" content=\"pt_BR\" \/>\n<meta property=\"og:type\" content=\"article\" \/>\n<meta property=\"og:title\" content=\"Curso de Gest\u00e3o de Processo da PMPB capacitou mais de 30 oficiais da corpora\u00e7\u00e3o - Pol\u00edcia Militar da Para\u00edba\" \/>\n<meta property=\"og:description\" content=\"Mais de 30 oficiais encerraram, nesta sexta-feira (11), o Curso de Gest\u00e3o de Processos da PMPB, atividade que ocorreu durante\" \/>\n<meta property=\"og:url\" content=\"https:\/\/www.pm.pb.gov.br\/portal\/2023\/08\/11\/curso-de-gestao-de-processo-da-pmpb-capacitou-mais-de-30-oficiais-da-corporacao\/\" \/>\n<meta property=\"og:site_name\" content=\"Pol\u00edcia Militar da Para\u00edba\" \/>\n<meta property=\"article:published_time\" content=\"2023-08-11T16:20:00+00:00\" \/>\n<meta property=\"article:modified_time\" content=\"2023-08-11T17:25:34+00:00\" \/>\n<meta property=\"og:image\" content=\"http:\/\/www.pm.pb.gov.br\/portal\/wp-content\/uploads\/2023\/08\/gestao.jpg\" \/>\n\t<meta property=\"og:image:width\" content=\"800\" \/>\n\t<meta property=\"og:image:height\" content=\"445\" \/>\n\t<meta property=\"og:image:type\" content=\"image\/jpeg\" \/>\n<meta name=\"author\" content=\"Tarcisio Oliveira\" \/>\n<meta name=\"twitter:card\" content=\"summary_large_image\" \/>\n<meta name=\"twitter:label1\" content=\"Escrito por\" \/>\n\t<meta name=\"twitter:data1\" content=\"Tarcisio Oliveira\" \/>\n\t<meta name=\"twitter:label2\" content=\"Est. tempo de leitura\" \/>\n\t<meta name=\"twitter:data2\" content=\"1 minuto\" \/>\n<script type=\"application\/ld+json\" class=\"yoast-schema-graph\">{\"@context\":\"https:\/\/schema.org\",\"@graph\":[{\"@type\":\"Article\",\"@id\":\"https:\/\/www.pm.pb.gov.br\/portal\/2023\/08\/11\/curso-de-gestao-de-processo-da-pmpb-capacitou-mais-de-30-oficiais-da-corporacao\/#article\",\"isPartOf\":{\"@id\":\"https:\/\/www.pm.pb.gov.br\/portal\/2023\/08\/11\/curso-de-gestao-de-processo-da-pmpb-capacitou-mais-de-30-oficiais-da-corporacao\/\"},\"author\":{\"name\":\"Tarcisio Oliveira\",\"@id\":\"https:\/\/www.pm.pb.gov.br\/portal\/#\/schema\/person\/f84f56dcc78ce4357054da888b8247fd\"},\"headline\":\"Curso de Gest\u00e3o de Processo da PMPB capacitou mais de 30 oficiais da corpora\u00e7\u00e3o\",\"datePublished\":\"2023-08-11T16:20:00+00:00\",\"dateModified\":\"2023-08-11T17:25:34+00:00\",\"mainEntityOfPage\":{\"@id\":\"https:\/\/www.pm.pb.gov.br\/portal\/2023\/08\/11\/curso-de-gestao-de-processo-da-pmpb-capacitou-mais-de-30-oficiais-da-corporacao\/\"},\"wordCount\":176,\"publisher\":{\"@id\":\"https:\/\/www.pm.pb.gov.br\/portal\/#organization\"},\"articleSection\":[\"Gest\u00e3o e planejamento\"],\"inLanguage\":\"pt-BR\"},{\"@type\":\"WebPage\",\"@id\":\"https:\/\/www.pm.pb.gov.br\/portal\/2023\/08\/11\/curso-de-gestao-de-processo-da-pmpb-capacitou-mais-de-30-oficiais-da-corporacao\/\",\"url\":\"https:\/\/www.pm.pb.gov.br\/portal\/2023\/08\/11\/curso-de-gestao-de-processo-da-pmpb-capacitou-mais-de-30-oficiais-da-corporacao\/\",\"name\":\"Curso de Gest\u00e3o de Processo da PMPB capacitou mais de 30 oficiais da corpora\u00e7\u00e3o - Pol\u00edcia Militar da Para\u00edba\",\"isPartOf\":{\"@id\":\"https:\/\/www.pm.pb.gov.br\/portal\/#website\"},\"datePublished\":\"2023-08-11T16:20:00+00:00\",\"dateModified\":\"2023-08-11T17:25:34+00:00\",\"breadcrumb\":{\"@id\":\"https:\/\/www.pm.pb.gov.br\/portal\/2023\/08\/11\/curso-de-gestao-de-processo-da-pmpb-capacitou-mais-de-30-oficiais-da-corporacao\/#breadcrumb\"},\"inLanguage\":\"pt-BR\",\"potentialAction\":[{\"@type\":\"ReadAction\",\"target\":[\"https:\/\/www.pm.pb.gov.br\/portal\/2023\/08\/11\/curso-de-gestao-de-processo-da-pmpb-capacitou-mais-de-30-oficiais-da-corporacao\/\"]}]},{\"@type\":\"BreadcrumbList\",\"@id\":\"https:\/\/www.pm.pb.gov.br\/portal\/2023\/08\/11\/curso-de-gestao-de-processo-da-pmpb-capacitou-mais-de-30-oficiais-da-corporacao\/#breadcrumb\",\"itemListElement\":[{\"@type\":\"ListItem\",\"position\":1,\"name\":\"In\u00edcio\",\"item\":\"https:\/\/www.pm.pb.gov.br\/portal\/\"},{\"@type\":\"ListItem\",\"position\":2,\"name\":\"Curso de Gest\u00e3o de Processo da PMPB capacitou mais de 30 oficiais da corpora\u00e7\u00e3o\"}]},{\"@type\":\"WebSite\",\"@id\":\"https:\/\/www.pm.pb.gov.br\/portal\/#website\",\"url\":\"https:\/\/www.pm.pb.gov.br\/portal\/\",\"name\":\"Pol\u00edcia Militar da Para\u00edba\",\"description\":\"\",\"publisher\":{\"@id\":\"https:\/\/www.pm.pb.gov.br\/portal\/#organization\"},\"potentialAction\":[{\"@type\":\"SearchAction\",\"target\":{\"@type\":\"EntryPoint\",\"urlTemplate\":\"https:\/\/www.pm.pb.gov.br\/portal\/?s={search_term_string}\"},\"query-input\":\"required name=search_term_string\"}],\"inLanguage\":\"pt-BR\"},{\"@type\":\"Organization\",\"@id\":\"https:\/\/www.pm.pb.gov.br\/portal\/#organization\",\"name\":\"Pol\u00edcia Militar da Para\u00edba\",\"url\":\"https:\/\/www.pm.pb.gov.br\/portal\/\",\"logo\":{\"@type\":\"ImageObject\",\"inLanguage\":\"pt-BR\",\"@id\":\"https:\/\/www.pm.pb.gov.br\/portal\/#\/schema\/logo\/image\/\",\"url\":\"https:\/\/www.pm.pb.gov.br\/portal\/wp-content\/uploads\/2025\/03\/cropped-logo-site-mag2-1.png\",\"contentUrl\":\"https:\/\/www.pm.pb.gov.br\/portal\/wp-content\/uploads\/2025\/03\/cropped-logo-site-mag2-1.png\",\"width\":320,\"height\":90,\"caption\":\"Pol\u00edcia Militar da Para\u00edba\"},\"image\":{\"@id\":\"https:\/\/www.pm.pb.gov.br\/portal\/#\/schema\/logo\/image\/\"}},{\"@type\":\"Person\",\"@id\":\"https:\/\/www.pm.pb.gov.br\/portal\/#\/schema\/person\/f84f56dcc78ce4357054da888b8247fd\",\"name\":\"Tarcisio Oliveira\",\"image\":{\"@type\":\"ImageObject\",\"inLanguage\":\"pt-BR\",\"@id\":\"https:\/\/www.pm.pb.gov.br\/portal\/#\/schema\/person\/image\/\",\"url\":\"https:\/\/secure.gravatar.com\/avatar\/72917b630b69d31cd0297507f34bac97?s=96&d=mm&r=g\",\"contentUrl\":\"https:\/\/secure.gravatar.com\/avatar\/72917b630b69d31cd0297507f34bac97?s=96&d=mm&r=g\",\"caption\":\"Tarcisio Oliveira\"},\"url\":\"https:\/\/www.pm.pb.gov.br\/portal\/author\/tarcisio\/\"}]}<\/script>\n<!-- \/ Yoast SEO plugin. -->","yoast_head_json":{"title":"Curso de Gest\u00e3o de Processo da PMPB capacitou mais de 30 oficiais da corpora\u00e7\u00e3o - Pol\u00edcia Militar da Para\u00edba","robots":{"index":"index","follow":"follow","max-snippet":"max-snippet:-1","max-image-preview":"max-image-preview:large","max-video-preview":"max-video-preview:-1"},"canonical":"https:\/\/www.pm.pb.gov.br\/portal\/2023\/08\/11\/curso-de-gestao-de-processo-da-pmpb-capacitou-mais-de-30-oficiais-da-corporacao\/","og_locale":"pt_BR","og_type":"article","og_title":"Curso de Gest\u00e3o de Processo da PMPB capacitou mais de 30 oficiais da corpora\u00e7\u00e3o - Pol\u00edcia Militar da Para\u00edba","og_description":"Mais de 30 oficiais encerraram, nesta sexta-feira (11), o Curso de Gest\u00e3o de Processos da PMPB, atividade que ocorreu durante","og_url":"https:\/\/www.pm.pb.gov.br\/portal\/2023\/08\/11\/curso-de-gestao-de-processo-da-pmpb-capacitou-mais-de-30-oficiais-da-corporacao\/","og_site_name":"Pol\u00edcia Militar da Para\u00edba","article_published_time":"2023-08-11T16:20:00+00:00","article_modified_time":"2023-08-11T17:25:34+00:00","og_image":[{"width":800,"height":445,"url":"http:\/\/www.pm.pb.gov.br\/portal\/wp-content\/uploads\/2023\/08\/gestao.jpg","type":"image\/jpeg"}],"author":"Tarcisio Oliveira","twitter_card":"summary_large_image","twitter_misc":{"Escrito por":"Tarcisio Oliveira","Est. tempo de leitura":"1 minuto"},"schema":{"@context":"https:\/\/schema.org","@graph":[{"@type":"Article","@id":"https:\/\/www.pm.pb.gov.br\/portal\/2023\/08\/11\/curso-de-gestao-de-processo-da-pmpb-capacitou-mais-de-30-oficiais-da-corporacao\/#article","isPartOf":{"@id":"https:\/\/www.pm.pb.gov.br\/portal\/2023\/08\/11\/curso-de-gestao-de-processo-da-pmpb-capacitou-mais-de-30-oficiais-da-corporacao\/"},"author":{"name":"Tarcisio Oliveira","@id":"https:\/\/www.pm.pb.gov.br\/portal\/#\/schema\/person\/f84f56dcc78ce4357054da888b8247fd"},"headline":"Curso de Gest\u00e3o de Processo da PMPB capacitou mais de 30 oficiais da corpora\u00e7\u00e3o","datePublished":"2023-08-11T16:20:00+00:00","dateModified":"2023-08-11T17:25:34+00:00","mainEntityOfPage":{"@id":"https:\/\/www.pm.pb.gov.br\/portal\/2023\/08\/11\/curso-de-gestao-de-processo-da-pmpb-capacitou-mais-de-30-oficiais-da-corporacao\/"},"wordCount":176,"publisher":{"@id":"https:\/\/www.pm.pb.gov.br\/portal\/#organization"},"articleSection":["Gest\u00e3o e planejamento"],"inLanguage":"pt-BR"},{"@type":"WebPage","@id":"https:\/\/www.pm.pb.gov.br\/portal\/2023\/08\/11\/curso-de-gestao-de-processo-da-pmpb-capacitou-mais-de-30-oficiais-da-corporacao\/","url":"https:\/\/www.pm.pb.gov.br\/portal\/2023\/08\/11\/curso-de-gestao-de-processo-da-pmpb-capacitou-mais-de-30-oficiais-da-corporacao\/","name":"Curso de Gest\u00e3o de Processo da PMPB capacitou mais de 30 oficiais da corpora\u00e7\u00e3o - Pol\u00edcia Militar da Para\u00edba","isPartOf":{"@id":"https:\/\/www.pm.pb.gov.br\/portal\/#website"},"datePublished":"2023-08-11T16:20:00+00:00","dateModified":"2023-08-11T17:25:34+00:00","breadcrumb":{"@id":"https:\/\/www.pm.pb.gov.br\/portal\/2023\/08\/11\/curso-de-gestao-de-processo-da-pmpb-capacitou-mais-de-30-oficiais-da-corporacao\/#breadcrumb"},"inLanguage":"pt-BR","potentialAction":[{"@type":"ReadAction","target":["https:\/\/www.pm.pb.gov.br\/portal\/2023\/08\/11\/curso-de-gestao-de-processo-da-pmpb-capacitou-mais-de-30-oficiais-da-corporacao\/"]}]},{"@type":"BreadcrumbList","@id":"https:\/\/www.pm.pb.gov.br\/portal\/2023\/08\/11\/curso-de-gestao-de-processo-da-pmpb-capacitou-mais-de-30-oficiais-da-corporacao\/#breadcrumb","itemListElement":[{"@type":"ListItem","position":1,"name":"In\u00edcio","item":"https:\/\/www.pm.pb.gov.br\/portal\/"},{"@type":"ListItem","position":2,"name":"Curso de Gest\u00e3o de Processo da PMPB capacitou mais de 30 oficiais da corpora\u00e7\u00e3o"}]},{"@type":"WebSite","@id":"https:\/\/www.pm.pb.gov.br\/portal\/#website","url":"https:\/\/www.pm.pb.gov.br\/portal\/","name":"Pol\u00edcia Militar da Para\u00edba","description":"","publisher":{"@id":"https:\/\/www.pm.pb.gov.br\/portal\/#organization"},"potentialAction":[{"@type":"SearchAction","target":{"@type":"EntryPoint","urlTemplate":"https:\/\/www.pm.pb.gov.br\/portal\/?s={search_term_string}"},"query-input":"required name=search_term_string"}],"inLanguage":"pt-BR"},{"@type":"Organization","@id":"https:\/\/www.pm.pb.gov.br\/portal\/#organization","name":"Pol\u00edcia Militar da Para\u00edba","url":"https:\/\/www.pm.pb.gov.br\/portal\/","logo":{"@type":"ImageObject","inLanguage":"pt-BR","@id":"https:\/\/www.pm.pb.gov.br\/portal\/#\/schema\/logo\/image\/","url":"https:\/\/www.pm.pb.gov.br\/portal\/wp-content\/uploads\/2025\/03\/cropped-logo-site-mag2-1.png","contentUrl":"https:\/\/www.pm.pb.gov.br\/portal\/wp-content\/uploads\/2025\/03\/cropped-logo-site-mag2-1.png","width":320,"height":90,"caption":"Pol\u00edcia Militar da Para\u00edba"},"image":{"@id":"https:\/\/www.pm.pb.gov.br\/portal\/#\/schema\/logo\/image\/"}},{"@type":"Person","@id":"https:\/\/www.pm.pb.gov.br\/portal\/#\/schema\/person\/f84f56dcc78ce4357054da888b8247fd","name":"Tarcisio Oliveira","image":{"@type":"ImageObject","inLanguage":"pt-BR","@id":"https:\/\/www.pm.pb.gov.br\/portal\/#\/schema\/person\/image\/","url":"https:\/\/secure.gravatar.com\/avatar\/72917b630b69d31cd0297507f34bac97?s=96&d=mm&r=g","contentUrl":"https:\/\/secure.gravatar.com\/avatar\/72917b630b69d31cd0297507f34bac97?s=96&d=mm&r=g","caption":"Tarcisio Oliveira"},"url":"https:\/\/www.pm.pb.gov.br\/portal\/author\/tarcisio\/"}]}},"_links":{"self":[{"href":"https:\/\/www.pm.pb.gov.br\/portal\/wp-json\/wp\/v2\/posts\/917746"}],"collection":[{"href":"https:\/\/www.pm.pb.gov.br\/portal\/wp-json\/wp\/v2\/posts"}],"about":[{"href":"https:\/\/www.pm.pb.gov.br\/portal\/wp-json\/wp\/v2\/types\/post"}],"author":[{"embeddable":true,"href":"https:\/\/www.pm.pb.gov.br\/portal\/wp-json\/wp\/v2\/users\/12"}],"replies":[{"embeddable":true,"href":"https:\/\/www.pm.pb.gov.br\/portal\/wp-json\/wp\/v2\/comments?post=917746"}],"version-history":[{"count":1,"href":"https:\/\/www.pm.pb.gov.br\/portal\/wp-json\/wp\/v2\/posts\/917746\/revisions"}],"predecessor-version":[{"id":917748,"href":"https:\/\/www.pm.pb.gov.br\/portal\/wp-json\/wp\/v2\/posts\/917746\/revisions\/917748"}],"wp:featuredmedia":[{"embeddable":true,"href":"https:\/\/www.pm.pb.gov.br\/portal\/wp-json\/wp\/v2\/media\/917747"}],"wp:attachment":[{"href":"https:\/\/www.pm.pb.gov.br\/portal\/wp-json\/wp\/v2\/media?parent=917746"}],"wp:term":[{"taxonomy":"category","embeddable":true,"href":"https:\/\/www.pm.pb.gov.br\/portal\/wp-json\/wp\/v2\/categories?post=917746"},{"taxonomy":"post_tag","embeddable":true,"href":"https:\/\/www.pm.pb.gov.br\/portal\/wp-json\/wp\/v2\/tags?post=917746"}],"curies":[{"name":"wp","href":"https:\/\/api.w.org\/{rel}","templated":true}]}}