{"id":917735,"date":"2023-08-10T11:41:00","date_gmt":"2023-08-10T14:41:00","guid":{"rendered":"https:\/\/www.pm.pb.gov.br\/portal\/?p=917735"},"modified":"2023-08-10T18:41:41","modified_gmt":"2023-08-10T21:41:41","slug":"acao-conjunta-mira-organizacao-criminosa-voltada-ao-trafico-de-drogas-e-de-armas","status":"publish","type":"post","link":"https:\/\/www.pm.pb.gov.br\/portal\/2023\/08\/10\/acao-conjunta-mira-organizacao-criminosa-voltada-ao-trafico-de-drogas-e-de-armas\/","title":{"rendered":"A\u00e7\u00e3o conjunta mira organiza\u00e7\u00e3o criminosa voltada ao tr\u00e1fico de drogas e de armas"},"content":{"rendered":"\n<p>Uma a\u00e7\u00e3o conjunta das Pol\u00edcias Federal e Militar desencadeou, nesta quinta-feira (10), na cidade de S\u00e3o Bento, a \u201cOpera\u00e7\u00e3o Sert\u00e3o Vigilante\u201d (foto principal acima; Ascom PF). A a\u00e7\u00e3o teve como alvo organiza\u00e7\u00e3o criminosa destinada ao tr\u00e1fico de drogas e de armas, al\u00e9m de outros crimes.<\/p>\n<p>O trabalho conta com a participa\u00e7\u00e3o de aproximadamente 60 policiais federais e 25 policiais militares, que cumprem dez ordens judiciais de busca e apreens\u00e3o al\u00e9m de ordem de sequestro banc\u00e1rio que somam mais de R$ 4 milh\u00f5es.<\/p>\n<p>Os investigados responder\u00e3o pelos crimes de organiza\u00e7\u00e3o criminosa, tr\u00e1fico de drogas, lavagem de capitais e porte e posse ilegal de arma de fogo, cujas penas m\u00e1ximas somadas podem chegar a mais de 25 anos de reclus\u00e3o.<\/p>\n\n\n\n<p>Fonte: Ascom PF.<\/p>\n<p>Atualizado \u00e0s 18h59.<\/p>\n","protected":false},"excerpt":{"rendered":"<p>Uma a\u00e7\u00e3o conjunta das Pol\u00edcias Federal e Militar desencadeou, nesta quinta-feira (10), na cidade de S\u00e3o Bento, a \u201cOpera\u00e7\u00e3o Sert\u00e3o<\/p>\n","protected":false},"author":12,"featured_media":917736,"comment_status":"closed","ping_status":"closed","sticky":false,"template":"","format":"standard","meta":{"_exactmetrics_skip_tracking":false,"_exactmetrics_sitenote_active":false,"_exactmetrics_sitenote_note":"","_exactmetrics_sitenote_category":0,"footnotes":""},"categories":[4],"tags":[],"yoast_head":"<!-- This site is optimized with the Yoast SEO plugin v22.0 - https:\/\/yoast.com\/wordpress\/plugins\/seo\/ -->\n<title>A\u00e7\u00e3o conjunta mira organiza\u00e7\u00e3o criminosa voltada ao tr\u00e1fico de drogas e de armas - Pol\u00edcia Militar da Para\u00edba<\/title>\n<meta name=\"robots\" content=\"index, follow, max-snippet:-1, max-image-preview:large, max-video-preview:-1\" \/>\n<link rel=\"canonical\" href=\"https:\/\/www.pm.pb.gov.br\/portal\/2023\/08\/10\/acao-conjunta-mira-organizacao-criminosa-voltada-ao-trafico-de-drogas-e-de-armas\/\" \/>\n<meta property=\"og:locale\" content=\"pt_BR\" \/>\n<meta property=\"og:type\" content=\"article\" \/>\n<meta property=\"og:title\" content=\"A\u00e7\u00e3o conjunta mira organiza\u00e7\u00e3o criminosa voltada ao tr\u00e1fico de drogas e de armas - Pol\u00edcia Militar da Para\u00edba\" \/>\n<meta property=\"og:description\" content=\"Uma a\u00e7\u00e3o conjunta das Pol\u00edcias Federal e Militar desencadeou, nesta quinta-feira (10), na cidade de S\u00e3o Bento, a \u201cOpera\u00e7\u00e3o Sert\u00e3o\" \/>\n<meta property=\"og:url\" content=\"https:\/\/www.pm.pb.gov.br\/portal\/2023\/08\/10\/acao-conjunta-mira-organizacao-criminosa-voltada-ao-trafico-de-drogas-e-de-armas\/\" \/>\n<meta property=\"og:site_name\" content=\"Pol\u00edcia Militar da Para\u00edba\" \/>\n<meta property=\"article:published_time\" content=\"2023-08-10T14:41:00+00:00\" \/>\n<meta property=\"article:modified_time\" content=\"2023-08-10T21:41:41+00:00\" \/>\n<meta property=\"og:image\" content=\"http:\/\/www.pm.pb.gov.br\/portal\/wp-content\/uploads\/2023\/08\/ascompf1.jpeg\" \/>\n\t<meta property=\"og:image:width\" content=\"800\" \/>\n\t<meta property=\"og:image:height\" content=\"445\" \/>\n\t<meta property=\"og:image:type\" content=\"image\/jpeg\" \/>\n<meta name=\"author\" content=\"Tarcisio Oliveira\" \/>\n<meta name=\"twitter:card\" content=\"summary_large_image\" \/>\n<meta name=\"twitter:label1\" content=\"Escrito por\" \/>\n\t<meta name=\"twitter:data1\" content=\"Tarcisio Oliveira\" \/>\n\t<meta name=\"twitter:label2\" content=\"Est. tempo de leitura\" \/>\n\t<meta name=\"twitter:data2\" content=\"1 minuto\" \/>\n<script type=\"application\/ld+json\" class=\"yoast-schema-graph\">{\"@context\":\"https:\/\/schema.org\",\"@graph\":[{\"@type\":\"Article\",\"@id\":\"https:\/\/www.pm.pb.gov.br\/portal\/2023\/08\/10\/acao-conjunta-mira-organizacao-criminosa-voltada-ao-trafico-de-drogas-e-de-armas\/#article\",\"isPartOf\":{\"@id\":\"https:\/\/www.pm.pb.gov.br\/portal\/2023\/08\/10\/acao-conjunta-mira-organizacao-criminosa-voltada-ao-trafico-de-drogas-e-de-armas\/\"},\"author\":{\"name\":\"Tarcisio Oliveira\",\"@id\":\"https:\/\/www.pm.pb.gov.br\/portal\/#\/schema\/person\/f84f56dcc78ce4357054da888b8247fd\"},\"headline\":\"A\u00e7\u00e3o conjunta mira organiza\u00e7\u00e3o criminosa voltada ao tr\u00e1fico de drogas e de armas\",\"datePublished\":\"2023-08-10T14:41:00+00:00\",\"dateModified\":\"2023-08-10T21:41:41+00:00\",\"mainEntityOfPage\":{\"@id\":\"https:\/\/www.pm.pb.gov.br\/portal\/2023\/08\/10\/acao-conjunta-mira-organizacao-criminosa-voltada-ao-trafico-de-drogas-e-de-armas\/\"},\"wordCount\":154,\"publisher\":{\"@id\":\"https:\/\/www.pm.pb.gov.br\/portal\/#organization\"},\"articleSection\":[\"A\u00e7\u00f5es Policiais\"],\"inLanguage\":\"pt-BR\"},{\"@type\":\"WebPage\",\"@id\":\"https:\/\/www.pm.pb.gov.br\/portal\/2023\/08\/10\/acao-conjunta-mira-organizacao-criminosa-voltada-ao-trafico-de-drogas-e-de-armas\/\",\"url\":\"https:\/\/www.pm.pb.gov.br\/portal\/2023\/08\/10\/acao-conjunta-mira-organizacao-criminosa-voltada-ao-trafico-de-drogas-e-de-armas\/\",\"name\":\"A\u00e7\u00e3o conjunta mira organiza\u00e7\u00e3o criminosa voltada ao tr\u00e1fico de drogas e de armas - Pol\u00edcia Militar da Para\u00edba\",\"isPartOf\":{\"@id\":\"https:\/\/www.pm.pb.gov.br\/portal\/#website\"},\"datePublished\":\"2023-08-10T14:41:00+00:00\",\"dateModified\":\"2023-08-10T21:41:41+00:00\",\"breadcrumb\":{\"@id\":\"https:\/\/www.pm.pb.gov.br\/portal\/2023\/08\/10\/acao-conjunta-mira-organizacao-criminosa-voltada-ao-trafico-de-drogas-e-de-armas\/#breadcrumb\"},\"inLanguage\":\"pt-BR\",\"potentialAction\":[{\"@type\":\"ReadAction\",\"target\":[\"https:\/\/www.pm.pb.gov.br\/portal\/2023\/08\/10\/acao-conjunta-mira-organizacao-criminosa-voltada-ao-trafico-de-drogas-e-de-armas\/\"]}]},{\"@type\":\"BreadcrumbList\",\"@id\":\"https:\/\/www.pm.pb.gov.br\/portal\/2023\/08\/10\/acao-conjunta-mira-organizacao-criminosa-voltada-ao-trafico-de-drogas-e-de-armas\/#breadcrumb\",\"itemListElement\":[{\"@type\":\"ListItem\",\"position\":1,\"name\":\"In\u00edcio\",\"item\":\"https:\/\/www.pm.pb.gov.br\/portal\/\"},{\"@type\":\"ListItem\",\"position\":2,\"name\":\"A\u00e7\u00e3o conjunta mira organiza\u00e7\u00e3o criminosa voltada ao tr\u00e1fico de drogas e de armas\"}]},{\"@type\":\"WebSite\",\"@id\":\"https:\/\/www.pm.pb.gov.br\/portal\/#website\",\"url\":\"https:\/\/www.pm.pb.gov.br\/portal\/\",\"name\":\"Pol\u00edcia Militar da Para\u00edba\",\"description\":\"\",\"publisher\":{\"@id\":\"https:\/\/www.pm.pb.gov.br\/portal\/#organization\"},\"potentialAction\":[{\"@type\":\"SearchAction\",\"target\":{\"@type\":\"EntryPoint\",\"urlTemplate\":\"https:\/\/www.pm.pb.gov.br\/portal\/?s={search_term_string}\"},\"query-input\":\"required name=search_term_string\"}],\"inLanguage\":\"pt-BR\"},{\"@type\":\"Organization\",\"@id\":\"https:\/\/www.pm.pb.gov.br\/portal\/#organization\",\"name\":\"Pol\u00edcia Militar da Para\u00edba\",\"url\":\"https:\/\/www.pm.pb.gov.br\/portal\/\",\"logo\":{\"@type\":\"ImageObject\",\"inLanguage\":\"pt-BR\",\"@id\":\"https:\/\/www.pm.pb.gov.br\/portal\/#\/schema\/logo\/image\/\",\"url\":\"https:\/\/www.pm.pb.gov.br\/portal\/wp-content\/uploads\/2025\/03\/cropped-logo-site-mag2-1.png\",\"contentUrl\":\"https:\/\/www.pm.pb.gov.br\/portal\/wp-content\/uploads\/2025\/03\/cropped-logo-site-mag2-1.png\",\"width\":320,\"height\":90,\"caption\":\"Pol\u00edcia Militar da Para\u00edba\"},\"image\":{\"@id\":\"https:\/\/www.pm.pb.gov.br\/portal\/#\/schema\/logo\/image\/\"}},{\"@type\":\"Person\",\"@id\":\"https:\/\/www.pm.pb.gov.br\/portal\/#\/schema\/person\/f84f56dcc78ce4357054da888b8247fd\",\"name\":\"Tarcisio Oliveira\",\"image\":{\"@type\":\"ImageObject\",\"inLanguage\":\"pt-BR\",\"@id\":\"https:\/\/www.pm.pb.gov.br\/portal\/#\/schema\/person\/image\/\",\"url\":\"https:\/\/secure.gravatar.com\/avatar\/72917b630b69d31cd0297507f34bac97?s=96&d=mm&r=g\",\"contentUrl\":\"https:\/\/secure.gravatar.com\/avatar\/72917b630b69d31cd0297507f34bac97?s=96&d=mm&r=g\",\"caption\":\"Tarcisio Oliveira\"},\"url\":\"https:\/\/www.pm.pb.gov.br\/portal\/author\/tarcisio\/\"}]}<\/script>\n<!-- \/ Yoast SEO plugin. -->","yoast_head_json":{"title":"A\u00e7\u00e3o conjunta mira organiza\u00e7\u00e3o criminosa voltada ao tr\u00e1fico de drogas e de armas - Pol\u00edcia Militar da Para\u00edba","robots":{"index":"index","follow":"follow","max-snippet":"max-snippet:-1","max-image-preview":"max-image-preview:large","max-video-preview":"max-video-preview:-1"},"canonical":"https:\/\/www.pm.pb.gov.br\/portal\/2023\/08\/10\/acao-conjunta-mira-organizacao-criminosa-voltada-ao-trafico-de-drogas-e-de-armas\/","og_locale":"pt_BR","og_type":"article","og_title":"A\u00e7\u00e3o conjunta mira organiza\u00e7\u00e3o criminosa voltada ao tr\u00e1fico de drogas e de armas - Pol\u00edcia Militar da Para\u00edba","og_description":"Uma a\u00e7\u00e3o conjunta das Pol\u00edcias Federal e Militar desencadeou, nesta quinta-feira (10), na cidade de S\u00e3o Bento, a \u201cOpera\u00e7\u00e3o Sert\u00e3o","og_url":"https:\/\/www.pm.pb.gov.br\/portal\/2023\/08\/10\/acao-conjunta-mira-organizacao-criminosa-voltada-ao-trafico-de-drogas-e-de-armas\/","og_site_name":"Pol\u00edcia Militar da Para\u00edba","article_published_time":"2023-08-10T14:41:00+00:00","article_modified_time":"2023-08-10T21:41:41+00:00","og_image":[{"width":800,"height":445,"url":"http:\/\/www.pm.pb.gov.br\/portal\/wp-content\/uploads\/2023\/08\/ascompf1.jpeg","type":"image\/jpeg"}],"author":"Tarcisio Oliveira","twitter_card":"summary_large_image","twitter_misc":{"Escrito por":"Tarcisio Oliveira","Est. tempo de leitura":"1 minuto"},"schema":{"@context":"https:\/\/schema.org","@graph":[{"@type":"Article","@id":"https:\/\/www.pm.pb.gov.br\/portal\/2023\/08\/10\/acao-conjunta-mira-organizacao-criminosa-voltada-ao-trafico-de-drogas-e-de-armas\/#article","isPartOf":{"@id":"https:\/\/www.pm.pb.gov.br\/portal\/2023\/08\/10\/acao-conjunta-mira-organizacao-criminosa-voltada-ao-trafico-de-drogas-e-de-armas\/"},"author":{"name":"Tarcisio Oliveira","@id":"https:\/\/www.pm.pb.gov.br\/portal\/#\/schema\/person\/f84f56dcc78ce4357054da888b8247fd"},"headline":"A\u00e7\u00e3o conjunta mira organiza\u00e7\u00e3o criminosa voltada ao tr\u00e1fico de drogas e de armas","datePublished":"2023-08-10T14:41:00+00:00","dateModified":"2023-08-10T21:41:41+00:00","mainEntityOfPage":{"@id":"https:\/\/www.pm.pb.gov.br\/portal\/2023\/08\/10\/acao-conjunta-mira-organizacao-criminosa-voltada-ao-trafico-de-drogas-e-de-armas\/"},"wordCount":154,"publisher":{"@id":"https:\/\/www.pm.pb.gov.br\/portal\/#organization"},"articleSection":["A\u00e7\u00f5es Policiais"],"inLanguage":"pt-BR"},{"@type":"WebPage","@id":"https:\/\/www.pm.pb.gov.br\/portal\/2023\/08\/10\/acao-conjunta-mira-organizacao-criminosa-voltada-ao-trafico-de-drogas-e-de-armas\/","url":"https:\/\/www.pm.pb.gov.br\/portal\/2023\/08\/10\/acao-conjunta-mira-organizacao-criminosa-voltada-ao-trafico-de-drogas-e-de-armas\/","name":"A\u00e7\u00e3o conjunta mira organiza\u00e7\u00e3o criminosa voltada ao tr\u00e1fico de drogas e de armas - Pol\u00edcia Militar da Para\u00edba","isPartOf":{"@id":"https:\/\/www.pm.pb.gov.br\/portal\/#website"},"datePublished":"2023-08-10T14:41:00+00:00","dateModified":"2023-08-10T21:41:41+00:00","breadcrumb":{"@id":"https:\/\/www.pm.pb.gov.br\/portal\/2023\/08\/10\/acao-conjunta-mira-organizacao-criminosa-voltada-ao-trafico-de-drogas-e-de-armas\/#breadcrumb"},"inLanguage":"pt-BR","potentialAction":[{"@type":"ReadAction","target":["https:\/\/www.pm.pb.gov.br\/portal\/2023\/08\/10\/acao-conjunta-mira-organizacao-criminosa-voltada-ao-trafico-de-drogas-e-de-armas\/"]}]},{"@type":"BreadcrumbList","@id":"https:\/\/www.pm.pb.gov.br\/portal\/2023\/08\/10\/acao-conjunta-mira-organizacao-criminosa-voltada-ao-trafico-de-drogas-e-de-armas\/#breadcrumb","itemListElement":[{"@type":"ListItem","position":1,"name":"In\u00edcio","item":"https:\/\/www.pm.pb.gov.br\/portal\/"},{"@type":"ListItem","position":2,"name":"A\u00e7\u00e3o conjunta mira organiza\u00e7\u00e3o criminosa voltada ao tr\u00e1fico de drogas e de armas"}]},{"@type":"WebSite","@id":"https:\/\/www.pm.pb.gov.br\/portal\/#website","url":"https:\/\/www.pm.pb.gov.br\/portal\/","name":"Pol\u00edcia Militar da Para\u00edba","description":"","publisher":{"@id":"https:\/\/www.pm.pb.gov.br\/portal\/#organization"},"potentialAction":[{"@type":"SearchAction","target":{"@type":"EntryPoint","urlTemplate":"https:\/\/www.pm.pb.gov.br\/portal\/?s={search_term_string}"},"query-input":"required name=search_term_string"}],"inLanguage":"pt-BR"},{"@type":"Organization","@id":"https:\/\/www.pm.pb.gov.br\/portal\/#organization","name":"Pol\u00edcia Militar da Para\u00edba","url":"https:\/\/www.pm.pb.gov.br\/portal\/","logo":{"@type":"ImageObject","inLanguage":"pt-BR","@id":"https:\/\/www.pm.pb.gov.br\/portal\/#\/schema\/logo\/image\/","url":"https:\/\/www.pm.pb.gov.br\/portal\/wp-content\/uploads\/2025\/03\/cropped-logo-site-mag2-1.png","contentUrl":"https:\/\/www.pm.pb.gov.br\/portal\/wp-content\/uploads\/2025\/03\/cropped-logo-site-mag2-1.png","width":320,"height":90,"caption":"Pol\u00edcia Militar da Para\u00edba"},"image":{"@id":"https:\/\/www.pm.pb.gov.br\/portal\/#\/schema\/logo\/image\/"}},{"@type":"Person","@id":"https:\/\/www.pm.pb.gov.br\/portal\/#\/schema\/person\/f84f56dcc78ce4357054da888b8247fd","name":"Tarcisio Oliveira","image":{"@type":"ImageObject","inLanguage":"pt-BR","@id":"https:\/\/www.pm.pb.gov.br\/portal\/#\/schema\/person\/image\/","url":"https:\/\/secure.gravatar.com\/avatar\/72917b630b69d31cd0297507f34bac97?s=96&d=mm&r=g","contentUrl":"https:\/\/secure.gravatar.com\/avatar\/72917b630b69d31cd0297507f34bac97?s=96&d=mm&r=g","caption":"Tarcisio Oliveira"},"url":"https:\/\/www.pm.pb.gov.br\/portal\/author\/tarcisio\/"}]}},"_links":{"self":[{"href":"https:\/\/www.pm.pb.gov.br\/portal\/wp-json\/wp\/v2\/posts\/917735"}],"collection":[{"href":"https:\/\/www.pm.pb.gov.br\/portal\/wp-json\/wp\/v2\/posts"}],"about":[{"href":"https:\/\/www.pm.pb.gov.br\/portal\/wp-json\/wp\/v2\/types\/post"}],"author":[{"embeddable":true,"href":"https:\/\/www.pm.pb.gov.br\/portal\/wp-json\/wp\/v2\/users\/12"}],"replies":[{"embeddable":true,"href":"https:\/\/www.pm.pb.gov.br\/portal\/wp-json\/wp\/v2\/comments?post=917735"}],"version-history":[{"count":2,"href":"https:\/\/www.pm.pb.gov.br\/portal\/wp-json\/wp\/v2\/posts\/917735\/revisions"}],"predecessor-version":[{"id":917740,"href":"https:\/\/www.pm.pb.gov.br\/portal\/wp-json\/wp\/v2\/posts\/917735\/revisions\/917740"}],"wp:featuredmedia":[{"embeddable":true,"href":"https:\/\/www.pm.pb.gov.br\/portal\/wp-json\/wp\/v2\/media\/917736"}],"wp:attachment":[{"href":"https:\/\/www.pm.pb.gov.br\/portal\/wp-json\/wp\/v2\/media?parent=917735"}],"wp:term":[{"taxonomy":"category","embeddable":true,"href":"https:\/\/www.pm.pb.gov.br\/portal\/wp-json\/wp\/v2\/categories?post=917735"},{"taxonomy":"post_tag","embeddable":true,"href":"https:\/\/www.pm.pb.gov.br\/portal\/wp-json\/wp\/v2\/tags?post=917735"}],"curies":[{"name":"wp","href":"https:\/\/api.w.org\/{rel}","templated":true}]}}