{"id":917718,"date":"2023-08-09T05:20:00","date_gmt":"2023-08-09T08:20:00","guid":{"rendered":"https:\/\/www.pm.pb.gov.br\/portal\/?p=917718"},"modified":"2023-08-09T14:22:24","modified_gmt":"2023-08-09T17:22:24","slug":"acao-conjunta-apreende-11-quilos-de-drogas-avaliadas-em-500-mil-reais","status":"publish","type":"post","link":"https:\/\/www.pm.pb.gov.br\/portal\/2023\/08\/09\/acao-conjunta-apreende-11-quilos-de-drogas-avaliadas-em-500-mil-reais\/","title":{"rendered":"NO SERT\u00c3O: A\u00e7\u00e3o conjunta apreende 11 quilos de drogas avaliadas em 500 mil reais"},"content":{"rendered":"\n\n\n<p>Uma a\u00e7\u00e3o conjunta das Pol\u00edcias Militar, Federal e Rodovi\u00e1ria Federal apreendeu cerca de 11 quilos de drogas avaliadas em R$ 500 mil. As informa\u00e7\u00f5es s\u00e3o do 14\u00ba Batalh\u00e3o. Todo o material foi apreendido com tr\u00eas acusados, na \u00faltima ter\u00e7a-feira (08), no munic\u00edpio de S\u00e3o Gon\u00e7alo, regi\u00e3o de Sousa, no sert\u00e3o paraibano.<\/p>\n<p>O carregamento dos entorpecentes estava distribu\u00eddo em dois ve\u00edculos, que foram interceptados pelas for\u00e7as policiais. Nos carros, as Pol\u00edcias apreenderam os 11 quilos de subst\u00e2ncia semelhante a \u2018skunk\u2019, ou supermaconha, que de acordo com o comando do 14\u00ba Batalh\u00e3o, vale cerca de R$ 500 mil. Toda a ocorr\u00eancia foi apresentada na Delegacia da Pol\u00edcia Federal, na cidade de Patos.<\/p>\n<p><img loading=\"lazy\" decoding=\"async\" class=\" wp-image-917720 aligncenter\" src=\"http:\/\/www.pm.pb.gov.br\/portal\/wp-content\/uploads\/2023\/08\/WhatsApp-Image-2023-08-08-at-19.18.14-791x445.jpeg\" alt=\"\" width=\"725\" height=\"408\" srcset=\"https:\/\/www.pm.pb.gov.br\/portal\/wp-content\/uploads\/2023\/08\/WhatsApp-Image-2023-08-08-at-19.18.14-791x445.jpeg 791w, https:\/\/www.pm.pb.gov.br\/portal\/wp-content\/uploads\/2023\/08\/WhatsApp-Image-2023-08-08-at-19.18.14-1014x570.jpeg 1014w, https:\/\/www.pm.pb.gov.br\/portal\/wp-content\/uploads\/2023\/08\/WhatsApp-Image-2023-08-08-at-19.18.14-768x432.jpeg 768w, https:\/\/www.pm.pb.gov.br\/portal\/wp-content\/uploads\/2023\/08\/WhatsApp-Image-2023-08-08-at-19.18.14-1536x864.jpeg 1536w, https:\/\/www.pm.pb.gov.br\/portal\/wp-content\/uploads\/2023\/08\/WhatsApp-Image-2023-08-08-at-19.18.14.jpeg 1599w\" sizes=\"(max-width: 725px) 100vw, 725px\" \/><\/p>\n<p>Al\u00e9m da PF e PRF, participaram da a\u00e7\u00e3o os policiais do 14\u00ba Batalh\u00e3o e do Batalh\u00e3o de Opera\u00e7\u00f5es Policiais Especiais (Bope).<\/p>\n","protected":false},"excerpt":{"rendered":"<p>Uma a\u00e7\u00e3o conjunta das Pol\u00edcias Militar, Federal e Rodovi\u00e1ria Federal apreendeu cerca de 11 quilos de drogas avaliadas em R$<\/p>\n","protected":false},"author":12,"featured_media":917719,"comment_status":"closed","ping_status":"closed","sticky":false,"template":"","format":"standard","meta":{"_exactmetrics_skip_tracking":false,"_exactmetrics_sitenote_active":false,"_exactmetrics_sitenote_note":"","_exactmetrics_sitenote_category":0,"footnotes":""},"categories":[4],"tags":[],"yoast_head":"<!-- This site is optimized with the Yoast SEO plugin v22.0 - https:\/\/yoast.com\/wordpress\/plugins\/seo\/ -->\n<title>NO SERT\u00c3O: A\u00e7\u00e3o conjunta apreende 11 quilos de drogas avaliadas em 500 mil reais - Pol\u00edcia Militar da Para\u00edba<\/title>\n<meta name=\"robots\" content=\"index, follow, max-snippet:-1, max-image-preview:large, max-video-preview:-1\" \/>\n<link rel=\"canonical\" href=\"https:\/\/www.pm.pb.gov.br\/portal\/2023\/08\/09\/acao-conjunta-apreende-11-quilos-de-drogas-avaliadas-em-500-mil-reais\/\" \/>\n<meta property=\"og:locale\" content=\"pt_BR\" \/>\n<meta property=\"og:type\" content=\"article\" \/>\n<meta property=\"og:title\" content=\"NO SERT\u00c3O: A\u00e7\u00e3o conjunta apreende 11 quilos de drogas avaliadas em 500 mil reais - Pol\u00edcia Militar da Para\u00edba\" \/>\n<meta property=\"og:description\" content=\"Uma a\u00e7\u00e3o conjunta das Pol\u00edcias Militar, Federal e Rodovi\u00e1ria Federal apreendeu cerca de 11 quilos de drogas avaliadas em R$\" \/>\n<meta property=\"og:url\" content=\"https:\/\/www.pm.pb.gov.br\/portal\/2023\/08\/09\/acao-conjunta-apreende-11-quilos-de-drogas-avaliadas-em-500-mil-reais\/\" \/>\n<meta property=\"og:site_name\" content=\"Pol\u00edcia Militar da Para\u00edba\" \/>\n<meta property=\"article:published_time\" content=\"2023-08-09T08:20:00+00:00\" \/>\n<meta property=\"article:modified_time\" content=\"2023-08-09T17:22:24+00:00\" \/>\n<meta property=\"og:image\" content=\"http:\/\/www.pm.pb.gov.br\/portal\/wp-content\/uploads\/2023\/08\/WhatsApp-Image-2023-08-08-at-19.18.13.jpeg\" \/>\n\t<meta property=\"og:image:width\" content=\"800\" \/>\n\t<meta property=\"og:image:height\" content=\"445\" \/>\n\t<meta property=\"og:image:type\" content=\"image\/jpeg\" \/>\n<meta name=\"author\" content=\"Tarcisio Oliveira\" \/>\n<meta name=\"twitter:card\" content=\"summary_large_image\" \/>\n<meta name=\"twitter:label1\" content=\"Escrito por\" \/>\n\t<meta name=\"twitter:data1\" content=\"Tarcisio Oliveira\" \/>\n\t<meta name=\"twitter:label2\" content=\"Est. tempo de leitura\" \/>\n\t<meta name=\"twitter:data2\" content=\"1 minuto\" \/>\n<script type=\"application\/ld+json\" class=\"yoast-schema-graph\">{\"@context\":\"https:\/\/schema.org\",\"@graph\":[{\"@type\":\"Article\",\"@id\":\"https:\/\/www.pm.pb.gov.br\/portal\/2023\/08\/09\/acao-conjunta-apreende-11-quilos-de-drogas-avaliadas-em-500-mil-reais\/#article\",\"isPartOf\":{\"@id\":\"https:\/\/www.pm.pb.gov.br\/portal\/2023\/08\/09\/acao-conjunta-apreende-11-quilos-de-drogas-avaliadas-em-500-mil-reais\/\"},\"author\":{\"name\":\"Tarcisio Oliveira\",\"@id\":\"https:\/\/www.pm.pb.gov.br\/portal\/#\/schema\/person\/f84f56dcc78ce4357054da888b8247fd\"},\"headline\":\"NO SERT\u00c3O: A\u00e7\u00e3o conjunta apreende 11 quilos de drogas avaliadas em 500 mil reais\",\"datePublished\":\"2023-08-09T08:20:00+00:00\",\"dateModified\":\"2023-08-09T17:22:24+00:00\",\"mainEntityOfPage\":{\"@id\":\"https:\/\/www.pm.pb.gov.br\/portal\/2023\/08\/09\/acao-conjunta-apreende-11-quilos-de-drogas-avaliadas-em-500-mil-reais\/\"},\"wordCount\":163,\"publisher\":{\"@id\":\"https:\/\/www.pm.pb.gov.br\/portal\/#organization\"},\"articleSection\":[\"A\u00e7\u00f5es Policiais\"],\"inLanguage\":\"pt-BR\"},{\"@type\":\"WebPage\",\"@id\":\"https:\/\/www.pm.pb.gov.br\/portal\/2023\/08\/09\/acao-conjunta-apreende-11-quilos-de-drogas-avaliadas-em-500-mil-reais\/\",\"url\":\"https:\/\/www.pm.pb.gov.br\/portal\/2023\/08\/09\/acao-conjunta-apreende-11-quilos-de-drogas-avaliadas-em-500-mil-reais\/\",\"name\":\"NO SERT\u00c3O: A\u00e7\u00e3o conjunta apreende 11 quilos de drogas avaliadas em 500 mil reais - Pol\u00edcia Militar da Para\u00edba\",\"isPartOf\":{\"@id\":\"https:\/\/www.pm.pb.gov.br\/portal\/#website\"},\"datePublished\":\"2023-08-09T08:20:00+00:00\",\"dateModified\":\"2023-08-09T17:22:24+00:00\",\"breadcrumb\":{\"@id\":\"https:\/\/www.pm.pb.gov.br\/portal\/2023\/08\/09\/acao-conjunta-apreende-11-quilos-de-drogas-avaliadas-em-500-mil-reais\/#breadcrumb\"},\"inLanguage\":\"pt-BR\",\"potentialAction\":[{\"@type\":\"ReadAction\",\"target\":[\"https:\/\/www.pm.pb.gov.br\/portal\/2023\/08\/09\/acao-conjunta-apreende-11-quilos-de-drogas-avaliadas-em-500-mil-reais\/\"]}]},{\"@type\":\"BreadcrumbList\",\"@id\":\"https:\/\/www.pm.pb.gov.br\/portal\/2023\/08\/09\/acao-conjunta-apreende-11-quilos-de-drogas-avaliadas-em-500-mil-reais\/#breadcrumb\",\"itemListElement\":[{\"@type\":\"ListItem\",\"position\":1,\"name\":\"In\u00edcio\",\"item\":\"https:\/\/www.pm.pb.gov.br\/portal\/\"},{\"@type\":\"ListItem\",\"position\":2,\"name\":\"NO SERT\u00c3O: A\u00e7\u00e3o conjunta apreende 11 quilos de drogas avaliadas em 500 mil reais\"}]},{\"@type\":\"WebSite\",\"@id\":\"https:\/\/www.pm.pb.gov.br\/portal\/#website\",\"url\":\"https:\/\/www.pm.pb.gov.br\/portal\/\",\"name\":\"Pol\u00edcia Militar da Para\u00edba\",\"description\":\"\",\"publisher\":{\"@id\":\"https:\/\/www.pm.pb.gov.br\/portal\/#organization\"},\"potentialAction\":[{\"@type\":\"SearchAction\",\"target\":{\"@type\":\"EntryPoint\",\"urlTemplate\":\"https:\/\/www.pm.pb.gov.br\/portal\/?s={search_term_string}\"},\"query-input\":\"required name=search_term_string\"}],\"inLanguage\":\"pt-BR\"},{\"@type\":\"Organization\",\"@id\":\"https:\/\/www.pm.pb.gov.br\/portal\/#organization\",\"name\":\"Pol\u00edcia Militar da Para\u00edba\",\"url\":\"https:\/\/www.pm.pb.gov.br\/portal\/\",\"logo\":{\"@type\":\"ImageObject\",\"inLanguage\":\"pt-BR\",\"@id\":\"https:\/\/www.pm.pb.gov.br\/portal\/#\/schema\/logo\/image\/\",\"url\":\"https:\/\/www.pm.pb.gov.br\/portal\/wp-content\/uploads\/2025\/03\/cropped-logo-site-mag2-1.png\",\"contentUrl\":\"https:\/\/www.pm.pb.gov.br\/portal\/wp-content\/uploads\/2025\/03\/cropped-logo-site-mag2-1.png\",\"width\":320,\"height\":90,\"caption\":\"Pol\u00edcia Militar da Para\u00edba\"},\"image\":{\"@id\":\"https:\/\/www.pm.pb.gov.br\/portal\/#\/schema\/logo\/image\/\"}},{\"@type\":\"Person\",\"@id\":\"https:\/\/www.pm.pb.gov.br\/portal\/#\/schema\/person\/f84f56dcc78ce4357054da888b8247fd\",\"name\":\"Tarcisio Oliveira\",\"image\":{\"@type\":\"ImageObject\",\"inLanguage\":\"pt-BR\",\"@id\":\"https:\/\/www.pm.pb.gov.br\/portal\/#\/schema\/person\/image\/\",\"url\":\"https:\/\/secure.gravatar.com\/avatar\/72917b630b69d31cd0297507f34bac97?s=96&d=mm&r=g\",\"contentUrl\":\"https:\/\/secure.gravatar.com\/avatar\/72917b630b69d31cd0297507f34bac97?s=96&d=mm&r=g\",\"caption\":\"Tarcisio Oliveira\"},\"url\":\"https:\/\/www.pm.pb.gov.br\/portal\/author\/tarcisio\/\"}]}<\/script>\n<!-- \/ Yoast SEO plugin. -->","yoast_head_json":{"title":"NO SERT\u00c3O: A\u00e7\u00e3o conjunta apreende 11 quilos de drogas avaliadas em 500 mil reais - Pol\u00edcia Militar da Para\u00edba","robots":{"index":"index","follow":"follow","max-snippet":"max-snippet:-1","max-image-preview":"max-image-preview:large","max-video-preview":"max-video-preview:-1"},"canonical":"https:\/\/www.pm.pb.gov.br\/portal\/2023\/08\/09\/acao-conjunta-apreende-11-quilos-de-drogas-avaliadas-em-500-mil-reais\/","og_locale":"pt_BR","og_type":"article","og_title":"NO SERT\u00c3O: A\u00e7\u00e3o conjunta apreende 11 quilos de drogas avaliadas em 500 mil reais - Pol\u00edcia Militar da Para\u00edba","og_description":"Uma a\u00e7\u00e3o conjunta das Pol\u00edcias Militar, Federal e Rodovi\u00e1ria Federal apreendeu cerca de 11 quilos de drogas avaliadas em R$","og_url":"https:\/\/www.pm.pb.gov.br\/portal\/2023\/08\/09\/acao-conjunta-apreende-11-quilos-de-drogas-avaliadas-em-500-mil-reais\/","og_site_name":"Pol\u00edcia Militar da Para\u00edba","article_published_time":"2023-08-09T08:20:00+00:00","article_modified_time":"2023-08-09T17:22:24+00:00","og_image":[{"width":800,"height":445,"url":"http:\/\/www.pm.pb.gov.br\/portal\/wp-content\/uploads\/2023\/08\/WhatsApp-Image-2023-08-08-at-19.18.13.jpeg","type":"image\/jpeg"}],"author":"Tarcisio Oliveira","twitter_card":"summary_large_image","twitter_misc":{"Escrito por":"Tarcisio Oliveira","Est. tempo de leitura":"1 minuto"},"schema":{"@context":"https:\/\/schema.org","@graph":[{"@type":"Article","@id":"https:\/\/www.pm.pb.gov.br\/portal\/2023\/08\/09\/acao-conjunta-apreende-11-quilos-de-drogas-avaliadas-em-500-mil-reais\/#article","isPartOf":{"@id":"https:\/\/www.pm.pb.gov.br\/portal\/2023\/08\/09\/acao-conjunta-apreende-11-quilos-de-drogas-avaliadas-em-500-mil-reais\/"},"author":{"name":"Tarcisio Oliveira","@id":"https:\/\/www.pm.pb.gov.br\/portal\/#\/schema\/person\/f84f56dcc78ce4357054da888b8247fd"},"headline":"NO SERT\u00c3O: A\u00e7\u00e3o conjunta apreende 11 quilos de drogas avaliadas em 500 mil reais","datePublished":"2023-08-09T08:20:00+00:00","dateModified":"2023-08-09T17:22:24+00:00","mainEntityOfPage":{"@id":"https:\/\/www.pm.pb.gov.br\/portal\/2023\/08\/09\/acao-conjunta-apreende-11-quilos-de-drogas-avaliadas-em-500-mil-reais\/"},"wordCount":163,"publisher":{"@id":"https:\/\/www.pm.pb.gov.br\/portal\/#organization"},"articleSection":["A\u00e7\u00f5es Policiais"],"inLanguage":"pt-BR"},{"@type":"WebPage","@id":"https:\/\/www.pm.pb.gov.br\/portal\/2023\/08\/09\/acao-conjunta-apreende-11-quilos-de-drogas-avaliadas-em-500-mil-reais\/","url":"https:\/\/www.pm.pb.gov.br\/portal\/2023\/08\/09\/acao-conjunta-apreende-11-quilos-de-drogas-avaliadas-em-500-mil-reais\/","name":"NO SERT\u00c3O: A\u00e7\u00e3o conjunta apreende 11 quilos de drogas avaliadas em 500 mil reais - Pol\u00edcia Militar da Para\u00edba","isPartOf":{"@id":"https:\/\/www.pm.pb.gov.br\/portal\/#website"},"datePublished":"2023-08-09T08:20:00+00:00","dateModified":"2023-08-09T17:22:24+00:00","breadcrumb":{"@id":"https:\/\/www.pm.pb.gov.br\/portal\/2023\/08\/09\/acao-conjunta-apreende-11-quilos-de-drogas-avaliadas-em-500-mil-reais\/#breadcrumb"},"inLanguage":"pt-BR","potentialAction":[{"@type":"ReadAction","target":["https:\/\/www.pm.pb.gov.br\/portal\/2023\/08\/09\/acao-conjunta-apreende-11-quilos-de-drogas-avaliadas-em-500-mil-reais\/"]}]},{"@type":"BreadcrumbList","@id":"https:\/\/www.pm.pb.gov.br\/portal\/2023\/08\/09\/acao-conjunta-apreende-11-quilos-de-drogas-avaliadas-em-500-mil-reais\/#breadcrumb","itemListElement":[{"@type":"ListItem","position":1,"name":"In\u00edcio","item":"https:\/\/www.pm.pb.gov.br\/portal\/"},{"@type":"ListItem","position":2,"name":"NO SERT\u00c3O: A\u00e7\u00e3o conjunta apreende 11 quilos de drogas avaliadas em 500 mil reais"}]},{"@type":"WebSite","@id":"https:\/\/www.pm.pb.gov.br\/portal\/#website","url":"https:\/\/www.pm.pb.gov.br\/portal\/","name":"Pol\u00edcia Militar da Para\u00edba","description":"","publisher":{"@id":"https:\/\/www.pm.pb.gov.br\/portal\/#organization"},"potentialAction":[{"@type":"SearchAction","target":{"@type":"EntryPoint","urlTemplate":"https:\/\/www.pm.pb.gov.br\/portal\/?s={search_term_string}"},"query-input":"required name=search_term_string"}],"inLanguage":"pt-BR"},{"@type":"Organization","@id":"https:\/\/www.pm.pb.gov.br\/portal\/#organization","name":"Pol\u00edcia Militar da Para\u00edba","url":"https:\/\/www.pm.pb.gov.br\/portal\/","logo":{"@type":"ImageObject","inLanguage":"pt-BR","@id":"https:\/\/www.pm.pb.gov.br\/portal\/#\/schema\/logo\/image\/","url":"https:\/\/www.pm.pb.gov.br\/portal\/wp-content\/uploads\/2025\/03\/cropped-logo-site-mag2-1.png","contentUrl":"https:\/\/www.pm.pb.gov.br\/portal\/wp-content\/uploads\/2025\/03\/cropped-logo-site-mag2-1.png","width":320,"height":90,"caption":"Pol\u00edcia Militar da Para\u00edba"},"image":{"@id":"https:\/\/www.pm.pb.gov.br\/portal\/#\/schema\/logo\/image\/"}},{"@type":"Person","@id":"https:\/\/www.pm.pb.gov.br\/portal\/#\/schema\/person\/f84f56dcc78ce4357054da888b8247fd","name":"Tarcisio Oliveira","image":{"@type":"ImageObject","inLanguage":"pt-BR","@id":"https:\/\/www.pm.pb.gov.br\/portal\/#\/schema\/person\/image\/","url":"https:\/\/secure.gravatar.com\/avatar\/72917b630b69d31cd0297507f34bac97?s=96&d=mm&r=g","contentUrl":"https:\/\/secure.gravatar.com\/avatar\/72917b630b69d31cd0297507f34bac97?s=96&d=mm&r=g","caption":"Tarcisio Oliveira"},"url":"https:\/\/www.pm.pb.gov.br\/portal\/author\/tarcisio\/"}]}},"_links":{"self":[{"href":"https:\/\/www.pm.pb.gov.br\/portal\/wp-json\/wp\/v2\/posts\/917718"}],"collection":[{"href":"https:\/\/www.pm.pb.gov.br\/portal\/wp-json\/wp\/v2\/posts"}],"about":[{"href":"https:\/\/www.pm.pb.gov.br\/portal\/wp-json\/wp\/v2\/types\/post"}],"author":[{"embeddable":true,"href":"https:\/\/www.pm.pb.gov.br\/portal\/wp-json\/wp\/v2\/users\/12"}],"replies":[{"embeddable":true,"href":"https:\/\/www.pm.pb.gov.br\/portal\/wp-json\/wp\/v2\/comments?post=917718"}],"version-history":[{"count":2,"href":"https:\/\/www.pm.pb.gov.br\/portal\/wp-json\/wp\/v2\/posts\/917718\/revisions"}],"predecessor-version":[{"id":917722,"href":"https:\/\/www.pm.pb.gov.br\/portal\/wp-json\/wp\/v2\/posts\/917718\/revisions\/917722"}],"wp:featuredmedia":[{"embeddable":true,"href":"https:\/\/www.pm.pb.gov.br\/portal\/wp-json\/wp\/v2\/media\/917719"}],"wp:attachment":[{"href":"https:\/\/www.pm.pb.gov.br\/portal\/wp-json\/wp\/v2\/media?parent=917718"}],"wp:term":[{"taxonomy":"category","embeddable":true,"href":"https:\/\/www.pm.pb.gov.br\/portal\/wp-json\/wp\/v2\/categories?post=917718"},{"taxonomy":"post_tag","embeddable":true,"href":"https:\/\/www.pm.pb.gov.br\/portal\/wp-json\/wp\/v2\/tags?post=917718"}],"curies":[{"name":"wp","href":"https:\/\/api.w.org\/{rel}","templated":true}]}}