{"id":917710,"date":"2023-08-14T11:00:42","date_gmt":"2023-08-14T14:00:42","guid":{"rendered":"https:\/\/www.pm.pb.gov.br\/portal\/?p=917710"},"modified":"2023-08-14T11:00:53","modified_gmt":"2023-08-14T14:00:53","slug":"operacoes-em-bayeux-dupla-e-presa-com-arma-e-municoes-durante-incursao-em-comunidade","status":"publish","type":"post","link":"https:\/\/www.pm.pb.gov.br\/portal\/2023\/08\/14\/operacoes-em-bayeux-dupla-e-presa-com-arma-e-municoes-durante-incursao-em-comunidade\/","title":{"rendered":"Opera\u00e7\u00f5es em Bayeux: Dupla \u00e9 presa com arma e muni\u00e7\u00f5es durante incurs\u00e3o em comunidade"},"content":{"rendered":"\n<p>Uma incurs\u00e3o da For\u00e7a T\u00e1tica da 4\u00aa Companhia Independente da PM (4\u00aa CIPM) na comunidade Dois Lados, na noite desse domingo (13), na cidade de Bayeux, resultou na pris\u00e3o em flagrante de dois acusados, de 21 e 20 anos, com uma espingarda e sete muni\u00e7\u00f5es de pistola. A a\u00e7\u00e3o faz parte das opera\u00e7\u00f5es que vem sendo realizadas no munic\u00edpio. <br><br>Ao serem surpreendidos, os acusados, que teriam liga\u00e7\u00e3o com grupo criminoso, ainda tentaram fugir pulando muros das casas, mas foram rendidos e presos. O caso foi registrado na 6\u00aa Delegacia Distrital, em Santa Rita. <br><br><br><br><br><\/p>\n","protected":false},"excerpt":{"rendered":"<p>Uma incurs\u00e3o da For\u00e7a T\u00e1tica da 4\u00aa Companhia Independente da PM (4\u00aa CIPM) na comunidade Dois Lados, na noite desse<\/p>\n","protected":false},"author":5,"featured_media":917787,"comment_status":"closed","ping_status":"closed","sticky":false,"template":"","format":"standard","meta":{"_exactmetrics_skip_tracking":false,"_exactmetrics_sitenote_active":false,"_exactmetrics_sitenote_note":"","_exactmetrics_sitenote_category":0,"footnotes":""},"categories":[4],"tags":[],"yoast_head":"<!-- This site is optimized with the Yoast SEO plugin v22.0 - https:\/\/yoast.com\/wordpress\/plugins\/seo\/ -->\n<title>Opera\u00e7\u00f5es em Bayeux: Dupla \u00e9 presa com arma e muni\u00e7\u00f5es durante incurs\u00e3o em comunidade - Pol\u00edcia Militar da Para\u00edba<\/title>\n<meta name=\"robots\" content=\"index, follow, max-snippet:-1, max-image-preview:large, max-video-preview:-1\" \/>\n<link rel=\"canonical\" href=\"https:\/\/www.pm.pb.gov.br\/portal\/2023\/08\/14\/operacoes-em-bayeux-dupla-e-presa-com-arma-e-municoes-durante-incursao-em-comunidade\/\" \/>\n<meta property=\"og:locale\" content=\"pt_BR\" \/>\n<meta property=\"og:type\" content=\"article\" \/>\n<meta property=\"og:title\" content=\"Opera\u00e7\u00f5es em Bayeux: Dupla \u00e9 presa com arma e muni\u00e7\u00f5es durante incurs\u00e3o em comunidade - Pol\u00edcia Militar da Para\u00edba\" \/>\n<meta property=\"og:description\" content=\"Uma incurs\u00e3o da For\u00e7a T\u00e1tica da 4\u00aa Companhia Independente da PM (4\u00aa CIPM) na comunidade Dois Lados, na noite desse\" \/>\n<meta property=\"og:url\" content=\"https:\/\/www.pm.pb.gov.br\/portal\/2023\/08\/14\/operacoes-em-bayeux-dupla-e-presa-com-arma-e-municoes-durante-incursao-em-comunidade\/\" \/>\n<meta property=\"og:site_name\" content=\"Pol\u00edcia Militar da Para\u00edba\" \/>\n<meta property=\"article:published_time\" content=\"2023-08-14T14:00:42+00:00\" \/>\n<meta property=\"article:modified_time\" content=\"2023-08-14T14:00:53+00:00\" \/>\n<meta property=\"og:image\" content=\"http:\/\/www.pm.pb.gov.br\/portal\/wp-content\/uploads\/2023\/08\/WhatsApp-Image-2023-08-14-at-10.03.19-AM.jpeg\" \/>\n\t<meta property=\"og:image:width\" content=\"1201\" \/>\n\t<meta property=\"og:image:height\" content=\"1600\" \/>\n\t<meta property=\"og:image:type\" content=\"image\/jpeg\" \/>\n<meta name=\"author\" content=\"Assessoria de Imprensa da PMPB\" \/>\n<meta name=\"twitter:card\" content=\"summary_large_image\" \/>\n<meta name=\"twitter:label1\" content=\"Escrito por\" \/>\n\t<meta name=\"twitter:data1\" content=\"Assessoria de Imprensa da PMPB\" \/>\n\t<meta name=\"twitter:label2\" content=\"Est. tempo de leitura\" \/>\n\t<meta name=\"twitter:data2\" content=\"1 minuto\" \/>\n<script type=\"application\/ld+json\" class=\"yoast-schema-graph\">{\"@context\":\"https:\/\/schema.org\",\"@graph\":[{\"@type\":\"Article\",\"@id\":\"https:\/\/www.pm.pb.gov.br\/portal\/2023\/08\/14\/operacoes-em-bayeux-dupla-e-presa-com-arma-e-municoes-durante-incursao-em-comunidade\/#article\",\"isPartOf\":{\"@id\":\"https:\/\/www.pm.pb.gov.br\/portal\/2023\/08\/14\/operacoes-em-bayeux-dupla-e-presa-com-arma-e-municoes-durante-incursao-em-comunidade\/\"},\"author\":{\"name\":\"Assessoria de Imprensa da PMPB\",\"@id\":\"https:\/\/www.pm.pb.gov.br\/portal\/#\/schema\/person\/e8454f46651c3ecf0e1ba3c1666d9947\"},\"headline\":\"Opera\u00e7\u00f5es em Bayeux: Dupla \u00e9 presa com arma e muni\u00e7\u00f5es durante incurs\u00e3o em comunidade\",\"datePublished\":\"2023-08-14T14:00:42+00:00\",\"dateModified\":\"2023-08-14T14:00:53+00:00\",\"mainEntityOfPage\":{\"@id\":\"https:\/\/www.pm.pb.gov.br\/portal\/2023\/08\/14\/operacoes-em-bayeux-dupla-e-presa-com-arma-e-municoes-durante-incursao-em-comunidade\/\"},\"wordCount\":112,\"publisher\":{\"@id\":\"https:\/\/www.pm.pb.gov.br\/portal\/#organization\"},\"articleSection\":[\"A\u00e7\u00f5es Policiais\"],\"inLanguage\":\"pt-BR\"},{\"@type\":\"WebPage\",\"@id\":\"https:\/\/www.pm.pb.gov.br\/portal\/2023\/08\/14\/operacoes-em-bayeux-dupla-e-presa-com-arma-e-municoes-durante-incursao-em-comunidade\/\",\"url\":\"https:\/\/www.pm.pb.gov.br\/portal\/2023\/08\/14\/operacoes-em-bayeux-dupla-e-presa-com-arma-e-municoes-durante-incursao-em-comunidade\/\",\"name\":\"Opera\u00e7\u00f5es em Bayeux: Dupla \u00e9 presa com arma e muni\u00e7\u00f5es durante incurs\u00e3o em comunidade - Pol\u00edcia Militar da Para\u00edba\",\"isPartOf\":{\"@id\":\"https:\/\/www.pm.pb.gov.br\/portal\/#website\"},\"datePublished\":\"2023-08-14T14:00:42+00:00\",\"dateModified\":\"2023-08-14T14:00:53+00:00\",\"breadcrumb\":{\"@id\":\"https:\/\/www.pm.pb.gov.br\/portal\/2023\/08\/14\/operacoes-em-bayeux-dupla-e-presa-com-arma-e-municoes-durante-incursao-em-comunidade\/#breadcrumb\"},\"inLanguage\":\"pt-BR\",\"potentialAction\":[{\"@type\":\"ReadAction\",\"target\":[\"https:\/\/www.pm.pb.gov.br\/portal\/2023\/08\/14\/operacoes-em-bayeux-dupla-e-presa-com-arma-e-municoes-durante-incursao-em-comunidade\/\"]}]},{\"@type\":\"BreadcrumbList\",\"@id\":\"https:\/\/www.pm.pb.gov.br\/portal\/2023\/08\/14\/operacoes-em-bayeux-dupla-e-presa-com-arma-e-municoes-durante-incursao-em-comunidade\/#breadcrumb\",\"itemListElement\":[{\"@type\":\"ListItem\",\"position\":1,\"name\":\"In\u00edcio\",\"item\":\"https:\/\/www.pm.pb.gov.br\/portal\/\"},{\"@type\":\"ListItem\",\"position\":2,\"name\":\"Opera\u00e7\u00f5es em Bayeux: Dupla \u00e9 presa com arma e muni\u00e7\u00f5es durante incurs\u00e3o em comunidade\"}]},{\"@type\":\"WebSite\",\"@id\":\"https:\/\/www.pm.pb.gov.br\/portal\/#website\",\"url\":\"https:\/\/www.pm.pb.gov.br\/portal\/\",\"name\":\"Pol\u00edcia Militar da Para\u00edba\",\"description\":\"\",\"publisher\":{\"@id\":\"https:\/\/www.pm.pb.gov.br\/portal\/#organization\"},\"potentialAction\":[{\"@type\":\"SearchAction\",\"target\":{\"@type\":\"EntryPoint\",\"urlTemplate\":\"https:\/\/www.pm.pb.gov.br\/portal\/?s={search_term_string}\"},\"query-input\":\"required name=search_term_string\"}],\"inLanguage\":\"pt-BR\"},{\"@type\":\"Organization\",\"@id\":\"https:\/\/www.pm.pb.gov.br\/portal\/#organization\",\"name\":\"Pol\u00edcia Militar da Para\u00edba\",\"url\":\"https:\/\/www.pm.pb.gov.br\/portal\/\",\"logo\":{\"@type\":\"ImageObject\",\"inLanguage\":\"pt-BR\",\"@id\":\"https:\/\/www.pm.pb.gov.br\/portal\/#\/schema\/logo\/image\/\",\"url\":\"https:\/\/www.pm.pb.gov.br\/portal\/wp-content\/uploads\/2025\/03\/cropped-logo-site-mag2-1.png\",\"contentUrl\":\"https:\/\/www.pm.pb.gov.br\/portal\/wp-content\/uploads\/2025\/03\/cropped-logo-site-mag2-1.png\",\"width\":320,\"height\":90,\"caption\":\"Pol\u00edcia Militar da Para\u00edba\"},\"image\":{\"@id\":\"https:\/\/www.pm.pb.gov.br\/portal\/#\/schema\/logo\/image\/\"}},{\"@type\":\"Person\",\"@id\":\"https:\/\/www.pm.pb.gov.br\/portal\/#\/schema\/person\/e8454f46651c3ecf0e1ba3c1666d9947\",\"name\":\"Assessoria de Imprensa da PMPB\",\"image\":{\"@type\":\"ImageObject\",\"inLanguage\":\"pt-BR\",\"@id\":\"https:\/\/www.pm.pb.gov.br\/portal\/#\/schema\/person\/image\/\",\"url\":\"https:\/\/secure.gravatar.com\/avatar\/2efe197438265d1e90bd98c4c8e1acf8?s=96&d=mm&r=g\",\"contentUrl\":\"https:\/\/secure.gravatar.com\/avatar\/2efe197438265d1e90bd98c4c8e1acf8?s=96&d=mm&r=g\",\"caption\":\"Assessoria de Imprensa da PMPB\"},\"url\":\"https:\/\/www.pm.pb.gov.br\/portal\/author\/assessoria\/\"}]}<\/script>\n<!-- \/ Yoast SEO plugin. -->","yoast_head_json":{"title":"Opera\u00e7\u00f5es em Bayeux: Dupla \u00e9 presa com arma e muni\u00e7\u00f5es durante incurs\u00e3o em comunidade - Pol\u00edcia Militar da Para\u00edba","robots":{"index":"index","follow":"follow","max-snippet":"max-snippet:-1","max-image-preview":"max-image-preview:large","max-video-preview":"max-video-preview:-1"},"canonical":"https:\/\/www.pm.pb.gov.br\/portal\/2023\/08\/14\/operacoes-em-bayeux-dupla-e-presa-com-arma-e-municoes-durante-incursao-em-comunidade\/","og_locale":"pt_BR","og_type":"article","og_title":"Opera\u00e7\u00f5es em Bayeux: Dupla \u00e9 presa com arma e muni\u00e7\u00f5es durante incurs\u00e3o em comunidade - Pol\u00edcia Militar da Para\u00edba","og_description":"Uma incurs\u00e3o da For\u00e7a T\u00e1tica da 4\u00aa Companhia Independente da PM (4\u00aa CIPM) na comunidade Dois Lados, na noite desse","og_url":"https:\/\/www.pm.pb.gov.br\/portal\/2023\/08\/14\/operacoes-em-bayeux-dupla-e-presa-com-arma-e-municoes-durante-incursao-em-comunidade\/","og_site_name":"Pol\u00edcia Militar da Para\u00edba","article_published_time":"2023-08-14T14:00:42+00:00","article_modified_time":"2023-08-14T14:00:53+00:00","og_image":[{"width":1201,"height":1600,"url":"http:\/\/www.pm.pb.gov.br\/portal\/wp-content\/uploads\/2023\/08\/WhatsApp-Image-2023-08-14-at-10.03.19-AM.jpeg","type":"image\/jpeg"}],"author":"Assessoria de Imprensa da PMPB","twitter_card":"summary_large_image","twitter_misc":{"Escrito por":"Assessoria de Imprensa da PMPB","Est. tempo de leitura":"1 minuto"},"schema":{"@context":"https:\/\/schema.org","@graph":[{"@type":"Article","@id":"https:\/\/www.pm.pb.gov.br\/portal\/2023\/08\/14\/operacoes-em-bayeux-dupla-e-presa-com-arma-e-municoes-durante-incursao-em-comunidade\/#article","isPartOf":{"@id":"https:\/\/www.pm.pb.gov.br\/portal\/2023\/08\/14\/operacoes-em-bayeux-dupla-e-presa-com-arma-e-municoes-durante-incursao-em-comunidade\/"},"author":{"name":"Assessoria de Imprensa da PMPB","@id":"https:\/\/www.pm.pb.gov.br\/portal\/#\/schema\/person\/e8454f46651c3ecf0e1ba3c1666d9947"},"headline":"Opera\u00e7\u00f5es em Bayeux: Dupla \u00e9 presa com arma e muni\u00e7\u00f5es durante incurs\u00e3o em comunidade","datePublished":"2023-08-14T14:00:42+00:00","dateModified":"2023-08-14T14:00:53+00:00","mainEntityOfPage":{"@id":"https:\/\/www.pm.pb.gov.br\/portal\/2023\/08\/14\/operacoes-em-bayeux-dupla-e-presa-com-arma-e-municoes-durante-incursao-em-comunidade\/"},"wordCount":112,"publisher":{"@id":"https:\/\/www.pm.pb.gov.br\/portal\/#organization"},"articleSection":["A\u00e7\u00f5es Policiais"],"inLanguage":"pt-BR"},{"@type":"WebPage","@id":"https:\/\/www.pm.pb.gov.br\/portal\/2023\/08\/14\/operacoes-em-bayeux-dupla-e-presa-com-arma-e-municoes-durante-incursao-em-comunidade\/","url":"https:\/\/www.pm.pb.gov.br\/portal\/2023\/08\/14\/operacoes-em-bayeux-dupla-e-presa-com-arma-e-municoes-durante-incursao-em-comunidade\/","name":"Opera\u00e7\u00f5es em Bayeux: Dupla \u00e9 presa com arma e muni\u00e7\u00f5es durante incurs\u00e3o em comunidade - Pol\u00edcia Militar da Para\u00edba","isPartOf":{"@id":"https:\/\/www.pm.pb.gov.br\/portal\/#website"},"datePublished":"2023-08-14T14:00:42+00:00","dateModified":"2023-08-14T14:00:53+00:00","breadcrumb":{"@id":"https:\/\/www.pm.pb.gov.br\/portal\/2023\/08\/14\/operacoes-em-bayeux-dupla-e-presa-com-arma-e-municoes-durante-incursao-em-comunidade\/#breadcrumb"},"inLanguage":"pt-BR","potentialAction":[{"@type":"ReadAction","target":["https:\/\/www.pm.pb.gov.br\/portal\/2023\/08\/14\/operacoes-em-bayeux-dupla-e-presa-com-arma-e-municoes-durante-incursao-em-comunidade\/"]}]},{"@type":"BreadcrumbList","@id":"https:\/\/www.pm.pb.gov.br\/portal\/2023\/08\/14\/operacoes-em-bayeux-dupla-e-presa-com-arma-e-municoes-durante-incursao-em-comunidade\/#breadcrumb","itemListElement":[{"@type":"ListItem","position":1,"name":"In\u00edcio","item":"https:\/\/www.pm.pb.gov.br\/portal\/"},{"@type":"ListItem","position":2,"name":"Opera\u00e7\u00f5es em Bayeux: Dupla \u00e9 presa com arma e muni\u00e7\u00f5es durante incurs\u00e3o em comunidade"}]},{"@type":"WebSite","@id":"https:\/\/www.pm.pb.gov.br\/portal\/#website","url":"https:\/\/www.pm.pb.gov.br\/portal\/","name":"Pol\u00edcia Militar da Para\u00edba","description":"","publisher":{"@id":"https:\/\/www.pm.pb.gov.br\/portal\/#organization"},"potentialAction":[{"@type":"SearchAction","target":{"@type":"EntryPoint","urlTemplate":"https:\/\/www.pm.pb.gov.br\/portal\/?s={search_term_string}"},"query-input":"required name=search_term_string"}],"inLanguage":"pt-BR"},{"@type":"Organization","@id":"https:\/\/www.pm.pb.gov.br\/portal\/#organization","name":"Pol\u00edcia Militar da Para\u00edba","url":"https:\/\/www.pm.pb.gov.br\/portal\/","logo":{"@type":"ImageObject","inLanguage":"pt-BR","@id":"https:\/\/www.pm.pb.gov.br\/portal\/#\/schema\/logo\/image\/","url":"https:\/\/www.pm.pb.gov.br\/portal\/wp-content\/uploads\/2025\/03\/cropped-logo-site-mag2-1.png","contentUrl":"https:\/\/www.pm.pb.gov.br\/portal\/wp-content\/uploads\/2025\/03\/cropped-logo-site-mag2-1.png","width":320,"height":90,"caption":"Pol\u00edcia Militar da Para\u00edba"},"image":{"@id":"https:\/\/www.pm.pb.gov.br\/portal\/#\/schema\/logo\/image\/"}},{"@type":"Person","@id":"https:\/\/www.pm.pb.gov.br\/portal\/#\/schema\/person\/e8454f46651c3ecf0e1ba3c1666d9947","name":"Assessoria de Imprensa da PMPB","image":{"@type":"ImageObject","inLanguage":"pt-BR","@id":"https:\/\/www.pm.pb.gov.br\/portal\/#\/schema\/person\/image\/","url":"https:\/\/secure.gravatar.com\/avatar\/2efe197438265d1e90bd98c4c8e1acf8?s=96&d=mm&r=g","contentUrl":"https:\/\/secure.gravatar.com\/avatar\/2efe197438265d1e90bd98c4c8e1acf8?s=96&d=mm&r=g","caption":"Assessoria de Imprensa da PMPB"},"url":"https:\/\/www.pm.pb.gov.br\/portal\/author\/assessoria\/"}]}},"_links":{"self":[{"href":"https:\/\/www.pm.pb.gov.br\/portal\/wp-json\/wp\/v2\/posts\/917710"}],"collection":[{"href":"https:\/\/www.pm.pb.gov.br\/portal\/wp-json\/wp\/v2\/posts"}],"about":[{"href":"https:\/\/www.pm.pb.gov.br\/portal\/wp-json\/wp\/v2\/types\/post"}],"author":[{"embeddable":true,"href":"https:\/\/www.pm.pb.gov.br\/portal\/wp-json\/wp\/v2\/users\/5"}],"replies":[{"embeddable":true,"href":"https:\/\/www.pm.pb.gov.br\/portal\/wp-json\/wp\/v2\/comments?post=917710"}],"version-history":[{"count":2,"href":"https:\/\/www.pm.pb.gov.br\/portal\/wp-json\/wp\/v2\/posts\/917710\/revisions"}],"predecessor-version":[{"id":917788,"href":"https:\/\/www.pm.pb.gov.br\/portal\/wp-json\/wp\/v2\/posts\/917710\/revisions\/917788"}],"wp:featuredmedia":[{"embeddable":true,"href":"https:\/\/www.pm.pb.gov.br\/portal\/wp-json\/wp\/v2\/media\/917787"}],"wp:attachment":[{"href":"https:\/\/www.pm.pb.gov.br\/portal\/wp-json\/wp\/v2\/media?parent=917710"}],"wp:term":[{"taxonomy":"category","embeddable":true,"href":"https:\/\/www.pm.pb.gov.br\/portal\/wp-json\/wp\/v2\/categories?post=917710"},{"taxonomy":"post_tag","embeddable":true,"href":"https:\/\/www.pm.pb.gov.br\/portal\/wp-json\/wp\/v2\/tags?post=917710"}],"curies":[{"name":"wp","href":"https:\/\/api.w.org\/{rel}","templated":true}]}}