{"id":917682,"date":"2023-08-07T12:22:12","date_gmt":"2023-08-07T15:22:12","guid":{"rendered":"https:\/\/www.pm.pb.gov.br\/portal\/?p=917682"},"modified":"2023-08-07T12:22:17","modified_gmt":"2023-08-07T15:22:17","slug":"otimizacao-comandante-geral-abre-curso-de-gestao-de-processos-na-pmpb","status":"publish","type":"post","link":"https:\/\/www.pm.pb.gov.br\/portal\/2023\/08\/07\/otimizacao-comandante-geral-abre-curso-de-gestao-de-processos-na-pmpb\/","title":{"rendered":"OTIMIZA\u00c7\u00c3O: Comandante-geral abre Curso de Gest\u00e3o de Processos na PMPB"},"content":{"rendered":"\n<p>O comandante-geral da Pol\u00edcia Militar da Para\u00edba, o coronel S\u00e9rgio Fonseca, abriu oficialmente o Curso de Gest\u00e3o de Processos da corpora\u00e7\u00e3o. A atividade, que aconteceu na manh\u00e3 desta segunda-feira (07), foi acompanhada por oficiais da PMPB, sendo mais um passo no amadurecimento institucional da corpora\u00e7\u00e3o.<\/p>\n<p>O objetivo do curso, que come\u00e7ou no Quartel do Comando Geral, \u00e9 capacitar os policiais para otimizar os processos administrativos da PM, maximizando recursos como or\u00e7amento, pessoal, entre outros. Com o curso, que come\u00e7a no \u00e2mbito administrativo, mas que alcan\u00e7a a operacionalidade, a seguran\u00e7a p\u00fablica dever\u00e1 ser fortalecida.<\/p>\n<p><img loading=\"lazy\" decoding=\"async\" class=\" wp-image-917684 aligncenter\" src=\"http:\/\/www.pm.pb.gov.br\/portal\/wp-content\/uploads\/2023\/08\/WhatsApp-Image-2023-08-07-at-09.09.36-593x445.jpeg\" alt=\"\" width=\"574\" height=\"431\" srcset=\"https:\/\/www.pm.pb.gov.br\/portal\/wp-content\/uploads\/2023\/08\/WhatsApp-Image-2023-08-07-at-09.09.36-593x445.jpeg 593w, https:\/\/www.pm.pb.gov.br\/portal\/wp-content\/uploads\/2023\/08\/WhatsApp-Image-2023-08-07-at-09.09.36-760x570.jpeg 760w, https:\/\/www.pm.pb.gov.br\/portal\/wp-content\/uploads\/2023\/08\/WhatsApp-Image-2023-08-07-at-09.09.36-768x576.jpeg 768w, https:\/\/www.pm.pb.gov.br\/portal\/wp-content\/uploads\/2023\/08\/WhatsApp-Image-2023-08-07-at-09.09.36-1536x1152.jpeg 1536w, https:\/\/www.pm.pb.gov.br\/portal\/wp-content\/uploads\/2023\/08\/WhatsApp-Image-2023-08-07-at-09.09.36.jpeg 1600w\" sizes=\"(max-width: 574px) 100vw, 574px\" \/><\/p>\n<p>\u201cA otimiza\u00e7\u00e3o de procedimentos desde a gest\u00e3o de patrulhas at\u00e9 a administra\u00e7\u00e3o log\u00edstica da corpora\u00e7\u00e3o culminar\u00e1 em uma abordagem mais \u00e1gil e eficaz na presta\u00e7\u00e3o de servi\u00e7os essenciais \u00e0 comunidade paraibana, notadamente em a\u00e7\u00f5es preventivas e repressivas na seguran\u00e7a p\u00fablica, al\u00e9m de outras emerg\u00eancias\u201d, esclareceu o coronel S\u00e9rgio, durante a abertura dos trabalhos.<\/p>\n<p>Mais de 30 oficiais da corpora\u00e7\u00e3o estar\u00e3o no curso, que deve durar a semana toda. Neste primeiro dia de aula, as instru\u00e7\u00f5es foram facilitadas pela capit\u00e3 da Pol\u00edcia Militar da Bahia, Priscila Lemos (fotos abaixo). \u201cO curso \u00e9 mais um compromisso de nossa gest\u00e3o que busca, diariamente, uma PMPB mais \u00e1gil, eficiente e respons\u00e1vel, pronta para enfrentar os desafios presentes e futuros com determina\u00e7\u00e3o e confian\u00e7a\u201d, disse o coronel S\u00e9rgio.<\/p>\n<p><img loading=\"lazy\" decoding=\"async\" class=\" wp-image-917685 aligncenter\" src=\"http:\/\/www.pm.pb.gov.br\/portal\/wp-content\/uploads\/2023\/08\/WhatsApp-Image-2023-08-07-at-09.09.40-593x445.jpeg\" alt=\"\" width=\"545\" height=\"409\" srcset=\"https:\/\/www.pm.pb.gov.br\/portal\/wp-content\/uploads\/2023\/08\/WhatsApp-Image-2023-08-07-at-09.09.40-593x445.jpeg 593w, https:\/\/www.pm.pb.gov.br\/portal\/wp-content\/uploads\/2023\/08\/WhatsApp-Image-2023-08-07-at-09.09.40-760x570.jpeg 760w, https:\/\/www.pm.pb.gov.br\/portal\/wp-content\/uploads\/2023\/08\/WhatsApp-Image-2023-08-07-at-09.09.40-768x576.jpeg 768w, https:\/\/www.pm.pb.gov.br\/portal\/wp-content\/uploads\/2023\/08\/WhatsApp-Image-2023-08-07-at-09.09.40-1536x1152.jpeg 1536w, https:\/\/www.pm.pb.gov.br\/portal\/wp-content\/uploads\/2023\/08\/WhatsApp-Image-2023-08-07-at-09.09.40.jpeg 1600w\" sizes=\"(max-width: 545px) 100vw, 545px\" \/><\/p>\n<p><img loading=\"lazy\" decoding=\"async\" class=\" wp-image-917683 aligncenter\" src=\"http:\/\/www.pm.pb.gov.br\/portal\/wp-content\/uploads\/2023\/08\/WhatsApp-Image-2023-08-07-at-09.09.39-593x445.jpeg\" alt=\"\" width=\"547\" height=\"410\" srcset=\"https:\/\/www.pm.pb.gov.br\/portal\/wp-content\/uploads\/2023\/08\/WhatsApp-Image-2023-08-07-at-09.09.39-593x445.jpeg 593w, https:\/\/www.pm.pb.gov.br\/portal\/wp-content\/uploads\/2023\/08\/WhatsApp-Image-2023-08-07-at-09.09.39-760x570.jpeg 760w, https:\/\/www.pm.pb.gov.br\/portal\/wp-content\/uploads\/2023\/08\/WhatsApp-Image-2023-08-07-at-09.09.39-768x576.jpeg 768w, https:\/\/www.pm.pb.gov.br\/portal\/wp-content\/uploads\/2023\/08\/WhatsApp-Image-2023-08-07-at-09.09.39-1536x1152.jpeg 1536w, https:\/\/www.pm.pb.gov.br\/portal\/wp-content\/uploads\/2023\/08\/WhatsApp-Image-2023-08-07-at-09.09.39.jpeg 1600w\" sizes=\"(max-width: 547px) 100vw, 547px\" \/><\/p>\n<p>\u00a0<\/p>\n<p><\/p>\n<!-- \/wp:tadv\/classic-paragraph -->","protected":false},"excerpt":{"rendered":"<p>O comandante-geral da Pol\u00edcia Militar da Para\u00edba, o coronel S\u00e9rgio Fonseca, abriu oficialmente o Curso de Gest\u00e3o de Processos da<\/p>\n","protected":false},"author":12,"featured_media":915844,"comment_status":"closed","ping_status":"closed","sticky":false,"template":"","format":"standard","meta":{"_exactmetrics_skip_tracking":false,"_exactmetrics_sitenote_active":false,"_exactmetrics_sitenote_note":"","_exactmetrics_sitenote_category":0,"footnotes":""},"categories":[29],"tags":[],"yoast_head":"<!-- This site is optimized with the Yoast SEO plugin v22.0 - https:\/\/yoast.com\/wordpress\/plugins\/seo\/ -->\n<title>OTIMIZA\u00c7\u00c3O: Comandante-geral abre Curso de Gest\u00e3o de Processos na PMPB - Pol\u00edcia Militar da Para\u00edba<\/title>\n<meta name=\"robots\" content=\"index, follow, max-snippet:-1, max-image-preview:large, max-video-preview:-1\" \/>\n<link rel=\"canonical\" href=\"https:\/\/www.pm.pb.gov.br\/portal\/2023\/08\/07\/otimizacao-comandante-geral-abre-curso-de-gestao-de-processos-na-pmpb\/\" \/>\n<meta property=\"og:locale\" content=\"pt_BR\" \/>\n<meta property=\"og:type\" content=\"article\" \/>\n<meta property=\"og:title\" content=\"OTIMIZA\u00c7\u00c3O: Comandante-geral abre Curso de Gest\u00e3o de Processos na PMPB - Pol\u00edcia Militar da Para\u00edba\" \/>\n<meta property=\"og:description\" content=\"O comandante-geral da Pol\u00edcia Militar da Para\u00edba, o coronel S\u00e9rgio Fonseca, abriu oficialmente o Curso de Gest\u00e3o de Processos da\" \/>\n<meta property=\"og:url\" content=\"https:\/\/www.pm.pb.gov.br\/portal\/2023\/08\/07\/otimizacao-comandante-geral-abre-curso-de-gestao-de-processos-na-pmpb\/\" \/>\n<meta property=\"og:site_name\" content=\"Pol\u00edcia Militar da Para\u00edba\" \/>\n<meta property=\"article:published_time\" content=\"2023-08-07T15:22:12+00:00\" \/>\n<meta property=\"article:modified_time\" content=\"2023-08-07T15:22:17+00:00\" \/>\n<meta property=\"og:image\" content=\"http:\/\/www.pm.pb.gov.br\/portal\/wp-content\/uploads\/2023\/03\/qcg.jpeg\" \/>\n\t<meta property=\"og:image:width\" content=\"800\" \/>\n\t<meta property=\"og:image:height\" content=\"445\" \/>\n\t<meta property=\"og:image:type\" content=\"image\/jpeg\" \/>\n<meta name=\"author\" content=\"Tarcisio Oliveira\" \/>\n<meta name=\"twitter:card\" content=\"summary_large_image\" \/>\n<meta name=\"twitter:label1\" content=\"Escrito por\" \/>\n\t<meta name=\"twitter:data1\" content=\"Tarcisio Oliveira\" \/>\n\t<meta name=\"twitter:label2\" content=\"Est. tempo de leitura\" \/>\n\t<meta name=\"twitter:data2\" content=\"2 minutos\" \/>\n<script type=\"application\/ld+json\" class=\"yoast-schema-graph\">{\"@context\":\"https:\/\/schema.org\",\"@graph\":[{\"@type\":\"Article\",\"@id\":\"https:\/\/www.pm.pb.gov.br\/portal\/2023\/08\/07\/otimizacao-comandante-geral-abre-curso-de-gestao-de-processos-na-pmpb\/#article\",\"isPartOf\":{\"@id\":\"https:\/\/www.pm.pb.gov.br\/portal\/2023\/08\/07\/otimizacao-comandante-geral-abre-curso-de-gestao-de-processos-na-pmpb\/\"},\"author\":{\"name\":\"Tarcisio Oliveira\",\"@id\":\"https:\/\/www.pm.pb.gov.br\/portal\/#\/schema\/person\/f84f56dcc78ce4357054da888b8247fd\"},\"headline\":\"OTIMIZA\u00c7\u00c3O: Comandante-geral abre Curso de Gest\u00e3o de Processos na PMPB\",\"datePublished\":\"2023-08-07T15:22:12+00:00\",\"dateModified\":\"2023-08-07T15:22:17+00:00\",\"mainEntityOfPage\":{\"@id\":\"https:\/\/www.pm.pb.gov.br\/portal\/2023\/08\/07\/otimizacao-comandante-geral-abre-curso-de-gestao-de-processos-na-pmpb\/\"},\"wordCount\":257,\"publisher\":{\"@id\":\"https:\/\/www.pm.pb.gov.br\/portal\/#organization\"},\"articleSection\":[\"Gest\u00e3o e planejamento\"],\"inLanguage\":\"pt-BR\"},{\"@type\":\"WebPage\",\"@id\":\"https:\/\/www.pm.pb.gov.br\/portal\/2023\/08\/07\/otimizacao-comandante-geral-abre-curso-de-gestao-de-processos-na-pmpb\/\",\"url\":\"https:\/\/www.pm.pb.gov.br\/portal\/2023\/08\/07\/otimizacao-comandante-geral-abre-curso-de-gestao-de-processos-na-pmpb\/\",\"name\":\"OTIMIZA\u00c7\u00c3O: Comandante-geral abre Curso de Gest\u00e3o de Processos na PMPB - Pol\u00edcia Militar da Para\u00edba\",\"isPartOf\":{\"@id\":\"https:\/\/www.pm.pb.gov.br\/portal\/#website\"},\"datePublished\":\"2023-08-07T15:22:12+00:00\",\"dateModified\":\"2023-08-07T15:22:17+00:00\",\"breadcrumb\":{\"@id\":\"https:\/\/www.pm.pb.gov.br\/portal\/2023\/08\/07\/otimizacao-comandante-geral-abre-curso-de-gestao-de-processos-na-pmpb\/#breadcrumb\"},\"inLanguage\":\"pt-BR\",\"potentialAction\":[{\"@type\":\"ReadAction\",\"target\":[\"https:\/\/www.pm.pb.gov.br\/portal\/2023\/08\/07\/otimizacao-comandante-geral-abre-curso-de-gestao-de-processos-na-pmpb\/\"]}]},{\"@type\":\"BreadcrumbList\",\"@id\":\"https:\/\/www.pm.pb.gov.br\/portal\/2023\/08\/07\/otimizacao-comandante-geral-abre-curso-de-gestao-de-processos-na-pmpb\/#breadcrumb\",\"itemListElement\":[{\"@type\":\"ListItem\",\"position\":1,\"name\":\"In\u00edcio\",\"item\":\"https:\/\/www.pm.pb.gov.br\/portal\/\"},{\"@type\":\"ListItem\",\"position\":2,\"name\":\"OTIMIZA\u00c7\u00c3O: Comandante-geral abre Curso de Gest\u00e3o de Processos na PMPB\"}]},{\"@type\":\"WebSite\",\"@id\":\"https:\/\/www.pm.pb.gov.br\/portal\/#website\",\"url\":\"https:\/\/www.pm.pb.gov.br\/portal\/\",\"name\":\"Pol\u00edcia Militar da Para\u00edba\",\"description\":\"\",\"publisher\":{\"@id\":\"https:\/\/www.pm.pb.gov.br\/portal\/#organization\"},\"potentialAction\":[{\"@type\":\"SearchAction\",\"target\":{\"@type\":\"EntryPoint\",\"urlTemplate\":\"https:\/\/www.pm.pb.gov.br\/portal\/?s={search_term_string}\"},\"query-input\":\"required name=search_term_string\"}],\"inLanguage\":\"pt-BR\"},{\"@type\":\"Organization\",\"@id\":\"https:\/\/www.pm.pb.gov.br\/portal\/#organization\",\"name\":\"Pol\u00edcia Militar da Para\u00edba\",\"url\":\"https:\/\/www.pm.pb.gov.br\/portal\/\",\"logo\":{\"@type\":\"ImageObject\",\"inLanguage\":\"pt-BR\",\"@id\":\"https:\/\/www.pm.pb.gov.br\/portal\/#\/schema\/logo\/image\/\",\"url\":\"https:\/\/www.pm.pb.gov.br\/portal\/wp-content\/uploads\/2025\/03\/cropped-logo-site-mag2-1.png\",\"contentUrl\":\"https:\/\/www.pm.pb.gov.br\/portal\/wp-content\/uploads\/2025\/03\/cropped-logo-site-mag2-1.png\",\"width\":320,\"height\":90,\"caption\":\"Pol\u00edcia Militar da Para\u00edba\"},\"image\":{\"@id\":\"https:\/\/www.pm.pb.gov.br\/portal\/#\/schema\/logo\/image\/\"}},{\"@type\":\"Person\",\"@id\":\"https:\/\/www.pm.pb.gov.br\/portal\/#\/schema\/person\/f84f56dcc78ce4357054da888b8247fd\",\"name\":\"Tarcisio Oliveira\",\"image\":{\"@type\":\"ImageObject\",\"inLanguage\":\"pt-BR\",\"@id\":\"https:\/\/www.pm.pb.gov.br\/portal\/#\/schema\/person\/image\/\",\"url\":\"https:\/\/secure.gravatar.com\/avatar\/72917b630b69d31cd0297507f34bac97?s=96&d=mm&r=g\",\"contentUrl\":\"https:\/\/secure.gravatar.com\/avatar\/72917b630b69d31cd0297507f34bac97?s=96&d=mm&r=g\",\"caption\":\"Tarcisio Oliveira\"},\"url\":\"https:\/\/www.pm.pb.gov.br\/portal\/author\/tarcisio\/\"}]}<\/script>\n<!-- \/ Yoast SEO plugin. -->","yoast_head_json":{"title":"OTIMIZA\u00c7\u00c3O: Comandante-geral abre Curso de Gest\u00e3o de Processos na PMPB - Pol\u00edcia Militar da Para\u00edba","robots":{"index":"index","follow":"follow","max-snippet":"max-snippet:-1","max-image-preview":"max-image-preview:large","max-video-preview":"max-video-preview:-1"},"canonical":"https:\/\/www.pm.pb.gov.br\/portal\/2023\/08\/07\/otimizacao-comandante-geral-abre-curso-de-gestao-de-processos-na-pmpb\/","og_locale":"pt_BR","og_type":"article","og_title":"OTIMIZA\u00c7\u00c3O: Comandante-geral abre Curso de Gest\u00e3o de Processos na PMPB - Pol\u00edcia Militar da Para\u00edba","og_description":"O comandante-geral da Pol\u00edcia Militar da Para\u00edba, o coronel S\u00e9rgio Fonseca, abriu oficialmente o Curso de Gest\u00e3o de Processos da","og_url":"https:\/\/www.pm.pb.gov.br\/portal\/2023\/08\/07\/otimizacao-comandante-geral-abre-curso-de-gestao-de-processos-na-pmpb\/","og_site_name":"Pol\u00edcia Militar da Para\u00edba","article_published_time":"2023-08-07T15:22:12+00:00","article_modified_time":"2023-08-07T15:22:17+00:00","og_image":[{"width":800,"height":445,"url":"http:\/\/www.pm.pb.gov.br\/portal\/wp-content\/uploads\/2023\/03\/qcg.jpeg","type":"image\/jpeg"}],"author":"Tarcisio Oliveira","twitter_card":"summary_large_image","twitter_misc":{"Escrito por":"Tarcisio Oliveira","Est. tempo de leitura":"2 minutos"},"schema":{"@context":"https:\/\/schema.org","@graph":[{"@type":"Article","@id":"https:\/\/www.pm.pb.gov.br\/portal\/2023\/08\/07\/otimizacao-comandante-geral-abre-curso-de-gestao-de-processos-na-pmpb\/#article","isPartOf":{"@id":"https:\/\/www.pm.pb.gov.br\/portal\/2023\/08\/07\/otimizacao-comandante-geral-abre-curso-de-gestao-de-processos-na-pmpb\/"},"author":{"name":"Tarcisio Oliveira","@id":"https:\/\/www.pm.pb.gov.br\/portal\/#\/schema\/person\/f84f56dcc78ce4357054da888b8247fd"},"headline":"OTIMIZA\u00c7\u00c3O: Comandante-geral abre Curso de Gest\u00e3o de Processos na PMPB","datePublished":"2023-08-07T15:22:12+00:00","dateModified":"2023-08-07T15:22:17+00:00","mainEntityOfPage":{"@id":"https:\/\/www.pm.pb.gov.br\/portal\/2023\/08\/07\/otimizacao-comandante-geral-abre-curso-de-gestao-de-processos-na-pmpb\/"},"wordCount":257,"publisher":{"@id":"https:\/\/www.pm.pb.gov.br\/portal\/#organization"},"articleSection":["Gest\u00e3o e planejamento"],"inLanguage":"pt-BR"},{"@type":"WebPage","@id":"https:\/\/www.pm.pb.gov.br\/portal\/2023\/08\/07\/otimizacao-comandante-geral-abre-curso-de-gestao-de-processos-na-pmpb\/","url":"https:\/\/www.pm.pb.gov.br\/portal\/2023\/08\/07\/otimizacao-comandante-geral-abre-curso-de-gestao-de-processos-na-pmpb\/","name":"OTIMIZA\u00c7\u00c3O: Comandante-geral abre Curso de Gest\u00e3o de Processos na PMPB - Pol\u00edcia Militar da Para\u00edba","isPartOf":{"@id":"https:\/\/www.pm.pb.gov.br\/portal\/#website"},"datePublished":"2023-08-07T15:22:12+00:00","dateModified":"2023-08-07T15:22:17+00:00","breadcrumb":{"@id":"https:\/\/www.pm.pb.gov.br\/portal\/2023\/08\/07\/otimizacao-comandante-geral-abre-curso-de-gestao-de-processos-na-pmpb\/#breadcrumb"},"inLanguage":"pt-BR","potentialAction":[{"@type":"ReadAction","target":["https:\/\/www.pm.pb.gov.br\/portal\/2023\/08\/07\/otimizacao-comandante-geral-abre-curso-de-gestao-de-processos-na-pmpb\/"]}]},{"@type":"BreadcrumbList","@id":"https:\/\/www.pm.pb.gov.br\/portal\/2023\/08\/07\/otimizacao-comandante-geral-abre-curso-de-gestao-de-processos-na-pmpb\/#breadcrumb","itemListElement":[{"@type":"ListItem","position":1,"name":"In\u00edcio","item":"https:\/\/www.pm.pb.gov.br\/portal\/"},{"@type":"ListItem","position":2,"name":"OTIMIZA\u00c7\u00c3O: Comandante-geral abre Curso de Gest\u00e3o de Processos na PMPB"}]},{"@type":"WebSite","@id":"https:\/\/www.pm.pb.gov.br\/portal\/#website","url":"https:\/\/www.pm.pb.gov.br\/portal\/","name":"Pol\u00edcia Militar da Para\u00edba","description":"","publisher":{"@id":"https:\/\/www.pm.pb.gov.br\/portal\/#organization"},"potentialAction":[{"@type":"SearchAction","target":{"@type":"EntryPoint","urlTemplate":"https:\/\/www.pm.pb.gov.br\/portal\/?s={search_term_string}"},"query-input":"required name=search_term_string"}],"inLanguage":"pt-BR"},{"@type":"Organization","@id":"https:\/\/www.pm.pb.gov.br\/portal\/#organization","name":"Pol\u00edcia Militar da Para\u00edba","url":"https:\/\/www.pm.pb.gov.br\/portal\/","logo":{"@type":"ImageObject","inLanguage":"pt-BR","@id":"https:\/\/www.pm.pb.gov.br\/portal\/#\/schema\/logo\/image\/","url":"https:\/\/www.pm.pb.gov.br\/portal\/wp-content\/uploads\/2025\/03\/cropped-logo-site-mag2-1.png","contentUrl":"https:\/\/www.pm.pb.gov.br\/portal\/wp-content\/uploads\/2025\/03\/cropped-logo-site-mag2-1.png","width":320,"height":90,"caption":"Pol\u00edcia Militar da Para\u00edba"},"image":{"@id":"https:\/\/www.pm.pb.gov.br\/portal\/#\/schema\/logo\/image\/"}},{"@type":"Person","@id":"https:\/\/www.pm.pb.gov.br\/portal\/#\/schema\/person\/f84f56dcc78ce4357054da888b8247fd","name":"Tarcisio Oliveira","image":{"@type":"ImageObject","inLanguage":"pt-BR","@id":"https:\/\/www.pm.pb.gov.br\/portal\/#\/schema\/person\/image\/","url":"https:\/\/secure.gravatar.com\/avatar\/72917b630b69d31cd0297507f34bac97?s=96&d=mm&r=g","contentUrl":"https:\/\/secure.gravatar.com\/avatar\/72917b630b69d31cd0297507f34bac97?s=96&d=mm&r=g","caption":"Tarcisio Oliveira"},"url":"https:\/\/www.pm.pb.gov.br\/portal\/author\/tarcisio\/"}]}},"_links":{"self":[{"href":"https:\/\/www.pm.pb.gov.br\/portal\/wp-json\/wp\/v2\/posts\/917682"}],"collection":[{"href":"https:\/\/www.pm.pb.gov.br\/portal\/wp-json\/wp\/v2\/posts"}],"about":[{"href":"https:\/\/www.pm.pb.gov.br\/portal\/wp-json\/wp\/v2\/types\/post"}],"author":[{"embeddable":true,"href":"https:\/\/www.pm.pb.gov.br\/portal\/wp-json\/wp\/v2\/users\/12"}],"replies":[{"embeddable":true,"href":"https:\/\/www.pm.pb.gov.br\/portal\/wp-json\/wp\/v2\/comments?post=917682"}],"version-history":[{"count":1,"href":"https:\/\/www.pm.pb.gov.br\/portal\/wp-json\/wp\/v2\/posts\/917682\/revisions"}],"predecessor-version":[{"id":917686,"href":"https:\/\/www.pm.pb.gov.br\/portal\/wp-json\/wp\/v2\/posts\/917682\/revisions\/917686"}],"wp:featuredmedia":[{"embeddable":true,"href":"https:\/\/www.pm.pb.gov.br\/portal\/wp-json\/wp\/v2\/media\/915844"}],"wp:attachment":[{"href":"https:\/\/www.pm.pb.gov.br\/portal\/wp-json\/wp\/v2\/media?parent=917682"}],"wp:term":[{"taxonomy":"category","embeddable":true,"href":"https:\/\/www.pm.pb.gov.br\/portal\/wp-json\/wp\/v2\/categories?post=917682"},{"taxonomy":"post_tag","embeddable":true,"href":"https:\/\/www.pm.pb.gov.br\/portal\/wp-json\/wp\/v2\/tags?post=917682"}],"curies":[{"name":"wp","href":"https:\/\/api.w.org\/{rel}","templated":true}]}}