{"id":917670,"date":"2023-08-06T10:04:24","date_gmt":"2023-08-06T13:04:24","guid":{"rendered":"https:\/\/www.pm.pb.gov.br\/portal\/?p=917670"},"modified":"2023-08-06T10:04:29","modified_gmt":"2023-08-06T13:04:29","slug":"policia-militar-apreende-arma-de-fogo-com-acusado-que-ja-responde-por-crime-de-homicidio","status":"publish","type":"post","link":"https:\/\/www.pm.pb.gov.br\/portal\/2023\/08\/06\/policia-militar-apreende-arma-de-fogo-com-acusado-que-ja-responde-por-crime-de-homicidio\/","title":{"rendered":"Pol\u00edcia Militar apreende arma de fogo com acusado que j\u00e1 responde por crime de homic\u00eddio"},"content":{"rendered":"\n\n\n<p>A intensifica\u00e7\u00e3o das a\u00e7\u00f5es preventivas e ostensivas da Pol\u00edcia Militar em Bayeux, nos \u00faltimos tr\u00eas dias, j\u00e1 levou \u00e0 pris\u00e3o de pelo menos nove acusados de diversos delitos (foto acima ilustrativa). A \u00faltima pris\u00e3o aconteceu na noite de s\u00e1bado (5) contra um homem que j\u00e1 respondia por crime de homic\u00eddio, estava com um carro roubado e arma de fogo.<\/p>\n<p>De acordo com a 4\u00aa Companhia Independente, o acusado tinha 40 anos de idade e estava na condicional, respondendo por homic\u00eddio. Ele foi abordado em uma regi\u00e3o do Alto da Boa Vista, durante um checkpoint da PM. O acusado estava em um ve\u00edculo com registro de roubo, e sinais identificadores adulterados para disfar\u00e7ar o delito (foto abaixo). Ainda de acordo com a unidade da PM, o acusado tentou esconder um rev\u00f3lver calibre 38, com muni\u00e7\u00f5es, mas foi flagrado.<\/p>\n<p><img loading=\"lazy\" decoding=\"async\" class=\" wp-image-917671 aligncenter\" src=\"http:\/\/www.pm.pb.gov.br\/portal\/wp-content\/uploads\/2023\/08\/carrorecuperado-2-334x445.jpeg\" alt=\"\" width=\"325\" height=\"433\" srcset=\"https:\/\/www.pm.pb.gov.br\/portal\/wp-content\/uploads\/2023\/08\/carrorecuperado-2-334x445.jpeg 334w, https:\/\/www.pm.pb.gov.br\/portal\/wp-content\/uploads\/2023\/08\/carrorecuperado-2-428x570.jpeg 428w, https:\/\/www.pm.pb.gov.br\/portal\/wp-content\/uploads\/2023\/08\/carrorecuperado-2-768x1024.jpeg 768w, https:\/\/www.pm.pb.gov.br\/portal\/wp-content\/uploads\/2023\/08\/carrorecuperado-2-1152x1536.jpeg 1152w, https:\/\/www.pm.pb.gov.br\/portal\/wp-content\/uploads\/2023\/08\/carrorecuperado-2.jpeg 1200w\" sizes=\"(max-width: 325px) 100vw, 325px\" \/><\/p>\n<p>Da \u00faltima quinta-feira at\u00e9 a noite de s\u00e1bado j\u00e1 foram nove pessoas presas em Bayeux por envolvimento com tr\u00e1fico de drogas, porte ilegal de muni\u00e7\u00f5es e arma de fogo, e outros delitos. Ainda no per\u00edodo, a 4\u00aa Companhia Independente apreendeu coletes bal\u00edsticos usados por criminosos, muni\u00e7\u00f5es de alto poder de fogo e at\u00e9 submetralhadora artesanal.<\/p>\n<p>Todas as ocorr\u00eancias foram encaminhadas para a delegacia local.<\/p>\n<figure id=\"attachment_917662\" aria-describedby=\"caption-attachment-917662\" style=\"width: 594px\" class=\"wp-caption aligncenter\"><img loading=\"lazy\" decoding=\"async\" class=\"wp-image-917662 size-medium\" src=\"http:\/\/www.pm.pb.gov.br\/portal\/wp-content\/uploads\/2023\/08\/4cipm-594x445.jpeg\" alt=\"\" width=\"594\" height=\"445\" srcset=\"https:\/\/www.pm.pb.gov.br\/portal\/wp-content\/uploads\/2023\/08\/4cipm-594x445.jpeg 594w, https:\/\/www.pm.pb.gov.br\/portal\/wp-content\/uploads\/2023\/08\/4cipm-761x570.jpeg 761w, https:\/\/www.pm.pb.gov.br\/portal\/wp-content\/uploads\/2023\/08\/4cipm-768x575.jpeg 768w, https:\/\/www.pm.pb.gov.br\/portal\/wp-content\/uploads\/2023\/08\/4cipm.jpeg 800w\" sizes=\"(max-width: 594px) 100vw, 594px\" \/><figcaption id=\"caption-attachment-917662\" class=\"wp-caption-text\">Muni\u00e7\u00f5es calibre 556, submetralhadora, drogas e placas de ve\u00edculos apreendidas<\/figcaption><\/figure>\n\n\n\n<figure id=\"attachment_917672\" aria-describedby=\"caption-attachment-917672\" style=\"width: 334px\" class=\"wp-caption aligncenter\"><img loading=\"lazy\" decoding=\"async\" class=\"wp-image-917672 size-medium\" src=\"http:\/\/www.pm.pb.gov.br\/portal\/wp-content\/uploads\/2023\/08\/WhatsApp-Image-2023-08-04-at-20.25.28-334x445.jpeg\" alt=\"\" width=\"334\" height=\"445\" srcset=\"https:\/\/www.pm.pb.gov.br\/portal\/wp-content\/uploads\/2023\/08\/WhatsApp-Image-2023-08-04-at-20.25.28-334x445.jpeg 334w, https:\/\/www.pm.pb.gov.br\/portal\/wp-content\/uploads\/2023\/08\/WhatsApp-Image-2023-08-04-at-20.25.28-428x570.jpeg 428w, https:\/\/www.pm.pb.gov.br\/portal\/wp-content\/uploads\/2023\/08\/WhatsApp-Image-2023-08-04-at-20.25.28-768x1024.jpeg 768w, https:\/\/www.pm.pb.gov.br\/portal\/wp-content\/uploads\/2023\/08\/WhatsApp-Image-2023-08-04-at-20.25.28-1152x1536.jpeg 1152w, https:\/\/www.pm.pb.gov.br\/portal\/wp-content\/uploads\/2023\/08\/WhatsApp-Image-2023-08-04-at-20.25.28.jpeg 1200w\" sizes=\"(max-width: 334px) 100vw, 334px\" \/><figcaption id=\"caption-attachment-917672\" class=\"wp-caption-text\">Coletes usados por criminosos tamb\u00e9m foram apreendidos no per\u00edodo<\/figcaption><\/figure>\n","protected":false},"excerpt":{"rendered":"<p>A intensifica\u00e7\u00e3o das a\u00e7\u00f5es preventivas e ostensivas da Pol\u00edcia Militar em Bayeux, nos \u00faltimos tr\u00eas dias, j\u00e1 levou \u00e0 pris\u00e3o<\/p>\n","protected":false},"author":12,"featured_media":913089,"comment_status":"closed","ping_status":"closed","sticky":false,"template":"","format":"standard","meta":{"_exactmetrics_skip_tracking":false,"_exactmetrics_sitenote_active":false,"_exactmetrics_sitenote_note":"","_exactmetrics_sitenote_category":0,"footnotes":""},"categories":[4],"tags":[],"yoast_head":"<!-- This site is optimized with the Yoast SEO plugin v22.0 - https:\/\/yoast.com\/wordpress\/plugins\/seo\/ -->\n<title>Pol\u00edcia Militar apreende arma de fogo com acusado que j\u00e1 responde por crime de homic\u00eddio - Pol\u00edcia Militar da Para\u00edba<\/title>\n<meta name=\"robots\" content=\"index, follow, max-snippet:-1, max-image-preview:large, max-video-preview:-1\" \/>\n<link rel=\"canonical\" href=\"https:\/\/www.pm.pb.gov.br\/portal\/2023\/08\/06\/policia-militar-apreende-arma-de-fogo-com-acusado-que-ja-responde-por-crime-de-homicidio\/\" \/>\n<meta property=\"og:locale\" content=\"pt_BR\" \/>\n<meta property=\"og:type\" content=\"article\" \/>\n<meta property=\"og:title\" content=\"Pol\u00edcia Militar apreende arma de fogo com acusado que j\u00e1 responde por crime de homic\u00eddio - Pol\u00edcia Militar da Para\u00edba\" \/>\n<meta property=\"og:description\" content=\"A intensifica\u00e7\u00e3o das a\u00e7\u00f5es preventivas e ostensivas da Pol\u00edcia Militar em Bayeux, nos \u00faltimos tr\u00eas dias, j\u00e1 levou \u00e0 pris\u00e3o\" \/>\n<meta property=\"og:url\" content=\"https:\/\/www.pm.pb.gov.br\/portal\/2023\/08\/06\/policia-militar-apreende-arma-de-fogo-com-acusado-que-ja-responde-por-crime-de-homicidio\/\" \/>\n<meta property=\"og:site_name\" content=\"Pol\u00edcia Militar da Para\u00edba\" \/>\n<meta property=\"article:published_time\" content=\"2023-08-06T13:04:24+00:00\" \/>\n<meta property=\"article:modified_time\" content=\"2023-08-06T13:04:29+00:00\" \/>\n<meta property=\"og:image\" content=\"http:\/\/www.pm.pb.gov.br\/portal\/wp-content\/uploads\/2021\/11\/4cipm.jpeg\" \/>\n\t<meta property=\"og:image:width\" content=\"800\" \/>\n\t<meta property=\"og:image:height\" content=\"445\" \/>\n\t<meta property=\"og:image:type\" content=\"image\/jpeg\" \/>\n<meta name=\"author\" content=\"Tarcisio Oliveira\" \/>\n<meta name=\"twitter:card\" content=\"summary_large_image\" \/>\n<meta name=\"twitter:label1\" content=\"Escrito por\" \/>\n\t<meta name=\"twitter:data1\" content=\"Tarcisio Oliveira\" \/>\n\t<meta name=\"twitter:label2\" content=\"Est. tempo de leitura\" \/>\n\t<meta name=\"twitter:data2\" content=\"2 minutos\" \/>\n<script type=\"application\/ld+json\" class=\"yoast-schema-graph\">{\"@context\":\"https:\/\/schema.org\",\"@graph\":[{\"@type\":\"Article\",\"@id\":\"https:\/\/www.pm.pb.gov.br\/portal\/2023\/08\/06\/policia-militar-apreende-arma-de-fogo-com-acusado-que-ja-responde-por-crime-de-homicidio\/#article\",\"isPartOf\":{\"@id\":\"https:\/\/www.pm.pb.gov.br\/portal\/2023\/08\/06\/policia-militar-apreende-arma-de-fogo-com-acusado-que-ja-responde-por-crime-de-homicidio\/\"},\"author\":{\"name\":\"Tarcisio Oliveira\",\"@id\":\"https:\/\/www.pm.pb.gov.br\/portal\/#\/schema\/person\/f84f56dcc78ce4357054da888b8247fd\"},\"headline\":\"Pol\u00edcia Militar apreende arma de fogo com acusado que j\u00e1 responde por crime de homic\u00eddio\",\"datePublished\":\"2023-08-06T13:04:24+00:00\",\"dateModified\":\"2023-08-06T13:04:29+00:00\",\"mainEntityOfPage\":{\"@id\":\"https:\/\/www.pm.pb.gov.br\/portal\/2023\/08\/06\/policia-militar-apreende-arma-de-fogo-com-acusado-que-ja-responde-por-crime-de-homicidio\/\"},\"wordCount\":269,\"publisher\":{\"@id\":\"https:\/\/www.pm.pb.gov.br\/portal\/#organization\"},\"articleSection\":[\"A\u00e7\u00f5es Policiais\"],\"inLanguage\":\"pt-BR\"},{\"@type\":\"WebPage\",\"@id\":\"https:\/\/www.pm.pb.gov.br\/portal\/2023\/08\/06\/policia-militar-apreende-arma-de-fogo-com-acusado-que-ja-responde-por-crime-de-homicidio\/\",\"url\":\"https:\/\/www.pm.pb.gov.br\/portal\/2023\/08\/06\/policia-militar-apreende-arma-de-fogo-com-acusado-que-ja-responde-por-crime-de-homicidio\/\",\"name\":\"Pol\u00edcia Militar apreende arma de fogo com acusado que j\u00e1 responde por crime de homic\u00eddio - Pol\u00edcia Militar da Para\u00edba\",\"isPartOf\":{\"@id\":\"https:\/\/www.pm.pb.gov.br\/portal\/#website\"},\"datePublished\":\"2023-08-06T13:04:24+00:00\",\"dateModified\":\"2023-08-06T13:04:29+00:00\",\"breadcrumb\":{\"@id\":\"https:\/\/www.pm.pb.gov.br\/portal\/2023\/08\/06\/policia-militar-apreende-arma-de-fogo-com-acusado-que-ja-responde-por-crime-de-homicidio\/#breadcrumb\"},\"inLanguage\":\"pt-BR\",\"potentialAction\":[{\"@type\":\"ReadAction\",\"target\":[\"https:\/\/www.pm.pb.gov.br\/portal\/2023\/08\/06\/policia-militar-apreende-arma-de-fogo-com-acusado-que-ja-responde-por-crime-de-homicidio\/\"]}]},{\"@type\":\"BreadcrumbList\",\"@id\":\"https:\/\/www.pm.pb.gov.br\/portal\/2023\/08\/06\/policia-militar-apreende-arma-de-fogo-com-acusado-que-ja-responde-por-crime-de-homicidio\/#breadcrumb\",\"itemListElement\":[{\"@type\":\"ListItem\",\"position\":1,\"name\":\"In\u00edcio\",\"item\":\"https:\/\/www.pm.pb.gov.br\/portal\/\"},{\"@type\":\"ListItem\",\"position\":2,\"name\":\"Pol\u00edcia Militar apreende arma de fogo com acusado que j\u00e1 responde por crime de homic\u00eddio\"}]},{\"@type\":\"WebSite\",\"@id\":\"https:\/\/www.pm.pb.gov.br\/portal\/#website\",\"url\":\"https:\/\/www.pm.pb.gov.br\/portal\/\",\"name\":\"Pol\u00edcia Militar da Para\u00edba\",\"description\":\"\",\"publisher\":{\"@id\":\"https:\/\/www.pm.pb.gov.br\/portal\/#organization\"},\"potentialAction\":[{\"@type\":\"SearchAction\",\"target\":{\"@type\":\"EntryPoint\",\"urlTemplate\":\"https:\/\/www.pm.pb.gov.br\/portal\/?s={search_term_string}\"},\"query-input\":\"required name=search_term_string\"}],\"inLanguage\":\"pt-BR\"},{\"@type\":\"Organization\",\"@id\":\"https:\/\/www.pm.pb.gov.br\/portal\/#organization\",\"name\":\"Pol\u00edcia Militar da Para\u00edba\",\"url\":\"https:\/\/www.pm.pb.gov.br\/portal\/\",\"logo\":{\"@type\":\"ImageObject\",\"inLanguage\":\"pt-BR\",\"@id\":\"https:\/\/www.pm.pb.gov.br\/portal\/#\/schema\/logo\/image\/\",\"url\":\"https:\/\/www.pm.pb.gov.br\/portal\/wp-content\/uploads\/2025\/03\/cropped-logo-site-mag2-1.png\",\"contentUrl\":\"https:\/\/www.pm.pb.gov.br\/portal\/wp-content\/uploads\/2025\/03\/cropped-logo-site-mag2-1.png\",\"width\":320,\"height\":90,\"caption\":\"Pol\u00edcia Militar da Para\u00edba\"},\"image\":{\"@id\":\"https:\/\/www.pm.pb.gov.br\/portal\/#\/schema\/logo\/image\/\"}},{\"@type\":\"Person\",\"@id\":\"https:\/\/www.pm.pb.gov.br\/portal\/#\/schema\/person\/f84f56dcc78ce4357054da888b8247fd\",\"name\":\"Tarcisio Oliveira\",\"image\":{\"@type\":\"ImageObject\",\"inLanguage\":\"pt-BR\",\"@id\":\"https:\/\/www.pm.pb.gov.br\/portal\/#\/schema\/person\/image\/\",\"url\":\"https:\/\/secure.gravatar.com\/avatar\/72917b630b69d31cd0297507f34bac97?s=96&d=mm&r=g\",\"contentUrl\":\"https:\/\/secure.gravatar.com\/avatar\/72917b630b69d31cd0297507f34bac97?s=96&d=mm&r=g\",\"caption\":\"Tarcisio Oliveira\"},\"url\":\"https:\/\/www.pm.pb.gov.br\/portal\/author\/tarcisio\/\"}]}<\/script>\n<!-- \/ Yoast SEO plugin. -->","yoast_head_json":{"title":"Pol\u00edcia Militar apreende arma de fogo com acusado que j\u00e1 responde por crime de homic\u00eddio - Pol\u00edcia Militar da Para\u00edba","robots":{"index":"index","follow":"follow","max-snippet":"max-snippet:-1","max-image-preview":"max-image-preview:large","max-video-preview":"max-video-preview:-1"},"canonical":"https:\/\/www.pm.pb.gov.br\/portal\/2023\/08\/06\/policia-militar-apreende-arma-de-fogo-com-acusado-que-ja-responde-por-crime-de-homicidio\/","og_locale":"pt_BR","og_type":"article","og_title":"Pol\u00edcia Militar apreende arma de fogo com acusado que j\u00e1 responde por crime de homic\u00eddio - Pol\u00edcia Militar da Para\u00edba","og_description":"A intensifica\u00e7\u00e3o das a\u00e7\u00f5es preventivas e ostensivas da Pol\u00edcia Militar em Bayeux, nos \u00faltimos tr\u00eas dias, j\u00e1 levou \u00e0 pris\u00e3o","og_url":"https:\/\/www.pm.pb.gov.br\/portal\/2023\/08\/06\/policia-militar-apreende-arma-de-fogo-com-acusado-que-ja-responde-por-crime-de-homicidio\/","og_site_name":"Pol\u00edcia Militar da Para\u00edba","article_published_time":"2023-08-06T13:04:24+00:00","article_modified_time":"2023-08-06T13:04:29+00:00","og_image":[{"width":800,"height":445,"url":"http:\/\/www.pm.pb.gov.br\/portal\/wp-content\/uploads\/2021\/11\/4cipm.jpeg","type":"image\/jpeg"}],"author":"Tarcisio Oliveira","twitter_card":"summary_large_image","twitter_misc":{"Escrito por":"Tarcisio Oliveira","Est. tempo de leitura":"2 minutos"},"schema":{"@context":"https:\/\/schema.org","@graph":[{"@type":"Article","@id":"https:\/\/www.pm.pb.gov.br\/portal\/2023\/08\/06\/policia-militar-apreende-arma-de-fogo-com-acusado-que-ja-responde-por-crime-de-homicidio\/#article","isPartOf":{"@id":"https:\/\/www.pm.pb.gov.br\/portal\/2023\/08\/06\/policia-militar-apreende-arma-de-fogo-com-acusado-que-ja-responde-por-crime-de-homicidio\/"},"author":{"name":"Tarcisio Oliveira","@id":"https:\/\/www.pm.pb.gov.br\/portal\/#\/schema\/person\/f84f56dcc78ce4357054da888b8247fd"},"headline":"Pol\u00edcia Militar apreende arma de fogo com acusado que j\u00e1 responde por crime de homic\u00eddio","datePublished":"2023-08-06T13:04:24+00:00","dateModified":"2023-08-06T13:04:29+00:00","mainEntityOfPage":{"@id":"https:\/\/www.pm.pb.gov.br\/portal\/2023\/08\/06\/policia-militar-apreende-arma-de-fogo-com-acusado-que-ja-responde-por-crime-de-homicidio\/"},"wordCount":269,"publisher":{"@id":"https:\/\/www.pm.pb.gov.br\/portal\/#organization"},"articleSection":["A\u00e7\u00f5es Policiais"],"inLanguage":"pt-BR"},{"@type":"WebPage","@id":"https:\/\/www.pm.pb.gov.br\/portal\/2023\/08\/06\/policia-militar-apreende-arma-de-fogo-com-acusado-que-ja-responde-por-crime-de-homicidio\/","url":"https:\/\/www.pm.pb.gov.br\/portal\/2023\/08\/06\/policia-militar-apreende-arma-de-fogo-com-acusado-que-ja-responde-por-crime-de-homicidio\/","name":"Pol\u00edcia Militar apreende arma de fogo com acusado que j\u00e1 responde por crime de homic\u00eddio - Pol\u00edcia Militar da Para\u00edba","isPartOf":{"@id":"https:\/\/www.pm.pb.gov.br\/portal\/#website"},"datePublished":"2023-08-06T13:04:24+00:00","dateModified":"2023-08-06T13:04:29+00:00","breadcrumb":{"@id":"https:\/\/www.pm.pb.gov.br\/portal\/2023\/08\/06\/policia-militar-apreende-arma-de-fogo-com-acusado-que-ja-responde-por-crime-de-homicidio\/#breadcrumb"},"inLanguage":"pt-BR","potentialAction":[{"@type":"ReadAction","target":["https:\/\/www.pm.pb.gov.br\/portal\/2023\/08\/06\/policia-militar-apreende-arma-de-fogo-com-acusado-que-ja-responde-por-crime-de-homicidio\/"]}]},{"@type":"BreadcrumbList","@id":"https:\/\/www.pm.pb.gov.br\/portal\/2023\/08\/06\/policia-militar-apreende-arma-de-fogo-com-acusado-que-ja-responde-por-crime-de-homicidio\/#breadcrumb","itemListElement":[{"@type":"ListItem","position":1,"name":"In\u00edcio","item":"https:\/\/www.pm.pb.gov.br\/portal\/"},{"@type":"ListItem","position":2,"name":"Pol\u00edcia Militar apreende arma de fogo com acusado que j\u00e1 responde por crime de homic\u00eddio"}]},{"@type":"WebSite","@id":"https:\/\/www.pm.pb.gov.br\/portal\/#website","url":"https:\/\/www.pm.pb.gov.br\/portal\/","name":"Pol\u00edcia Militar da Para\u00edba","description":"","publisher":{"@id":"https:\/\/www.pm.pb.gov.br\/portal\/#organization"},"potentialAction":[{"@type":"SearchAction","target":{"@type":"EntryPoint","urlTemplate":"https:\/\/www.pm.pb.gov.br\/portal\/?s={search_term_string}"},"query-input":"required name=search_term_string"}],"inLanguage":"pt-BR"},{"@type":"Organization","@id":"https:\/\/www.pm.pb.gov.br\/portal\/#organization","name":"Pol\u00edcia Militar da Para\u00edba","url":"https:\/\/www.pm.pb.gov.br\/portal\/","logo":{"@type":"ImageObject","inLanguage":"pt-BR","@id":"https:\/\/www.pm.pb.gov.br\/portal\/#\/schema\/logo\/image\/","url":"https:\/\/www.pm.pb.gov.br\/portal\/wp-content\/uploads\/2025\/03\/cropped-logo-site-mag2-1.png","contentUrl":"https:\/\/www.pm.pb.gov.br\/portal\/wp-content\/uploads\/2025\/03\/cropped-logo-site-mag2-1.png","width":320,"height":90,"caption":"Pol\u00edcia Militar da Para\u00edba"},"image":{"@id":"https:\/\/www.pm.pb.gov.br\/portal\/#\/schema\/logo\/image\/"}},{"@type":"Person","@id":"https:\/\/www.pm.pb.gov.br\/portal\/#\/schema\/person\/f84f56dcc78ce4357054da888b8247fd","name":"Tarcisio Oliveira","image":{"@type":"ImageObject","inLanguage":"pt-BR","@id":"https:\/\/www.pm.pb.gov.br\/portal\/#\/schema\/person\/image\/","url":"https:\/\/secure.gravatar.com\/avatar\/72917b630b69d31cd0297507f34bac97?s=96&d=mm&r=g","contentUrl":"https:\/\/secure.gravatar.com\/avatar\/72917b630b69d31cd0297507f34bac97?s=96&d=mm&r=g","caption":"Tarcisio Oliveira"},"url":"https:\/\/www.pm.pb.gov.br\/portal\/author\/tarcisio\/"}]}},"_links":{"self":[{"href":"https:\/\/www.pm.pb.gov.br\/portal\/wp-json\/wp\/v2\/posts\/917670"}],"collection":[{"href":"https:\/\/www.pm.pb.gov.br\/portal\/wp-json\/wp\/v2\/posts"}],"about":[{"href":"https:\/\/www.pm.pb.gov.br\/portal\/wp-json\/wp\/v2\/types\/post"}],"author":[{"embeddable":true,"href":"https:\/\/www.pm.pb.gov.br\/portal\/wp-json\/wp\/v2\/users\/12"}],"replies":[{"embeddable":true,"href":"https:\/\/www.pm.pb.gov.br\/portal\/wp-json\/wp\/v2\/comments?post=917670"}],"version-history":[{"count":1,"href":"https:\/\/www.pm.pb.gov.br\/portal\/wp-json\/wp\/v2\/posts\/917670\/revisions"}],"predecessor-version":[{"id":917673,"href":"https:\/\/www.pm.pb.gov.br\/portal\/wp-json\/wp\/v2\/posts\/917670\/revisions\/917673"}],"wp:featuredmedia":[{"embeddable":true,"href":"https:\/\/www.pm.pb.gov.br\/portal\/wp-json\/wp\/v2\/media\/913089"}],"wp:attachment":[{"href":"https:\/\/www.pm.pb.gov.br\/portal\/wp-json\/wp\/v2\/media?parent=917670"}],"wp:term":[{"taxonomy":"category","embeddable":true,"href":"https:\/\/www.pm.pb.gov.br\/portal\/wp-json\/wp\/v2\/categories?post=917670"},{"taxonomy":"post_tag","embeddable":true,"href":"https:\/\/www.pm.pb.gov.br\/portal\/wp-json\/wp\/v2\/tags?post=917670"}],"curies":[{"name":"wp","href":"https:\/\/api.w.org\/{rel}","templated":true}]}}