{"id":917655,"date":"2023-08-04T17:32:51","date_gmt":"2023-08-04T20:32:51","guid":{"rendered":"https:\/\/www.pm.pb.gov.br\/portal\/?p=917655"},"modified":"2023-08-04T17:32:53","modified_gmt":"2023-08-04T20:32:53","slug":"nucleo-de-pediatria-da-pm-atendera-criancas-e-adolescentes-dependentes-de-policiais-militares","status":"publish","type":"post","link":"https:\/\/www.pm.pb.gov.br\/portal\/2023\/08\/04\/nucleo-de-pediatria-da-pm-atendera-criancas-e-adolescentes-dependentes-de-policiais-militares\/","title":{"rendered":"N\u00facleo de Pediatria da PM atender\u00e1 crian\u00e7as e adolescentes, dependentes de policiais militares"},"content":{"rendered":"\n<p>Um novo servi\u00e7o de atendimento \u00e0 sa\u00fade para os dependentes dos policiais miliares estar\u00e1 dispon\u00edvel a partir da pr\u00f3xima segunda-feira (07), em Jo\u00e3o Pessoa. A Diretoria de Sa\u00fade e Assist\u00eancia Social (DSAS) da PMPB inaugurar\u00e1 o N\u00facleo de Pediatria, com servi\u00e7o m\u00e9dico especializado para atendimento de crian\u00e7as e adolescentes, de zero aos 16 anos de idade.<\/p>\n<p>O servi\u00e7o ficar\u00e1 localizado no Centro de Educa\u00e7\u00e3o da PM, no bairro de Mangabeira, em Jo\u00e3o Pessoa, contando com atendimentos de segunda \u00e0 sexta-feira, nos hor\u00e1rios da manh\u00e3 e da tarde. A DSAS disponibilizou ainda um canal de agendamento das consultas, atrav\u00e9s do n\u00famero: (83) 98645-3535.<\/p>\n<p>Nesta \u00faltima semana, o comandante-geral da PM, coronel S\u00e9rgio Fonseca, conferiu de perto o espa\u00e7o que estar\u00e1 dispon\u00edvel para os filhos e filhas dos policiais (foto acima). O comandante foi recepcionado pelo diretor da Policl\u00ednica, tenente-coronel Jales, al\u00e9m da equipe da unidade.<\/p>\n\n\n","protected":false},"excerpt":{"rendered":"<p>Um novo servi\u00e7o de atendimento \u00e0 sa\u00fade para os dependentes dos policiais miliares estar\u00e1 dispon\u00edvel a partir da pr\u00f3xima segunda-feira<\/p>\n","protected":false},"author":12,"featured_media":917656,"comment_status":"closed","ping_status":"closed","sticky":false,"template":"","format":"standard","meta":{"_exactmetrics_skip_tracking":false,"_exactmetrics_sitenote_active":false,"_exactmetrics_sitenote_note":"","_exactmetrics_sitenote_category":0,"footnotes":""},"categories":[24],"tags":[],"yoast_head":"<!-- This site is optimized with the Yoast SEO plugin v22.0 - https:\/\/yoast.com\/wordpress\/plugins\/seo\/ -->\n<title>N\u00facleo de Pediatria da PM atender\u00e1 crian\u00e7as e adolescentes, dependentes de policiais militares - Pol\u00edcia Militar da Para\u00edba<\/title>\n<meta name=\"robots\" content=\"index, follow, max-snippet:-1, max-image-preview:large, max-video-preview:-1\" \/>\n<link rel=\"canonical\" href=\"https:\/\/www.pm.pb.gov.br\/portal\/2023\/08\/04\/nucleo-de-pediatria-da-pm-atendera-criancas-e-adolescentes-dependentes-de-policiais-militares\/\" \/>\n<meta property=\"og:locale\" content=\"pt_BR\" \/>\n<meta property=\"og:type\" content=\"article\" \/>\n<meta property=\"og:title\" content=\"N\u00facleo de Pediatria da PM atender\u00e1 crian\u00e7as e adolescentes, dependentes de policiais militares - Pol\u00edcia Militar da Para\u00edba\" \/>\n<meta property=\"og:description\" content=\"Um novo servi\u00e7o de atendimento \u00e0 sa\u00fade para os dependentes dos policiais miliares estar\u00e1 dispon\u00edvel a partir da pr\u00f3xima segunda-feira\" \/>\n<meta property=\"og:url\" content=\"https:\/\/www.pm.pb.gov.br\/portal\/2023\/08\/04\/nucleo-de-pediatria-da-pm-atendera-criancas-e-adolescentes-dependentes-de-policiais-militares\/\" \/>\n<meta property=\"og:site_name\" content=\"Pol\u00edcia Militar da Para\u00edba\" \/>\n<meta property=\"article:published_time\" content=\"2023-08-04T20:32:51+00:00\" \/>\n<meta property=\"article:modified_time\" content=\"2023-08-04T20:32:53+00:00\" \/>\n<meta property=\"og:image\" content=\"http:\/\/www.pm.pb.gov.br\/portal\/wp-content\/uploads\/2023\/08\/nucleo.jpg\" \/>\n\t<meta property=\"og:image:width\" content=\"800\" \/>\n\t<meta property=\"og:image:height\" content=\"445\" \/>\n\t<meta property=\"og:image:type\" content=\"image\/jpeg\" \/>\n<meta name=\"author\" content=\"Tarcisio Oliveira\" \/>\n<meta name=\"twitter:card\" content=\"summary_large_image\" \/>\n<meta name=\"twitter:label1\" content=\"Escrito por\" \/>\n\t<meta name=\"twitter:data1\" content=\"Tarcisio Oliveira\" \/>\n\t<meta name=\"twitter:label2\" content=\"Est. tempo de leitura\" \/>\n\t<meta name=\"twitter:data2\" content=\"1 minuto\" \/>\n<script type=\"application\/ld+json\" class=\"yoast-schema-graph\">{\"@context\":\"https:\/\/schema.org\",\"@graph\":[{\"@type\":\"Article\",\"@id\":\"https:\/\/www.pm.pb.gov.br\/portal\/2023\/08\/04\/nucleo-de-pediatria-da-pm-atendera-criancas-e-adolescentes-dependentes-de-policiais-militares\/#article\",\"isPartOf\":{\"@id\":\"https:\/\/www.pm.pb.gov.br\/portal\/2023\/08\/04\/nucleo-de-pediatria-da-pm-atendera-criancas-e-adolescentes-dependentes-de-policiais-militares\/\"},\"author\":{\"name\":\"Tarcisio Oliveira\",\"@id\":\"https:\/\/www.pm.pb.gov.br\/portal\/#\/schema\/person\/f84f56dcc78ce4357054da888b8247fd\"},\"headline\":\"N\u00facleo de Pediatria da PM atender\u00e1 crian\u00e7as e adolescentes, dependentes de policiais militares\",\"datePublished\":\"2023-08-04T20:32:51+00:00\",\"dateModified\":\"2023-08-04T20:32:53+00:00\",\"mainEntityOfPage\":{\"@id\":\"https:\/\/www.pm.pb.gov.br\/portal\/2023\/08\/04\/nucleo-de-pediatria-da-pm-atendera-criancas-e-adolescentes-dependentes-de-policiais-militares\/\"},\"wordCount\":176,\"publisher\":{\"@id\":\"https:\/\/www.pm.pb.gov.br\/portal\/#organization\"},\"articleSection\":[\"A\u00e7\u00f5es de Sa\u00fade\"],\"inLanguage\":\"pt-BR\"},{\"@type\":\"WebPage\",\"@id\":\"https:\/\/www.pm.pb.gov.br\/portal\/2023\/08\/04\/nucleo-de-pediatria-da-pm-atendera-criancas-e-adolescentes-dependentes-de-policiais-militares\/\",\"url\":\"https:\/\/www.pm.pb.gov.br\/portal\/2023\/08\/04\/nucleo-de-pediatria-da-pm-atendera-criancas-e-adolescentes-dependentes-de-policiais-militares\/\",\"name\":\"N\u00facleo de Pediatria da PM atender\u00e1 crian\u00e7as e adolescentes, dependentes de policiais militares - Pol\u00edcia Militar da Para\u00edba\",\"isPartOf\":{\"@id\":\"https:\/\/www.pm.pb.gov.br\/portal\/#website\"},\"datePublished\":\"2023-08-04T20:32:51+00:00\",\"dateModified\":\"2023-08-04T20:32:53+00:00\",\"breadcrumb\":{\"@id\":\"https:\/\/www.pm.pb.gov.br\/portal\/2023\/08\/04\/nucleo-de-pediatria-da-pm-atendera-criancas-e-adolescentes-dependentes-de-policiais-militares\/#breadcrumb\"},\"inLanguage\":\"pt-BR\",\"potentialAction\":[{\"@type\":\"ReadAction\",\"target\":[\"https:\/\/www.pm.pb.gov.br\/portal\/2023\/08\/04\/nucleo-de-pediatria-da-pm-atendera-criancas-e-adolescentes-dependentes-de-policiais-militares\/\"]}]},{\"@type\":\"BreadcrumbList\",\"@id\":\"https:\/\/www.pm.pb.gov.br\/portal\/2023\/08\/04\/nucleo-de-pediatria-da-pm-atendera-criancas-e-adolescentes-dependentes-de-policiais-militares\/#breadcrumb\",\"itemListElement\":[{\"@type\":\"ListItem\",\"position\":1,\"name\":\"In\u00edcio\",\"item\":\"https:\/\/www.pm.pb.gov.br\/portal\/\"},{\"@type\":\"ListItem\",\"position\":2,\"name\":\"N\u00facleo de Pediatria da PM atender\u00e1 crian\u00e7as e adolescentes, dependentes de policiais militares\"}]},{\"@type\":\"WebSite\",\"@id\":\"https:\/\/www.pm.pb.gov.br\/portal\/#website\",\"url\":\"https:\/\/www.pm.pb.gov.br\/portal\/\",\"name\":\"Pol\u00edcia Militar da Para\u00edba\",\"description\":\"\",\"publisher\":{\"@id\":\"https:\/\/www.pm.pb.gov.br\/portal\/#organization\"},\"potentialAction\":[{\"@type\":\"SearchAction\",\"target\":{\"@type\":\"EntryPoint\",\"urlTemplate\":\"https:\/\/www.pm.pb.gov.br\/portal\/?s={search_term_string}\"},\"query-input\":\"required name=search_term_string\"}],\"inLanguage\":\"pt-BR\"},{\"@type\":\"Organization\",\"@id\":\"https:\/\/www.pm.pb.gov.br\/portal\/#organization\",\"name\":\"Pol\u00edcia Militar da Para\u00edba\",\"url\":\"https:\/\/www.pm.pb.gov.br\/portal\/\",\"logo\":{\"@type\":\"ImageObject\",\"inLanguage\":\"pt-BR\",\"@id\":\"https:\/\/www.pm.pb.gov.br\/portal\/#\/schema\/logo\/image\/\",\"url\":\"https:\/\/www.pm.pb.gov.br\/portal\/wp-content\/uploads\/2025\/03\/cropped-logo-site-mag2-1.png\",\"contentUrl\":\"https:\/\/www.pm.pb.gov.br\/portal\/wp-content\/uploads\/2025\/03\/cropped-logo-site-mag2-1.png\",\"width\":320,\"height\":90,\"caption\":\"Pol\u00edcia Militar da Para\u00edba\"},\"image\":{\"@id\":\"https:\/\/www.pm.pb.gov.br\/portal\/#\/schema\/logo\/image\/\"}},{\"@type\":\"Person\",\"@id\":\"https:\/\/www.pm.pb.gov.br\/portal\/#\/schema\/person\/f84f56dcc78ce4357054da888b8247fd\",\"name\":\"Tarcisio Oliveira\",\"image\":{\"@type\":\"ImageObject\",\"inLanguage\":\"pt-BR\",\"@id\":\"https:\/\/www.pm.pb.gov.br\/portal\/#\/schema\/person\/image\/\",\"url\":\"https:\/\/secure.gravatar.com\/avatar\/72917b630b69d31cd0297507f34bac97?s=96&d=mm&r=g\",\"contentUrl\":\"https:\/\/secure.gravatar.com\/avatar\/72917b630b69d31cd0297507f34bac97?s=96&d=mm&r=g\",\"caption\":\"Tarcisio Oliveira\"},\"url\":\"https:\/\/www.pm.pb.gov.br\/portal\/author\/tarcisio\/\"}]}<\/script>\n<!-- \/ Yoast SEO plugin. -->","yoast_head_json":{"title":"N\u00facleo de Pediatria da PM atender\u00e1 crian\u00e7as e adolescentes, dependentes de policiais militares - Pol\u00edcia Militar da Para\u00edba","robots":{"index":"index","follow":"follow","max-snippet":"max-snippet:-1","max-image-preview":"max-image-preview:large","max-video-preview":"max-video-preview:-1"},"canonical":"https:\/\/www.pm.pb.gov.br\/portal\/2023\/08\/04\/nucleo-de-pediatria-da-pm-atendera-criancas-e-adolescentes-dependentes-de-policiais-militares\/","og_locale":"pt_BR","og_type":"article","og_title":"N\u00facleo de Pediatria da PM atender\u00e1 crian\u00e7as e adolescentes, dependentes de policiais militares - Pol\u00edcia Militar da Para\u00edba","og_description":"Um novo servi\u00e7o de atendimento \u00e0 sa\u00fade para os dependentes dos policiais miliares estar\u00e1 dispon\u00edvel a partir da pr\u00f3xima segunda-feira","og_url":"https:\/\/www.pm.pb.gov.br\/portal\/2023\/08\/04\/nucleo-de-pediatria-da-pm-atendera-criancas-e-adolescentes-dependentes-de-policiais-militares\/","og_site_name":"Pol\u00edcia Militar da Para\u00edba","article_published_time":"2023-08-04T20:32:51+00:00","article_modified_time":"2023-08-04T20:32:53+00:00","og_image":[{"width":800,"height":445,"url":"http:\/\/www.pm.pb.gov.br\/portal\/wp-content\/uploads\/2023\/08\/nucleo.jpg","type":"image\/jpeg"}],"author":"Tarcisio Oliveira","twitter_card":"summary_large_image","twitter_misc":{"Escrito por":"Tarcisio Oliveira","Est. tempo de leitura":"1 minuto"},"schema":{"@context":"https:\/\/schema.org","@graph":[{"@type":"Article","@id":"https:\/\/www.pm.pb.gov.br\/portal\/2023\/08\/04\/nucleo-de-pediatria-da-pm-atendera-criancas-e-adolescentes-dependentes-de-policiais-militares\/#article","isPartOf":{"@id":"https:\/\/www.pm.pb.gov.br\/portal\/2023\/08\/04\/nucleo-de-pediatria-da-pm-atendera-criancas-e-adolescentes-dependentes-de-policiais-militares\/"},"author":{"name":"Tarcisio Oliveira","@id":"https:\/\/www.pm.pb.gov.br\/portal\/#\/schema\/person\/f84f56dcc78ce4357054da888b8247fd"},"headline":"N\u00facleo de Pediatria da PM atender\u00e1 crian\u00e7as e adolescentes, dependentes de policiais militares","datePublished":"2023-08-04T20:32:51+00:00","dateModified":"2023-08-04T20:32:53+00:00","mainEntityOfPage":{"@id":"https:\/\/www.pm.pb.gov.br\/portal\/2023\/08\/04\/nucleo-de-pediatria-da-pm-atendera-criancas-e-adolescentes-dependentes-de-policiais-militares\/"},"wordCount":176,"publisher":{"@id":"https:\/\/www.pm.pb.gov.br\/portal\/#organization"},"articleSection":["A\u00e7\u00f5es de Sa\u00fade"],"inLanguage":"pt-BR"},{"@type":"WebPage","@id":"https:\/\/www.pm.pb.gov.br\/portal\/2023\/08\/04\/nucleo-de-pediatria-da-pm-atendera-criancas-e-adolescentes-dependentes-de-policiais-militares\/","url":"https:\/\/www.pm.pb.gov.br\/portal\/2023\/08\/04\/nucleo-de-pediatria-da-pm-atendera-criancas-e-adolescentes-dependentes-de-policiais-militares\/","name":"N\u00facleo de Pediatria da PM atender\u00e1 crian\u00e7as e adolescentes, dependentes de policiais militares - Pol\u00edcia Militar da Para\u00edba","isPartOf":{"@id":"https:\/\/www.pm.pb.gov.br\/portal\/#website"},"datePublished":"2023-08-04T20:32:51+00:00","dateModified":"2023-08-04T20:32:53+00:00","breadcrumb":{"@id":"https:\/\/www.pm.pb.gov.br\/portal\/2023\/08\/04\/nucleo-de-pediatria-da-pm-atendera-criancas-e-adolescentes-dependentes-de-policiais-militares\/#breadcrumb"},"inLanguage":"pt-BR","potentialAction":[{"@type":"ReadAction","target":["https:\/\/www.pm.pb.gov.br\/portal\/2023\/08\/04\/nucleo-de-pediatria-da-pm-atendera-criancas-e-adolescentes-dependentes-de-policiais-militares\/"]}]},{"@type":"BreadcrumbList","@id":"https:\/\/www.pm.pb.gov.br\/portal\/2023\/08\/04\/nucleo-de-pediatria-da-pm-atendera-criancas-e-adolescentes-dependentes-de-policiais-militares\/#breadcrumb","itemListElement":[{"@type":"ListItem","position":1,"name":"In\u00edcio","item":"https:\/\/www.pm.pb.gov.br\/portal\/"},{"@type":"ListItem","position":2,"name":"N\u00facleo de Pediatria da PM atender\u00e1 crian\u00e7as e adolescentes, dependentes de policiais militares"}]},{"@type":"WebSite","@id":"https:\/\/www.pm.pb.gov.br\/portal\/#website","url":"https:\/\/www.pm.pb.gov.br\/portal\/","name":"Pol\u00edcia Militar da Para\u00edba","description":"","publisher":{"@id":"https:\/\/www.pm.pb.gov.br\/portal\/#organization"},"potentialAction":[{"@type":"SearchAction","target":{"@type":"EntryPoint","urlTemplate":"https:\/\/www.pm.pb.gov.br\/portal\/?s={search_term_string}"},"query-input":"required name=search_term_string"}],"inLanguage":"pt-BR"},{"@type":"Organization","@id":"https:\/\/www.pm.pb.gov.br\/portal\/#organization","name":"Pol\u00edcia Militar da Para\u00edba","url":"https:\/\/www.pm.pb.gov.br\/portal\/","logo":{"@type":"ImageObject","inLanguage":"pt-BR","@id":"https:\/\/www.pm.pb.gov.br\/portal\/#\/schema\/logo\/image\/","url":"https:\/\/www.pm.pb.gov.br\/portal\/wp-content\/uploads\/2025\/03\/cropped-logo-site-mag2-1.png","contentUrl":"https:\/\/www.pm.pb.gov.br\/portal\/wp-content\/uploads\/2025\/03\/cropped-logo-site-mag2-1.png","width":320,"height":90,"caption":"Pol\u00edcia Militar da Para\u00edba"},"image":{"@id":"https:\/\/www.pm.pb.gov.br\/portal\/#\/schema\/logo\/image\/"}},{"@type":"Person","@id":"https:\/\/www.pm.pb.gov.br\/portal\/#\/schema\/person\/f84f56dcc78ce4357054da888b8247fd","name":"Tarcisio Oliveira","image":{"@type":"ImageObject","inLanguage":"pt-BR","@id":"https:\/\/www.pm.pb.gov.br\/portal\/#\/schema\/person\/image\/","url":"https:\/\/secure.gravatar.com\/avatar\/72917b630b69d31cd0297507f34bac97?s=96&d=mm&r=g","contentUrl":"https:\/\/secure.gravatar.com\/avatar\/72917b630b69d31cd0297507f34bac97?s=96&d=mm&r=g","caption":"Tarcisio Oliveira"},"url":"https:\/\/www.pm.pb.gov.br\/portal\/author\/tarcisio\/"}]}},"_links":{"self":[{"href":"https:\/\/www.pm.pb.gov.br\/portal\/wp-json\/wp\/v2\/posts\/917655"}],"collection":[{"href":"https:\/\/www.pm.pb.gov.br\/portal\/wp-json\/wp\/v2\/posts"}],"about":[{"href":"https:\/\/www.pm.pb.gov.br\/portal\/wp-json\/wp\/v2\/types\/post"}],"author":[{"embeddable":true,"href":"https:\/\/www.pm.pb.gov.br\/portal\/wp-json\/wp\/v2\/users\/12"}],"replies":[{"embeddable":true,"href":"https:\/\/www.pm.pb.gov.br\/portal\/wp-json\/wp\/v2\/comments?post=917655"}],"version-history":[{"count":1,"href":"https:\/\/www.pm.pb.gov.br\/portal\/wp-json\/wp\/v2\/posts\/917655\/revisions"}],"predecessor-version":[{"id":917657,"href":"https:\/\/www.pm.pb.gov.br\/portal\/wp-json\/wp\/v2\/posts\/917655\/revisions\/917657"}],"wp:featuredmedia":[{"embeddable":true,"href":"https:\/\/www.pm.pb.gov.br\/portal\/wp-json\/wp\/v2\/media\/917656"}],"wp:attachment":[{"href":"https:\/\/www.pm.pb.gov.br\/portal\/wp-json\/wp\/v2\/media?parent=917655"}],"wp:term":[{"taxonomy":"category","embeddable":true,"href":"https:\/\/www.pm.pb.gov.br\/portal\/wp-json\/wp\/v2\/categories?post=917655"},{"taxonomy":"post_tag","embeddable":true,"href":"https:\/\/www.pm.pb.gov.br\/portal\/wp-json\/wp\/v2\/tags?post=917655"}],"curies":[{"name":"wp","href":"https:\/\/api.w.org\/{rel}","templated":true}]}}