{"id":917646,"date":"2023-08-04T15:21:46","date_gmt":"2023-08-04T18:21:46","guid":{"rendered":"https:\/\/www.pm.pb.gov.br\/portal\/?p=917646"},"modified":"2023-08-04T15:23:42","modified_gmt":"2023-08-04T18:23:42","slug":"governador-joao-azevedo-entrega-centro-de-comando-e-controle-de-joao-pessoa","status":"publish","type":"post","link":"https:\/\/www.pm.pb.gov.br\/portal\/2023\/08\/04\/governador-joao-azevedo-entrega-centro-de-comando-e-controle-de-joao-pessoa\/","title":{"rendered":"Governador Jo\u00e3o Azev\u00eado entrega Centro de Comando e Controle de Jo\u00e3o Pessoa"},"content":{"rendered":"\n<p>O governador Jo\u00e3o Azev\u00eado entregou, na manh\u00e3 desta sexta-feira (4), o Centro Integrado de Comando e Controle (CICC) de Jo\u00e3o Pessoa, como parte de uma s\u00e9rie de obras para comemorar o 438\u00ba\u00a0\u00a0anivers\u00e1rio da Capital, que transcorre neste s\u00e1bado (5). Terceiro equipamento entregue \u00e0 popula\u00e7\u00e3o na gest\u00e3o de Jo\u00e3o Azev\u00eado neste modelo, o Centro de Comando e Controle vai atender a toda Regi\u00e3o Metropolitana, com atua\u00e7\u00e3o no fortalecimento da seguran\u00e7a p\u00fablica. A solenidade foi prestigiada pelo ministro do Desenvolvimento Regional, Waldez G\u00f3es, e pelos governadores Elmano de Freitas, do Cear\u00e1; Raquel Lyra, de Pernambuco; e F\u00e1tima Bezerra, do Rio Grande do Norte.\u00a0<br \/>\u00a0<br \/>Al\u00e9m de Jo\u00e3o Pessoa, os munic\u00edpios de Patos e Campina Grande tamb\u00e9m contam com unidades do Centro Integrado de Comando e Controle, modelo que tem sido refer\u00eancia na oferta de mais seguran\u00e7a \u00e0 popula\u00e7\u00e3o por reunir quatro for\u00e7as policiais \u2014 Pol\u00edcia Militar, Pol\u00edcia Civil, Corpo de Bombeiros e Pol\u00edcia Penal, al\u00e9m do Departamento Estadual de Tr\u00e2nsito (Detran) e Secretaria de Estado da Fazenda (Sefaz), bem como de parcerias com outras for\u00e7as policiais, a exemplo da Pol\u00edcia Rodovi\u00e1ria Federal (PRF), tudo isso aliado ao uso de tecnologia de ponta. O equipamento ter\u00e1 ainda o bot\u00e3o de p\u00e2nico, dispositivo fundamental contra a viol\u00eancia de g\u00eanero, principalmente.\u00a0<br \/>\u00a0<br \/>Durante a solenidade de inaugura\u00e7\u00e3o do CICC, Jo\u00e3o Azev\u00eado ressaltou a efici\u00eancia do equipamento no refor\u00e7o da seguran\u00e7a p\u00fablica. &#8220;\u00c9 um Centro dotado de toda tecnologia, do que h\u00e1 de mais moderno para ajudar exatamente a seguran\u00e7a p\u00fablica, fazer com que os homens e mulheres que se dedicam \u00e0 seguran\u00e7a p\u00fablica, que t\u00eam reduzido os \u00edndices de crimes verdadeiramente, possam cada vez mais aprimorar esse trabalho, beneficiando a popula\u00e7\u00e3o&#8221;, disse.<\/p>\n<figure id=\"attachment_917651\" aria-describedby=\"caption-attachment-917651\" style=\"width: 627px\" class=\"wp-caption aligncenter\"><img loading=\"lazy\" decoding=\"async\" class=\"wp-image-917651\" src=\"http:\/\/www.pm.pb.gov.br\/portal\/wp-content\/uploads\/2023\/08\/unnamed-21-668x445.jpg\" alt=\"\" width=\"627\" height=\"418\" srcset=\"https:\/\/www.pm.pb.gov.br\/portal\/wp-content\/uploads\/2023\/08\/unnamed-21-668x445.jpg 668w, https:\/\/www.pm.pb.gov.br\/portal\/wp-content\/uploads\/2023\/08\/unnamed-21-855x570.jpg 855w, https:\/\/www.pm.pb.gov.br\/portal\/wp-content\/uploads\/2023\/08\/unnamed-21-768x512.jpg 768w, https:\/\/www.pm.pb.gov.br\/portal\/wp-content\/uploads\/2023\/08\/unnamed-21-1536x1024.jpg 1536w, https:\/\/www.pm.pb.gov.br\/portal\/wp-content\/uploads\/2023\/08\/unnamed-21-272x182.jpg 272w, https:\/\/www.pm.pb.gov.br\/portal\/wp-content\/uploads\/2023\/08\/unnamed-21.jpg 1620w\" sizes=\"(max-width: 627px) 100vw, 627px\" \/><figcaption id=\"caption-attachment-917651\" class=\"wp-caption-text\">(Foto: Jos\u00e9 Marques \/ Secom)<\/figcaption><\/figure>\n<figure id=\"attachment_917648\" aria-describedby=\"caption-attachment-917648\" style=\"width: 593px\" class=\"wp-caption aligncenter\"><img loading=\"lazy\" decoding=\"async\" class=\"wp-image-917648 size-medium\" src=\"http:\/\/www.pm.pb.gov.br\/portal\/wp-content\/uploads\/2023\/08\/WhatsApp-Image-2023-08-04-at-10.51.07-593x445.jpeg\" alt=\"\" width=\"593\" height=\"445\" srcset=\"https:\/\/www.pm.pb.gov.br\/portal\/wp-content\/uploads\/2023\/08\/WhatsApp-Image-2023-08-04-at-10.51.07-593x445.jpeg 593w, https:\/\/www.pm.pb.gov.br\/portal\/wp-content\/uploads\/2023\/08\/WhatsApp-Image-2023-08-04-at-10.51.07-760x570.jpeg 760w, https:\/\/www.pm.pb.gov.br\/portal\/wp-content\/uploads\/2023\/08\/WhatsApp-Image-2023-08-04-at-10.51.07-768x576.jpeg 768w, https:\/\/www.pm.pb.gov.br\/portal\/wp-content\/uploads\/2023\/08\/WhatsApp-Image-2023-08-04-at-10.51.07.jpeg 1280w\" sizes=\"(max-width: 593px) 100vw, 593px\" \/><figcaption id=\"caption-attachment-917648\" class=\"wp-caption-text\">Entrega do CICC foi acompanhada por autoridades da seguran\u00e7a p\u00fablica e da gest\u00e3o governamental<\/figcaption><\/figure>\n<p>Ainda na solenidade, o gestor paraibano assinou um Termo de Coopera\u00e7\u00e3o T\u00e9cnica com o estado do Cear\u00e1, que tamb\u00e9m tem um Centro Integrado de Comando e Controle. &#8220;Estamos fazendo a conex\u00e3o do nosso sistema com o Cear\u00e1, e essa troca de informa\u00e7\u00e3o \u00e9 fundamental para elucida\u00e7\u00e3o de crimes que possam acontecer. Esse \u00e9 o primeiro passo para que a gente possa fazer a liga\u00e7\u00e3o de todo o Nordeste&#8221;, adiantou o gestor paraibano e presidente do Cons\u00f3rcio Nordeste ao lado do governador cearense, Elmano de Freitas.\u00a0<br \/>\u00a0<br \/>O secret\u00e1rio de Estado da Seguran\u00e7a P\u00fablica, Jean Francisco Nunes, ressaltou que, com a entrega do CICC da Capital, completa um ciclo de tr\u00eas grandes obras estruturantes na \u00e1rea da Seguran\u00e7a. &#8220;Essas tr\u00eas obras estruturantes foram estabelecidas pelo governador Jo\u00e3o Azev\u00eado \u2014 a primeira foi em Patos, a segunda, em Campina Grande, e a terceira chega agora \u00e0 Capital. Em raz\u00e3o da grande cobertura di\u00e1ria, o pr\u00e9dio aqui em Jo\u00e3o Pessoa \u00e9 maior, por\u00e9m todos contam com a mesma tecnologia, com as mesmas condi\u00e7\u00f5es de trabalho e, portanto, aptos a oferecer a mesma efici\u00eancia \u00e0 popula\u00e7\u00e3o no combate \u00e0 criminalidade. Todos v\u00e3o receber imagens das mil e seiscentas c\u00e2meras espalhadas pelo Estado, al\u00e9m das c\u00e2meras de coopera\u00e7\u00e3o com outros \u00f3rg\u00e3os, a exemplo do Dnit. Com essas imagens, a pol\u00edcia vai ter condi\u00e7\u00f5es de se antecipar, fazer abordagens&#8221;, disse, ressaltando que foram investidos nesses tr\u00eas CICCs pelo Governo do Estado mais de R$ 140 milh\u00f5es \u2014 entre tecnologia e toda a\u00a0\u00a0estrutura f\u00edsica.\u00a0<\/p>\n<figure id=\"attachment_917652\" aria-describedby=\"caption-attachment-917652\" style=\"width: 668px\" class=\"wp-caption aligncenter\"><img loading=\"lazy\" decoding=\"async\" class=\"wp-image-917652 size-medium\" src=\"http:\/\/www.pm.pb.gov.br\/portal\/wp-content\/uploads\/2023\/08\/unnamed-22-668x445.jpg\" alt=\"\" width=\"668\" height=\"445\" srcset=\"https:\/\/www.pm.pb.gov.br\/portal\/wp-content\/uploads\/2023\/08\/unnamed-22-668x445.jpg 668w, https:\/\/www.pm.pb.gov.br\/portal\/wp-content\/uploads\/2023\/08\/unnamed-22-855x570.jpg 855w, https:\/\/www.pm.pb.gov.br\/portal\/wp-content\/uploads\/2023\/08\/unnamed-22-768x512.jpg 768w, https:\/\/www.pm.pb.gov.br\/portal\/wp-content\/uploads\/2023\/08\/unnamed-22-1536x1024.jpg 1536w, https:\/\/www.pm.pb.gov.br\/portal\/wp-content\/uploads\/2023\/08\/unnamed-22-272x182.jpg 272w, https:\/\/www.pm.pb.gov.br\/portal\/wp-content\/uploads\/2023\/08\/unnamed-22.jpg 1620w\" sizes=\"(max-width: 668px) 100vw, 668px\" \/><figcaption id=\"caption-attachment-917652\" class=\"wp-caption-text\">(Foto: Jos\u00e9 Marques \/ Secom)<\/figcaption><\/figure>\n<p>O comandante-geral da Pol\u00edcia Militar da Para\u00edba (PMPB), coronel S\u00e9rgio Fonseca, disse que o Centro de Comando e Controle fortalece algo fundamental no combate ao crime, a intelig\u00eancia. &#8220;Esse Centro Integrado vai facilitar as a\u00e7\u00f5es n\u00e3o apenas da Pol\u00edcia Militar, mas de todas as for\u00e7as de seguran\u00e7a do nosso Estado. Pela experi\u00eancia do Centro Integrado de Patos e de Campina Grande, posso afirmar que a efici\u00eancia desse equipamento no combate \u00e0 criminalidade \u00e9 total. \u00c9 uma ferramenta que ajuda muito as investiga\u00e7\u00f5es, porque fortalece a intelig\u00eancia&#8221;, comentou.<\/p>\n<figure id=\"attachment_917649\" aria-describedby=\"caption-attachment-917649\" style=\"width: 609px\" class=\"wp-caption aligncenter\"><img loading=\"lazy\" decoding=\"async\" class=\"wp-image-917649\" src=\"http:\/\/www.pm.pb.gov.br\/portal\/wp-content\/uploads\/2023\/08\/WhatsApp-Image-2023-08-04-at-10.51.00-667x445.jpeg\" alt=\"\" width=\"609\" height=\"406\" srcset=\"https:\/\/www.pm.pb.gov.br\/portal\/wp-content\/uploads\/2023\/08\/WhatsApp-Image-2023-08-04-at-10.51.00-667x445.jpeg 667w, https:\/\/www.pm.pb.gov.br\/portal\/wp-content\/uploads\/2023\/08\/WhatsApp-Image-2023-08-04-at-10.51.00-854x570.jpeg 854w, https:\/\/www.pm.pb.gov.br\/portal\/wp-content\/uploads\/2023\/08\/WhatsApp-Image-2023-08-04-at-10.51.00-768x512.jpeg 768w, https:\/\/www.pm.pb.gov.br\/portal\/wp-content\/uploads\/2023\/08\/WhatsApp-Image-2023-08-04-at-10.51.00-272x182.jpeg 272w, https:\/\/www.pm.pb.gov.br\/portal\/wp-content\/uploads\/2023\/08\/WhatsApp-Image-2023-08-04-at-10.51.00.jpeg 1280w\" sizes=\"(max-width: 609px) 100vw, 609px\" \/><figcaption id=\"caption-attachment-917649\" class=\"wp-caption-text\">Entrega do CICC foi acompanhada pelo comandante-geral da PM, coronel S\u00e9rgio Fonseca.<\/figcaption><\/figure>\n<p>J\u00e1 o coordenador-geral dos Centros Integrados de Seguran\u00e7a e Controle, coronel J\u00falio C\u00e9sar, explicou como funcionar\u00e1 o equipamento. &#8220;A partir do videomonitoramento, o Centro Integrado vai orientar as for\u00e7as policiais nas ruas e, nesse sentido, evitar se antecipar e prevenir. Caso n\u00e3o seja poss\u00edvel, a repress\u00e3o qualificada far\u00e1 um conjunto probat\u00f3rio, que ser\u00e1 encaminhado \u00e0 Pol\u00edcia Civil, e a elucida\u00e7\u00e3o de crimes seja eficiente&#8221;, acrescentou.\u00a0<br \/>\u00a0<br \/>Para o deputado federal Gerv\u00e1sio Maia, a inaugura\u00e7\u00e3o do CICC \u00e9 mais um motivo de orgulho para os paraibanos. &#8220;Hoje \u00e9 um momento festivo, de celebrar inaugura\u00e7\u00f5es importantes no anivers\u00e1rio de Jo\u00e3o Pessoa. S\u00e3o muitos os investimentos que o governador Jo\u00e3o Azev\u00eado tem feito aqui na nossa Capital, e podemos dizer que hoje a nossa Para\u00edba \u00e9 motivo\u00a0\u00a0de muito orgulho&#8221;, observou.\u00a0<br \/>\u00a0<br \/>A solenidade de inaugura\u00e7\u00e3o do CICC foi prestigiada pelo vice-governador Lucas Ribeiro; o prefeito de Jo\u00e3o Pessoa, C\u00edcero Lucena; o presidente da Assembleia Legislativa da Para\u00edba (ALPB), Adriano Galdino; e o deputado Jo\u00e3o Gon\u00e7alves, entre outras autoridades. Os auxiliares da gest\u00e3o estadual Tib\u00e9rio Limeira (Administra\u00e7\u00e3o), Nonato Bandeira (Comunica\u00e7\u00e3o Institucional), Ronaldo Guerra (chefia de Gabinete), o comandante-geral do Corpo de Bombeiros Militares, coronel Marcelo Ara\u00fajo, Simone Guimar\u00e3es (Suplan), entre outros, tamb\u00e9m prestigiaram a solenidade.\u00a0<\/p>\n<p><br \/><strong>Tecnologia como aliada<\/strong>\u00a0\u2014 Todos os Centros Integrados de Comando e Controle entregues na gest\u00e3o do governador Jo\u00e3o Azev\u00eado s\u00e3o equipados com tecnologia de ponta \u2014 com 1.600 c\u00e2meras espalhadas por toda a Para\u00edba, alimentando o sistema de videomonitoramento, ferramenta essencial no aprimoramento do trabalho das for\u00e7as policiais, tanto na coibi\u00e7\u00e3o quanto na inibi\u00e7\u00e3o de crimes.\u00a0<\/p>\n<p><img loading=\"lazy\" decoding=\"async\" class=\" wp-image-917650 aligncenter\" src=\"http:\/\/www.pm.pb.gov.br\/portal\/wp-content\/uploads\/2023\/08\/WhatsApp-Image-2023-08-04-at-11.48.34-593x445.jpeg\" alt=\"\" width=\"558\" height=\"419\" srcset=\"https:\/\/www.pm.pb.gov.br\/portal\/wp-content\/uploads\/2023\/08\/WhatsApp-Image-2023-08-04-at-11.48.34-593x445.jpeg 593w, https:\/\/www.pm.pb.gov.br\/portal\/wp-content\/uploads\/2023\/08\/WhatsApp-Image-2023-08-04-at-11.48.34-760x570.jpeg 760w, https:\/\/www.pm.pb.gov.br\/portal\/wp-content\/uploads\/2023\/08\/WhatsApp-Image-2023-08-04-at-11.48.34-768x576.jpeg 768w, https:\/\/www.pm.pb.gov.br\/portal\/wp-content\/uploads\/2023\/08\/WhatsApp-Image-2023-08-04-at-11.48.34.jpeg 1280w\" sizes=\"(max-width: 558px) 100vw, 558px\" \/><br \/>Os equipamentos est\u00e3o divididos nas seguintes categorias: c\u00e2mera de contexto, c\u00e2meras Speed Dome, c\u00e2meras com reconhecimento facial e c\u00e2meras de leituras de placas (LPR). O reconhecimento facial, por exemplo, permite identificar indiv\u00edduos procurados pela Justi\u00e7a, assim como ajudar na busca de fam\u00edlias desesperadas por algum parente desaparecido. J\u00e1 a leitura de placas permite a identifica\u00e7\u00e3o de ve\u00edculos com restri\u00e7\u00f5es \u2014 que tenham sido roubados ou furtados, por exemplo. Por fim, a tecnologia Speed Dome oferece captura de imagens de alta qualidade, com movimentos verticais e horizontais, al\u00e9m de zoom \u00f3tico com amplia\u00e7\u00e3o em at\u00e9 25 vezes.\u00a0<br \/>\u00a0<br \/><strong>Integra\u00e7\u00e3o como aliada<\/strong>\u00a0\u2014 A integra\u00e7\u00e3o entre os CICCs e outros \u00f3rg\u00e3os \u00e9 considerada o grande sucesso no combate ao crime. O Sistema de Cadastro de Ocorr\u00eancias \u00e9 uma importante ferramenta informatizada que controla toda a atividade operacional, administra\u00e7\u00e3o e despacho de ocorr\u00eancias, incluindo o acompanhamento em tempo real das viaturas em servi\u00e7o.\u00a0<br \/>\u00a0<br \/>Al\u00e9m disso, os Centros Integrados de Comando e Controle se interligam com o Sistema de Procedimento Policial (SDP), Sistema Lince, Sistema C\u00f3rtex, Infopen (Bancos de Dados Estadual), UE Brasil (monitoramento de tornozelados), e o Programa Hikcentral Professional, permitindo uma resposta mais r\u00e1pida para a popula\u00e7\u00e3o e institui\u00e7\u00f5es p\u00fablicas e privadas.<\/p>\n<p><em>Texto: Secom; Fotos: Comunica\u00e7\u00e3o Social da PMPB (EM\/5), e Jos\u00e9 Marques (Secom).<\/em><\/p>\n","protected":false},"excerpt":{"rendered":"<p>O governador Jo\u00e3o Azev\u00eado entregou, na manh\u00e3 desta sexta-feira (4), o Centro Integrado de Comando e Controle (CICC) de Jo\u00e3o<\/p>\n","protected":false},"author":12,"featured_media":917647,"comment_status":"closed","ping_status":"closed","sticky":false,"template":"","format":"standard","meta":{"_exactmetrics_skip_tracking":false,"_exactmetrics_sitenote_active":false,"_exactmetrics_sitenote_note":"","_exactmetrics_sitenote_category":0,"footnotes":""},"categories":[9],"tags":[],"yoast_head":"<!-- This site is optimized with the Yoast SEO plugin v22.0 - https:\/\/yoast.com\/wordpress\/plugins\/seo\/ -->\n<title>Governador Jo\u00e3o Azev\u00eado entrega Centro de Comando e Controle de Jo\u00e3o Pessoa - Pol\u00edcia Militar da Para\u00edba<\/title>\n<meta name=\"robots\" content=\"index, follow, max-snippet:-1, max-image-preview:large, max-video-preview:-1\" \/>\n<link rel=\"canonical\" href=\"https:\/\/www.pm.pb.gov.br\/portal\/2023\/08\/04\/governador-joao-azevedo-entrega-centro-de-comando-e-controle-de-joao-pessoa\/\" \/>\n<meta property=\"og:locale\" content=\"pt_BR\" \/>\n<meta property=\"og:type\" content=\"article\" \/>\n<meta property=\"og:title\" content=\"Governador Jo\u00e3o Azev\u00eado entrega Centro de Comando e Controle de Jo\u00e3o Pessoa - Pol\u00edcia Militar da Para\u00edba\" \/>\n<meta property=\"og:description\" content=\"O governador Jo\u00e3o Azev\u00eado entregou, na manh\u00e3 desta sexta-feira (4), o Centro Integrado de Comando e Controle (CICC) de Jo\u00e3o\" \/>\n<meta property=\"og:url\" content=\"https:\/\/www.pm.pb.gov.br\/portal\/2023\/08\/04\/governador-joao-azevedo-entrega-centro-de-comando-e-controle-de-joao-pessoa\/\" \/>\n<meta property=\"og:site_name\" content=\"Pol\u00edcia Militar da Para\u00edba\" \/>\n<meta property=\"article:published_time\" content=\"2023-08-04T18:21:46+00:00\" \/>\n<meta property=\"article:modified_time\" content=\"2023-08-04T18:23:42+00:00\" \/>\n<meta property=\"og:image\" content=\"http:\/\/www.pm.pb.gov.br\/portal\/wp-content\/uploads\/2023\/08\/ciccjp.jpeg\" \/>\n\t<meta property=\"og:image:width\" content=\"800\" \/>\n\t<meta property=\"og:image:height\" content=\"445\" \/>\n\t<meta property=\"og:image:type\" content=\"image\/jpeg\" \/>\n<meta name=\"author\" content=\"Tarcisio Oliveira\" \/>\n<meta name=\"twitter:card\" content=\"summary_large_image\" \/>\n<meta name=\"twitter:label1\" content=\"Escrito por\" \/>\n\t<meta name=\"twitter:data1\" content=\"Tarcisio Oliveira\" \/>\n\t<meta name=\"twitter:label2\" content=\"Est. tempo de leitura\" \/>\n\t<meta name=\"twitter:data2\" content=\"8 minutos\" \/>\n<script type=\"application\/ld+json\" class=\"yoast-schema-graph\">{\"@context\":\"https:\/\/schema.org\",\"@graph\":[{\"@type\":\"Article\",\"@id\":\"https:\/\/www.pm.pb.gov.br\/portal\/2023\/08\/04\/governador-joao-azevedo-entrega-centro-de-comando-e-controle-de-joao-pessoa\/#article\",\"isPartOf\":{\"@id\":\"https:\/\/www.pm.pb.gov.br\/portal\/2023\/08\/04\/governador-joao-azevedo-entrega-centro-de-comando-e-controle-de-joao-pessoa\/\"},\"author\":{\"name\":\"Tarcisio Oliveira\",\"@id\":\"https:\/\/www.pm.pb.gov.br\/portal\/#\/schema\/person\/f84f56dcc78ce4357054da888b8247fd\"},\"headline\":\"Governador Jo\u00e3o Azev\u00eado entrega Centro de Comando e Controle de Jo\u00e3o Pessoa\",\"datePublished\":\"2023-08-04T18:21:46+00:00\",\"dateModified\":\"2023-08-04T18:23:42+00:00\",\"mainEntityOfPage\":{\"@id\":\"https:\/\/www.pm.pb.gov.br\/portal\/2023\/08\/04\/governador-joao-azevedo-entrega-centro-de-comando-e-controle-de-joao-pessoa\/\"},\"wordCount\":1291,\"publisher\":{\"@id\":\"https:\/\/www.pm.pb.gov.br\/portal\/#organization\"},\"articleSection\":[\"Eventos\"],\"inLanguage\":\"pt-BR\"},{\"@type\":\"WebPage\",\"@id\":\"https:\/\/www.pm.pb.gov.br\/portal\/2023\/08\/04\/governador-joao-azevedo-entrega-centro-de-comando-e-controle-de-joao-pessoa\/\",\"url\":\"https:\/\/www.pm.pb.gov.br\/portal\/2023\/08\/04\/governador-joao-azevedo-entrega-centro-de-comando-e-controle-de-joao-pessoa\/\",\"name\":\"Governador Jo\u00e3o Azev\u00eado entrega Centro de Comando e Controle de Jo\u00e3o Pessoa - Pol\u00edcia Militar da Para\u00edba\",\"isPartOf\":{\"@id\":\"https:\/\/www.pm.pb.gov.br\/portal\/#website\"},\"datePublished\":\"2023-08-04T18:21:46+00:00\",\"dateModified\":\"2023-08-04T18:23:42+00:00\",\"breadcrumb\":{\"@id\":\"https:\/\/www.pm.pb.gov.br\/portal\/2023\/08\/04\/governador-joao-azevedo-entrega-centro-de-comando-e-controle-de-joao-pessoa\/#breadcrumb\"},\"inLanguage\":\"pt-BR\",\"potentialAction\":[{\"@type\":\"ReadAction\",\"target\":[\"https:\/\/www.pm.pb.gov.br\/portal\/2023\/08\/04\/governador-joao-azevedo-entrega-centro-de-comando-e-controle-de-joao-pessoa\/\"]}]},{\"@type\":\"BreadcrumbList\",\"@id\":\"https:\/\/www.pm.pb.gov.br\/portal\/2023\/08\/04\/governador-joao-azevedo-entrega-centro-de-comando-e-controle-de-joao-pessoa\/#breadcrumb\",\"itemListElement\":[{\"@type\":\"ListItem\",\"position\":1,\"name\":\"In\u00edcio\",\"item\":\"https:\/\/www.pm.pb.gov.br\/portal\/\"},{\"@type\":\"ListItem\",\"position\":2,\"name\":\"Governador Jo\u00e3o Azev\u00eado entrega Centro de Comando e Controle de Jo\u00e3o Pessoa\"}]},{\"@type\":\"WebSite\",\"@id\":\"https:\/\/www.pm.pb.gov.br\/portal\/#website\",\"url\":\"https:\/\/www.pm.pb.gov.br\/portal\/\",\"name\":\"Pol\u00edcia Militar da Para\u00edba\",\"description\":\"\",\"publisher\":{\"@id\":\"https:\/\/www.pm.pb.gov.br\/portal\/#organization\"},\"potentialAction\":[{\"@type\":\"SearchAction\",\"target\":{\"@type\":\"EntryPoint\",\"urlTemplate\":\"https:\/\/www.pm.pb.gov.br\/portal\/?s={search_term_string}\"},\"query-input\":\"required name=search_term_string\"}],\"inLanguage\":\"pt-BR\"},{\"@type\":\"Organization\",\"@id\":\"https:\/\/www.pm.pb.gov.br\/portal\/#organization\",\"name\":\"Pol\u00edcia Militar da Para\u00edba\",\"url\":\"https:\/\/www.pm.pb.gov.br\/portal\/\",\"logo\":{\"@type\":\"ImageObject\",\"inLanguage\":\"pt-BR\",\"@id\":\"https:\/\/www.pm.pb.gov.br\/portal\/#\/schema\/logo\/image\/\",\"url\":\"https:\/\/www.pm.pb.gov.br\/portal\/wp-content\/uploads\/2025\/03\/cropped-logo-site-mag2-1.png\",\"contentUrl\":\"https:\/\/www.pm.pb.gov.br\/portal\/wp-content\/uploads\/2025\/03\/cropped-logo-site-mag2-1.png\",\"width\":320,\"height\":90,\"caption\":\"Pol\u00edcia Militar da Para\u00edba\"},\"image\":{\"@id\":\"https:\/\/www.pm.pb.gov.br\/portal\/#\/schema\/logo\/image\/\"}},{\"@type\":\"Person\",\"@id\":\"https:\/\/www.pm.pb.gov.br\/portal\/#\/schema\/person\/f84f56dcc78ce4357054da888b8247fd\",\"name\":\"Tarcisio Oliveira\",\"image\":{\"@type\":\"ImageObject\",\"inLanguage\":\"pt-BR\",\"@id\":\"https:\/\/www.pm.pb.gov.br\/portal\/#\/schema\/person\/image\/\",\"url\":\"https:\/\/secure.gravatar.com\/avatar\/72917b630b69d31cd0297507f34bac97?s=96&d=mm&r=g\",\"contentUrl\":\"https:\/\/secure.gravatar.com\/avatar\/72917b630b69d31cd0297507f34bac97?s=96&d=mm&r=g\",\"caption\":\"Tarcisio Oliveira\"},\"url\":\"https:\/\/www.pm.pb.gov.br\/portal\/author\/tarcisio\/\"}]}<\/script>\n<!-- \/ Yoast SEO plugin. -->","yoast_head_json":{"title":"Governador Jo\u00e3o Azev\u00eado entrega Centro de Comando e Controle de Jo\u00e3o Pessoa - Pol\u00edcia Militar da Para\u00edba","robots":{"index":"index","follow":"follow","max-snippet":"max-snippet:-1","max-image-preview":"max-image-preview:large","max-video-preview":"max-video-preview:-1"},"canonical":"https:\/\/www.pm.pb.gov.br\/portal\/2023\/08\/04\/governador-joao-azevedo-entrega-centro-de-comando-e-controle-de-joao-pessoa\/","og_locale":"pt_BR","og_type":"article","og_title":"Governador Jo\u00e3o Azev\u00eado entrega Centro de Comando e Controle de Jo\u00e3o Pessoa - Pol\u00edcia Militar da Para\u00edba","og_description":"O governador Jo\u00e3o Azev\u00eado entregou, na manh\u00e3 desta sexta-feira (4), o Centro Integrado de Comando e Controle (CICC) de Jo\u00e3o","og_url":"https:\/\/www.pm.pb.gov.br\/portal\/2023\/08\/04\/governador-joao-azevedo-entrega-centro-de-comando-e-controle-de-joao-pessoa\/","og_site_name":"Pol\u00edcia Militar da Para\u00edba","article_published_time":"2023-08-04T18:21:46+00:00","article_modified_time":"2023-08-04T18:23:42+00:00","og_image":[{"width":800,"height":445,"url":"http:\/\/www.pm.pb.gov.br\/portal\/wp-content\/uploads\/2023\/08\/ciccjp.jpeg","type":"image\/jpeg"}],"author":"Tarcisio Oliveira","twitter_card":"summary_large_image","twitter_misc":{"Escrito por":"Tarcisio Oliveira","Est. tempo de leitura":"8 minutos"},"schema":{"@context":"https:\/\/schema.org","@graph":[{"@type":"Article","@id":"https:\/\/www.pm.pb.gov.br\/portal\/2023\/08\/04\/governador-joao-azevedo-entrega-centro-de-comando-e-controle-de-joao-pessoa\/#article","isPartOf":{"@id":"https:\/\/www.pm.pb.gov.br\/portal\/2023\/08\/04\/governador-joao-azevedo-entrega-centro-de-comando-e-controle-de-joao-pessoa\/"},"author":{"name":"Tarcisio Oliveira","@id":"https:\/\/www.pm.pb.gov.br\/portal\/#\/schema\/person\/f84f56dcc78ce4357054da888b8247fd"},"headline":"Governador Jo\u00e3o Azev\u00eado entrega Centro de Comando e Controle de Jo\u00e3o Pessoa","datePublished":"2023-08-04T18:21:46+00:00","dateModified":"2023-08-04T18:23:42+00:00","mainEntityOfPage":{"@id":"https:\/\/www.pm.pb.gov.br\/portal\/2023\/08\/04\/governador-joao-azevedo-entrega-centro-de-comando-e-controle-de-joao-pessoa\/"},"wordCount":1291,"publisher":{"@id":"https:\/\/www.pm.pb.gov.br\/portal\/#organization"},"articleSection":["Eventos"],"inLanguage":"pt-BR"},{"@type":"WebPage","@id":"https:\/\/www.pm.pb.gov.br\/portal\/2023\/08\/04\/governador-joao-azevedo-entrega-centro-de-comando-e-controle-de-joao-pessoa\/","url":"https:\/\/www.pm.pb.gov.br\/portal\/2023\/08\/04\/governador-joao-azevedo-entrega-centro-de-comando-e-controle-de-joao-pessoa\/","name":"Governador Jo\u00e3o Azev\u00eado entrega Centro de Comando e Controle de Jo\u00e3o Pessoa - Pol\u00edcia Militar da Para\u00edba","isPartOf":{"@id":"https:\/\/www.pm.pb.gov.br\/portal\/#website"},"datePublished":"2023-08-04T18:21:46+00:00","dateModified":"2023-08-04T18:23:42+00:00","breadcrumb":{"@id":"https:\/\/www.pm.pb.gov.br\/portal\/2023\/08\/04\/governador-joao-azevedo-entrega-centro-de-comando-e-controle-de-joao-pessoa\/#breadcrumb"},"inLanguage":"pt-BR","potentialAction":[{"@type":"ReadAction","target":["https:\/\/www.pm.pb.gov.br\/portal\/2023\/08\/04\/governador-joao-azevedo-entrega-centro-de-comando-e-controle-de-joao-pessoa\/"]}]},{"@type":"BreadcrumbList","@id":"https:\/\/www.pm.pb.gov.br\/portal\/2023\/08\/04\/governador-joao-azevedo-entrega-centro-de-comando-e-controle-de-joao-pessoa\/#breadcrumb","itemListElement":[{"@type":"ListItem","position":1,"name":"In\u00edcio","item":"https:\/\/www.pm.pb.gov.br\/portal\/"},{"@type":"ListItem","position":2,"name":"Governador Jo\u00e3o Azev\u00eado entrega Centro de Comando e Controle de Jo\u00e3o Pessoa"}]},{"@type":"WebSite","@id":"https:\/\/www.pm.pb.gov.br\/portal\/#website","url":"https:\/\/www.pm.pb.gov.br\/portal\/","name":"Pol\u00edcia Militar da Para\u00edba","description":"","publisher":{"@id":"https:\/\/www.pm.pb.gov.br\/portal\/#organization"},"potentialAction":[{"@type":"SearchAction","target":{"@type":"EntryPoint","urlTemplate":"https:\/\/www.pm.pb.gov.br\/portal\/?s={search_term_string}"},"query-input":"required name=search_term_string"}],"inLanguage":"pt-BR"},{"@type":"Organization","@id":"https:\/\/www.pm.pb.gov.br\/portal\/#organization","name":"Pol\u00edcia Militar da Para\u00edba","url":"https:\/\/www.pm.pb.gov.br\/portal\/","logo":{"@type":"ImageObject","inLanguage":"pt-BR","@id":"https:\/\/www.pm.pb.gov.br\/portal\/#\/schema\/logo\/image\/","url":"https:\/\/www.pm.pb.gov.br\/portal\/wp-content\/uploads\/2025\/03\/cropped-logo-site-mag2-1.png","contentUrl":"https:\/\/www.pm.pb.gov.br\/portal\/wp-content\/uploads\/2025\/03\/cropped-logo-site-mag2-1.png","width":320,"height":90,"caption":"Pol\u00edcia Militar da Para\u00edba"},"image":{"@id":"https:\/\/www.pm.pb.gov.br\/portal\/#\/schema\/logo\/image\/"}},{"@type":"Person","@id":"https:\/\/www.pm.pb.gov.br\/portal\/#\/schema\/person\/f84f56dcc78ce4357054da888b8247fd","name":"Tarcisio Oliveira","image":{"@type":"ImageObject","inLanguage":"pt-BR","@id":"https:\/\/www.pm.pb.gov.br\/portal\/#\/schema\/person\/image\/","url":"https:\/\/secure.gravatar.com\/avatar\/72917b630b69d31cd0297507f34bac97?s=96&d=mm&r=g","contentUrl":"https:\/\/secure.gravatar.com\/avatar\/72917b630b69d31cd0297507f34bac97?s=96&d=mm&r=g","caption":"Tarcisio Oliveira"},"url":"https:\/\/www.pm.pb.gov.br\/portal\/author\/tarcisio\/"}]}},"_links":{"self":[{"href":"https:\/\/www.pm.pb.gov.br\/portal\/wp-json\/wp\/v2\/posts\/917646"}],"collection":[{"href":"https:\/\/www.pm.pb.gov.br\/portal\/wp-json\/wp\/v2\/posts"}],"about":[{"href":"https:\/\/www.pm.pb.gov.br\/portal\/wp-json\/wp\/v2\/types\/post"}],"author":[{"embeddable":true,"href":"https:\/\/www.pm.pb.gov.br\/portal\/wp-json\/wp\/v2\/users\/12"}],"replies":[{"embeddable":true,"href":"https:\/\/www.pm.pb.gov.br\/portal\/wp-json\/wp\/v2\/comments?post=917646"}],"version-history":[{"count":2,"href":"https:\/\/www.pm.pb.gov.br\/portal\/wp-json\/wp\/v2\/posts\/917646\/revisions"}],"predecessor-version":[{"id":917654,"href":"https:\/\/www.pm.pb.gov.br\/portal\/wp-json\/wp\/v2\/posts\/917646\/revisions\/917654"}],"wp:featuredmedia":[{"embeddable":true,"href":"https:\/\/www.pm.pb.gov.br\/portal\/wp-json\/wp\/v2\/media\/917647"}],"wp:attachment":[{"href":"https:\/\/www.pm.pb.gov.br\/portal\/wp-json\/wp\/v2\/media?parent=917646"}],"wp:term":[{"taxonomy":"category","embeddable":true,"href":"https:\/\/www.pm.pb.gov.br\/portal\/wp-json\/wp\/v2\/categories?post=917646"},{"taxonomy":"post_tag","embeddable":true,"href":"https:\/\/www.pm.pb.gov.br\/portal\/wp-json\/wp\/v2\/tags?post=917646"}],"curies":[{"name":"wp","href":"https:\/\/api.w.org\/{rel}","templated":true}]}}