{"id":917631,"date":"2023-08-02T17:20:04","date_gmt":"2023-08-02T20:20:04","guid":{"rendered":"https:\/\/www.pm.pb.gov.br\/portal\/?p=917631"},"modified":"2023-08-02T17:20:05","modified_gmt":"2023-08-02T20:20:05","slug":"policia-militar-recaptura-dois-foragidos-da-justica-no-varadouro-na-capital-penas-dos-acusados-somam-mais-de-30-anos","status":"publish","type":"post","link":"https:\/\/www.pm.pb.gov.br\/portal\/2023\/08\/02\/policia-militar-recaptura-dois-foragidos-da-justica-no-varadouro-na-capital-penas-dos-acusados-somam-mais-de-30-anos\/","title":{"rendered":"Pol\u00edcia Militar recaptura dois foragidos da Justi\u00e7a no Varadouro, na capital; penas dos acusados somam mais de 30 anos"},"content":{"rendered":"\n<p>A Pol\u00edcia Militar recapturou dois foragidos da Justi\u00e7a que estavam sendo procurados por diversos crimes, como roubo, furto, homic\u00eddio e viol\u00eancia sexual (foto acima ilustrativa). A pris\u00e3o dos acusados aconteceu no fim da manh\u00e3 desta quarta-feira (02), na regi\u00e3o do Varadouro, no centro de Jo\u00e3o Pessoa.<\/p>\n<p>Os dois foragidos j\u00e1 haviam sido presos por homic\u00eddio, estupro e crimes patrimoniais, incluindo por delitos praticados em Campina Grande, mas conseguiram fugir durante o regime semiaberto. A pris\u00e3o desta quarta foi realizada pelos policiais do 1\u00ba Batalh\u00e3o, que v\u00eam intensificando as a\u00e7\u00f5es preventivas na regi\u00e3o central de Jo\u00e3o Pessoa.<\/p>\n<p>De acordo com a unidade, os acusados foram localizados na comunidade do Papel\u00e3o. Durante a abordagem eles tentaram fugir da PM mas foram detidos. As penas dos mandados de pris\u00e3o expedidos contra os acusados somam mais de 30 anos de condena\u00e7\u00e3o. Um dos homens presos estava com 18 por\u00e7\u00f5es de subst\u00e2ncia similar a crack.<\/p>\n<p>Toda a ocorr\u00eancia foi encaminhada para a Central de Flagrantes para os procedimentos cab\u00edveis.<\/p>\n","protected":false},"excerpt":{"rendered":"<p>A Pol\u00edcia Militar recapturou dois foragidos da Justi\u00e7a que estavam sendo procurados por diversos crimes, como roubo, furto, homic\u00eddio e<\/p>\n","protected":false},"author":12,"featured_media":909015,"comment_status":"closed","ping_status":"closed","sticky":false,"template":"","format":"standard","meta":{"_exactmetrics_skip_tracking":false,"_exactmetrics_sitenote_active":false,"_exactmetrics_sitenote_note":"","_exactmetrics_sitenote_category":0,"footnotes":""},"categories":[4],"tags":[],"yoast_head":"<!-- This site is optimized with the Yoast SEO plugin v22.0 - https:\/\/yoast.com\/wordpress\/plugins\/seo\/ -->\n<title>Pol\u00edcia Militar recaptura dois foragidos da Justi\u00e7a no Varadouro, na capital; penas dos acusados somam mais de 30 anos - Pol\u00edcia Militar da Para\u00edba<\/title>\n<meta name=\"robots\" content=\"index, follow, max-snippet:-1, max-image-preview:large, max-video-preview:-1\" \/>\n<link rel=\"canonical\" href=\"https:\/\/www.pm.pb.gov.br\/portal\/2023\/08\/02\/policia-militar-recaptura-dois-foragidos-da-justica-no-varadouro-na-capital-penas-dos-acusados-somam-mais-de-30-anos\/\" \/>\n<meta property=\"og:locale\" content=\"pt_BR\" \/>\n<meta property=\"og:type\" content=\"article\" \/>\n<meta property=\"og:title\" content=\"Pol\u00edcia Militar recaptura dois foragidos da Justi\u00e7a no Varadouro, na capital; penas dos acusados somam mais de 30 anos - Pol\u00edcia Militar da Para\u00edba\" \/>\n<meta property=\"og:description\" content=\"A Pol\u00edcia Militar recapturou dois foragidos da Justi\u00e7a que estavam sendo procurados por diversos crimes, como roubo, furto, homic\u00eddio e\" \/>\n<meta property=\"og:url\" content=\"https:\/\/www.pm.pb.gov.br\/portal\/2023\/08\/02\/policia-militar-recaptura-dois-foragidos-da-justica-no-varadouro-na-capital-penas-dos-acusados-somam-mais-de-30-anos\/\" \/>\n<meta property=\"og:site_name\" content=\"Pol\u00edcia Militar da Para\u00edba\" \/>\n<meta property=\"article:published_time\" content=\"2023-08-02T20:20:04+00:00\" \/>\n<meta property=\"article:modified_time\" content=\"2023-08-02T20:20:05+00:00\" \/>\n<meta property=\"og:image\" content=\"http:\/\/www.pm.pb.gov.br\/portal\/wp-content\/uploads\/2021\/01\/1bpm.jpeg\" \/>\n\t<meta property=\"og:image:width\" content=\"800\" \/>\n\t<meta property=\"og:image:height\" content=\"445\" \/>\n\t<meta property=\"og:image:type\" content=\"image\/jpeg\" \/>\n<meta name=\"author\" content=\"Tarcisio Oliveira\" \/>\n<meta name=\"twitter:card\" content=\"summary_large_image\" \/>\n<meta name=\"twitter:label1\" content=\"Escrito por\" \/>\n\t<meta name=\"twitter:data1\" content=\"Tarcisio Oliveira\" \/>\n\t<meta name=\"twitter:label2\" content=\"Est. tempo de leitura\" \/>\n\t<meta name=\"twitter:data2\" content=\"1 minuto\" \/>\n<script type=\"application\/ld+json\" class=\"yoast-schema-graph\">{\"@context\":\"https:\/\/schema.org\",\"@graph\":[{\"@type\":\"Article\",\"@id\":\"https:\/\/www.pm.pb.gov.br\/portal\/2023\/08\/02\/policia-militar-recaptura-dois-foragidos-da-justica-no-varadouro-na-capital-penas-dos-acusados-somam-mais-de-30-anos\/#article\",\"isPartOf\":{\"@id\":\"https:\/\/www.pm.pb.gov.br\/portal\/2023\/08\/02\/policia-militar-recaptura-dois-foragidos-da-justica-no-varadouro-na-capital-penas-dos-acusados-somam-mais-de-30-anos\/\"},\"author\":{\"name\":\"Tarcisio Oliveira\",\"@id\":\"https:\/\/www.pm.pb.gov.br\/portal\/#\/schema\/person\/f84f56dcc78ce4357054da888b8247fd\"},\"headline\":\"Pol\u00edcia Militar recaptura dois foragidos da Justi\u00e7a no Varadouro, na capital; penas dos acusados somam mais de 30 anos\",\"datePublished\":\"2023-08-02T20:20:04+00:00\",\"dateModified\":\"2023-08-02T20:20:05+00:00\",\"mainEntityOfPage\":{\"@id\":\"https:\/\/www.pm.pb.gov.br\/portal\/2023\/08\/02\/policia-militar-recaptura-dois-foragidos-da-justica-no-varadouro-na-capital-penas-dos-acusados-somam-mais-de-30-anos\/\"},\"wordCount\":201,\"publisher\":{\"@id\":\"https:\/\/www.pm.pb.gov.br\/portal\/#organization\"},\"articleSection\":[\"A\u00e7\u00f5es Policiais\"],\"inLanguage\":\"pt-BR\"},{\"@type\":\"WebPage\",\"@id\":\"https:\/\/www.pm.pb.gov.br\/portal\/2023\/08\/02\/policia-militar-recaptura-dois-foragidos-da-justica-no-varadouro-na-capital-penas-dos-acusados-somam-mais-de-30-anos\/\",\"url\":\"https:\/\/www.pm.pb.gov.br\/portal\/2023\/08\/02\/policia-militar-recaptura-dois-foragidos-da-justica-no-varadouro-na-capital-penas-dos-acusados-somam-mais-de-30-anos\/\",\"name\":\"Pol\u00edcia Militar recaptura dois foragidos da Justi\u00e7a no Varadouro, na capital; penas dos acusados somam mais de 30 anos - Pol\u00edcia Militar da Para\u00edba\",\"isPartOf\":{\"@id\":\"https:\/\/www.pm.pb.gov.br\/portal\/#website\"},\"datePublished\":\"2023-08-02T20:20:04+00:00\",\"dateModified\":\"2023-08-02T20:20:05+00:00\",\"breadcrumb\":{\"@id\":\"https:\/\/www.pm.pb.gov.br\/portal\/2023\/08\/02\/policia-militar-recaptura-dois-foragidos-da-justica-no-varadouro-na-capital-penas-dos-acusados-somam-mais-de-30-anos\/#breadcrumb\"},\"inLanguage\":\"pt-BR\",\"potentialAction\":[{\"@type\":\"ReadAction\",\"target\":[\"https:\/\/www.pm.pb.gov.br\/portal\/2023\/08\/02\/policia-militar-recaptura-dois-foragidos-da-justica-no-varadouro-na-capital-penas-dos-acusados-somam-mais-de-30-anos\/\"]}]},{\"@type\":\"BreadcrumbList\",\"@id\":\"https:\/\/www.pm.pb.gov.br\/portal\/2023\/08\/02\/policia-militar-recaptura-dois-foragidos-da-justica-no-varadouro-na-capital-penas-dos-acusados-somam-mais-de-30-anos\/#breadcrumb\",\"itemListElement\":[{\"@type\":\"ListItem\",\"position\":1,\"name\":\"In\u00edcio\",\"item\":\"https:\/\/www.pm.pb.gov.br\/portal\/\"},{\"@type\":\"ListItem\",\"position\":2,\"name\":\"Pol\u00edcia Militar recaptura dois foragidos da Justi\u00e7a no Varadouro, na capital; penas dos acusados somam mais de 30 anos\"}]},{\"@type\":\"WebSite\",\"@id\":\"https:\/\/www.pm.pb.gov.br\/portal\/#website\",\"url\":\"https:\/\/www.pm.pb.gov.br\/portal\/\",\"name\":\"Pol\u00edcia Militar da Para\u00edba\",\"description\":\"\",\"publisher\":{\"@id\":\"https:\/\/www.pm.pb.gov.br\/portal\/#organization\"},\"potentialAction\":[{\"@type\":\"SearchAction\",\"target\":{\"@type\":\"EntryPoint\",\"urlTemplate\":\"https:\/\/www.pm.pb.gov.br\/portal\/?s={search_term_string}\"},\"query-input\":\"required name=search_term_string\"}],\"inLanguage\":\"pt-BR\"},{\"@type\":\"Organization\",\"@id\":\"https:\/\/www.pm.pb.gov.br\/portal\/#organization\",\"name\":\"Pol\u00edcia Militar da Para\u00edba\",\"url\":\"https:\/\/www.pm.pb.gov.br\/portal\/\",\"logo\":{\"@type\":\"ImageObject\",\"inLanguage\":\"pt-BR\",\"@id\":\"https:\/\/www.pm.pb.gov.br\/portal\/#\/schema\/logo\/image\/\",\"url\":\"https:\/\/www.pm.pb.gov.br\/portal\/wp-content\/uploads\/2025\/03\/cropped-logo-site-mag2-1.png\",\"contentUrl\":\"https:\/\/www.pm.pb.gov.br\/portal\/wp-content\/uploads\/2025\/03\/cropped-logo-site-mag2-1.png\",\"width\":320,\"height\":90,\"caption\":\"Pol\u00edcia Militar da Para\u00edba\"},\"image\":{\"@id\":\"https:\/\/www.pm.pb.gov.br\/portal\/#\/schema\/logo\/image\/\"}},{\"@type\":\"Person\",\"@id\":\"https:\/\/www.pm.pb.gov.br\/portal\/#\/schema\/person\/f84f56dcc78ce4357054da888b8247fd\",\"name\":\"Tarcisio Oliveira\",\"image\":{\"@type\":\"ImageObject\",\"inLanguage\":\"pt-BR\",\"@id\":\"https:\/\/www.pm.pb.gov.br\/portal\/#\/schema\/person\/image\/\",\"url\":\"https:\/\/secure.gravatar.com\/avatar\/72917b630b69d31cd0297507f34bac97?s=96&d=mm&r=g\",\"contentUrl\":\"https:\/\/secure.gravatar.com\/avatar\/72917b630b69d31cd0297507f34bac97?s=96&d=mm&r=g\",\"caption\":\"Tarcisio Oliveira\"},\"url\":\"https:\/\/www.pm.pb.gov.br\/portal\/author\/tarcisio\/\"}]}<\/script>\n<!-- \/ Yoast SEO plugin. -->","yoast_head_json":{"title":"Pol\u00edcia Militar recaptura dois foragidos da Justi\u00e7a no Varadouro, na capital; penas dos acusados somam mais de 30 anos - Pol\u00edcia Militar da Para\u00edba","robots":{"index":"index","follow":"follow","max-snippet":"max-snippet:-1","max-image-preview":"max-image-preview:large","max-video-preview":"max-video-preview:-1"},"canonical":"https:\/\/www.pm.pb.gov.br\/portal\/2023\/08\/02\/policia-militar-recaptura-dois-foragidos-da-justica-no-varadouro-na-capital-penas-dos-acusados-somam-mais-de-30-anos\/","og_locale":"pt_BR","og_type":"article","og_title":"Pol\u00edcia Militar recaptura dois foragidos da Justi\u00e7a no Varadouro, na capital; penas dos acusados somam mais de 30 anos - Pol\u00edcia Militar da Para\u00edba","og_description":"A Pol\u00edcia Militar recapturou dois foragidos da Justi\u00e7a que estavam sendo procurados por diversos crimes, como roubo, furto, homic\u00eddio e","og_url":"https:\/\/www.pm.pb.gov.br\/portal\/2023\/08\/02\/policia-militar-recaptura-dois-foragidos-da-justica-no-varadouro-na-capital-penas-dos-acusados-somam-mais-de-30-anos\/","og_site_name":"Pol\u00edcia Militar da Para\u00edba","article_published_time":"2023-08-02T20:20:04+00:00","article_modified_time":"2023-08-02T20:20:05+00:00","og_image":[{"width":800,"height":445,"url":"http:\/\/www.pm.pb.gov.br\/portal\/wp-content\/uploads\/2021\/01\/1bpm.jpeg","type":"image\/jpeg"}],"author":"Tarcisio Oliveira","twitter_card":"summary_large_image","twitter_misc":{"Escrito por":"Tarcisio Oliveira","Est. tempo de leitura":"1 minuto"},"schema":{"@context":"https:\/\/schema.org","@graph":[{"@type":"Article","@id":"https:\/\/www.pm.pb.gov.br\/portal\/2023\/08\/02\/policia-militar-recaptura-dois-foragidos-da-justica-no-varadouro-na-capital-penas-dos-acusados-somam-mais-de-30-anos\/#article","isPartOf":{"@id":"https:\/\/www.pm.pb.gov.br\/portal\/2023\/08\/02\/policia-militar-recaptura-dois-foragidos-da-justica-no-varadouro-na-capital-penas-dos-acusados-somam-mais-de-30-anos\/"},"author":{"name":"Tarcisio Oliveira","@id":"https:\/\/www.pm.pb.gov.br\/portal\/#\/schema\/person\/f84f56dcc78ce4357054da888b8247fd"},"headline":"Pol\u00edcia Militar recaptura dois foragidos da Justi\u00e7a no Varadouro, na capital; penas dos acusados somam mais de 30 anos","datePublished":"2023-08-02T20:20:04+00:00","dateModified":"2023-08-02T20:20:05+00:00","mainEntityOfPage":{"@id":"https:\/\/www.pm.pb.gov.br\/portal\/2023\/08\/02\/policia-militar-recaptura-dois-foragidos-da-justica-no-varadouro-na-capital-penas-dos-acusados-somam-mais-de-30-anos\/"},"wordCount":201,"publisher":{"@id":"https:\/\/www.pm.pb.gov.br\/portal\/#organization"},"articleSection":["A\u00e7\u00f5es Policiais"],"inLanguage":"pt-BR"},{"@type":"WebPage","@id":"https:\/\/www.pm.pb.gov.br\/portal\/2023\/08\/02\/policia-militar-recaptura-dois-foragidos-da-justica-no-varadouro-na-capital-penas-dos-acusados-somam-mais-de-30-anos\/","url":"https:\/\/www.pm.pb.gov.br\/portal\/2023\/08\/02\/policia-militar-recaptura-dois-foragidos-da-justica-no-varadouro-na-capital-penas-dos-acusados-somam-mais-de-30-anos\/","name":"Pol\u00edcia Militar recaptura dois foragidos da Justi\u00e7a no Varadouro, na capital; penas dos acusados somam mais de 30 anos - Pol\u00edcia Militar da Para\u00edba","isPartOf":{"@id":"https:\/\/www.pm.pb.gov.br\/portal\/#website"},"datePublished":"2023-08-02T20:20:04+00:00","dateModified":"2023-08-02T20:20:05+00:00","breadcrumb":{"@id":"https:\/\/www.pm.pb.gov.br\/portal\/2023\/08\/02\/policia-militar-recaptura-dois-foragidos-da-justica-no-varadouro-na-capital-penas-dos-acusados-somam-mais-de-30-anos\/#breadcrumb"},"inLanguage":"pt-BR","potentialAction":[{"@type":"ReadAction","target":["https:\/\/www.pm.pb.gov.br\/portal\/2023\/08\/02\/policia-militar-recaptura-dois-foragidos-da-justica-no-varadouro-na-capital-penas-dos-acusados-somam-mais-de-30-anos\/"]}]},{"@type":"BreadcrumbList","@id":"https:\/\/www.pm.pb.gov.br\/portal\/2023\/08\/02\/policia-militar-recaptura-dois-foragidos-da-justica-no-varadouro-na-capital-penas-dos-acusados-somam-mais-de-30-anos\/#breadcrumb","itemListElement":[{"@type":"ListItem","position":1,"name":"In\u00edcio","item":"https:\/\/www.pm.pb.gov.br\/portal\/"},{"@type":"ListItem","position":2,"name":"Pol\u00edcia Militar recaptura dois foragidos da Justi\u00e7a no Varadouro, na capital; penas dos acusados somam mais de 30 anos"}]},{"@type":"WebSite","@id":"https:\/\/www.pm.pb.gov.br\/portal\/#website","url":"https:\/\/www.pm.pb.gov.br\/portal\/","name":"Pol\u00edcia Militar da Para\u00edba","description":"","publisher":{"@id":"https:\/\/www.pm.pb.gov.br\/portal\/#organization"},"potentialAction":[{"@type":"SearchAction","target":{"@type":"EntryPoint","urlTemplate":"https:\/\/www.pm.pb.gov.br\/portal\/?s={search_term_string}"},"query-input":"required name=search_term_string"}],"inLanguage":"pt-BR"},{"@type":"Organization","@id":"https:\/\/www.pm.pb.gov.br\/portal\/#organization","name":"Pol\u00edcia Militar da Para\u00edba","url":"https:\/\/www.pm.pb.gov.br\/portal\/","logo":{"@type":"ImageObject","inLanguage":"pt-BR","@id":"https:\/\/www.pm.pb.gov.br\/portal\/#\/schema\/logo\/image\/","url":"https:\/\/www.pm.pb.gov.br\/portal\/wp-content\/uploads\/2025\/03\/cropped-logo-site-mag2-1.png","contentUrl":"https:\/\/www.pm.pb.gov.br\/portal\/wp-content\/uploads\/2025\/03\/cropped-logo-site-mag2-1.png","width":320,"height":90,"caption":"Pol\u00edcia Militar da Para\u00edba"},"image":{"@id":"https:\/\/www.pm.pb.gov.br\/portal\/#\/schema\/logo\/image\/"}},{"@type":"Person","@id":"https:\/\/www.pm.pb.gov.br\/portal\/#\/schema\/person\/f84f56dcc78ce4357054da888b8247fd","name":"Tarcisio Oliveira","image":{"@type":"ImageObject","inLanguage":"pt-BR","@id":"https:\/\/www.pm.pb.gov.br\/portal\/#\/schema\/person\/image\/","url":"https:\/\/secure.gravatar.com\/avatar\/72917b630b69d31cd0297507f34bac97?s=96&d=mm&r=g","contentUrl":"https:\/\/secure.gravatar.com\/avatar\/72917b630b69d31cd0297507f34bac97?s=96&d=mm&r=g","caption":"Tarcisio Oliveira"},"url":"https:\/\/www.pm.pb.gov.br\/portal\/author\/tarcisio\/"}]}},"_links":{"self":[{"href":"https:\/\/www.pm.pb.gov.br\/portal\/wp-json\/wp\/v2\/posts\/917631"}],"collection":[{"href":"https:\/\/www.pm.pb.gov.br\/portal\/wp-json\/wp\/v2\/posts"}],"about":[{"href":"https:\/\/www.pm.pb.gov.br\/portal\/wp-json\/wp\/v2\/types\/post"}],"author":[{"embeddable":true,"href":"https:\/\/www.pm.pb.gov.br\/portal\/wp-json\/wp\/v2\/users\/12"}],"replies":[{"embeddable":true,"href":"https:\/\/www.pm.pb.gov.br\/portal\/wp-json\/wp\/v2\/comments?post=917631"}],"version-history":[{"count":1,"href":"https:\/\/www.pm.pb.gov.br\/portal\/wp-json\/wp\/v2\/posts\/917631\/revisions"}],"predecessor-version":[{"id":917632,"href":"https:\/\/www.pm.pb.gov.br\/portal\/wp-json\/wp\/v2\/posts\/917631\/revisions\/917632"}],"wp:featuredmedia":[{"embeddable":true,"href":"https:\/\/www.pm.pb.gov.br\/portal\/wp-json\/wp\/v2\/media\/909015"}],"wp:attachment":[{"href":"https:\/\/www.pm.pb.gov.br\/portal\/wp-json\/wp\/v2\/media?parent=917631"}],"wp:term":[{"taxonomy":"category","embeddable":true,"href":"https:\/\/www.pm.pb.gov.br\/portal\/wp-json\/wp\/v2\/categories?post=917631"},{"taxonomy":"post_tag","embeddable":true,"href":"https:\/\/www.pm.pb.gov.br\/portal\/wp-json\/wp\/v2\/tags?post=917631"}],"curies":[{"name":"wp","href":"https:\/\/api.w.org\/{rel}","templated":true}]}}