{"id":917602,"date":"2023-08-01T18:05:01","date_gmt":"2023-08-01T21:05:01","guid":{"rendered":"https:\/\/www.pm.pb.gov.br\/portal\/?p=917602"},"modified":"2023-08-06T12:55:19","modified_gmt":"2023-08-06T15:55:19","slug":"saiba-quem-tem-direito-a-isencao-da-taxa-de-inscricao-do-concurso-da-policia-militar-e-corpo-de-bombeiros","status":"publish","type":"post","link":"https:\/\/www.pm.pb.gov.br\/portal\/2023\/08\/01\/saiba-quem-tem-direito-a-isencao-da-taxa-de-inscricao-do-concurso-da-policia-militar-e-corpo-de-bombeiros\/","title":{"rendered":"Saiba quem tem direito \u00e0 isen\u00e7\u00e3o da taxa de inscri\u00e7\u00e3o do concurso da Pol\u00edcia Militar e Corpo de Bombeiros"},"content":{"rendered":"\n<p>Est\u00e3o abertas as inscri\u00e7\u00f5es para o concurso com 1.100 vagas para soldado da Pol\u00edcia Militar e 200 vagas para soldado do Corpo de Bombeiros Militar. Para se inscrever, o candidato deve acessar o site do IBFC (www.ibfc.org.br) at\u00e9 o dia 30 de agosto. A taxa cobrada \u00e9 de 120 reais e pode deve ser paga em ag\u00eancia banc\u00e1ria ou internet banking do Banco do Brasil.<br><br>T\u00eam direito \u00e0 isen\u00e7\u00e3o do valor da taxa de inscri\u00e7\u00e3o os doadores de sangue \u00e0 rede hospitalar p\u00fablica ou conveniada com o SUS no Estado da Para\u00edba (no m\u00ednimo, tr\u00eas doa\u00e7\u00f5es nos 12 doze meses anteriores \u00e0 publica\u00e7\u00e3o do edital), de plasma sangu\u00edneo, de medula, doadoras de leite materno (desde que comprove que tenha sido doadora h\u00e1, no m\u00e1ximo, um ano da data de publica\u00e7\u00e3o do edital, entre outros requisitos) e transplantados e doadores que perten\u00e7am a fam\u00edlia inscrita no Cad\u00danico.<br><br>Para solicitar isen\u00e7\u00e3o \u2013 O prazo para solicitar isen\u00e7\u00e3o \u00e9 de 1\u00ba a 3 de agosto e deve ser feita no site www.ibfc.org.br . No site, tamb\u00e9m sair\u00e1 a rela\u00e7\u00e3o preliminar da an\u00e1lise do requerimento de isen\u00e7\u00e3o do pagamento do valor de inscri\u00e7\u00e3o, no dia 16 de agosto. <br><\/p>\n","protected":false},"excerpt":{"rendered":"<p>Est\u00e3o abertas as inscri\u00e7\u00f5es para o concurso com 1.100 vagas para soldado da Pol\u00edcia Militar e 200 vagas para soldado<\/p>\n","protected":false},"author":5,"featured_media":910568,"comment_status":"closed","ping_status":"closed","sticky":false,"template":"","format":"standard","meta":{"_exactmetrics_skip_tracking":false,"_exactmetrics_sitenote_active":false,"_exactmetrics_sitenote_note":"","_exactmetrics_sitenote_category":0,"footnotes":""},"categories":[33],"tags":[],"yoast_head":"<!-- This site is optimized with the Yoast SEO plugin v22.0 - https:\/\/yoast.com\/wordpress\/plugins\/seo\/ -->\n<title>Saiba quem tem direito \u00e0 isen\u00e7\u00e3o da taxa de inscri\u00e7\u00e3o do concurso da Pol\u00edcia Militar e Corpo de Bombeiros - Pol\u00edcia Militar da Para\u00edba<\/title>\n<meta name=\"robots\" content=\"index, follow, max-snippet:-1, max-image-preview:large, max-video-preview:-1\" \/>\n<link rel=\"canonical\" href=\"https:\/\/www.pm.pb.gov.br\/portal\/2023\/08\/01\/saiba-quem-tem-direito-a-isencao-da-taxa-de-inscricao-do-concurso-da-policia-militar-e-corpo-de-bombeiros\/\" \/>\n<meta property=\"og:locale\" content=\"pt_BR\" \/>\n<meta property=\"og:type\" content=\"article\" \/>\n<meta property=\"og:title\" content=\"Saiba quem tem direito \u00e0 isen\u00e7\u00e3o da taxa de inscri\u00e7\u00e3o do concurso da Pol\u00edcia Militar e Corpo de Bombeiros - Pol\u00edcia Militar da Para\u00edba\" \/>\n<meta property=\"og:description\" content=\"Est\u00e3o abertas as inscri\u00e7\u00f5es para o concurso com 1.100 vagas para soldado da Pol\u00edcia Militar e 200 vagas para soldado\" \/>\n<meta property=\"og:url\" content=\"https:\/\/www.pm.pb.gov.br\/portal\/2023\/08\/01\/saiba-quem-tem-direito-a-isencao-da-taxa-de-inscricao-do-concurso-da-policia-militar-e-corpo-de-bombeiros\/\" \/>\n<meta property=\"og:site_name\" content=\"Pol\u00edcia Militar da Para\u00edba\" \/>\n<meta property=\"article:published_time\" content=\"2023-08-01T21:05:01+00:00\" \/>\n<meta property=\"article:modified_time\" content=\"2023-08-06T15:55:19+00:00\" \/>\n<meta property=\"og:image\" content=\"http:\/\/www.pm.pb.gov.br\/portal\/wp-content\/uploads\/2021\/05\/foto_brasao-1.jpg\" \/>\n\t<meta property=\"og:image:width\" content=\"620\" \/>\n\t<meta property=\"og:image:height\" content=\"411\" \/>\n\t<meta property=\"og:image:type\" content=\"image\/jpeg\" \/>\n<meta name=\"author\" content=\"Assessoria de Imprensa da PMPB\" \/>\n<meta name=\"twitter:card\" content=\"summary_large_image\" \/>\n<meta name=\"twitter:label1\" content=\"Escrito por\" \/>\n\t<meta name=\"twitter:data1\" content=\"Assessoria de Imprensa da PMPB\" \/>\n\t<meta name=\"twitter:label2\" content=\"Est. tempo de leitura\" \/>\n\t<meta name=\"twitter:data2\" content=\"2 minutos\" \/>\n<script type=\"application\/ld+json\" class=\"yoast-schema-graph\">{\"@context\":\"https:\/\/schema.org\",\"@graph\":[{\"@type\":\"Article\",\"@id\":\"https:\/\/www.pm.pb.gov.br\/portal\/2023\/08\/01\/saiba-quem-tem-direito-a-isencao-da-taxa-de-inscricao-do-concurso-da-policia-militar-e-corpo-de-bombeiros\/#article\",\"isPartOf\":{\"@id\":\"https:\/\/www.pm.pb.gov.br\/portal\/2023\/08\/01\/saiba-quem-tem-direito-a-isencao-da-taxa-de-inscricao-do-concurso-da-policia-militar-e-corpo-de-bombeiros\/\"},\"author\":{\"name\":\"Assessoria de Imprensa da PMPB\",\"@id\":\"https:\/\/www.pm.pb.gov.br\/portal\/#\/schema\/person\/e8454f46651c3ecf0e1ba3c1666d9947\"},\"headline\":\"Saiba quem tem direito \u00e0 isen\u00e7\u00e3o da taxa de inscri\u00e7\u00e3o do concurso da Pol\u00edcia Militar e Corpo de Bombeiros\",\"datePublished\":\"2023-08-01T21:05:01+00:00\",\"dateModified\":\"2023-08-06T15:55:19+00:00\",\"mainEntityOfPage\":{\"@id\":\"https:\/\/www.pm.pb.gov.br\/portal\/2023\/08\/01\/saiba-quem-tem-direito-a-isencao-da-taxa-de-inscricao-do-concurso-da-policia-militar-e-corpo-de-bombeiros\/\"},\"wordCount\":233,\"publisher\":{\"@id\":\"https:\/\/www.pm.pb.gov.br\/portal\/#organization\"},\"articleSection\":[\"Concurso CFSd 2023\"],\"inLanguage\":\"pt-BR\"},{\"@type\":\"WebPage\",\"@id\":\"https:\/\/www.pm.pb.gov.br\/portal\/2023\/08\/01\/saiba-quem-tem-direito-a-isencao-da-taxa-de-inscricao-do-concurso-da-policia-militar-e-corpo-de-bombeiros\/\",\"url\":\"https:\/\/www.pm.pb.gov.br\/portal\/2023\/08\/01\/saiba-quem-tem-direito-a-isencao-da-taxa-de-inscricao-do-concurso-da-policia-militar-e-corpo-de-bombeiros\/\",\"name\":\"Saiba quem tem direito \u00e0 isen\u00e7\u00e3o da taxa de inscri\u00e7\u00e3o do concurso da Pol\u00edcia Militar e Corpo de Bombeiros - Pol\u00edcia Militar da Para\u00edba\",\"isPartOf\":{\"@id\":\"https:\/\/www.pm.pb.gov.br\/portal\/#website\"},\"datePublished\":\"2023-08-01T21:05:01+00:00\",\"dateModified\":\"2023-08-06T15:55:19+00:00\",\"breadcrumb\":{\"@id\":\"https:\/\/www.pm.pb.gov.br\/portal\/2023\/08\/01\/saiba-quem-tem-direito-a-isencao-da-taxa-de-inscricao-do-concurso-da-policia-militar-e-corpo-de-bombeiros\/#breadcrumb\"},\"inLanguage\":\"pt-BR\",\"potentialAction\":[{\"@type\":\"ReadAction\",\"target\":[\"https:\/\/www.pm.pb.gov.br\/portal\/2023\/08\/01\/saiba-quem-tem-direito-a-isencao-da-taxa-de-inscricao-do-concurso-da-policia-militar-e-corpo-de-bombeiros\/\"]}]},{\"@type\":\"BreadcrumbList\",\"@id\":\"https:\/\/www.pm.pb.gov.br\/portal\/2023\/08\/01\/saiba-quem-tem-direito-a-isencao-da-taxa-de-inscricao-do-concurso-da-policia-militar-e-corpo-de-bombeiros\/#breadcrumb\",\"itemListElement\":[{\"@type\":\"ListItem\",\"position\":1,\"name\":\"In\u00edcio\",\"item\":\"https:\/\/www.pm.pb.gov.br\/portal\/\"},{\"@type\":\"ListItem\",\"position\":2,\"name\":\"Saiba quem tem direito \u00e0 isen\u00e7\u00e3o da taxa de inscri\u00e7\u00e3o do concurso da Pol\u00edcia Militar e Corpo de Bombeiros\"}]},{\"@type\":\"WebSite\",\"@id\":\"https:\/\/www.pm.pb.gov.br\/portal\/#website\",\"url\":\"https:\/\/www.pm.pb.gov.br\/portal\/\",\"name\":\"Pol\u00edcia Militar da Para\u00edba\",\"description\":\"\",\"publisher\":{\"@id\":\"https:\/\/www.pm.pb.gov.br\/portal\/#organization\"},\"potentialAction\":[{\"@type\":\"SearchAction\",\"target\":{\"@type\":\"EntryPoint\",\"urlTemplate\":\"https:\/\/www.pm.pb.gov.br\/portal\/?s={search_term_string}\"},\"query-input\":\"required name=search_term_string\"}],\"inLanguage\":\"pt-BR\"},{\"@type\":\"Organization\",\"@id\":\"https:\/\/www.pm.pb.gov.br\/portal\/#organization\",\"name\":\"Pol\u00edcia Militar da Para\u00edba\",\"url\":\"https:\/\/www.pm.pb.gov.br\/portal\/\",\"logo\":{\"@type\":\"ImageObject\",\"inLanguage\":\"pt-BR\",\"@id\":\"https:\/\/www.pm.pb.gov.br\/portal\/#\/schema\/logo\/image\/\",\"url\":\"https:\/\/www.pm.pb.gov.br\/portal\/wp-content\/uploads\/2025\/03\/cropped-logo-site-mag2-1.png\",\"contentUrl\":\"https:\/\/www.pm.pb.gov.br\/portal\/wp-content\/uploads\/2025\/03\/cropped-logo-site-mag2-1.png\",\"width\":320,\"height\":90,\"caption\":\"Pol\u00edcia Militar da Para\u00edba\"},\"image\":{\"@id\":\"https:\/\/www.pm.pb.gov.br\/portal\/#\/schema\/logo\/image\/\"}},{\"@type\":\"Person\",\"@id\":\"https:\/\/www.pm.pb.gov.br\/portal\/#\/schema\/person\/e8454f46651c3ecf0e1ba3c1666d9947\",\"name\":\"Assessoria de Imprensa da PMPB\",\"image\":{\"@type\":\"ImageObject\",\"inLanguage\":\"pt-BR\",\"@id\":\"https:\/\/www.pm.pb.gov.br\/portal\/#\/schema\/person\/image\/\",\"url\":\"https:\/\/secure.gravatar.com\/avatar\/2efe197438265d1e90bd98c4c8e1acf8?s=96&d=mm&r=g\",\"contentUrl\":\"https:\/\/secure.gravatar.com\/avatar\/2efe197438265d1e90bd98c4c8e1acf8?s=96&d=mm&r=g\",\"caption\":\"Assessoria de Imprensa da PMPB\"},\"url\":\"https:\/\/www.pm.pb.gov.br\/portal\/author\/assessoria\/\"}]}<\/script>\n<!-- \/ Yoast SEO plugin. -->","yoast_head_json":{"title":"Saiba quem tem direito \u00e0 isen\u00e7\u00e3o da taxa de inscri\u00e7\u00e3o do concurso da Pol\u00edcia Militar e Corpo de Bombeiros - Pol\u00edcia Militar da Para\u00edba","robots":{"index":"index","follow":"follow","max-snippet":"max-snippet:-1","max-image-preview":"max-image-preview:large","max-video-preview":"max-video-preview:-1"},"canonical":"https:\/\/www.pm.pb.gov.br\/portal\/2023\/08\/01\/saiba-quem-tem-direito-a-isencao-da-taxa-de-inscricao-do-concurso-da-policia-militar-e-corpo-de-bombeiros\/","og_locale":"pt_BR","og_type":"article","og_title":"Saiba quem tem direito \u00e0 isen\u00e7\u00e3o da taxa de inscri\u00e7\u00e3o do concurso da Pol\u00edcia Militar e Corpo de Bombeiros - Pol\u00edcia Militar da Para\u00edba","og_description":"Est\u00e3o abertas as inscri\u00e7\u00f5es para o concurso com 1.100 vagas para soldado da Pol\u00edcia Militar e 200 vagas para soldado","og_url":"https:\/\/www.pm.pb.gov.br\/portal\/2023\/08\/01\/saiba-quem-tem-direito-a-isencao-da-taxa-de-inscricao-do-concurso-da-policia-militar-e-corpo-de-bombeiros\/","og_site_name":"Pol\u00edcia Militar da Para\u00edba","article_published_time":"2023-08-01T21:05:01+00:00","article_modified_time":"2023-08-06T15:55:19+00:00","og_image":[{"width":620,"height":411,"url":"http:\/\/www.pm.pb.gov.br\/portal\/wp-content\/uploads\/2021\/05\/foto_brasao-1.jpg","type":"image\/jpeg"}],"author":"Assessoria de Imprensa da PMPB","twitter_card":"summary_large_image","twitter_misc":{"Escrito por":"Assessoria de Imprensa da PMPB","Est. tempo de leitura":"2 minutos"},"schema":{"@context":"https:\/\/schema.org","@graph":[{"@type":"Article","@id":"https:\/\/www.pm.pb.gov.br\/portal\/2023\/08\/01\/saiba-quem-tem-direito-a-isencao-da-taxa-de-inscricao-do-concurso-da-policia-militar-e-corpo-de-bombeiros\/#article","isPartOf":{"@id":"https:\/\/www.pm.pb.gov.br\/portal\/2023\/08\/01\/saiba-quem-tem-direito-a-isencao-da-taxa-de-inscricao-do-concurso-da-policia-militar-e-corpo-de-bombeiros\/"},"author":{"name":"Assessoria de Imprensa da PMPB","@id":"https:\/\/www.pm.pb.gov.br\/portal\/#\/schema\/person\/e8454f46651c3ecf0e1ba3c1666d9947"},"headline":"Saiba quem tem direito \u00e0 isen\u00e7\u00e3o da taxa de inscri\u00e7\u00e3o do concurso da Pol\u00edcia Militar e Corpo de Bombeiros","datePublished":"2023-08-01T21:05:01+00:00","dateModified":"2023-08-06T15:55:19+00:00","mainEntityOfPage":{"@id":"https:\/\/www.pm.pb.gov.br\/portal\/2023\/08\/01\/saiba-quem-tem-direito-a-isencao-da-taxa-de-inscricao-do-concurso-da-policia-militar-e-corpo-de-bombeiros\/"},"wordCount":233,"publisher":{"@id":"https:\/\/www.pm.pb.gov.br\/portal\/#organization"},"articleSection":["Concurso CFSd 2023"],"inLanguage":"pt-BR"},{"@type":"WebPage","@id":"https:\/\/www.pm.pb.gov.br\/portal\/2023\/08\/01\/saiba-quem-tem-direito-a-isencao-da-taxa-de-inscricao-do-concurso-da-policia-militar-e-corpo-de-bombeiros\/","url":"https:\/\/www.pm.pb.gov.br\/portal\/2023\/08\/01\/saiba-quem-tem-direito-a-isencao-da-taxa-de-inscricao-do-concurso-da-policia-militar-e-corpo-de-bombeiros\/","name":"Saiba quem tem direito \u00e0 isen\u00e7\u00e3o da taxa de inscri\u00e7\u00e3o do concurso da Pol\u00edcia Militar e Corpo de Bombeiros - Pol\u00edcia Militar da Para\u00edba","isPartOf":{"@id":"https:\/\/www.pm.pb.gov.br\/portal\/#website"},"datePublished":"2023-08-01T21:05:01+00:00","dateModified":"2023-08-06T15:55:19+00:00","breadcrumb":{"@id":"https:\/\/www.pm.pb.gov.br\/portal\/2023\/08\/01\/saiba-quem-tem-direito-a-isencao-da-taxa-de-inscricao-do-concurso-da-policia-militar-e-corpo-de-bombeiros\/#breadcrumb"},"inLanguage":"pt-BR","potentialAction":[{"@type":"ReadAction","target":["https:\/\/www.pm.pb.gov.br\/portal\/2023\/08\/01\/saiba-quem-tem-direito-a-isencao-da-taxa-de-inscricao-do-concurso-da-policia-militar-e-corpo-de-bombeiros\/"]}]},{"@type":"BreadcrumbList","@id":"https:\/\/www.pm.pb.gov.br\/portal\/2023\/08\/01\/saiba-quem-tem-direito-a-isencao-da-taxa-de-inscricao-do-concurso-da-policia-militar-e-corpo-de-bombeiros\/#breadcrumb","itemListElement":[{"@type":"ListItem","position":1,"name":"In\u00edcio","item":"https:\/\/www.pm.pb.gov.br\/portal\/"},{"@type":"ListItem","position":2,"name":"Saiba quem tem direito \u00e0 isen\u00e7\u00e3o da taxa de inscri\u00e7\u00e3o do concurso da Pol\u00edcia Militar e Corpo de Bombeiros"}]},{"@type":"WebSite","@id":"https:\/\/www.pm.pb.gov.br\/portal\/#website","url":"https:\/\/www.pm.pb.gov.br\/portal\/","name":"Pol\u00edcia Militar da Para\u00edba","description":"","publisher":{"@id":"https:\/\/www.pm.pb.gov.br\/portal\/#organization"},"potentialAction":[{"@type":"SearchAction","target":{"@type":"EntryPoint","urlTemplate":"https:\/\/www.pm.pb.gov.br\/portal\/?s={search_term_string}"},"query-input":"required name=search_term_string"}],"inLanguage":"pt-BR"},{"@type":"Organization","@id":"https:\/\/www.pm.pb.gov.br\/portal\/#organization","name":"Pol\u00edcia Militar da Para\u00edba","url":"https:\/\/www.pm.pb.gov.br\/portal\/","logo":{"@type":"ImageObject","inLanguage":"pt-BR","@id":"https:\/\/www.pm.pb.gov.br\/portal\/#\/schema\/logo\/image\/","url":"https:\/\/www.pm.pb.gov.br\/portal\/wp-content\/uploads\/2025\/03\/cropped-logo-site-mag2-1.png","contentUrl":"https:\/\/www.pm.pb.gov.br\/portal\/wp-content\/uploads\/2025\/03\/cropped-logo-site-mag2-1.png","width":320,"height":90,"caption":"Pol\u00edcia Militar da Para\u00edba"},"image":{"@id":"https:\/\/www.pm.pb.gov.br\/portal\/#\/schema\/logo\/image\/"}},{"@type":"Person","@id":"https:\/\/www.pm.pb.gov.br\/portal\/#\/schema\/person\/e8454f46651c3ecf0e1ba3c1666d9947","name":"Assessoria de Imprensa da PMPB","image":{"@type":"ImageObject","inLanguage":"pt-BR","@id":"https:\/\/www.pm.pb.gov.br\/portal\/#\/schema\/person\/image\/","url":"https:\/\/secure.gravatar.com\/avatar\/2efe197438265d1e90bd98c4c8e1acf8?s=96&d=mm&r=g","contentUrl":"https:\/\/secure.gravatar.com\/avatar\/2efe197438265d1e90bd98c4c8e1acf8?s=96&d=mm&r=g","caption":"Assessoria de Imprensa da PMPB"},"url":"https:\/\/www.pm.pb.gov.br\/portal\/author\/assessoria\/"}]}},"_links":{"self":[{"href":"https:\/\/www.pm.pb.gov.br\/portal\/wp-json\/wp\/v2\/posts\/917602"}],"collection":[{"href":"https:\/\/www.pm.pb.gov.br\/portal\/wp-json\/wp\/v2\/posts"}],"about":[{"href":"https:\/\/www.pm.pb.gov.br\/portal\/wp-json\/wp\/v2\/types\/post"}],"author":[{"embeddable":true,"href":"https:\/\/www.pm.pb.gov.br\/portal\/wp-json\/wp\/v2\/users\/5"}],"replies":[{"embeddable":true,"href":"https:\/\/www.pm.pb.gov.br\/portal\/wp-json\/wp\/v2\/comments?post=917602"}],"version-history":[{"count":2,"href":"https:\/\/www.pm.pb.gov.br\/portal\/wp-json\/wp\/v2\/posts\/917602\/revisions"}],"predecessor-version":[{"id":917605,"href":"https:\/\/www.pm.pb.gov.br\/portal\/wp-json\/wp\/v2\/posts\/917602\/revisions\/917605"}],"wp:featuredmedia":[{"embeddable":true,"href":"https:\/\/www.pm.pb.gov.br\/portal\/wp-json\/wp\/v2\/media\/910568"}],"wp:attachment":[{"href":"https:\/\/www.pm.pb.gov.br\/portal\/wp-json\/wp\/v2\/media?parent=917602"}],"wp:term":[{"taxonomy":"category","embeddable":true,"href":"https:\/\/www.pm.pb.gov.br\/portal\/wp-json\/wp\/v2\/categories?post=917602"},{"taxonomy":"post_tag","embeddable":true,"href":"https:\/\/www.pm.pb.gov.br\/portal\/wp-json\/wp\/v2\/tags?post=917602"}],"curies":[{"name":"wp","href":"https:\/\/api.w.org\/{rel}","templated":true}]}}