{"id":917597,"date":"2023-08-01T18:07:22","date_gmt":"2023-08-01T21:07:22","guid":{"rendered":"https:\/\/www.pm.pb.gov.br\/portal\/?p=917597"},"modified":"2023-08-06T12:55:35","modified_gmt":"2023-08-06T15:55:35","slug":"preparacao-para-os-testes-fisicos-deve-ser-feita-junto-com-os-estudos-para-o-exame-intelectual","status":"publish","type":"post","link":"https:\/\/www.pm.pb.gov.br\/portal\/2023\/08\/01\/preparacao-para-os-testes-fisicos-deve-ser-feita-junto-com-os-estudos-para-o-exame-intelectual\/","title":{"rendered":"Prepara\u00e7\u00e3o para os testes f\u00edsicos deve ser feita junto com os estudos para o exame intelectual"},"content":{"rendered":"\n<p>Para ficar com uma das 1.100 vagas do concurso para soldado da Pol\u00edcia Militar e do Corpo de Bombeiros, o candidato tem que passar por quatro etapas: exame intelectual, exame psicol\u00f3gico, exame de sa\u00fade e os testes de aptid\u00e3o f\u00edsica. A comiss\u00e3o do certame orienta que a prepara\u00e7\u00e3o para a \u00faltima fase, que \u00e9 o TAF (teste de aptid\u00e3o f\u00edsica), comece de agora, junto com os estudos para a prova intelectual.<br><br>Na primeira etapa, o candidato vai fazer uma prova objetiva com 80 quest\u00f5es e uma reda\u00e7\u00e3o, em cinco horas. Somente ser\u00e3o corrigidas as reda\u00e7\u00f5es dos candidatos habilitados em at\u00e9 quatro vezes o n\u00famero de vagas na prova objetiva. A corre\u00e7\u00e3o da prova discursiva (a reda\u00e7\u00e3o) \u00e9 eliminat\u00f3ria e classificat\u00f3ria, com pontua\u00e7\u00e3o de 0 a 10. S\u00f3 ser\u00e1 habilitado, quem nela tiver nota igual ou superior a 5 pontos.<br><br>Os habilitados na prova discursiva ser\u00e3o submetidos ao exame psicol\u00f3gico, que tamb\u00e9m tem car\u00e1ter eliminat\u00f3rio. S\u00f3 passar\u00e3o para pr\u00f3xima fase os considerados aptos. A terceira etapa \u00e9 o exame de sa\u00fade, que tem car\u00e1ter eliminat\u00f3rio e serve para avaliar, atrav\u00e9s de exames e testes, se o militar apresenta sa\u00fade f\u00edsica e mental para desempenhar as atividades de policial ou bombeiro militar.<br><br>A \u00faltima fase, que requer prepara\u00e7\u00e3o a longo prazo, \u00e9 o teste de aptid\u00e3o f\u00edsica, onde s\u00e3o cobrados para os candidatos do sexo masculino cinco flex\u00f5es na barra fixa, corrida de 100 metros em 15 segundos, 35 abdominais remador em 1 minuto, corrida de 2.400 metros em 12 minutos e salto em altura de 1,20 metro (para PM) ou 50 metros de nata\u00e7\u00e3o em 1 minuto (para bombeiros). Para o feminino, s\u00e3o feitos testes de suspens\u00e3o de 10 segundos em barra fixa, corrida de 100 metros em 15 segundos, 30 abdominais remador em 1 minuto, corrida de 2.400 metros em 14 minutos e salto em altura de 1,00 metro (para PM) ou 50 metros de nata\u00e7\u00e3o em 1 minuto e 10 segundos (para bombeiros).<br><br>Das vagas \u2013 Para a Pol\u00edcia Militar, s\u00e3o 810 vagas para o sexo masculino e 90 para o sexo Feminino. No Corpo de Bombeiros, s\u00e3o 180 para o sexo masculino e 20 para o sexo feminino. 20% das vagas s\u00e3o para pessoas declaradas negras, conforme assegura a Lei Estadual n\u00ba 12.169\/2021. Tem vagas para os 4 regionais do Estado. Os detalhes est\u00e3o no item 3.2 do edital.<br><\/p>\n","protected":false},"excerpt":{"rendered":"<p>Para ficar com uma das 1.100 vagas do concurso para soldado da Pol\u00edcia Militar e do Corpo de Bombeiros, o<\/p>\n","protected":false},"author":5,"featured_media":917607,"comment_status":"closed","ping_status":"closed","sticky":false,"template":"","format":"standard","meta":{"_exactmetrics_skip_tracking":false,"_exactmetrics_sitenote_active":false,"_exactmetrics_sitenote_note":"","_exactmetrics_sitenote_category":0,"footnotes":""},"categories":[33],"tags":[],"yoast_head":"<!-- This site is optimized with the Yoast SEO plugin v22.0 - https:\/\/yoast.com\/wordpress\/plugins\/seo\/ -->\n<title>Prepara\u00e7\u00e3o para os testes f\u00edsicos deve ser feita junto com os estudos para o exame intelectual - Pol\u00edcia Militar da Para\u00edba<\/title>\n<meta name=\"robots\" content=\"index, follow, max-snippet:-1, max-image-preview:large, max-video-preview:-1\" \/>\n<link rel=\"canonical\" href=\"https:\/\/www.pm.pb.gov.br\/portal\/2023\/08\/01\/preparacao-para-os-testes-fisicos-deve-ser-feita-junto-com-os-estudos-para-o-exame-intelectual\/\" \/>\n<meta property=\"og:locale\" content=\"pt_BR\" \/>\n<meta property=\"og:type\" content=\"article\" \/>\n<meta property=\"og:title\" content=\"Prepara\u00e7\u00e3o para os testes f\u00edsicos deve ser feita junto com os estudos para o exame intelectual - Pol\u00edcia Militar da Para\u00edba\" \/>\n<meta property=\"og:description\" content=\"Para ficar com uma das 1.100 vagas do concurso para soldado da Pol\u00edcia Militar e do Corpo de Bombeiros, o\" \/>\n<meta property=\"og:url\" content=\"https:\/\/www.pm.pb.gov.br\/portal\/2023\/08\/01\/preparacao-para-os-testes-fisicos-deve-ser-feita-junto-com-os-estudos-para-o-exame-intelectual\/\" \/>\n<meta property=\"og:site_name\" content=\"Pol\u00edcia Militar da Para\u00edba\" \/>\n<meta property=\"article:published_time\" content=\"2023-08-01T21:07:22+00:00\" \/>\n<meta property=\"article:modified_time\" content=\"2023-08-06T15:55:35+00:00\" \/>\n<meta property=\"og:image\" content=\"http:\/\/www.pm.pb.gov.br\/portal\/wp-content\/uploads\/2023\/08\/WhatsApp-Image-2023-08-01-at-6.21.55-PM.jpeg\" \/>\n\t<meta property=\"og:image:width\" content=\"1600\" \/>\n\t<meta property=\"og:image:height\" content=\"900\" \/>\n\t<meta property=\"og:image:type\" content=\"image\/jpeg\" \/>\n<meta name=\"author\" content=\"Assessoria de Imprensa da PMPB\" \/>\n<meta name=\"twitter:card\" content=\"summary_large_image\" \/>\n<meta name=\"twitter:label1\" content=\"Escrito por\" \/>\n\t<meta name=\"twitter:data1\" content=\"Assessoria de Imprensa da PMPB\" \/>\n\t<meta name=\"twitter:label2\" content=\"Est. tempo de leitura\" \/>\n\t<meta name=\"twitter:data2\" content=\"3 minutos\" \/>\n<script type=\"application\/ld+json\" class=\"yoast-schema-graph\">{\"@context\":\"https:\/\/schema.org\",\"@graph\":[{\"@type\":\"Article\",\"@id\":\"https:\/\/www.pm.pb.gov.br\/portal\/2023\/08\/01\/preparacao-para-os-testes-fisicos-deve-ser-feita-junto-com-os-estudos-para-o-exame-intelectual\/#article\",\"isPartOf\":{\"@id\":\"https:\/\/www.pm.pb.gov.br\/portal\/2023\/08\/01\/preparacao-para-os-testes-fisicos-deve-ser-feita-junto-com-os-estudos-para-o-exame-intelectual\/\"},\"author\":{\"name\":\"Assessoria de Imprensa da PMPB\",\"@id\":\"https:\/\/www.pm.pb.gov.br\/portal\/#\/schema\/person\/e8454f46651c3ecf0e1ba3c1666d9947\"},\"headline\":\"Prepara\u00e7\u00e3o para os testes f\u00edsicos deve ser feita junto com os estudos para o exame intelectual\",\"datePublished\":\"2023-08-01T21:07:22+00:00\",\"dateModified\":\"2023-08-06T15:55:35+00:00\",\"mainEntityOfPage\":{\"@id\":\"https:\/\/www.pm.pb.gov.br\/portal\/2023\/08\/01\/preparacao-para-os-testes-fisicos-deve-ser-feita-junto-com-os-estudos-para-o-exame-intelectual\/\"},\"wordCount\":417,\"publisher\":{\"@id\":\"https:\/\/www.pm.pb.gov.br\/portal\/#organization\"},\"articleSection\":[\"Concurso CFSd 2023\"],\"inLanguage\":\"pt-BR\"},{\"@type\":\"WebPage\",\"@id\":\"https:\/\/www.pm.pb.gov.br\/portal\/2023\/08\/01\/preparacao-para-os-testes-fisicos-deve-ser-feita-junto-com-os-estudos-para-o-exame-intelectual\/\",\"url\":\"https:\/\/www.pm.pb.gov.br\/portal\/2023\/08\/01\/preparacao-para-os-testes-fisicos-deve-ser-feita-junto-com-os-estudos-para-o-exame-intelectual\/\",\"name\":\"Prepara\u00e7\u00e3o para os testes f\u00edsicos deve ser feita junto com os estudos para o exame intelectual - Pol\u00edcia Militar da Para\u00edba\",\"isPartOf\":{\"@id\":\"https:\/\/www.pm.pb.gov.br\/portal\/#website\"},\"datePublished\":\"2023-08-01T21:07:22+00:00\",\"dateModified\":\"2023-08-06T15:55:35+00:00\",\"breadcrumb\":{\"@id\":\"https:\/\/www.pm.pb.gov.br\/portal\/2023\/08\/01\/preparacao-para-os-testes-fisicos-deve-ser-feita-junto-com-os-estudos-para-o-exame-intelectual\/#breadcrumb\"},\"inLanguage\":\"pt-BR\",\"potentialAction\":[{\"@type\":\"ReadAction\",\"target\":[\"https:\/\/www.pm.pb.gov.br\/portal\/2023\/08\/01\/preparacao-para-os-testes-fisicos-deve-ser-feita-junto-com-os-estudos-para-o-exame-intelectual\/\"]}]},{\"@type\":\"BreadcrumbList\",\"@id\":\"https:\/\/www.pm.pb.gov.br\/portal\/2023\/08\/01\/preparacao-para-os-testes-fisicos-deve-ser-feita-junto-com-os-estudos-para-o-exame-intelectual\/#breadcrumb\",\"itemListElement\":[{\"@type\":\"ListItem\",\"position\":1,\"name\":\"In\u00edcio\",\"item\":\"https:\/\/www.pm.pb.gov.br\/portal\/\"},{\"@type\":\"ListItem\",\"position\":2,\"name\":\"Prepara\u00e7\u00e3o para os testes f\u00edsicos deve ser feita junto com os estudos para o exame intelectual\"}]},{\"@type\":\"WebSite\",\"@id\":\"https:\/\/www.pm.pb.gov.br\/portal\/#website\",\"url\":\"https:\/\/www.pm.pb.gov.br\/portal\/\",\"name\":\"Pol\u00edcia Militar da Para\u00edba\",\"description\":\"\",\"publisher\":{\"@id\":\"https:\/\/www.pm.pb.gov.br\/portal\/#organization\"},\"potentialAction\":[{\"@type\":\"SearchAction\",\"target\":{\"@type\":\"EntryPoint\",\"urlTemplate\":\"https:\/\/www.pm.pb.gov.br\/portal\/?s={search_term_string}\"},\"query-input\":\"required name=search_term_string\"}],\"inLanguage\":\"pt-BR\"},{\"@type\":\"Organization\",\"@id\":\"https:\/\/www.pm.pb.gov.br\/portal\/#organization\",\"name\":\"Pol\u00edcia Militar da Para\u00edba\",\"url\":\"https:\/\/www.pm.pb.gov.br\/portal\/\",\"logo\":{\"@type\":\"ImageObject\",\"inLanguage\":\"pt-BR\",\"@id\":\"https:\/\/www.pm.pb.gov.br\/portal\/#\/schema\/logo\/image\/\",\"url\":\"https:\/\/www.pm.pb.gov.br\/portal\/wp-content\/uploads\/2025\/03\/cropped-logo-site-mag2-1.png\",\"contentUrl\":\"https:\/\/www.pm.pb.gov.br\/portal\/wp-content\/uploads\/2025\/03\/cropped-logo-site-mag2-1.png\",\"width\":320,\"height\":90,\"caption\":\"Pol\u00edcia Militar da Para\u00edba\"},\"image\":{\"@id\":\"https:\/\/www.pm.pb.gov.br\/portal\/#\/schema\/logo\/image\/\"}},{\"@type\":\"Person\",\"@id\":\"https:\/\/www.pm.pb.gov.br\/portal\/#\/schema\/person\/e8454f46651c3ecf0e1ba3c1666d9947\",\"name\":\"Assessoria de Imprensa da PMPB\",\"image\":{\"@type\":\"ImageObject\",\"inLanguage\":\"pt-BR\",\"@id\":\"https:\/\/www.pm.pb.gov.br\/portal\/#\/schema\/person\/image\/\",\"url\":\"https:\/\/secure.gravatar.com\/avatar\/2efe197438265d1e90bd98c4c8e1acf8?s=96&d=mm&r=g\",\"contentUrl\":\"https:\/\/secure.gravatar.com\/avatar\/2efe197438265d1e90bd98c4c8e1acf8?s=96&d=mm&r=g\",\"caption\":\"Assessoria de Imprensa da PMPB\"},\"url\":\"https:\/\/www.pm.pb.gov.br\/portal\/author\/assessoria\/\"}]}<\/script>\n<!-- \/ Yoast SEO plugin. -->","yoast_head_json":{"title":"Prepara\u00e7\u00e3o para os testes f\u00edsicos deve ser feita junto com os estudos para o exame intelectual - Pol\u00edcia Militar da Para\u00edba","robots":{"index":"index","follow":"follow","max-snippet":"max-snippet:-1","max-image-preview":"max-image-preview:large","max-video-preview":"max-video-preview:-1"},"canonical":"https:\/\/www.pm.pb.gov.br\/portal\/2023\/08\/01\/preparacao-para-os-testes-fisicos-deve-ser-feita-junto-com-os-estudos-para-o-exame-intelectual\/","og_locale":"pt_BR","og_type":"article","og_title":"Prepara\u00e7\u00e3o para os testes f\u00edsicos deve ser feita junto com os estudos para o exame intelectual - Pol\u00edcia Militar da Para\u00edba","og_description":"Para ficar com uma das 1.100 vagas do concurso para soldado da Pol\u00edcia Militar e do Corpo de Bombeiros, o","og_url":"https:\/\/www.pm.pb.gov.br\/portal\/2023\/08\/01\/preparacao-para-os-testes-fisicos-deve-ser-feita-junto-com-os-estudos-para-o-exame-intelectual\/","og_site_name":"Pol\u00edcia Militar da Para\u00edba","article_published_time":"2023-08-01T21:07:22+00:00","article_modified_time":"2023-08-06T15:55:35+00:00","og_image":[{"width":1600,"height":900,"url":"http:\/\/www.pm.pb.gov.br\/portal\/wp-content\/uploads\/2023\/08\/WhatsApp-Image-2023-08-01-at-6.21.55-PM.jpeg","type":"image\/jpeg"}],"author":"Assessoria de Imprensa da PMPB","twitter_card":"summary_large_image","twitter_misc":{"Escrito por":"Assessoria de Imprensa da PMPB","Est. tempo de leitura":"3 minutos"},"schema":{"@context":"https:\/\/schema.org","@graph":[{"@type":"Article","@id":"https:\/\/www.pm.pb.gov.br\/portal\/2023\/08\/01\/preparacao-para-os-testes-fisicos-deve-ser-feita-junto-com-os-estudos-para-o-exame-intelectual\/#article","isPartOf":{"@id":"https:\/\/www.pm.pb.gov.br\/portal\/2023\/08\/01\/preparacao-para-os-testes-fisicos-deve-ser-feita-junto-com-os-estudos-para-o-exame-intelectual\/"},"author":{"name":"Assessoria de Imprensa da PMPB","@id":"https:\/\/www.pm.pb.gov.br\/portal\/#\/schema\/person\/e8454f46651c3ecf0e1ba3c1666d9947"},"headline":"Prepara\u00e7\u00e3o para os testes f\u00edsicos deve ser feita junto com os estudos para o exame intelectual","datePublished":"2023-08-01T21:07:22+00:00","dateModified":"2023-08-06T15:55:35+00:00","mainEntityOfPage":{"@id":"https:\/\/www.pm.pb.gov.br\/portal\/2023\/08\/01\/preparacao-para-os-testes-fisicos-deve-ser-feita-junto-com-os-estudos-para-o-exame-intelectual\/"},"wordCount":417,"publisher":{"@id":"https:\/\/www.pm.pb.gov.br\/portal\/#organization"},"articleSection":["Concurso CFSd 2023"],"inLanguage":"pt-BR"},{"@type":"WebPage","@id":"https:\/\/www.pm.pb.gov.br\/portal\/2023\/08\/01\/preparacao-para-os-testes-fisicos-deve-ser-feita-junto-com-os-estudos-para-o-exame-intelectual\/","url":"https:\/\/www.pm.pb.gov.br\/portal\/2023\/08\/01\/preparacao-para-os-testes-fisicos-deve-ser-feita-junto-com-os-estudos-para-o-exame-intelectual\/","name":"Prepara\u00e7\u00e3o para os testes f\u00edsicos deve ser feita junto com os estudos para o exame intelectual - Pol\u00edcia Militar da Para\u00edba","isPartOf":{"@id":"https:\/\/www.pm.pb.gov.br\/portal\/#website"},"datePublished":"2023-08-01T21:07:22+00:00","dateModified":"2023-08-06T15:55:35+00:00","breadcrumb":{"@id":"https:\/\/www.pm.pb.gov.br\/portal\/2023\/08\/01\/preparacao-para-os-testes-fisicos-deve-ser-feita-junto-com-os-estudos-para-o-exame-intelectual\/#breadcrumb"},"inLanguage":"pt-BR","potentialAction":[{"@type":"ReadAction","target":["https:\/\/www.pm.pb.gov.br\/portal\/2023\/08\/01\/preparacao-para-os-testes-fisicos-deve-ser-feita-junto-com-os-estudos-para-o-exame-intelectual\/"]}]},{"@type":"BreadcrumbList","@id":"https:\/\/www.pm.pb.gov.br\/portal\/2023\/08\/01\/preparacao-para-os-testes-fisicos-deve-ser-feita-junto-com-os-estudos-para-o-exame-intelectual\/#breadcrumb","itemListElement":[{"@type":"ListItem","position":1,"name":"In\u00edcio","item":"https:\/\/www.pm.pb.gov.br\/portal\/"},{"@type":"ListItem","position":2,"name":"Prepara\u00e7\u00e3o para os testes f\u00edsicos deve ser feita junto com os estudos para o exame intelectual"}]},{"@type":"WebSite","@id":"https:\/\/www.pm.pb.gov.br\/portal\/#website","url":"https:\/\/www.pm.pb.gov.br\/portal\/","name":"Pol\u00edcia Militar da Para\u00edba","description":"","publisher":{"@id":"https:\/\/www.pm.pb.gov.br\/portal\/#organization"},"potentialAction":[{"@type":"SearchAction","target":{"@type":"EntryPoint","urlTemplate":"https:\/\/www.pm.pb.gov.br\/portal\/?s={search_term_string}"},"query-input":"required name=search_term_string"}],"inLanguage":"pt-BR"},{"@type":"Organization","@id":"https:\/\/www.pm.pb.gov.br\/portal\/#organization","name":"Pol\u00edcia Militar da Para\u00edba","url":"https:\/\/www.pm.pb.gov.br\/portal\/","logo":{"@type":"ImageObject","inLanguage":"pt-BR","@id":"https:\/\/www.pm.pb.gov.br\/portal\/#\/schema\/logo\/image\/","url":"https:\/\/www.pm.pb.gov.br\/portal\/wp-content\/uploads\/2025\/03\/cropped-logo-site-mag2-1.png","contentUrl":"https:\/\/www.pm.pb.gov.br\/portal\/wp-content\/uploads\/2025\/03\/cropped-logo-site-mag2-1.png","width":320,"height":90,"caption":"Pol\u00edcia Militar da Para\u00edba"},"image":{"@id":"https:\/\/www.pm.pb.gov.br\/portal\/#\/schema\/logo\/image\/"}},{"@type":"Person","@id":"https:\/\/www.pm.pb.gov.br\/portal\/#\/schema\/person\/e8454f46651c3ecf0e1ba3c1666d9947","name":"Assessoria de Imprensa da PMPB","image":{"@type":"ImageObject","inLanguage":"pt-BR","@id":"https:\/\/www.pm.pb.gov.br\/portal\/#\/schema\/person\/image\/","url":"https:\/\/secure.gravatar.com\/avatar\/2efe197438265d1e90bd98c4c8e1acf8?s=96&d=mm&r=g","contentUrl":"https:\/\/secure.gravatar.com\/avatar\/2efe197438265d1e90bd98c4c8e1acf8?s=96&d=mm&r=g","caption":"Assessoria de Imprensa da PMPB"},"url":"https:\/\/www.pm.pb.gov.br\/portal\/author\/assessoria\/"}]}},"_links":{"self":[{"href":"https:\/\/www.pm.pb.gov.br\/portal\/wp-json\/wp\/v2\/posts\/917597"}],"collection":[{"href":"https:\/\/www.pm.pb.gov.br\/portal\/wp-json\/wp\/v2\/posts"}],"about":[{"href":"https:\/\/www.pm.pb.gov.br\/portal\/wp-json\/wp\/v2\/types\/post"}],"author":[{"embeddable":true,"href":"https:\/\/www.pm.pb.gov.br\/portal\/wp-json\/wp\/v2\/users\/5"}],"replies":[{"embeddable":true,"href":"https:\/\/www.pm.pb.gov.br\/portal\/wp-json\/wp\/v2\/comments?post=917597"}],"version-history":[{"count":2,"href":"https:\/\/www.pm.pb.gov.br\/portal\/wp-json\/wp\/v2\/posts\/917597\/revisions"}],"predecessor-version":[{"id":917608,"href":"https:\/\/www.pm.pb.gov.br\/portal\/wp-json\/wp\/v2\/posts\/917597\/revisions\/917608"}],"wp:featuredmedia":[{"embeddable":true,"href":"https:\/\/www.pm.pb.gov.br\/portal\/wp-json\/wp\/v2\/media\/917607"}],"wp:attachment":[{"href":"https:\/\/www.pm.pb.gov.br\/portal\/wp-json\/wp\/v2\/media?parent=917597"}],"wp:term":[{"taxonomy":"category","embeddable":true,"href":"https:\/\/www.pm.pb.gov.br\/portal\/wp-json\/wp\/v2\/categories?post=917597"},{"taxonomy":"post_tag","embeddable":true,"href":"https:\/\/www.pm.pb.gov.br\/portal\/wp-json\/wp\/v2\/tags?post=917597"}],"curies":[{"name":"wp","href":"https:\/\/api.w.org\/{rel}","templated":true}]}}