{"id":917571,"date":"2023-07-31T16:49:17","date_gmt":"2023-07-31T19:49:17","guid":{"rendered":"https:\/\/www.pm.pb.gov.br\/portal\/?p=917571"},"modified":"2023-08-02T17:24:38","modified_gmt":"2023-08-02T20:24:38","slug":"inscricoes-para-o-concurso-da-policia-militar-e-corpo-de-bombeiros-comecam-nesta-terca-feira","status":"publish","type":"post","link":"https:\/\/www.pm.pb.gov.br\/portal\/2023\/07\/31\/inscricoes-para-o-concurso-da-policia-militar-e-corpo-de-bombeiros-comecam-nesta-terca-feira\/","title":{"rendered":"Inscri\u00e7\u00f5es para o concurso da Pol\u00edcia Militar e Corpo de Bombeiros come\u00e7am nesta ter\u00e7a-feira"},"content":{"rendered":"\n<p>As inscri\u00e7\u00f5es para o concurso de soldado da Pol\u00edcia Militar e do Corpo de Bombeiros Militar come\u00e7am nesta ter\u00e7a-feira (1\u00ba), a partir das 10h, no site www.ibfc.org.br . S\u00e3o 1.100 vagas, sendo 900 para policial e 200 para bombeiro.  A remunera\u00e7\u00e3o inicial do cargo \u00e9 de R$ 4.206,87, que pode ainda ser complementada com plant\u00e3o extra remunerado e gratifica\u00e7\u00f5es espec\u00edficas de fun\u00e7\u00f5es. A prova do certame ser\u00e1 no dia 29 de outubro. <br><br>Ao acessar o site, o candidato deve preencher o formul\u00e1rio de inscri\u00e7\u00e3o, conferir os dados, transmiti-los pela internet e anexar uma foto 3&#215;4 recente. Em seguida, deve ser providenciada a impress\u00e3o do boleto banc\u00e1rio para ser pago em ag\u00eancia banc\u00e1ria ou internet banking do Banco do Brasil. O valor cobrado \u00e9 de 120 reais.  <br> <br>As inscri\u00e7\u00f5es v\u00e3o at\u00e9 o dia 30 de agosto, mas o presidente da comiss\u00e3o do concurso, coronel Jos\u00e9 Ronildo, destaca a import\u00e2ncia de se antecipar para garantir logo a oportunidade de concorrer. \u201c\u00c9 recomendado que o interessado fa\u00e7a logo a sua inscri\u00e7\u00e3o e tamb\u00e9m o pagamento, j\u00e1 que s\u00f3 ap\u00f3s o pagamento \u00e9 que a inscri\u00e7\u00e3o \u00e9 efetivada. Fazendo antes, ele minimiza qualquer risco de perder essa oportunidade de fazer o concurso. \u00c9 se inscrever logo e estudar que estamos esperando pelos novos soldados\u201d, disse.<br><br>O candidato s\u00f3 pode optar para concorrer nas vagas de um dos comandos regionais, cujas sedes s\u00e3o em Jo\u00e3o Pessoa, Campina Grande, Patos e Guarabira. Tanto PM quanto bombeiros, t\u00eam vagas nessas quatro regi\u00f5es para os dois g\u00eaneros. 20% das vagas s\u00e3o reservadas para pessoas negras.<br><br>No momento da inscri\u00e7\u00e3o, o candidato deve informar o local que quer realizar a prova (Jo\u00e3o Pessoa\/regi\u00e3o metropolitana, Campina Grande, Patos, Cajazeiras e Guarabira) e a op\u00e7\u00e3o de l\u00edngua estrangeira (ingl\u00eas ou espanhol).<br><br><strong>Isen\u00e7\u00e3o da taxa da inscri\u00e7\u00e3o<\/strong> &#8211; Podem solicitar isen\u00e7\u00e3o da taxa os doadores de sangue, de medula, de plasma sangu\u00edneo, transplantados e doadores que perten\u00e7am a fam\u00edlia inscrita no Cad\u00danico e doadoras do leite materno. O requerimento de isen\u00e7\u00e3o do pagamento deve ser feito no site do IBFC, nestes tr\u00eas primeiros dias de inscri\u00e7\u00f5es, ou seja, entre esta ter\u00e7a e a pr\u00f3xima quinta-feira (3).<br><br><\/p>\n","protected":false},"excerpt":{"rendered":"<p>As inscri\u00e7\u00f5es para o concurso de soldado da Pol\u00edcia Militar e do Corpo de Bombeiros Militar come\u00e7am nesta ter\u00e7a-feira (1\u00ba),<\/p>\n","protected":false},"author":5,"featured_media":895515,"comment_status":"closed","ping_status":"closed","sticky":false,"template":"","format":"standard","meta":{"_exactmetrics_skip_tracking":false,"_exactmetrics_sitenote_active":false,"_exactmetrics_sitenote_note":"","_exactmetrics_sitenote_category":0,"footnotes":""},"categories":[33],"tags":[],"yoast_head":"<!-- This site is optimized with the Yoast SEO plugin v22.0 - https:\/\/yoast.com\/wordpress\/plugins\/seo\/ -->\n<title>Inscri\u00e7\u00f5es para o concurso da Pol\u00edcia Militar e Corpo de Bombeiros come\u00e7am nesta ter\u00e7a-feira - Pol\u00edcia Militar da Para\u00edba<\/title>\n<meta name=\"robots\" content=\"index, follow, max-snippet:-1, max-image-preview:large, max-video-preview:-1\" \/>\n<link rel=\"canonical\" href=\"https:\/\/www.pm.pb.gov.br\/portal\/2023\/07\/31\/inscricoes-para-o-concurso-da-policia-militar-e-corpo-de-bombeiros-comecam-nesta-terca-feira\/\" \/>\n<meta property=\"og:locale\" content=\"pt_BR\" \/>\n<meta property=\"og:type\" content=\"article\" \/>\n<meta property=\"og:title\" content=\"Inscri\u00e7\u00f5es para o concurso da Pol\u00edcia Militar e Corpo de Bombeiros come\u00e7am nesta ter\u00e7a-feira - Pol\u00edcia Militar da Para\u00edba\" \/>\n<meta property=\"og:description\" content=\"As inscri\u00e7\u00f5es para o concurso de soldado da Pol\u00edcia Militar e do Corpo de Bombeiros Militar come\u00e7am nesta ter\u00e7a-feira (1\u00ba),\" \/>\n<meta property=\"og:url\" content=\"https:\/\/www.pm.pb.gov.br\/portal\/2023\/07\/31\/inscricoes-para-o-concurso-da-policia-militar-e-corpo-de-bombeiros-comecam-nesta-terca-feira\/\" \/>\n<meta property=\"og:site_name\" content=\"Pol\u00edcia Militar da Para\u00edba\" \/>\n<meta property=\"article:published_time\" content=\"2023-07-31T19:49:17+00:00\" \/>\n<meta property=\"article:modified_time\" content=\"2023-08-02T20:24:38+00:00\" \/>\n<meta property=\"og:image\" content=\"http:\/\/www.pm.pb.gov.br\/portal\/wp-content\/uploads\/2017\/09\/ricardo-formacao-de-soldados-da-PMPB-foto-francisco-franca-8.jpg\" \/>\n\t<meta property=\"og:image:width\" content=\"1920\" \/>\n\t<meta property=\"og:image:height\" content=\"1068\" \/>\n\t<meta property=\"og:image:type\" content=\"image\/jpeg\" \/>\n<meta name=\"author\" content=\"Assessoria de Imprensa da PMPB\" \/>\n<meta name=\"twitter:card\" content=\"summary_large_image\" \/>\n<meta name=\"twitter:label1\" content=\"Escrito por\" \/>\n\t<meta name=\"twitter:data1\" content=\"Assessoria de Imprensa da PMPB\" \/>\n\t<meta name=\"twitter:label2\" content=\"Est. tempo de leitura\" \/>\n\t<meta name=\"twitter:data2\" content=\"2 minutos\" \/>\n<script type=\"application\/ld+json\" class=\"yoast-schema-graph\">{\"@context\":\"https:\/\/schema.org\",\"@graph\":[{\"@type\":\"Article\",\"@id\":\"https:\/\/www.pm.pb.gov.br\/portal\/2023\/07\/31\/inscricoes-para-o-concurso-da-policia-militar-e-corpo-de-bombeiros-comecam-nesta-terca-feira\/#article\",\"isPartOf\":{\"@id\":\"https:\/\/www.pm.pb.gov.br\/portal\/2023\/07\/31\/inscricoes-para-o-concurso-da-policia-militar-e-corpo-de-bombeiros-comecam-nesta-terca-feira\/\"},\"author\":{\"name\":\"Assessoria de Imprensa da PMPB\",\"@id\":\"https:\/\/www.pm.pb.gov.br\/portal\/#\/schema\/person\/e8454f46651c3ecf0e1ba3c1666d9947\"},\"headline\":\"Inscri\u00e7\u00f5es para o concurso da Pol\u00edcia Militar e Corpo de Bombeiros come\u00e7am nesta ter\u00e7a-feira\",\"datePublished\":\"2023-07-31T19:49:17+00:00\",\"dateModified\":\"2023-08-02T20:24:38+00:00\",\"mainEntityOfPage\":{\"@id\":\"https:\/\/www.pm.pb.gov.br\/portal\/2023\/07\/31\/inscricoes-para-o-concurso-da-policia-militar-e-corpo-de-bombeiros-comecam-nesta-terca-feira\/\"},\"wordCount\":408,\"publisher\":{\"@id\":\"https:\/\/www.pm.pb.gov.br\/portal\/#organization\"},\"articleSection\":[\"Concurso CFSd 2023\"],\"inLanguage\":\"pt-BR\"},{\"@type\":\"WebPage\",\"@id\":\"https:\/\/www.pm.pb.gov.br\/portal\/2023\/07\/31\/inscricoes-para-o-concurso-da-policia-militar-e-corpo-de-bombeiros-comecam-nesta-terca-feira\/\",\"url\":\"https:\/\/www.pm.pb.gov.br\/portal\/2023\/07\/31\/inscricoes-para-o-concurso-da-policia-militar-e-corpo-de-bombeiros-comecam-nesta-terca-feira\/\",\"name\":\"Inscri\u00e7\u00f5es para o concurso da Pol\u00edcia Militar e Corpo de Bombeiros come\u00e7am nesta ter\u00e7a-feira - Pol\u00edcia Militar da Para\u00edba\",\"isPartOf\":{\"@id\":\"https:\/\/www.pm.pb.gov.br\/portal\/#website\"},\"datePublished\":\"2023-07-31T19:49:17+00:00\",\"dateModified\":\"2023-08-02T20:24:38+00:00\",\"breadcrumb\":{\"@id\":\"https:\/\/www.pm.pb.gov.br\/portal\/2023\/07\/31\/inscricoes-para-o-concurso-da-policia-militar-e-corpo-de-bombeiros-comecam-nesta-terca-feira\/#breadcrumb\"},\"inLanguage\":\"pt-BR\",\"potentialAction\":[{\"@type\":\"ReadAction\",\"target\":[\"https:\/\/www.pm.pb.gov.br\/portal\/2023\/07\/31\/inscricoes-para-o-concurso-da-policia-militar-e-corpo-de-bombeiros-comecam-nesta-terca-feira\/\"]}]},{\"@type\":\"BreadcrumbList\",\"@id\":\"https:\/\/www.pm.pb.gov.br\/portal\/2023\/07\/31\/inscricoes-para-o-concurso-da-policia-militar-e-corpo-de-bombeiros-comecam-nesta-terca-feira\/#breadcrumb\",\"itemListElement\":[{\"@type\":\"ListItem\",\"position\":1,\"name\":\"In\u00edcio\",\"item\":\"https:\/\/www.pm.pb.gov.br\/portal\/\"},{\"@type\":\"ListItem\",\"position\":2,\"name\":\"Inscri\u00e7\u00f5es para o concurso da Pol\u00edcia Militar e Corpo de Bombeiros come\u00e7am nesta ter\u00e7a-feira\"}]},{\"@type\":\"WebSite\",\"@id\":\"https:\/\/www.pm.pb.gov.br\/portal\/#website\",\"url\":\"https:\/\/www.pm.pb.gov.br\/portal\/\",\"name\":\"Pol\u00edcia Militar da Para\u00edba\",\"description\":\"\",\"publisher\":{\"@id\":\"https:\/\/www.pm.pb.gov.br\/portal\/#organization\"},\"potentialAction\":[{\"@type\":\"SearchAction\",\"target\":{\"@type\":\"EntryPoint\",\"urlTemplate\":\"https:\/\/www.pm.pb.gov.br\/portal\/?s={search_term_string}\"},\"query-input\":\"required name=search_term_string\"}],\"inLanguage\":\"pt-BR\"},{\"@type\":\"Organization\",\"@id\":\"https:\/\/www.pm.pb.gov.br\/portal\/#organization\",\"name\":\"Pol\u00edcia Militar da Para\u00edba\",\"url\":\"https:\/\/www.pm.pb.gov.br\/portal\/\",\"logo\":{\"@type\":\"ImageObject\",\"inLanguage\":\"pt-BR\",\"@id\":\"https:\/\/www.pm.pb.gov.br\/portal\/#\/schema\/logo\/image\/\",\"url\":\"https:\/\/www.pm.pb.gov.br\/portal\/wp-content\/uploads\/2025\/03\/cropped-logo-site-mag2-1.png\",\"contentUrl\":\"https:\/\/www.pm.pb.gov.br\/portal\/wp-content\/uploads\/2025\/03\/cropped-logo-site-mag2-1.png\",\"width\":320,\"height\":90,\"caption\":\"Pol\u00edcia Militar da Para\u00edba\"},\"image\":{\"@id\":\"https:\/\/www.pm.pb.gov.br\/portal\/#\/schema\/logo\/image\/\"}},{\"@type\":\"Person\",\"@id\":\"https:\/\/www.pm.pb.gov.br\/portal\/#\/schema\/person\/e8454f46651c3ecf0e1ba3c1666d9947\",\"name\":\"Assessoria de Imprensa da PMPB\",\"image\":{\"@type\":\"ImageObject\",\"inLanguage\":\"pt-BR\",\"@id\":\"https:\/\/www.pm.pb.gov.br\/portal\/#\/schema\/person\/image\/\",\"url\":\"https:\/\/secure.gravatar.com\/avatar\/2efe197438265d1e90bd98c4c8e1acf8?s=96&d=mm&r=g\",\"contentUrl\":\"https:\/\/secure.gravatar.com\/avatar\/2efe197438265d1e90bd98c4c8e1acf8?s=96&d=mm&r=g\",\"caption\":\"Assessoria de Imprensa da PMPB\"},\"url\":\"https:\/\/www.pm.pb.gov.br\/portal\/author\/assessoria\/\"}]}<\/script>\n<!-- \/ Yoast SEO plugin. -->","yoast_head_json":{"title":"Inscri\u00e7\u00f5es para o concurso da Pol\u00edcia Militar e Corpo de Bombeiros come\u00e7am nesta ter\u00e7a-feira - Pol\u00edcia Militar da Para\u00edba","robots":{"index":"index","follow":"follow","max-snippet":"max-snippet:-1","max-image-preview":"max-image-preview:large","max-video-preview":"max-video-preview:-1"},"canonical":"https:\/\/www.pm.pb.gov.br\/portal\/2023\/07\/31\/inscricoes-para-o-concurso-da-policia-militar-e-corpo-de-bombeiros-comecam-nesta-terca-feira\/","og_locale":"pt_BR","og_type":"article","og_title":"Inscri\u00e7\u00f5es para o concurso da Pol\u00edcia Militar e Corpo de Bombeiros come\u00e7am nesta ter\u00e7a-feira - Pol\u00edcia Militar da Para\u00edba","og_description":"As inscri\u00e7\u00f5es para o concurso de soldado da Pol\u00edcia Militar e do Corpo de Bombeiros Militar come\u00e7am nesta ter\u00e7a-feira (1\u00ba),","og_url":"https:\/\/www.pm.pb.gov.br\/portal\/2023\/07\/31\/inscricoes-para-o-concurso-da-policia-militar-e-corpo-de-bombeiros-comecam-nesta-terca-feira\/","og_site_name":"Pol\u00edcia Militar da Para\u00edba","article_published_time":"2023-07-31T19:49:17+00:00","article_modified_time":"2023-08-02T20:24:38+00:00","og_image":[{"width":1920,"height":1068,"url":"http:\/\/www.pm.pb.gov.br\/portal\/wp-content\/uploads\/2017\/09\/ricardo-formacao-de-soldados-da-PMPB-foto-francisco-franca-8.jpg","type":"image\/jpeg"}],"author":"Assessoria de Imprensa da PMPB","twitter_card":"summary_large_image","twitter_misc":{"Escrito por":"Assessoria de Imprensa da PMPB","Est. tempo de leitura":"2 minutos"},"schema":{"@context":"https:\/\/schema.org","@graph":[{"@type":"Article","@id":"https:\/\/www.pm.pb.gov.br\/portal\/2023\/07\/31\/inscricoes-para-o-concurso-da-policia-militar-e-corpo-de-bombeiros-comecam-nesta-terca-feira\/#article","isPartOf":{"@id":"https:\/\/www.pm.pb.gov.br\/portal\/2023\/07\/31\/inscricoes-para-o-concurso-da-policia-militar-e-corpo-de-bombeiros-comecam-nesta-terca-feira\/"},"author":{"name":"Assessoria de Imprensa da PMPB","@id":"https:\/\/www.pm.pb.gov.br\/portal\/#\/schema\/person\/e8454f46651c3ecf0e1ba3c1666d9947"},"headline":"Inscri\u00e7\u00f5es para o concurso da Pol\u00edcia Militar e Corpo de Bombeiros come\u00e7am nesta ter\u00e7a-feira","datePublished":"2023-07-31T19:49:17+00:00","dateModified":"2023-08-02T20:24:38+00:00","mainEntityOfPage":{"@id":"https:\/\/www.pm.pb.gov.br\/portal\/2023\/07\/31\/inscricoes-para-o-concurso-da-policia-militar-e-corpo-de-bombeiros-comecam-nesta-terca-feira\/"},"wordCount":408,"publisher":{"@id":"https:\/\/www.pm.pb.gov.br\/portal\/#organization"},"articleSection":["Concurso CFSd 2023"],"inLanguage":"pt-BR"},{"@type":"WebPage","@id":"https:\/\/www.pm.pb.gov.br\/portal\/2023\/07\/31\/inscricoes-para-o-concurso-da-policia-militar-e-corpo-de-bombeiros-comecam-nesta-terca-feira\/","url":"https:\/\/www.pm.pb.gov.br\/portal\/2023\/07\/31\/inscricoes-para-o-concurso-da-policia-militar-e-corpo-de-bombeiros-comecam-nesta-terca-feira\/","name":"Inscri\u00e7\u00f5es para o concurso da Pol\u00edcia Militar e Corpo de Bombeiros come\u00e7am nesta ter\u00e7a-feira - Pol\u00edcia Militar da Para\u00edba","isPartOf":{"@id":"https:\/\/www.pm.pb.gov.br\/portal\/#website"},"datePublished":"2023-07-31T19:49:17+00:00","dateModified":"2023-08-02T20:24:38+00:00","breadcrumb":{"@id":"https:\/\/www.pm.pb.gov.br\/portal\/2023\/07\/31\/inscricoes-para-o-concurso-da-policia-militar-e-corpo-de-bombeiros-comecam-nesta-terca-feira\/#breadcrumb"},"inLanguage":"pt-BR","potentialAction":[{"@type":"ReadAction","target":["https:\/\/www.pm.pb.gov.br\/portal\/2023\/07\/31\/inscricoes-para-o-concurso-da-policia-militar-e-corpo-de-bombeiros-comecam-nesta-terca-feira\/"]}]},{"@type":"BreadcrumbList","@id":"https:\/\/www.pm.pb.gov.br\/portal\/2023\/07\/31\/inscricoes-para-o-concurso-da-policia-militar-e-corpo-de-bombeiros-comecam-nesta-terca-feira\/#breadcrumb","itemListElement":[{"@type":"ListItem","position":1,"name":"In\u00edcio","item":"https:\/\/www.pm.pb.gov.br\/portal\/"},{"@type":"ListItem","position":2,"name":"Inscri\u00e7\u00f5es para o concurso da Pol\u00edcia Militar e Corpo de Bombeiros come\u00e7am nesta ter\u00e7a-feira"}]},{"@type":"WebSite","@id":"https:\/\/www.pm.pb.gov.br\/portal\/#website","url":"https:\/\/www.pm.pb.gov.br\/portal\/","name":"Pol\u00edcia Militar da Para\u00edba","description":"","publisher":{"@id":"https:\/\/www.pm.pb.gov.br\/portal\/#organization"},"potentialAction":[{"@type":"SearchAction","target":{"@type":"EntryPoint","urlTemplate":"https:\/\/www.pm.pb.gov.br\/portal\/?s={search_term_string}"},"query-input":"required name=search_term_string"}],"inLanguage":"pt-BR"},{"@type":"Organization","@id":"https:\/\/www.pm.pb.gov.br\/portal\/#organization","name":"Pol\u00edcia Militar da Para\u00edba","url":"https:\/\/www.pm.pb.gov.br\/portal\/","logo":{"@type":"ImageObject","inLanguage":"pt-BR","@id":"https:\/\/www.pm.pb.gov.br\/portal\/#\/schema\/logo\/image\/","url":"https:\/\/www.pm.pb.gov.br\/portal\/wp-content\/uploads\/2025\/03\/cropped-logo-site-mag2-1.png","contentUrl":"https:\/\/www.pm.pb.gov.br\/portal\/wp-content\/uploads\/2025\/03\/cropped-logo-site-mag2-1.png","width":320,"height":90,"caption":"Pol\u00edcia Militar da Para\u00edba"},"image":{"@id":"https:\/\/www.pm.pb.gov.br\/portal\/#\/schema\/logo\/image\/"}},{"@type":"Person","@id":"https:\/\/www.pm.pb.gov.br\/portal\/#\/schema\/person\/e8454f46651c3ecf0e1ba3c1666d9947","name":"Assessoria de Imprensa da PMPB","image":{"@type":"ImageObject","inLanguage":"pt-BR","@id":"https:\/\/www.pm.pb.gov.br\/portal\/#\/schema\/person\/image\/","url":"https:\/\/secure.gravatar.com\/avatar\/2efe197438265d1e90bd98c4c8e1acf8?s=96&d=mm&r=g","contentUrl":"https:\/\/secure.gravatar.com\/avatar\/2efe197438265d1e90bd98c4c8e1acf8?s=96&d=mm&r=g","caption":"Assessoria de Imprensa da PMPB"},"url":"https:\/\/www.pm.pb.gov.br\/portal\/author\/assessoria\/"}]}},"_links":{"self":[{"href":"https:\/\/www.pm.pb.gov.br\/portal\/wp-json\/wp\/v2\/posts\/917571"}],"collection":[{"href":"https:\/\/www.pm.pb.gov.br\/portal\/wp-json\/wp\/v2\/posts"}],"about":[{"href":"https:\/\/www.pm.pb.gov.br\/portal\/wp-json\/wp\/v2\/types\/post"}],"author":[{"embeddable":true,"href":"https:\/\/www.pm.pb.gov.br\/portal\/wp-json\/wp\/v2\/users\/5"}],"replies":[{"embeddable":true,"href":"https:\/\/www.pm.pb.gov.br\/portal\/wp-json\/wp\/v2\/comments?post=917571"}],"version-history":[{"count":2,"href":"https:\/\/www.pm.pb.gov.br\/portal\/wp-json\/wp\/v2\/posts\/917571\/revisions"}],"predecessor-version":[{"id":917580,"href":"https:\/\/www.pm.pb.gov.br\/portal\/wp-json\/wp\/v2\/posts\/917571\/revisions\/917580"}],"wp:featuredmedia":[{"embeddable":true,"href":"https:\/\/www.pm.pb.gov.br\/portal\/wp-json\/wp\/v2\/media\/895515"}],"wp:attachment":[{"href":"https:\/\/www.pm.pb.gov.br\/portal\/wp-json\/wp\/v2\/media?parent=917571"}],"wp:term":[{"taxonomy":"category","embeddable":true,"href":"https:\/\/www.pm.pb.gov.br\/portal\/wp-json\/wp\/v2\/categories?post=917571"},{"taxonomy":"post_tag","embeddable":true,"href":"https:\/\/www.pm.pb.gov.br\/portal\/wp-json\/wp\/v2\/tags?post=917571"}],"curies":[{"name":"wp","href":"https:\/\/api.w.org\/{rel}","templated":true}]}}