{"id":917498,"date":"2023-07-22T10:16:10","date_gmt":"2023-07-22T13:16:10","guid":{"rendered":"https:\/\/www.pm.pb.gov.br\/portal\/?p=917498"},"modified":"2023-07-22T10:17:07","modified_gmt":"2023-07-22T13:17:07","slug":"operacao-paradigma-policia-militar-apreende-mais-de-470-porcoes-de-drogas-nas-acoes-de-reforco-da-seguranca","status":"publish","type":"post","link":"https:\/\/www.pm.pb.gov.br\/portal\/2023\/07\/22\/operacao-paradigma-policia-militar-apreende-mais-de-470-porcoes-de-drogas-nas-acoes-de-reforco-da-seguranca\/","title":{"rendered":"Opera\u00e7\u00e3o Paradigma: Pol\u00edcia Militar apreende mais de 470 por\u00e7\u00f5es de drogas nas a\u00e7\u00f5es de refor\u00e7o da seguran\u00e7a"},"content":{"rendered":"\n\n\n<p>O terceiro dia da Opera\u00e7\u00e3o Paradigma, realizada entre a noite dessa sexta-feira (21) e a madrugada deste s\u00e1bado (22), teve como destaque a apreens\u00e3o 472 por\u00e7\u00f5es de drogas, durante a intensifica\u00e7\u00e3o das a\u00e7\u00f5es de policiamento em toda a Para\u00edba.<br><br>Em Jo\u00e3o Pessoa, as equipes policiais do 5\u00b0 BPM realizaram uma incurs\u00e3o na comunidade Vista Alegre, na zona sul. Durante as abordagens, foram encontradas 21 pedras de crack, 24 por\u00e7\u00f5es de maconha, 41 pinos com coca\u00edna, tr\u00eas comprimidos entorpecentes e uma embalagem com por\u00e7\u00e3o consider\u00e1vel de&nbsp;<em>skank<\/em>, um tipo de maconha potencializada. As drogas estavam no telhado de um quiosque no estacionamento da comunidade.<br><br>Em Alagoa Grande, policiais do 4\u00b0 BPM foram informados de que em uma casa abandonada, no Centro da cidade, estaria sendo utilizada como ponto de venda de drogas. As equipes policiais foram at\u00e9 a casa e visualizaram o suspeito que, ao perceber a chegada dos policiais, fugiu do local. Na casa foram encontrados 69 pinos de coca\u00edna, 181 trouxas de maconha, 88 pedras de crack, uma m\u00e1quina de precifica\u00e7\u00e3o, duas facas, tr\u00eas cadernos de anota\u00e7\u00f5es, uma motocicleta e dinheiro em esp\u00e9cie.<br><br>Em Mari, uma equipe policial da 9\u00aa CIPM estava em rondas na cidade, quando visualizou um homem em atitude suspeita. Na abordagem, foram encontradas 19 pedras de crack e 69 trouxas de maconha, al\u00e9m de dinheiro. O suspeito e toda droga apreendida foram encaminhadas para a delegacia de Itabaiana.<br><br>O objetivo da Opera\u00e7\u00e3o Paradigma \u00e9 refor\u00e7ar a seguran\u00e7a com pontos de bloqueio e fiscaliza\u00e7\u00e3o de tr\u00e2nsito em vias, incurs\u00f5es e abordagens nos bairros e comunidades. As a\u00e7\u00f5es continuam neste fim de semana.<\/p>\n","protected":false},"excerpt":{"rendered":"<p>O terceiro dia da Opera\u00e7\u00e3o Paradigma, realizada entre a noite dessa sexta-feira (21) e a madrugada deste s\u00e1bado (22), teve<\/p>\n","protected":false},"author":5,"featured_media":917499,"comment_status":"closed","ping_status":"closed","sticky":false,"template":"","format":"standard","meta":{"_exactmetrics_skip_tracking":false,"_exactmetrics_sitenote_active":false,"_exactmetrics_sitenote_note":"","_exactmetrics_sitenote_category":0,"footnotes":""},"categories":[4],"tags":[],"yoast_head":"<!-- This site is optimized with the Yoast SEO plugin v22.0 - https:\/\/yoast.com\/wordpress\/plugins\/seo\/ -->\n<title>Opera\u00e7\u00e3o Paradigma: Pol\u00edcia Militar apreende mais de 470 por\u00e7\u00f5es de drogas nas a\u00e7\u00f5es de refor\u00e7o da seguran\u00e7a - Pol\u00edcia Militar da Para\u00edba<\/title>\n<meta name=\"robots\" content=\"index, follow, max-snippet:-1, max-image-preview:large, max-video-preview:-1\" \/>\n<link rel=\"canonical\" href=\"https:\/\/www.pm.pb.gov.br\/portal\/2023\/07\/22\/operacao-paradigma-policia-militar-apreende-mais-de-470-porcoes-de-drogas-nas-acoes-de-reforco-da-seguranca\/\" \/>\n<meta property=\"og:locale\" content=\"pt_BR\" \/>\n<meta property=\"og:type\" content=\"article\" \/>\n<meta property=\"og:title\" content=\"Opera\u00e7\u00e3o Paradigma: Pol\u00edcia Militar apreende mais de 470 por\u00e7\u00f5es de drogas nas a\u00e7\u00f5es de refor\u00e7o da seguran\u00e7a - Pol\u00edcia Militar da Para\u00edba\" \/>\n<meta property=\"og:description\" content=\"O terceiro dia da Opera\u00e7\u00e3o Paradigma, realizada entre a noite dessa sexta-feira (21) e a madrugada deste s\u00e1bado (22), teve\" \/>\n<meta property=\"og:url\" content=\"https:\/\/www.pm.pb.gov.br\/portal\/2023\/07\/22\/operacao-paradigma-policia-militar-apreende-mais-de-470-porcoes-de-drogas-nas-acoes-de-reforco-da-seguranca\/\" \/>\n<meta property=\"og:site_name\" content=\"Pol\u00edcia Militar da Para\u00edba\" \/>\n<meta property=\"article:published_time\" content=\"2023-07-22T13:16:10+00:00\" \/>\n<meta property=\"article:modified_time\" content=\"2023-07-22T13:17:07+00:00\" \/>\n<meta property=\"og:image\" content=\"http:\/\/www.pm.pb.gov.br\/portal\/wp-content\/uploads\/2023\/07\/Ponto-bloqueio.jpg\" \/>\n\t<meta property=\"og:image:width\" content=\"1600\" \/>\n\t<meta property=\"og:image:height\" content=\"890\" \/>\n\t<meta property=\"og:image:type\" content=\"image\/jpeg\" \/>\n<meta name=\"author\" content=\"Assessoria de Imprensa da PMPB\" \/>\n<meta name=\"twitter:card\" content=\"summary_large_image\" \/>\n<meta name=\"twitter:label1\" content=\"Escrito por\" \/>\n\t<meta name=\"twitter:data1\" content=\"Assessoria de Imprensa da PMPB\" \/>\n\t<meta name=\"twitter:label2\" content=\"Est. tempo de leitura\" \/>\n\t<meta name=\"twitter:data2\" content=\"2 minutos\" \/>\n<script type=\"application\/ld+json\" class=\"yoast-schema-graph\">{\"@context\":\"https:\/\/schema.org\",\"@graph\":[{\"@type\":\"Article\",\"@id\":\"https:\/\/www.pm.pb.gov.br\/portal\/2023\/07\/22\/operacao-paradigma-policia-militar-apreende-mais-de-470-porcoes-de-drogas-nas-acoes-de-reforco-da-seguranca\/#article\",\"isPartOf\":{\"@id\":\"https:\/\/www.pm.pb.gov.br\/portal\/2023\/07\/22\/operacao-paradigma-policia-militar-apreende-mais-de-470-porcoes-de-drogas-nas-acoes-de-reforco-da-seguranca\/\"},\"author\":{\"name\":\"Assessoria de Imprensa da PMPB\",\"@id\":\"https:\/\/www.pm.pb.gov.br\/portal\/#\/schema\/person\/e8454f46651c3ecf0e1ba3c1666d9947\"},\"headline\":\"Opera\u00e7\u00e3o Paradigma: Pol\u00edcia Militar apreende mais de 470 por\u00e7\u00f5es de drogas nas a\u00e7\u00f5es de refor\u00e7o da seguran\u00e7a\",\"datePublished\":\"2023-07-22T13:16:10+00:00\",\"dateModified\":\"2023-07-22T13:17:07+00:00\",\"mainEntityOfPage\":{\"@id\":\"https:\/\/www.pm.pb.gov.br\/portal\/2023\/07\/22\/operacao-paradigma-policia-militar-apreende-mais-de-470-porcoes-de-drogas-nas-acoes-de-reforco-da-seguranca\/\"},\"wordCount\":302,\"publisher\":{\"@id\":\"https:\/\/www.pm.pb.gov.br\/portal\/#organization\"},\"articleSection\":[\"A\u00e7\u00f5es Policiais\"],\"inLanguage\":\"pt-BR\"},{\"@type\":\"WebPage\",\"@id\":\"https:\/\/www.pm.pb.gov.br\/portal\/2023\/07\/22\/operacao-paradigma-policia-militar-apreende-mais-de-470-porcoes-de-drogas-nas-acoes-de-reforco-da-seguranca\/\",\"url\":\"https:\/\/www.pm.pb.gov.br\/portal\/2023\/07\/22\/operacao-paradigma-policia-militar-apreende-mais-de-470-porcoes-de-drogas-nas-acoes-de-reforco-da-seguranca\/\",\"name\":\"Opera\u00e7\u00e3o Paradigma: Pol\u00edcia Militar apreende mais de 470 por\u00e7\u00f5es de drogas nas a\u00e7\u00f5es de refor\u00e7o da seguran\u00e7a - Pol\u00edcia Militar da Para\u00edba\",\"isPartOf\":{\"@id\":\"https:\/\/www.pm.pb.gov.br\/portal\/#website\"},\"datePublished\":\"2023-07-22T13:16:10+00:00\",\"dateModified\":\"2023-07-22T13:17:07+00:00\",\"breadcrumb\":{\"@id\":\"https:\/\/www.pm.pb.gov.br\/portal\/2023\/07\/22\/operacao-paradigma-policia-militar-apreende-mais-de-470-porcoes-de-drogas-nas-acoes-de-reforco-da-seguranca\/#breadcrumb\"},\"inLanguage\":\"pt-BR\",\"potentialAction\":[{\"@type\":\"ReadAction\",\"target\":[\"https:\/\/www.pm.pb.gov.br\/portal\/2023\/07\/22\/operacao-paradigma-policia-militar-apreende-mais-de-470-porcoes-de-drogas-nas-acoes-de-reforco-da-seguranca\/\"]}]},{\"@type\":\"BreadcrumbList\",\"@id\":\"https:\/\/www.pm.pb.gov.br\/portal\/2023\/07\/22\/operacao-paradigma-policia-militar-apreende-mais-de-470-porcoes-de-drogas-nas-acoes-de-reforco-da-seguranca\/#breadcrumb\",\"itemListElement\":[{\"@type\":\"ListItem\",\"position\":1,\"name\":\"In\u00edcio\",\"item\":\"https:\/\/www.pm.pb.gov.br\/portal\/\"},{\"@type\":\"ListItem\",\"position\":2,\"name\":\"Opera\u00e7\u00e3o Paradigma: Pol\u00edcia Militar apreende mais de 470 por\u00e7\u00f5es de drogas nas a\u00e7\u00f5es de refor\u00e7o da seguran\u00e7a\"}]},{\"@type\":\"WebSite\",\"@id\":\"https:\/\/www.pm.pb.gov.br\/portal\/#website\",\"url\":\"https:\/\/www.pm.pb.gov.br\/portal\/\",\"name\":\"Pol\u00edcia Militar da Para\u00edba\",\"description\":\"\",\"publisher\":{\"@id\":\"https:\/\/www.pm.pb.gov.br\/portal\/#organization\"},\"potentialAction\":[{\"@type\":\"SearchAction\",\"target\":{\"@type\":\"EntryPoint\",\"urlTemplate\":\"https:\/\/www.pm.pb.gov.br\/portal\/?s={search_term_string}\"},\"query-input\":\"required name=search_term_string\"}],\"inLanguage\":\"pt-BR\"},{\"@type\":\"Organization\",\"@id\":\"https:\/\/www.pm.pb.gov.br\/portal\/#organization\",\"name\":\"Pol\u00edcia Militar da Para\u00edba\",\"url\":\"https:\/\/www.pm.pb.gov.br\/portal\/\",\"logo\":{\"@type\":\"ImageObject\",\"inLanguage\":\"pt-BR\",\"@id\":\"https:\/\/www.pm.pb.gov.br\/portal\/#\/schema\/logo\/image\/\",\"url\":\"https:\/\/www.pm.pb.gov.br\/portal\/wp-content\/uploads\/2025\/03\/cropped-logo-site-mag2-1.png\",\"contentUrl\":\"https:\/\/www.pm.pb.gov.br\/portal\/wp-content\/uploads\/2025\/03\/cropped-logo-site-mag2-1.png\",\"width\":320,\"height\":90,\"caption\":\"Pol\u00edcia Militar da Para\u00edba\"},\"image\":{\"@id\":\"https:\/\/www.pm.pb.gov.br\/portal\/#\/schema\/logo\/image\/\"}},{\"@type\":\"Person\",\"@id\":\"https:\/\/www.pm.pb.gov.br\/portal\/#\/schema\/person\/e8454f46651c3ecf0e1ba3c1666d9947\",\"name\":\"Assessoria de Imprensa da PMPB\",\"image\":{\"@type\":\"ImageObject\",\"inLanguage\":\"pt-BR\",\"@id\":\"https:\/\/www.pm.pb.gov.br\/portal\/#\/schema\/person\/image\/\",\"url\":\"https:\/\/secure.gravatar.com\/avatar\/2efe197438265d1e90bd98c4c8e1acf8?s=96&d=mm&r=g\",\"contentUrl\":\"https:\/\/secure.gravatar.com\/avatar\/2efe197438265d1e90bd98c4c8e1acf8?s=96&d=mm&r=g\",\"caption\":\"Assessoria de Imprensa da PMPB\"},\"url\":\"https:\/\/www.pm.pb.gov.br\/portal\/author\/assessoria\/\"}]}<\/script>\n<!-- \/ Yoast SEO plugin. -->","yoast_head_json":{"title":"Opera\u00e7\u00e3o Paradigma: Pol\u00edcia Militar apreende mais de 470 por\u00e7\u00f5es de drogas nas a\u00e7\u00f5es de refor\u00e7o da seguran\u00e7a - Pol\u00edcia Militar da Para\u00edba","robots":{"index":"index","follow":"follow","max-snippet":"max-snippet:-1","max-image-preview":"max-image-preview:large","max-video-preview":"max-video-preview:-1"},"canonical":"https:\/\/www.pm.pb.gov.br\/portal\/2023\/07\/22\/operacao-paradigma-policia-militar-apreende-mais-de-470-porcoes-de-drogas-nas-acoes-de-reforco-da-seguranca\/","og_locale":"pt_BR","og_type":"article","og_title":"Opera\u00e7\u00e3o Paradigma: Pol\u00edcia Militar apreende mais de 470 por\u00e7\u00f5es de drogas nas a\u00e7\u00f5es de refor\u00e7o da seguran\u00e7a - Pol\u00edcia Militar da Para\u00edba","og_description":"O terceiro dia da Opera\u00e7\u00e3o Paradigma, realizada entre a noite dessa sexta-feira (21) e a madrugada deste s\u00e1bado (22), teve","og_url":"https:\/\/www.pm.pb.gov.br\/portal\/2023\/07\/22\/operacao-paradigma-policia-militar-apreende-mais-de-470-porcoes-de-drogas-nas-acoes-de-reforco-da-seguranca\/","og_site_name":"Pol\u00edcia Militar da Para\u00edba","article_published_time":"2023-07-22T13:16:10+00:00","article_modified_time":"2023-07-22T13:17:07+00:00","og_image":[{"width":1600,"height":890,"url":"http:\/\/www.pm.pb.gov.br\/portal\/wp-content\/uploads\/2023\/07\/Ponto-bloqueio.jpg","type":"image\/jpeg"}],"author":"Assessoria de Imprensa da PMPB","twitter_card":"summary_large_image","twitter_misc":{"Escrito por":"Assessoria de Imprensa da PMPB","Est. tempo de leitura":"2 minutos"},"schema":{"@context":"https:\/\/schema.org","@graph":[{"@type":"Article","@id":"https:\/\/www.pm.pb.gov.br\/portal\/2023\/07\/22\/operacao-paradigma-policia-militar-apreende-mais-de-470-porcoes-de-drogas-nas-acoes-de-reforco-da-seguranca\/#article","isPartOf":{"@id":"https:\/\/www.pm.pb.gov.br\/portal\/2023\/07\/22\/operacao-paradigma-policia-militar-apreende-mais-de-470-porcoes-de-drogas-nas-acoes-de-reforco-da-seguranca\/"},"author":{"name":"Assessoria de Imprensa da PMPB","@id":"https:\/\/www.pm.pb.gov.br\/portal\/#\/schema\/person\/e8454f46651c3ecf0e1ba3c1666d9947"},"headline":"Opera\u00e7\u00e3o Paradigma: Pol\u00edcia Militar apreende mais de 470 por\u00e7\u00f5es de drogas nas a\u00e7\u00f5es de refor\u00e7o da seguran\u00e7a","datePublished":"2023-07-22T13:16:10+00:00","dateModified":"2023-07-22T13:17:07+00:00","mainEntityOfPage":{"@id":"https:\/\/www.pm.pb.gov.br\/portal\/2023\/07\/22\/operacao-paradigma-policia-militar-apreende-mais-de-470-porcoes-de-drogas-nas-acoes-de-reforco-da-seguranca\/"},"wordCount":302,"publisher":{"@id":"https:\/\/www.pm.pb.gov.br\/portal\/#organization"},"articleSection":["A\u00e7\u00f5es Policiais"],"inLanguage":"pt-BR"},{"@type":"WebPage","@id":"https:\/\/www.pm.pb.gov.br\/portal\/2023\/07\/22\/operacao-paradigma-policia-militar-apreende-mais-de-470-porcoes-de-drogas-nas-acoes-de-reforco-da-seguranca\/","url":"https:\/\/www.pm.pb.gov.br\/portal\/2023\/07\/22\/operacao-paradigma-policia-militar-apreende-mais-de-470-porcoes-de-drogas-nas-acoes-de-reforco-da-seguranca\/","name":"Opera\u00e7\u00e3o Paradigma: Pol\u00edcia Militar apreende mais de 470 por\u00e7\u00f5es de drogas nas a\u00e7\u00f5es de refor\u00e7o da seguran\u00e7a - Pol\u00edcia Militar da Para\u00edba","isPartOf":{"@id":"https:\/\/www.pm.pb.gov.br\/portal\/#website"},"datePublished":"2023-07-22T13:16:10+00:00","dateModified":"2023-07-22T13:17:07+00:00","breadcrumb":{"@id":"https:\/\/www.pm.pb.gov.br\/portal\/2023\/07\/22\/operacao-paradigma-policia-militar-apreende-mais-de-470-porcoes-de-drogas-nas-acoes-de-reforco-da-seguranca\/#breadcrumb"},"inLanguage":"pt-BR","potentialAction":[{"@type":"ReadAction","target":["https:\/\/www.pm.pb.gov.br\/portal\/2023\/07\/22\/operacao-paradigma-policia-militar-apreende-mais-de-470-porcoes-de-drogas-nas-acoes-de-reforco-da-seguranca\/"]}]},{"@type":"BreadcrumbList","@id":"https:\/\/www.pm.pb.gov.br\/portal\/2023\/07\/22\/operacao-paradigma-policia-militar-apreende-mais-de-470-porcoes-de-drogas-nas-acoes-de-reforco-da-seguranca\/#breadcrumb","itemListElement":[{"@type":"ListItem","position":1,"name":"In\u00edcio","item":"https:\/\/www.pm.pb.gov.br\/portal\/"},{"@type":"ListItem","position":2,"name":"Opera\u00e7\u00e3o Paradigma: Pol\u00edcia Militar apreende mais de 470 por\u00e7\u00f5es de drogas nas a\u00e7\u00f5es de refor\u00e7o da seguran\u00e7a"}]},{"@type":"WebSite","@id":"https:\/\/www.pm.pb.gov.br\/portal\/#website","url":"https:\/\/www.pm.pb.gov.br\/portal\/","name":"Pol\u00edcia Militar da Para\u00edba","description":"","publisher":{"@id":"https:\/\/www.pm.pb.gov.br\/portal\/#organization"},"potentialAction":[{"@type":"SearchAction","target":{"@type":"EntryPoint","urlTemplate":"https:\/\/www.pm.pb.gov.br\/portal\/?s={search_term_string}"},"query-input":"required name=search_term_string"}],"inLanguage":"pt-BR"},{"@type":"Organization","@id":"https:\/\/www.pm.pb.gov.br\/portal\/#organization","name":"Pol\u00edcia Militar da Para\u00edba","url":"https:\/\/www.pm.pb.gov.br\/portal\/","logo":{"@type":"ImageObject","inLanguage":"pt-BR","@id":"https:\/\/www.pm.pb.gov.br\/portal\/#\/schema\/logo\/image\/","url":"https:\/\/www.pm.pb.gov.br\/portal\/wp-content\/uploads\/2025\/03\/cropped-logo-site-mag2-1.png","contentUrl":"https:\/\/www.pm.pb.gov.br\/portal\/wp-content\/uploads\/2025\/03\/cropped-logo-site-mag2-1.png","width":320,"height":90,"caption":"Pol\u00edcia Militar da Para\u00edba"},"image":{"@id":"https:\/\/www.pm.pb.gov.br\/portal\/#\/schema\/logo\/image\/"}},{"@type":"Person","@id":"https:\/\/www.pm.pb.gov.br\/portal\/#\/schema\/person\/e8454f46651c3ecf0e1ba3c1666d9947","name":"Assessoria de Imprensa da PMPB","image":{"@type":"ImageObject","inLanguage":"pt-BR","@id":"https:\/\/www.pm.pb.gov.br\/portal\/#\/schema\/person\/image\/","url":"https:\/\/secure.gravatar.com\/avatar\/2efe197438265d1e90bd98c4c8e1acf8?s=96&d=mm&r=g","contentUrl":"https:\/\/secure.gravatar.com\/avatar\/2efe197438265d1e90bd98c4c8e1acf8?s=96&d=mm&r=g","caption":"Assessoria de Imprensa da PMPB"},"url":"https:\/\/www.pm.pb.gov.br\/portal\/author\/assessoria\/"}]}},"_links":{"self":[{"href":"https:\/\/www.pm.pb.gov.br\/portal\/wp-json\/wp\/v2\/posts\/917498"}],"collection":[{"href":"https:\/\/www.pm.pb.gov.br\/portal\/wp-json\/wp\/v2\/posts"}],"about":[{"href":"https:\/\/www.pm.pb.gov.br\/portal\/wp-json\/wp\/v2\/types\/post"}],"author":[{"embeddable":true,"href":"https:\/\/www.pm.pb.gov.br\/portal\/wp-json\/wp\/v2\/users\/5"}],"replies":[{"embeddable":true,"href":"https:\/\/www.pm.pb.gov.br\/portal\/wp-json\/wp\/v2\/comments?post=917498"}],"version-history":[{"count":1,"href":"https:\/\/www.pm.pb.gov.br\/portal\/wp-json\/wp\/v2\/posts\/917498\/revisions"}],"predecessor-version":[{"id":917500,"href":"https:\/\/www.pm.pb.gov.br\/portal\/wp-json\/wp\/v2\/posts\/917498\/revisions\/917500"}],"wp:featuredmedia":[{"embeddable":true,"href":"https:\/\/www.pm.pb.gov.br\/portal\/wp-json\/wp\/v2\/media\/917499"}],"wp:attachment":[{"href":"https:\/\/www.pm.pb.gov.br\/portal\/wp-json\/wp\/v2\/media?parent=917498"}],"wp:term":[{"taxonomy":"category","embeddable":true,"href":"https:\/\/www.pm.pb.gov.br\/portal\/wp-json\/wp\/v2\/categories?post=917498"},{"taxonomy":"post_tag","embeddable":true,"href":"https:\/\/www.pm.pb.gov.br\/portal\/wp-json\/wp\/v2\/tags?post=917498"}],"curies":[{"name":"wp","href":"https:\/\/api.w.org\/{rel}","templated":true}]}}