{"id":917305,"date":"2023-07-01T19:30:00","date_gmt":"2023-07-01T22:30:00","guid":{"rendered":"https:\/\/www.pm.pb.gov.br\/portal\/?p=917305"},"modified":"2023-07-03T18:33:00","modified_gmt":"2023-07-03T21:33:00","slug":"policia-militar-prende-lideranca-criminosa-em-cabedelo","status":"publish","type":"post","link":"https:\/\/www.pm.pb.gov.br\/portal\/2023\/07\/01\/policia-militar-prende-lideranca-criminosa-em-cabedelo\/","title":{"rendered":"Pol\u00edcia Militar prende lideran\u00e7a criminosa em Cabedelo"},"content":{"rendered":"\n<p>A Pol\u00edcia Militar capturou uma das principais lideran\u00e7as criminosas em Cabedelo, na regi\u00e3o metropolitana de Jo\u00e3o Pessoa. A pris\u00e3o aconteceu na tarde do \u00faltimo s\u00e1bado (01).<\/p>\n<p>O acusado estava sendo procurado pela Justi\u00e7a pelos crimes de posse ilegal de arma de fogo, tr\u00e1fico de drogas e roubo. O criminoso foi localizado e preso pelos policiais da 6\u00aa Companhia Independente no bairro do Renascer. De acordo com a Unidade, o foragido preso estava com uma pistola, carregadores e farta quantidade de muni\u00e7\u00f5es que seriam usadas para a\u00e7\u00f5es criminosas.<\/p>\n<p><img loading=\"lazy\" decoding=\"async\" class=\"size-medium wp-image-917306 aligncenter\" src=\"http:\/\/www.pm.pb.gov.br\/portal\/wp-content\/uploads\/2023\/07\/6acipm1-458x445.jpeg\" alt=\"\" width=\"458\" height=\"445\" srcset=\"https:\/\/www.pm.pb.gov.br\/portal\/wp-content\/uploads\/2023\/07\/6acipm1-458x445.jpeg 458w, https:\/\/www.pm.pb.gov.br\/portal\/wp-content\/uploads\/2023\/07\/6acipm1-586x570.jpeg 586w, https:\/\/www.pm.pb.gov.br\/portal\/wp-content\/uploads\/2023\/07\/6acipm1-768x747.jpeg 768w, https:\/\/www.pm.pb.gov.br\/portal\/wp-content\/uploads\/2023\/07\/6acipm1.jpeg 899w\" sizes=\"(max-width: 458px) 100vw, 458px\" \/><\/p>\n<p>Segundo a major Viviane, comandante da 6\u00aa CIPM, a pris\u00e3o \u00e9 importante j\u00e1 o acusado era uma lideran\u00e7a criminosa do Renascer e j\u00e1 tinha mandado de pris\u00e3o em aberto expedido pela Justi\u00e7a. Agora o criminoso segue a disposi\u00e7\u00e3o da Justi\u00e7a para o devido cumprimento da pena.<\/p>\n\n\n","protected":false},"excerpt":{"rendered":"<p>A Pol\u00edcia Militar capturou uma das principais lideran\u00e7as criminosas em Cabedelo, na regi\u00e3o metropolitana de Jo\u00e3o Pessoa. A pris\u00e3o aconteceu<\/p>\n","protected":false},"author":12,"featured_media":917308,"comment_status":"closed","ping_status":"closed","sticky":false,"template":"","format":"standard","meta":{"_exactmetrics_skip_tracking":false,"_exactmetrics_sitenote_active":false,"_exactmetrics_sitenote_note":"","_exactmetrics_sitenote_category":0,"footnotes":""},"categories":[4],"tags":[],"yoast_head":"<!-- This site is optimized with the Yoast SEO plugin v22.0 - https:\/\/yoast.com\/wordpress\/plugins\/seo\/ -->\n<title>Pol\u00edcia Militar prende lideran\u00e7a criminosa em Cabedelo - Pol\u00edcia Militar da Para\u00edba<\/title>\n<meta name=\"robots\" content=\"index, follow, max-snippet:-1, max-image-preview:large, max-video-preview:-1\" \/>\n<link rel=\"canonical\" href=\"https:\/\/www.pm.pb.gov.br\/portal\/2023\/07\/01\/policia-militar-prende-lideranca-criminosa-em-cabedelo\/\" \/>\n<meta property=\"og:locale\" content=\"pt_BR\" \/>\n<meta property=\"og:type\" content=\"article\" \/>\n<meta property=\"og:title\" content=\"Pol\u00edcia Militar prende lideran\u00e7a criminosa em Cabedelo - Pol\u00edcia Militar da Para\u00edba\" \/>\n<meta property=\"og:description\" content=\"A Pol\u00edcia Militar capturou uma das principais lideran\u00e7as criminosas em Cabedelo, na regi\u00e3o metropolitana de Jo\u00e3o Pessoa. A pris\u00e3o aconteceu\" \/>\n<meta property=\"og:url\" content=\"https:\/\/www.pm.pb.gov.br\/portal\/2023\/07\/01\/policia-militar-prende-lideranca-criminosa-em-cabedelo\/\" \/>\n<meta property=\"og:site_name\" content=\"Pol\u00edcia Militar da Para\u00edba\" \/>\n<meta property=\"article:published_time\" content=\"2023-07-01T22:30:00+00:00\" \/>\n<meta property=\"article:modified_time\" content=\"2023-07-03T21:33:00+00:00\" \/>\n<meta property=\"og:image\" content=\"http:\/\/www.pm.pb.gov.br\/portal\/wp-content\/uploads\/2023\/07\/6acipm.jpeg\" \/>\n\t<meta property=\"og:image:width\" content=\"800\" \/>\n\t<meta property=\"og:image:height\" content=\"445\" \/>\n\t<meta property=\"og:image:type\" content=\"image\/jpeg\" \/>\n<meta name=\"author\" content=\"Tarcisio Oliveira\" \/>\n<meta name=\"twitter:card\" content=\"summary_large_image\" \/>\n<meta name=\"twitter:label1\" content=\"Escrito por\" \/>\n\t<meta name=\"twitter:data1\" content=\"Tarcisio Oliveira\" \/>\n\t<meta name=\"twitter:label2\" content=\"Est. tempo de leitura\" \/>\n\t<meta name=\"twitter:data2\" content=\"1 minuto\" \/>\n<script type=\"application\/ld+json\" class=\"yoast-schema-graph\">{\"@context\":\"https:\/\/schema.org\",\"@graph\":[{\"@type\":\"Article\",\"@id\":\"https:\/\/www.pm.pb.gov.br\/portal\/2023\/07\/01\/policia-militar-prende-lideranca-criminosa-em-cabedelo\/#article\",\"isPartOf\":{\"@id\":\"https:\/\/www.pm.pb.gov.br\/portal\/2023\/07\/01\/policia-militar-prende-lideranca-criminosa-em-cabedelo\/\"},\"author\":{\"name\":\"Tarcisio Oliveira\",\"@id\":\"https:\/\/www.pm.pb.gov.br\/portal\/#\/schema\/person\/f84f56dcc78ce4357054da888b8247fd\"},\"headline\":\"Pol\u00edcia Militar prende lideran\u00e7a criminosa em Cabedelo\",\"datePublished\":\"2023-07-01T22:30:00+00:00\",\"dateModified\":\"2023-07-03T21:33:00+00:00\",\"mainEntityOfPage\":{\"@id\":\"https:\/\/www.pm.pb.gov.br\/portal\/2023\/07\/01\/policia-militar-prende-lideranca-criminosa-em-cabedelo\/\"},\"wordCount\":154,\"publisher\":{\"@id\":\"https:\/\/www.pm.pb.gov.br\/portal\/#organization\"},\"articleSection\":[\"A\u00e7\u00f5es Policiais\"],\"inLanguage\":\"pt-BR\"},{\"@type\":\"WebPage\",\"@id\":\"https:\/\/www.pm.pb.gov.br\/portal\/2023\/07\/01\/policia-militar-prende-lideranca-criminosa-em-cabedelo\/\",\"url\":\"https:\/\/www.pm.pb.gov.br\/portal\/2023\/07\/01\/policia-militar-prende-lideranca-criminosa-em-cabedelo\/\",\"name\":\"Pol\u00edcia Militar prende lideran\u00e7a criminosa em Cabedelo - Pol\u00edcia Militar da Para\u00edba\",\"isPartOf\":{\"@id\":\"https:\/\/www.pm.pb.gov.br\/portal\/#website\"},\"datePublished\":\"2023-07-01T22:30:00+00:00\",\"dateModified\":\"2023-07-03T21:33:00+00:00\",\"breadcrumb\":{\"@id\":\"https:\/\/www.pm.pb.gov.br\/portal\/2023\/07\/01\/policia-militar-prende-lideranca-criminosa-em-cabedelo\/#breadcrumb\"},\"inLanguage\":\"pt-BR\",\"potentialAction\":[{\"@type\":\"ReadAction\",\"target\":[\"https:\/\/www.pm.pb.gov.br\/portal\/2023\/07\/01\/policia-militar-prende-lideranca-criminosa-em-cabedelo\/\"]}]},{\"@type\":\"BreadcrumbList\",\"@id\":\"https:\/\/www.pm.pb.gov.br\/portal\/2023\/07\/01\/policia-militar-prende-lideranca-criminosa-em-cabedelo\/#breadcrumb\",\"itemListElement\":[{\"@type\":\"ListItem\",\"position\":1,\"name\":\"In\u00edcio\",\"item\":\"https:\/\/www.pm.pb.gov.br\/portal\/\"},{\"@type\":\"ListItem\",\"position\":2,\"name\":\"Pol\u00edcia Militar prende lideran\u00e7a criminosa em Cabedelo\"}]},{\"@type\":\"WebSite\",\"@id\":\"https:\/\/www.pm.pb.gov.br\/portal\/#website\",\"url\":\"https:\/\/www.pm.pb.gov.br\/portal\/\",\"name\":\"Pol\u00edcia Militar da Para\u00edba\",\"description\":\"\",\"publisher\":{\"@id\":\"https:\/\/www.pm.pb.gov.br\/portal\/#organization\"},\"potentialAction\":[{\"@type\":\"SearchAction\",\"target\":{\"@type\":\"EntryPoint\",\"urlTemplate\":\"https:\/\/www.pm.pb.gov.br\/portal\/?s={search_term_string}\"},\"query-input\":\"required name=search_term_string\"}],\"inLanguage\":\"pt-BR\"},{\"@type\":\"Organization\",\"@id\":\"https:\/\/www.pm.pb.gov.br\/portal\/#organization\",\"name\":\"Pol\u00edcia Militar da Para\u00edba\",\"url\":\"https:\/\/www.pm.pb.gov.br\/portal\/\",\"logo\":{\"@type\":\"ImageObject\",\"inLanguage\":\"pt-BR\",\"@id\":\"https:\/\/www.pm.pb.gov.br\/portal\/#\/schema\/logo\/image\/\",\"url\":\"https:\/\/www.pm.pb.gov.br\/portal\/wp-content\/uploads\/2025\/03\/cropped-logo-site-mag2-1.png\",\"contentUrl\":\"https:\/\/www.pm.pb.gov.br\/portal\/wp-content\/uploads\/2025\/03\/cropped-logo-site-mag2-1.png\",\"width\":320,\"height\":90,\"caption\":\"Pol\u00edcia Militar da Para\u00edba\"},\"image\":{\"@id\":\"https:\/\/www.pm.pb.gov.br\/portal\/#\/schema\/logo\/image\/\"}},{\"@type\":\"Person\",\"@id\":\"https:\/\/www.pm.pb.gov.br\/portal\/#\/schema\/person\/f84f56dcc78ce4357054da888b8247fd\",\"name\":\"Tarcisio Oliveira\",\"image\":{\"@type\":\"ImageObject\",\"inLanguage\":\"pt-BR\",\"@id\":\"https:\/\/www.pm.pb.gov.br\/portal\/#\/schema\/person\/image\/\",\"url\":\"https:\/\/secure.gravatar.com\/avatar\/72917b630b69d31cd0297507f34bac97?s=96&d=mm&r=g\",\"contentUrl\":\"https:\/\/secure.gravatar.com\/avatar\/72917b630b69d31cd0297507f34bac97?s=96&d=mm&r=g\",\"caption\":\"Tarcisio Oliveira\"},\"url\":\"https:\/\/www.pm.pb.gov.br\/portal\/author\/tarcisio\/\"}]}<\/script>\n<!-- \/ Yoast SEO plugin. -->","yoast_head_json":{"title":"Pol\u00edcia Militar prende lideran\u00e7a criminosa em Cabedelo - Pol\u00edcia Militar da Para\u00edba","robots":{"index":"index","follow":"follow","max-snippet":"max-snippet:-1","max-image-preview":"max-image-preview:large","max-video-preview":"max-video-preview:-1"},"canonical":"https:\/\/www.pm.pb.gov.br\/portal\/2023\/07\/01\/policia-militar-prende-lideranca-criminosa-em-cabedelo\/","og_locale":"pt_BR","og_type":"article","og_title":"Pol\u00edcia Militar prende lideran\u00e7a criminosa em Cabedelo - Pol\u00edcia Militar da Para\u00edba","og_description":"A Pol\u00edcia Militar capturou uma das principais lideran\u00e7as criminosas em Cabedelo, na regi\u00e3o metropolitana de Jo\u00e3o Pessoa. A pris\u00e3o aconteceu","og_url":"https:\/\/www.pm.pb.gov.br\/portal\/2023\/07\/01\/policia-militar-prende-lideranca-criminosa-em-cabedelo\/","og_site_name":"Pol\u00edcia Militar da Para\u00edba","article_published_time":"2023-07-01T22:30:00+00:00","article_modified_time":"2023-07-03T21:33:00+00:00","og_image":[{"width":800,"height":445,"url":"http:\/\/www.pm.pb.gov.br\/portal\/wp-content\/uploads\/2023\/07\/6acipm.jpeg","type":"image\/jpeg"}],"author":"Tarcisio Oliveira","twitter_card":"summary_large_image","twitter_misc":{"Escrito por":"Tarcisio Oliveira","Est. tempo de leitura":"1 minuto"},"schema":{"@context":"https:\/\/schema.org","@graph":[{"@type":"Article","@id":"https:\/\/www.pm.pb.gov.br\/portal\/2023\/07\/01\/policia-militar-prende-lideranca-criminosa-em-cabedelo\/#article","isPartOf":{"@id":"https:\/\/www.pm.pb.gov.br\/portal\/2023\/07\/01\/policia-militar-prende-lideranca-criminosa-em-cabedelo\/"},"author":{"name":"Tarcisio Oliveira","@id":"https:\/\/www.pm.pb.gov.br\/portal\/#\/schema\/person\/f84f56dcc78ce4357054da888b8247fd"},"headline":"Pol\u00edcia Militar prende lideran\u00e7a criminosa em Cabedelo","datePublished":"2023-07-01T22:30:00+00:00","dateModified":"2023-07-03T21:33:00+00:00","mainEntityOfPage":{"@id":"https:\/\/www.pm.pb.gov.br\/portal\/2023\/07\/01\/policia-militar-prende-lideranca-criminosa-em-cabedelo\/"},"wordCount":154,"publisher":{"@id":"https:\/\/www.pm.pb.gov.br\/portal\/#organization"},"articleSection":["A\u00e7\u00f5es Policiais"],"inLanguage":"pt-BR"},{"@type":"WebPage","@id":"https:\/\/www.pm.pb.gov.br\/portal\/2023\/07\/01\/policia-militar-prende-lideranca-criminosa-em-cabedelo\/","url":"https:\/\/www.pm.pb.gov.br\/portal\/2023\/07\/01\/policia-militar-prende-lideranca-criminosa-em-cabedelo\/","name":"Pol\u00edcia Militar prende lideran\u00e7a criminosa em Cabedelo - Pol\u00edcia Militar da Para\u00edba","isPartOf":{"@id":"https:\/\/www.pm.pb.gov.br\/portal\/#website"},"datePublished":"2023-07-01T22:30:00+00:00","dateModified":"2023-07-03T21:33:00+00:00","breadcrumb":{"@id":"https:\/\/www.pm.pb.gov.br\/portal\/2023\/07\/01\/policia-militar-prende-lideranca-criminosa-em-cabedelo\/#breadcrumb"},"inLanguage":"pt-BR","potentialAction":[{"@type":"ReadAction","target":["https:\/\/www.pm.pb.gov.br\/portal\/2023\/07\/01\/policia-militar-prende-lideranca-criminosa-em-cabedelo\/"]}]},{"@type":"BreadcrumbList","@id":"https:\/\/www.pm.pb.gov.br\/portal\/2023\/07\/01\/policia-militar-prende-lideranca-criminosa-em-cabedelo\/#breadcrumb","itemListElement":[{"@type":"ListItem","position":1,"name":"In\u00edcio","item":"https:\/\/www.pm.pb.gov.br\/portal\/"},{"@type":"ListItem","position":2,"name":"Pol\u00edcia Militar prende lideran\u00e7a criminosa em Cabedelo"}]},{"@type":"WebSite","@id":"https:\/\/www.pm.pb.gov.br\/portal\/#website","url":"https:\/\/www.pm.pb.gov.br\/portal\/","name":"Pol\u00edcia Militar da Para\u00edba","description":"","publisher":{"@id":"https:\/\/www.pm.pb.gov.br\/portal\/#organization"},"potentialAction":[{"@type":"SearchAction","target":{"@type":"EntryPoint","urlTemplate":"https:\/\/www.pm.pb.gov.br\/portal\/?s={search_term_string}"},"query-input":"required name=search_term_string"}],"inLanguage":"pt-BR"},{"@type":"Organization","@id":"https:\/\/www.pm.pb.gov.br\/portal\/#organization","name":"Pol\u00edcia Militar da Para\u00edba","url":"https:\/\/www.pm.pb.gov.br\/portal\/","logo":{"@type":"ImageObject","inLanguage":"pt-BR","@id":"https:\/\/www.pm.pb.gov.br\/portal\/#\/schema\/logo\/image\/","url":"https:\/\/www.pm.pb.gov.br\/portal\/wp-content\/uploads\/2025\/03\/cropped-logo-site-mag2-1.png","contentUrl":"https:\/\/www.pm.pb.gov.br\/portal\/wp-content\/uploads\/2025\/03\/cropped-logo-site-mag2-1.png","width":320,"height":90,"caption":"Pol\u00edcia Militar da Para\u00edba"},"image":{"@id":"https:\/\/www.pm.pb.gov.br\/portal\/#\/schema\/logo\/image\/"}},{"@type":"Person","@id":"https:\/\/www.pm.pb.gov.br\/portal\/#\/schema\/person\/f84f56dcc78ce4357054da888b8247fd","name":"Tarcisio Oliveira","image":{"@type":"ImageObject","inLanguage":"pt-BR","@id":"https:\/\/www.pm.pb.gov.br\/portal\/#\/schema\/person\/image\/","url":"https:\/\/secure.gravatar.com\/avatar\/72917b630b69d31cd0297507f34bac97?s=96&d=mm&r=g","contentUrl":"https:\/\/secure.gravatar.com\/avatar\/72917b630b69d31cd0297507f34bac97?s=96&d=mm&r=g","caption":"Tarcisio Oliveira"},"url":"https:\/\/www.pm.pb.gov.br\/portal\/author\/tarcisio\/"}]}},"_links":{"self":[{"href":"https:\/\/www.pm.pb.gov.br\/portal\/wp-json\/wp\/v2\/posts\/917305"}],"collection":[{"href":"https:\/\/www.pm.pb.gov.br\/portal\/wp-json\/wp\/v2\/posts"}],"about":[{"href":"https:\/\/www.pm.pb.gov.br\/portal\/wp-json\/wp\/v2\/types\/post"}],"author":[{"embeddable":true,"href":"https:\/\/www.pm.pb.gov.br\/portal\/wp-json\/wp\/v2\/users\/12"}],"replies":[{"embeddable":true,"href":"https:\/\/www.pm.pb.gov.br\/portal\/wp-json\/wp\/v2\/comments?post=917305"}],"version-history":[{"count":2,"href":"https:\/\/www.pm.pb.gov.br\/portal\/wp-json\/wp\/v2\/posts\/917305\/revisions"}],"predecessor-version":[{"id":917309,"href":"https:\/\/www.pm.pb.gov.br\/portal\/wp-json\/wp\/v2\/posts\/917305\/revisions\/917309"}],"wp:featuredmedia":[{"embeddable":true,"href":"https:\/\/www.pm.pb.gov.br\/portal\/wp-json\/wp\/v2\/media\/917308"}],"wp:attachment":[{"href":"https:\/\/www.pm.pb.gov.br\/portal\/wp-json\/wp\/v2\/media?parent=917305"}],"wp:term":[{"taxonomy":"category","embeddable":true,"href":"https:\/\/www.pm.pb.gov.br\/portal\/wp-json\/wp\/v2\/categories?post=917305"},{"taxonomy":"post_tag","embeddable":true,"href":"https:\/\/www.pm.pb.gov.br\/portal\/wp-json\/wp\/v2\/tags?post=917305"}],"curies":[{"name":"wp","href":"https:\/\/api.w.org\/{rel}","templated":true}]}}