{"id":917302,"date":"2023-07-03T16:23:54","date_gmt":"2023-07-03T19:23:54","guid":{"rendered":"https:\/\/www.pm.pb.gov.br\/portal\/?p=917302"},"modified":"2023-07-03T16:23:57","modified_gmt":"2023-07-03T19:23:57","slug":"sao-joao-2023-paraiba-zera-ocorrencias-graves-em-locais-de-festa-e-campina-grande-fecha-semestre-com-menor-numero-de-crimes-contra-a-vida-desde-2010","status":"publish","type":"post","link":"https:\/\/www.pm.pb.gov.br\/portal\/2023\/07\/03\/sao-joao-2023-paraiba-zera-ocorrencias-graves-em-locais-de-festa-e-campina-grande-fecha-semestre-com-menor-numero-de-crimes-contra-a-vida-desde-2010\/","title":{"rendered":"S\u00e3o Jo\u00e3o 2023: Para\u00edba zera ocorr\u00eancias graves em locais de festa e Campina Grande fecha semestre com menor n\u00famero de crimes contra a vida desde 2010"},"content":{"rendered":"\n<p>A Seguran\u00e7a P\u00fablica da Para\u00edba apresentou nesta segunda-feira (3) os resultados da Opera\u00e7\u00e3o S\u00e3o Jo\u00e3o em todo o m\u00eas de junho. Os dados divulgados durante coletiva de imprensa com a presen\u00e7a do vice-governador Lucas Ribeiro, e do secret\u00e1rio da Seguran\u00e7a e da Defesa Social, Jean Nunes, entre outras autoridades, abrangeram redu\u00e7\u00f5es de crimes contra a vida, de crimes patrimoniais e ainda detalhes sobre o emprego de tecnologia de videomonitoramento no per\u00edodo, com destaque para a redu\u00e7\u00e3o de 6,3% dos casos de assassinatos no Estado durante o m\u00eas junino, em rela\u00e7\u00e3o ao mesmo per\u00edodo do ano passado, e para o fato de nenhum desses crimes ter sido registrado em locais de festa ou em entornos dos eventos juninos.<\/p>\n<p>Com o fechamento do semestre, Campina Grande registrou ainda queda de 33% dos crimes contra a vida, em rela\u00e7\u00e3o aos mesmos seis meses de 2022. De janeiro a junho, foram registrados 14 Crimes Violentos Letais Intencionais \u2013 homic\u00eddios dolosos ou qualquer outro crime doloso que resulte em morte na cidade, o menor n\u00famero em toda a s\u00e9rie hist\u00f3rica desde 2010.<\/p>\n<p>Nos crimes patrimoniais, a Seguran\u00e7a P\u00fablica reduziu 22% das ocorr\u00eancias no m\u00eas de junho, sendo a queda 46% nos registros em Campina Grande. Tamb\u00e9m houve menos casos de crimes contra institui\u00e7\u00f5es financeiras (-87%) no 1\u00ba semestre em Campina Grande, em compara\u00e7\u00e3o ao mesmo per\u00edodo de 2022.<\/p>\n<p>Por meio da tecnologia de videomonitoramento e reconhecimento facial realizada pelo Centro Integrado de Comando e Controle, foi poss\u00edvel dar cumprimento a 18 mandados de pris\u00e3o de pessoas procuradas pela Justi\u00e7a pelos crimes de homic\u00eddio, roubo e tr\u00e1fico. Todas as pris\u00f5es foram cumpridas dentro do Parque do Povo. Al\u00e9m disso, 14 ve\u00edculos roubados ou furtados foram recuperados e devolvidos aos seus propriet\u00e1rios.<\/p>\n<figure id=\"attachment_917122\" aria-describedby=\"caption-attachment-917122\" style=\"width: 622px\" class=\"wp-caption aligncenter\"><img loading=\"lazy\" decoding=\"async\" class=\"wp-image-917122\" src=\"http:\/\/www.pm.pb.gov.br\/portal\/wp-content\/uploads\/2023\/06\/WhatsApp-Image-2023-05-25-at-11.22.02-667x445.jpeg\" alt=\"\" width=\"622\" height=\"415\" srcset=\"https:\/\/www.pm.pb.gov.br\/portal\/wp-content\/uploads\/2023\/06\/WhatsApp-Image-2023-05-25-at-11.22.02-667x445.jpeg 667w, https:\/\/www.pm.pb.gov.br\/portal\/wp-content\/uploads\/2023\/06\/WhatsApp-Image-2023-05-25-at-11.22.02-854x570.jpeg 854w, https:\/\/www.pm.pb.gov.br\/portal\/wp-content\/uploads\/2023\/06\/WhatsApp-Image-2023-05-25-at-11.22.02-768x513.jpeg 768w, https:\/\/www.pm.pb.gov.br\/portal\/wp-content\/uploads\/2023\/06\/WhatsApp-Image-2023-05-25-at-11.22.02-1536x1025.jpeg 1536w, https:\/\/www.pm.pb.gov.br\/portal\/wp-content\/uploads\/2023\/06\/WhatsApp-Image-2023-05-25-at-11.22.02-272x182.jpeg 272w, https:\/\/www.pm.pb.gov.br\/portal\/wp-content\/uploads\/2023\/06\/WhatsApp-Image-2023-05-25-at-11.22.02.jpeg 1600w\" sizes=\"(max-width: 622px) 100vw, 622px\" \/><figcaption id=\"caption-attachment-917122\" class=\"wp-caption-text\">CICC-CG (Imagens: arquivo EM\/5)<\/figcaption><\/figure>\n<p>Outro tipo de tecnologia utilizada nos festejos foram as \u2018bodycams\u2019 \u2013 c\u00e2meras corporais acopladas ao fardamento de policiais e que geraram imagens para o CICC, juntamente com imagens a\u00e9reas captadas pelos drones da Pol\u00edcia Militar.<\/p>\n<p>O secret\u00e1rio Jean Nunes frisou a integra\u00e7\u00e3o entre as for\u00e7as de Seguran\u00e7a e entre as secretarias de Estado para esses resultados. \u201cTrabalhamos de forma articulada e da mesma forma que est\u00e1vamos juntos para anunciar e lan\u00e7ar o desafio da Opera\u00e7\u00e3o S\u00e3o Jo\u00e3o, no dia 23 de maio, estamos aqui agora apresentando esses resultados que representam o investimento que o Governo do Estado tem feito na seguran\u00e7a dos cidad\u00e3os. Os n\u00fameros est\u00e3o a\u00ed, fruto do esfor\u00e7o de nosso efetivo, do uso de tecnologia e da prontid\u00e3o que tivemos para atender a mais de 700 eventos, em todo o territ\u00f3rio paraibano. \u00c9 a capacidade que o Governo, com o governador Jo\u00e3o Azev\u00eado, para dar respostas em grandes eventos\u201d, detalhou.<\/p>\n<p>O vice-governador Lucas Ribeiro parabenizou todos os agentes de seguran\u00e7a p\u00fablica envolvidos nos trabalhos dos festejos. \u201cO que apresentamos aqui foram resultados expressivos e que refletem o compromisso da gest\u00e3o estadual, por meio dos investimentos em tecnologia e valoriza\u00e7\u00e3o do efetivo, com a seguran\u00e7a da popula\u00e7\u00e3o. Fa\u00e7o um reconhecimento especial \u00e0 dedica\u00e7\u00e3o das nossas for\u00e7as de seguran\u00e7a, que atuaram em mais de 200 munic\u00edpios no estado e refor\u00e7o o nosso compromisso, que \u00e9 sempre proporcionar um ambiente seguro e tranquilo para nossa popula\u00e7\u00e3o\u201d, destacou.<\/p>\n<figure id=\"attachment_917128\" aria-describedby=\"caption-attachment-917128\" style=\"width: 645px\" class=\"wp-caption aligncenter\"><img loading=\"lazy\" decoding=\"async\" class=\"wp-image-917128\" src=\"http:\/\/www.pm.pb.gov.br\/portal\/wp-content\/uploads\/2023\/06\/WhatsApp-Image-2023-06-17-at-4.44.06-AM-666x445.jpeg\" alt=\"\" width=\"645\" height=\"431\" srcset=\"https:\/\/www.pm.pb.gov.br\/portal\/wp-content\/uploads\/2023\/06\/WhatsApp-Image-2023-06-17-at-4.44.06-AM-666x445.jpeg 666w, https:\/\/www.pm.pb.gov.br\/portal\/wp-content\/uploads\/2023\/06\/WhatsApp-Image-2023-06-17-at-4.44.06-AM-853x570.jpeg 853w, https:\/\/www.pm.pb.gov.br\/portal\/wp-content\/uploads\/2023\/06\/WhatsApp-Image-2023-06-17-at-4.44.06-AM-768x513.jpeg 768w, https:\/\/www.pm.pb.gov.br\/portal\/wp-content\/uploads\/2023\/06\/WhatsApp-Image-2023-06-17-at-4.44.06-AM-272x182.jpeg 272w, https:\/\/www.pm.pb.gov.br\/portal\/wp-content\/uploads\/2023\/06\/WhatsApp-Image-2023-06-17-at-4.44.06-AM.jpeg 1280w\" sizes=\"(max-width: 645px) 100vw, 645px\" \/><figcaption id=\"caption-attachment-917128\" class=\"wp-caption-text\">Policiamento em Bananeiras (Imagens: arquivo EM\/5)<\/figcaption><\/figure>\n<p>Al\u00e9m do vice-governador e do secret\u00e1rio da Seguran\u00e7a, tamb\u00e9m estiveram na coletiva o secret\u00e1rio de Sa\u00fade, Jhony Bezerra &#8211; que apresentou o balan\u00e7o de atendimentos e a\u00e7\u00f5es do programa Cora\u00e7\u00e3o Paraibano dentro do per\u00edodo junino, al\u00e9m de transportes aerom\u00e9dicos realizados em parceria com a Seguran\u00e7a P\u00fablica, a secret\u00e1ria de Turismo e Desenvolvimento Econ\u00f4mico, Ros\u00e1lia Lucas, o secret\u00e1rio-executivo da Seguran\u00e7a, Lamark Donato, o secret\u00e1rio-executivo de Cultura, Cicinho Lima, o promotor de Campina Grande, Oswaldo Barbosa, al\u00e9m de gestores dos \u00f3rg\u00e3os operativos da pasta \u2013 Pol\u00edcia Militar, Pol\u00edcia Civil, Corpo de Bombeiros Militar e superintend\u00eancia do Departamento Estadual de Tr\u00e2nsito (Detran).<\/p>\n<figure id=\"attachment_917303\" aria-describedby=\"caption-attachment-917303\" style=\"width: 644px\" class=\"wp-caption aligncenter\"><img loading=\"lazy\" decoding=\"async\" class=\"wp-image-917303\" src=\"http:\/\/www.pm.pb.gov.br\/portal\/wp-content\/uploads\/2023\/07\/unnamed-131-696x445.jpg\" alt=\"\" width=\"644\" height=\"412\" srcset=\"https:\/\/www.pm.pb.gov.br\/portal\/wp-content\/uploads\/2023\/07\/unnamed-131-696x445.jpg 696w, https:\/\/www.pm.pb.gov.br\/portal\/wp-content\/uploads\/2023\/07\/unnamed-131-891x570.jpg 891w, https:\/\/www.pm.pb.gov.br\/portal\/wp-content\/uploads\/2023\/07\/unnamed-131-768x491.jpg 768w, https:\/\/www.pm.pb.gov.br\/portal\/wp-content\/uploads\/2023\/07\/unnamed-131-1536x982.jpg 1536w, https:\/\/www.pm.pb.gov.br\/portal\/wp-content\/uploads\/2023\/07\/unnamed-131.jpg 1600w\" sizes=\"(max-width: 644px) 100vw, 644px\" \/><figcaption id=\"caption-attachment-917303\" class=\"wp-caption-text\">Coletiva desta segunda-feira (03). (Foto: Secom-PB)<\/figcaption><\/figure>\n<p><strong>Mais n\u00fameros<\/strong>\u00a0\u2013 De acordo com o N\u00facleo de An\u00e1lise Criminal e Estat\u00edstica da Seguran\u00e7a e da Defesa Social (Sesds), um total de 796 eventos foi atendido pelas for\u00e7as de seguran\u00e7a em 209 munic\u00edpios paraibanos, de 27 de maio at\u00e9 2 de julho. Somente na cidade de Campina Grande foram 172 eventos juninos, de 1\u00ba de junho at\u00e9 2 de julho, recebendo um p\u00fablico estimado de 2,5 milh\u00f5es de pessoas no Parque do Povo.<\/p>\n<p>A Pol\u00edcia Civil registrou 529 procedimentos na Delegacia do Forr\u00f3, no Parque do Povo. Al\u00e9m disso, 33 mil pessoas foram abordadas pela Pol\u00edcia Militar nos eventos. O Corpo de Bombeiros Militar atendeu 1.140 pessoas nos eventos juninos, em socorros e preven\u00e7\u00f5es, e o Detran foi respons\u00e1vel pela realiza\u00e7\u00e3o de 1.168 testes de alcoolemia, na Opera\u00e7\u00e3o Lei Seca, em todo o m\u00eas de junho.<\/p>\n<p><em>Fonte: Secom.<\/em><\/p>\n\n\n","protected":false},"excerpt":{"rendered":"<p>A Seguran\u00e7a P\u00fablica da Para\u00edba apresentou nesta segunda-feira (3) os resultados da Opera\u00e7\u00e3o S\u00e3o Jo\u00e3o em todo o m\u00eas de<\/p>\n","protected":false},"author":12,"featured_media":917119,"comment_status":"closed","ping_status":"closed","sticky":false,"template":"","format":"standard","meta":{"_exactmetrics_skip_tracking":false,"_exactmetrics_sitenote_active":false,"_exactmetrics_sitenote_note":"","_exactmetrics_sitenote_category":0,"footnotes":""},"categories":[4],"tags":[],"yoast_head":"<!-- This site is optimized with the Yoast SEO plugin v22.0 - https:\/\/yoast.com\/wordpress\/plugins\/seo\/ -->\n<title>S\u00e3o Jo\u00e3o 2023: Para\u00edba zera ocorr\u00eancias graves em locais de festa e Campina Grande fecha semestre com menor n\u00famero de crimes contra a vida desde 2010 - Pol\u00edcia Militar da Para\u00edba<\/title>\n<meta name=\"robots\" content=\"index, follow, max-snippet:-1, max-image-preview:large, max-video-preview:-1\" \/>\n<link rel=\"canonical\" href=\"https:\/\/www.pm.pb.gov.br\/portal\/2023\/07\/03\/sao-joao-2023-paraiba-zera-ocorrencias-graves-em-locais-de-festa-e-campina-grande-fecha-semestre-com-menor-numero-de-crimes-contra-a-vida-desde-2010\/\" \/>\n<meta property=\"og:locale\" content=\"pt_BR\" \/>\n<meta property=\"og:type\" content=\"article\" \/>\n<meta property=\"og:title\" content=\"S\u00e3o Jo\u00e3o 2023: Para\u00edba zera ocorr\u00eancias graves em locais de festa e Campina Grande fecha semestre com menor n\u00famero de crimes contra a vida desde 2010 - Pol\u00edcia Militar da Para\u00edba\" \/>\n<meta property=\"og:description\" content=\"A Seguran\u00e7a P\u00fablica da Para\u00edba apresentou nesta segunda-feira (3) os resultados da Opera\u00e7\u00e3o S\u00e3o Jo\u00e3o em todo o m\u00eas de\" \/>\n<meta property=\"og:url\" content=\"https:\/\/www.pm.pb.gov.br\/portal\/2023\/07\/03\/sao-joao-2023-paraiba-zera-ocorrencias-graves-em-locais-de-festa-e-campina-grande-fecha-semestre-com-menor-numero-de-crimes-contra-a-vida-desde-2010\/\" \/>\n<meta property=\"og:site_name\" content=\"Pol\u00edcia Militar da Para\u00edba\" \/>\n<meta property=\"article:published_time\" content=\"2023-07-03T19:23:54+00:00\" \/>\n<meta property=\"article:modified_time\" content=\"2023-07-03T19:23:57+00:00\" \/>\n<meta property=\"og:image\" content=\"http:\/\/www.pm.pb.gov.br\/portal\/wp-content\/uploads\/2023\/06\/saojoao.jpeg\" \/>\n\t<meta property=\"og:image:width\" content=\"800\" \/>\n\t<meta property=\"og:image:height\" content=\"445\" \/>\n\t<meta property=\"og:image:type\" content=\"image\/jpeg\" \/>\n<meta name=\"author\" content=\"Tarcisio Oliveira\" \/>\n<meta name=\"twitter:card\" content=\"summary_large_image\" \/>\n<meta name=\"twitter:label1\" content=\"Escrito por\" \/>\n\t<meta name=\"twitter:data1\" content=\"Tarcisio Oliveira\" \/>\n\t<meta name=\"twitter:label2\" content=\"Est. tempo de leitura\" \/>\n\t<meta name=\"twitter:data2\" content=\"5 minutos\" \/>\n<script type=\"application\/ld+json\" class=\"yoast-schema-graph\">{\"@context\":\"https:\/\/schema.org\",\"@graph\":[{\"@type\":\"Article\",\"@id\":\"https:\/\/www.pm.pb.gov.br\/portal\/2023\/07\/03\/sao-joao-2023-paraiba-zera-ocorrencias-graves-em-locais-de-festa-e-campina-grande-fecha-semestre-com-menor-numero-de-crimes-contra-a-vida-desde-2010\/#article\",\"isPartOf\":{\"@id\":\"https:\/\/www.pm.pb.gov.br\/portal\/2023\/07\/03\/sao-joao-2023-paraiba-zera-ocorrencias-graves-em-locais-de-festa-e-campina-grande-fecha-semestre-com-menor-numero-de-crimes-contra-a-vida-desde-2010\/\"},\"author\":{\"name\":\"Tarcisio Oliveira\",\"@id\":\"https:\/\/www.pm.pb.gov.br\/portal\/#\/schema\/person\/f84f56dcc78ce4357054da888b8247fd\"},\"headline\":\"S\u00e3o Jo\u00e3o 2023: Para\u00edba zera ocorr\u00eancias graves em locais de festa e Campina Grande fecha semestre com menor n\u00famero de crimes contra a vida desde 2010\",\"datePublished\":\"2023-07-03T19:23:54+00:00\",\"dateModified\":\"2023-07-03T19:23:57+00:00\",\"mainEntityOfPage\":{\"@id\":\"https:\/\/www.pm.pb.gov.br\/portal\/2023\/07\/03\/sao-joao-2023-paraiba-zera-ocorrencias-graves-em-locais-de-festa-e-campina-grande-fecha-semestre-com-menor-numero-de-crimes-contra-a-vida-desde-2010\/\"},\"wordCount\":906,\"publisher\":{\"@id\":\"https:\/\/www.pm.pb.gov.br\/portal\/#organization\"},\"articleSection\":[\"A\u00e7\u00f5es Policiais\"],\"inLanguage\":\"pt-BR\"},{\"@type\":\"WebPage\",\"@id\":\"https:\/\/www.pm.pb.gov.br\/portal\/2023\/07\/03\/sao-joao-2023-paraiba-zera-ocorrencias-graves-em-locais-de-festa-e-campina-grande-fecha-semestre-com-menor-numero-de-crimes-contra-a-vida-desde-2010\/\",\"url\":\"https:\/\/www.pm.pb.gov.br\/portal\/2023\/07\/03\/sao-joao-2023-paraiba-zera-ocorrencias-graves-em-locais-de-festa-e-campina-grande-fecha-semestre-com-menor-numero-de-crimes-contra-a-vida-desde-2010\/\",\"name\":\"S\u00e3o Jo\u00e3o 2023: Para\u00edba zera ocorr\u00eancias graves em locais de festa e Campina Grande fecha semestre com menor n\u00famero de crimes contra a vida desde 2010 - Pol\u00edcia Militar da Para\u00edba\",\"isPartOf\":{\"@id\":\"https:\/\/www.pm.pb.gov.br\/portal\/#website\"},\"datePublished\":\"2023-07-03T19:23:54+00:00\",\"dateModified\":\"2023-07-03T19:23:57+00:00\",\"breadcrumb\":{\"@id\":\"https:\/\/www.pm.pb.gov.br\/portal\/2023\/07\/03\/sao-joao-2023-paraiba-zera-ocorrencias-graves-em-locais-de-festa-e-campina-grande-fecha-semestre-com-menor-numero-de-crimes-contra-a-vida-desde-2010\/#breadcrumb\"},\"inLanguage\":\"pt-BR\",\"potentialAction\":[{\"@type\":\"ReadAction\",\"target\":[\"https:\/\/www.pm.pb.gov.br\/portal\/2023\/07\/03\/sao-joao-2023-paraiba-zera-ocorrencias-graves-em-locais-de-festa-e-campina-grande-fecha-semestre-com-menor-numero-de-crimes-contra-a-vida-desde-2010\/\"]}]},{\"@type\":\"BreadcrumbList\",\"@id\":\"https:\/\/www.pm.pb.gov.br\/portal\/2023\/07\/03\/sao-joao-2023-paraiba-zera-ocorrencias-graves-em-locais-de-festa-e-campina-grande-fecha-semestre-com-menor-numero-de-crimes-contra-a-vida-desde-2010\/#breadcrumb\",\"itemListElement\":[{\"@type\":\"ListItem\",\"position\":1,\"name\":\"In\u00edcio\",\"item\":\"https:\/\/www.pm.pb.gov.br\/portal\/\"},{\"@type\":\"ListItem\",\"position\":2,\"name\":\"S\u00e3o Jo\u00e3o 2023: Para\u00edba zera ocorr\u00eancias graves em locais de festa e Campina Grande fecha semestre com menor n\u00famero de crimes contra a vida desde 2010\"}]},{\"@type\":\"WebSite\",\"@id\":\"https:\/\/www.pm.pb.gov.br\/portal\/#website\",\"url\":\"https:\/\/www.pm.pb.gov.br\/portal\/\",\"name\":\"Pol\u00edcia Militar da Para\u00edba\",\"description\":\"\",\"publisher\":{\"@id\":\"https:\/\/www.pm.pb.gov.br\/portal\/#organization\"},\"potentialAction\":[{\"@type\":\"SearchAction\",\"target\":{\"@type\":\"EntryPoint\",\"urlTemplate\":\"https:\/\/www.pm.pb.gov.br\/portal\/?s={search_term_string}\"},\"query-input\":\"required name=search_term_string\"}],\"inLanguage\":\"pt-BR\"},{\"@type\":\"Organization\",\"@id\":\"https:\/\/www.pm.pb.gov.br\/portal\/#organization\",\"name\":\"Pol\u00edcia Militar da Para\u00edba\",\"url\":\"https:\/\/www.pm.pb.gov.br\/portal\/\",\"logo\":{\"@type\":\"ImageObject\",\"inLanguage\":\"pt-BR\",\"@id\":\"https:\/\/www.pm.pb.gov.br\/portal\/#\/schema\/logo\/image\/\",\"url\":\"https:\/\/www.pm.pb.gov.br\/portal\/wp-content\/uploads\/2025\/03\/cropped-logo-site-mag2-1.png\",\"contentUrl\":\"https:\/\/www.pm.pb.gov.br\/portal\/wp-content\/uploads\/2025\/03\/cropped-logo-site-mag2-1.png\",\"width\":320,\"height\":90,\"caption\":\"Pol\u00edcia Militar da Para\u00edba\"},\"image\":{\"@id\":\"https:\/\/www.pm.pb.gov.br\/portal\/#\/schema\/logo\/image\/\"}},{\"@type\":\"Person\",\"@id\":\"https:\/\/www.pm.pb.gov.br\/portal\/#\/schema\/person\/f84f56dcc78ce4357054da888b8247fd\",\"name\":\"Tarcisio Oliveira\",\"image\":{\"@type\":\"ImageObject\",\"inLanguage\":\"pt-BR\",\"@id\":\"https:\/\/www.pm.pb.gov.br\/portal\/#\/schema\/person\/image\/\",\"url\":\"https:\/\/secure.gravatar.com\/avatar\/72917b630b69d31cd0297507f34bac97?s=96&d=mm&r=g\",\"contentUrl\":\"https:\/\/secure.gravatar.com\/avatar\/72917b630b69d31cd0297507f34bac97?s=96&d=mm&r=g\",\"caption\":\"Tarcisio Oliveira\"},\"url\":\"https:\/\/www.pm.pb.gov.br\/portal\/author\/tarcisio\/\"}]}<\/script>\n<!-- \/ Yoast SEO plugin. -->","yoast_head_json":{"title":"S\u00e3o Jo\u00e3o 2023: Para\u00edba zera ocorr\u00eancias graves em locais de festa e Campina Grande fecha semestre com menor n\u00famero de crimes contra a vida desde 2010 - Pol\u00edcia Militar da Para\u00edba","robots":{"index":"index","follow":"follow","max-snippet":"max-snippet:-1","max-image-preview":"max-image-preview:large","max-video-preview":"max-video-preview:-1"},"canonical":"https:\/\/www.pm.pb.gov.br\/portal\/2023\/07\/03\/sao-joao-2023-paraiba-zera-ocorrencias-graves-em-locais-de-festa-e-campina-grande-fecha-semestre-com-menor-numero-de-crimes-contra-a-vida-desde-2010\/","og_locale":"pt_BR","og_type":"article","og_title":"S\u00e3o Jo\u00e3o 2023: Para\u00edba zera ocorr\u00eancias graves em locais de festa e Campina Grande fecha semestre com menor n\u00famero de crimes contra a vida desde 2010 - Pol\u00edcia Militar da Para\u00edba","og_description":"A Seguran\u00e7a P\u00fablica da Para\u00edba apresentou nesta segunda-feira (3) os resultados da Opera\u00e7\u00e3o S\u00e3o Jo\u00e3o em todo o m\u00eas de","og_url":"https:\/\/www.pm.pb.gov.br\/portal\/2023\/07\/03\/sao-joao-2023-paraiba-zera-ocorrencias-graves-em-locais-de-festa-e-campina-grande-fecha-semestre-com-menor-numero-de-crimes-contra-a-vida-desde-2010\/","og_site_name":"Pol\u00edcia Militar da Para\u00edba","article_published_time":"2023-07-03T19:23:54+00:00","article_modified_time":"2023-07-03T19:23:57+00:00","og_image":[{"width":800,"height":445,"url":"http:\/\/www.pm.pb.gov.br\/portal\/wp-content\/uploads\/2023\/06\/saojoao.jpeg","type":"image\/jpeg"}],"author":"Tarcisio Oliveira","twitter_card":"summary_large_image","twitter_misc":{"Escrito por":"Tarcisio Oliveira","Est. tempo de leitura":"5 minutos"},"schema":{"@context":"https:\/\/schema.org","@graph":[{"@type":"Article","@id":"https:\/\/www.pm.pb.gov.br\/portal\/2023\/07\/03\/sao-joao-2023-paraiba-zera-ocorrencias-graves-em-locais-de-festa-e-campina-grande-fecha-semestre-com-menor-numero-de-crimes-contra-a-vida-desde-2010\/#article","isPartOf":{"@id":"https:\/\/www.pm.pb.gov.br\/portal\/2023\/07\/03\/sao-joao-2023-paraiba-zera-ocorrencias-graves-em-locais-de-festa-e-campina-grande-fecha-semestre-com-menor-numero-de-crimes-contra-a-vida-desde-2010\/"},"author":{"name":"Tarcisio Oliveira","@id":"https:\/\/www.pm.pb.gov.br\/portal\/#\/schema\/person\/f84f56dcc78ce4357054da888b8247fd"},"headline":"S\u00e3o Jo\u00e3o 2023: Para\u00edba zera ocorr\u00eancias graves em locais de festa e Campina Grande fecha semestre com menor n\u00famero de crimes contra a vida desde 2010","datePublished":"2023-07-03T19:23:54+00:00","dateModified":"2023-07-03T19:23:57+00:00","mainEntityOfPage":{"@id":"https:\/\/www.pm.pb.gov.br\/portal\/2023\/07\/03\/sao-joao-2023-paraiba-zera-ocorrencias-graves-em-locais-de-festa-e-campina-grande-fecha-semestre-com-menor-numero-de-crimes-contra-a-vida-desde-2010\/"},"wordCount":906,"publisher":{"@id":"https:\/\/www.pm.pb.gov.br\/portal\/#organization"},"articleSection":["A\u00e7\u00f5es Policiais"],"inLanguage":"pt-BR"},{"@type":"WebPage","@id":"https:\/\/www.pm.pb.gov.br\/portal\/2023\/07\/03\/sao-joao-2023-paraiba-zera-ocorrencias-graves-em-locais-de-festa-e-campina-grande-fecha-semestre-com-menor-numero-de-crimes-contra-a-vida-desde-2010\/","url":"https:\/\/www.pm.pb.gov.br\/portal\/2023\/07\/03\/sao-joao-2023-paraiba-zera-ocorrencias-graves-em-locais-de-festa-e-campina-grande-fecha-semestre-com-menor-numero-de-crimes-contra-a-vida-desde-2010\/","name":"S\u00e3o Jo\u00e3o 2023: Para\u00edba zera ocorr\u00eancias graves em locais de festa e Campina Grande fecha semestre com menor n\u00famero de crimes contra a vida desde 2010 - Pol\u00edcia Militar da Para\u00edba","isPartOf":{"@id":"https:\/\/www.pm.pb.gov.br\/portal\/#website"},"datePublished":"2023-07-03T19:23:54+00:00","dateModified":"2023-07-03T19:23:57+00:00","breadcrumb":{"@id":"https:\/\/www.pm.pb.gov.br\/portal\/2023\/07\/03\/sao-joao-2023-paraiba-zera-ocorrencias-graves-em-locais-de-festa-e-campina-grande-fecha-semestre-com-menor-numero-de-crimes-contra-a-vida-desde-2010\/#breadcrumb"},"inLanguage":"pt-BR","potentialAction":[{"@type":"ReadAction","target":["https:\/\/www.pm.pb.gov.br\/portal\/2023\/07\/03\/sao-joao-2023-paraiba-zera-ocorrencias-graves-em-locais-de-festa-e-campina-grande-fecha-semestre-com-menor-numero-de-crimes-contra-a-vida-desde-2010\/"]}]},{"@type":"BreadcrumbList","@id":"https:\/\/www.pm.pb.gov.br\/portal\/2023\/07\/03\/sao-joao-2023-paraiba-zera-ocorrencias-graves-em-locais-de-festa-e-campina-grande-fecha-semestre-com-menor-numero-de-crimes-contra-a-vida-desde-2010\/#breadcrumb","itemListElement":[{"@type":"ListItem","position":1,"name":"In\u00edcio","item":"https:\/\/www.pm.pb.gov.br\/portal\/"},{"@type":"ListItem","position":2,"name":"S\u00e3o Jo\u00e3o 2023: Para\u00edba zera ocorr\u00eancias graves em locais de festa e Campina Grande fecha semestre com menor n\u00famero de crimes contra a vida desde 2010"}]},{"@type":"WebSite","@id":"https:\/\/www.pm.pb.gov.br\/portal\/#website","url":"https:\/\/www.pm.pb.gov.br\/portal\/","name":"Pol\u00edcia Militar da Para\u00edba","description":"","publisher":{"@id":"https:\/\/www.pm.pb.gov.br\/portal\/#organization"},"potentialAction":[{"@type":"SearchAction","target":{"@type":"EntryPoint","urlTemplate":"https:\/\/www.pm.pb.gov.br\/portal\/?s={search_term_string}"},"query-input":"required name=search_term_string"}],"inLanguage":"pt-BR"},{"@type":"Organization","@id":"https:\/\/www.pm.pb.gov.br\/portal\/#organization","name":"Pol\u00edcia Militar da Para\u00edba","url":"https:\/\/www.pm.pb.gov.br\/portal\/","logo":{"@type":"ImageObject","inLanguage":"pt-BR","@id":"https:\/\/www.pm.pb.gov.br\/portal\/#\/schema\/logo\/image\/","url":"https:\/\/www.pm.pb.gov.br\/portal\/wp-content\/uploads\/2025\/03\/cropped-logo-site-mag2-1.png","contentUrl":"https:\/\/www.pm.pb.gov.br\/portal\/wp-content\/uploads\/2025\/03\/cropped-logo-site-mag2-1.png","width":320,"height":90,"caption":"Pol\u00edcia Militar da Para\u00edba"},"image":{"@id":"https:\/\/www.pm.pb.gov.br\/portal\/#\/schema\/logo\/image\/"}},{"@type":"Person","@id":"https:\/\/www.pm.pb.gov.br\/portal\/#\/schema\/person\/f84f56dcc78ce4357054da888b8247fd","name":"Tarcisio Oliveira","image":{"@type":"ImageObject","inLanguage":"pt-BR","@id":"https:\/\/www.pm.pb.gov.br\/portal\/#\/schema\/person\/image\/","url":"https:\/\/secure.gravatar.com\/avatar\/72917b630b69d31cd0297507f34bac97?s=96&d=mm&r=g","contentUrl":"https:\/\/secure.gravatar.com\/avatar\/72917b630b69d31cd0297507f34bac97?s=96&d=mm&r=g","caption":"Tarcisio Oliveira"},"url":"https:\/\/www.pm.pb.gov.br\/portal\/author\/tarcisio\/"}]}},"_links":{"self":[{"href":"https:\/\/www.pm.pb.gov.br\/portal\/wp-json\/wp\/v2\/posts\/917302"}],"collection":[{"href":"https:\/\/www.pm.pb.gov.br\/portal\/wp-json\/wp\/v2\/posts"}],"about":[{"href":"https:\/\/www.pm.pb.gov.br\/portal\/wp-json\/wp\/v2\/types\/post"}],"author":[{"embeddable":true,"href":"https:\/\/www.pm.pb.gov.br\/portal\/wp-json\/wp\/v2\/users\/12"}],"replies":[{"embeddable":true,"href":"https:\/\/www.pm.pb.gov.br\/portal\/wp-json\/wp\/v2\/comments?post=917302"}],"version-history":[{"count":1,"href":"https:\/\/www.pm.pb.gov.br\/portal\/wp-json\/wp\/v2\/posts\/917302\/revisions"}],"predecessor-version":[{"id":917304,"href":"https:\/\/www.pm.pb.gov.br\/portal\/wp-json\/wp\/v2\/posts\/917302\/revisions\/917304"}],"wp:featuredmedia":[{"embeddable":true,"href":"https:\/\/www.pm.pb.gov.br\/portal\/wp-json\/wp\/v2\/media\/917119"}],"wp:attachment":[{"href":"https:\/\/www.pm.pb.gov.br\/portal\/wp-json\/wp\/v2\/media?parent=917302"}],"wp:term":[{"taxonomy":"category","embeddable":true,"href":"https:\/\/www.pm.pb.gov.br\/portal\/wp-json\/wp\/v2\/categories?post=917302"},{"taxonomy":"post_tag","embeddable":true,"href":"https:\/\/www.pm.pb.gov.br\/portal\/wp-json\/wp\/v2\/tags?post=917302"}],"curies":[{"name":"wp","href":"https:\/\/api.w.org\/{rel}","templated":true}]}}