{"id":917288,"date":"2023-07-01T10:50:43","date_gmt":"2023-07-01T13:50:43","guid":{"rendered":"https:\/\/www.pm.pb.gov.br\/portal\/?p=917288"},"modified":"2023-07-01T10:50:44","modified_gmt":"2023-07-01T13:50:44","slug":"operacao-paradigma-tres-armas-de-fogo-e-drogas-sao-apreendidas-na-regiao-metropolitana-de-joao-pessoa","status":"publish","type":"post","link":"https:\/\/www.pm.pb.gov.br\/portal\/2023\/07\/01\/operacao-paradigma-tres-armas-de-fogo-e-drogas-sao-apreendidas-na-regiao-metropolitana-de-joao-pessoa\/","title":{"rendered":"OPERA\u00c7\u00c3O PARADIGMA: Tr\u00eas armas de fogo e drogas s\u00e3o apreendidas na regi\u00e3o metropolitana de Jo\u00e3o Pessoa"},"content":{"rendered":"\n<p>A noite de sexta-feira (30) registrou a apreens\u00e3o de pelo menos tr\u00eas armas de fogo e drogas em quatro localidades da regi\u00e3o metropolitana de Jo\u00e3o Pessoa. As a\u00e7\u00f5es foram realizadas pela Pol\u00edcia Militar durante refor\u00e7o em locais estrat\u00e9gicos com a atua\u00e7\u00e3o da Opera\u00e7\u00e3o Paradigma.<\/p>\n<p>Em Bayeux, na regi\u00e3o do Rio do Meio, os policiais apreenderam uma espingarda calibre 12, muni\u00e7\u00f5es e mais de 130 por\u00e7\u00f5es de coca\u00edna e maconha, prontas para o com\u00e9rcio ilegal (foto acima). Todo o material estava com um homem de 37 anos suspeito de tr\u00e1fico.<\/p>\n<p>Em Mandacaru, no Alto do C\u00e9u, em Jo\u00e3o Pessoa, a apreens\u00e3o foi de um rev\u00f3lver calibre 38 e muni\u00e7\u00f5es, materiais que foram localizados com um homem de 31 anos, durante uma abordagem da PM ao ve\u00edculo que ele conduzia. Em outra a\u00e7\u00e3o da PM, na regi\u00e3o da Beira da Linha, os policiais localizaram e apreenderam 24 por\u00e7\u00f5es de maconha, crack e coca\u00edna, abandonada por um suspeito que fugiu.<\/p>\n<p>J\u00e1 no Bairro dos Novais, a arma apreendida foi uma pistola, material localizado ap\u00f3s buscas por um suspeito que fugia das guarni\u00e7\u00f5es que estavam em a\u00e7\u00f5es preventivas.<\/p>\n<p>Todas as ocorr\u00eancias foram encaminhadas para as delegacias locais para os procedimentos cab\u00edveis.<\/p>\n\n\n","protected":false},"excerpt":{"rendered":"<p>A noite de sexta-feira (30) registrou a apreens\u00e3o de pelo menos tr\u00eas armas de fogo e drogas em quatro localidades<\/p>\n","protected":false},"author":12,"featured_media":917289,"comment_status":"closed","ping_status":"closed","sticky":false,"template":"","format":"standard","meta":{"_exactmetrics_skip_tracking":false,"_exactmetrics_sitenote_active":false,"_exactmetrics_sitenote_note":"","_exactmetrics_sitenote_category":0,"footnotes":""},"categories":[4],"tags":[],"yoast_head":"<!-- This site is optimized with the Yoast SEO plugin v22.0 - https:\/\/yoast.com\/wordpress\/plugins\/seo\/ -->\n<title>OPERA\u00c7\u00c3O PARADIGMA: Tr\u00eas armas de fogo e drogas s\u00e3o apreendidas na regi\u00e3o metropolitana de Jo\u00e3o Pessoa - Pol\u00edcia Militar da Para\u00edba<\/title>\n<meta name=\"robots\" content=\"index, follow, max-snippet:-1, max-image-preview:large, max-video-preview:-1\" \/>\n<link rel=\"canonical\" href=\"https:\/\/www.pm.pb.gov.br\/portal\/2023\/07\/01\/operacao-paradigma-tres-armas-de-fogo-e-drogas-sao-apreendidas-na-regiao-metropolitana-de-joao-pessoa\/\" \/>\n<meta property=\"og:locale\" content=\"pt_BR\" \/>\n<meta property=\"og:type\" content=\"article\" \/>\n<meta property=\"og:title\" content=\"OPERA\u00c7\u00c3O PARADIGMA: Tr\u00eas armas de fogo e drogas s\u00e3o apreendidas na regi\u00e3o metropolitana de Jo\u00e3o Pessoa - Pol\u00edcia Militar da Para\u00edba\" \/>\n<meta property=\"og:description\" content=\"A noite de sexta-feira (30) registrou a apreens\u00e3o de pelo menos tr\u00eas armas de fogo e drogas em quatro localidades\" \/>\n<meta property=\"og:url\" content=\"https:\/\/www.pm.pb.gov.br\/portal\/2023\/07\/01\/operacao-paradigma-tres-armas-de-fogo-e-drogas-sao-apreendidas-na-regiao-metropolitana-de-joao-pessoa\/\" \/>\n<meta property=\"og:site_name\" content=\"Pol\u00edcia Militar da Para\u00edba\" \/>\n<meta property=\"article:published_time\" content=\"2023-07-01T13:50:43+00:00\" \/>\n<meta property=\"article:modified_time\" content=\"2023-07-01T13:50:44+00:00\" \/>\n<meta property=\"og:image\" content=\"http:\/\/www.pm.pb.gov.br\/portal\/wp-content\/uploads\/2023\/07\/espingarda_drogas.jpeg\" \/>\n\t<meta property=\"og:image:width\" content=\"800\" \/>\n\t<meta property=\"og:image:height\" content=\"445\" \/>\n\t<meta property=\"og:image:type\" content=\"image\/jpeg\" \/>\n<meta name=\"author\" content=\"Tarcisio Oliveira\" \/>\n<meta name=\"twitter:card\" content=\"summary_large_image\" \/>\n<meta name=\"twitter:label1\" content=\"Escrito por\" \/>\n\t<meta name=\"twitter:data1\" content=\"Tarcisio Oliveira\" \/>\n\t<meta name=\"twitter:label2\" content=\"Est. tempo de leitura\" \/>\n\t<meta name=\"twitter:data2\" content=\"2 minutos\" \/>\n<script type=\"application\/ld+json\" class=\"yoast-schema-graph\">{\"@context\":\"https:\/\/schema.org\",\"@graph\":[{\"@type\":\"Article\",\"@id\":\"https:\/\/www.pm.pb.gov.br\/portal\/2023\/07\/01\/operacao-paradigma-tres-armas-de-fogo-e-drogas-sao-apreendidas-na-regiao-metropolitana-de-joao-pessoa\/#article\",\"isPartOf\":{\"@id\":\"https:\/\/www.pm.pb.gov.br\/portal\/2023\/07\/01\/operacao-paradigma-tres-armas-de-fogo-e-drogas-sao-apreendidas-na-regiao-metropolitana-de-joao-pessoa\/\"},\"author\":{\"name\":\"Tarcisio Oliveira\",\"@id\":\"https:\/\/www.pm.pb.gov.br\/portal\/#\/schema\/person\/f84f56dcc78ce4357054da888b8247fd\"},\"headline\":\"OPERA\u00c7\u00c3O PARADIGMA: Tr\u00eas armas de fogo e drogas s\u00e3o apreendidas na regi\u00e3o metropolitana de Jo\u00e3o Pessoa\",\"datePublished\":\"2023-07-01T13:50:43+00:00\",\"dateModified\":\"2023-07-01T13:50:44+00:00\",\"mainEntityOfPage\":{\"@id\":\"https:\/\/www.pm.pb.gov.br\/portal\/2023\/07\/01\/operacao-paradigma-tres-armas-de-fogo-e-drogas-sao-apreendidas-na-regiao-metropolitana-de-joao-pessoa\/\"},\"wordCount\":242,\"publisher\":{\"@id\":\"https:\/\/www.pm.pb.gov.br\/portal\/#organization\"},\"articleSection\":[\"A\u00e7\u00f5es Policiais\"],\"inLanguage\":\"pt-BR\"},{\"@type\":\"WebPage\",\"@id\":\"https:\/\/www.pm.pb.gov.br\/portal\/2023\/07\/01\/operacao-paradigma-tres-armas-de-fogo-e-drogas-sao-apreendidas-na-regiao-metropolitana-de-joao-pessoa\/\",\"url\":\"https:\/\/www.pm.pb.gov.br\/portal\/2023\/07\/01\/operacao-paradigma-tres-armas-de-fogo-e-drogas-sao-apreendidas-na-regiao-metropolitana-de-joao-pessoa\/\",\"name\":\"OPERA\u00c7\u00c3O PARADIGMA: Tr\u00eas armas de fogo e drogas s\u00e3o apreendidas na regi\u00e3o metropolitana de Jo\u00e3o Pessoa - Pol\u00edcia Militar da Para\u00edba\",\"isPartOf\":{\"@id\":\"https:\/\/www.pm.pb.gov.br\/portal\/#website\"},\"datePublished\":\"2023-07-01T13:50:43+00:00\",\"dateModified\":\"2023-07-01T13:50:44+00:00\",\"breadcrumb\":{\"@id\":\"https:\/\/www.pm.pb.gov.br\/portal\/2023\/07\/01\/operacao-paradigma-tres-armas-de-fogo-e-drogas-sao-apreendidas-na-regiao-metropolitana-de-joao-pessoa\/#breadcrumb\"},\"inLanguage\":\"pt-BR\",\"potentialAction\":[{\"@type\":\"ReadAction\",\"target\":[\"https:\/\/www.pm.pb.gov.br\/portal\/2023\/07\/01\/operacao-paradigma-tres-armas-de-fogo-e-drogas-sao-apreendidas-na-regiao-metropolitana-de-joao-pessoa\/\"]}]},{\"@type\":\"BreadcrumbList\",\"@id\":\"https:\/\/www.pm.pb.gov.br\/portal\/2023\/07\/01\/operacao-paradigma-tres-armas-de-fogo-e-drogas-sao-apreendidas-na-regiao-metropolitana-de-joao-pessoa\/#breadcrumb\",\"itemListElement\":[{\"@type\":\"ListItem\",\"position\":1,\"name\":\"In\u00edcio\",\"item\":\"https:\/\/www.pm.pb.gov.br\/portal\/\"},{\"@type\":\"ListItem\",\"position\":2,\"name\":\"OPERA\u00c7\u00c3O PARADIGMA: Tr\u00eas armas de fogo e drogas s\u00e3o apreendidas na regi\u00e3o metropolitana de Jo\u00e3o Pessoa\"}]},{\"@type\":\"WebSite\",\"@id\":\"https:\/\/www.pm.pb.gov.br\/portal\/#website\",\"url\":\"https:\/\/www.pm.pb.gov.br\/portal\/\",\"name\":\"Pol\u00edcia Militar da Para\u00edba\",\"description\":\"\",\"publisher\":{\"@id\":\"https:\/\/www.pm.pb.gov.br\/portal\/#organization\"},\"potentialAction\":[{\"@type\":\"SearchAction\",\"target\":{\"@type\":\"EntryPoint\",\"urlTemplate\":\"https:\/\/www.pm.pb.gov.br\/portal\/?s={search_term_string}\"},\"query-input\":\"required name=search_term_string\"}],\"inLanguage\":\"pt-BR\"},{\"@type\":\"Organization\",\"@id\":\"https:\/\/www.pm.pb.gov.br\/portal\/#organization\",\"name\":\"Pol\u00edcia Militar da Para\u00edba\",\"url\":\"https:\/\/www.pm.pb.gov.br\/portal\/\",\"logo\":{\"@type\":\"ImageObject\",\"inLanguage\":\"pt-BR\",\"@id\":\"https:\/\/www.pm.pb.gov.br\/portal\/#\/schema\/logo\/image\/\",\"url\":\"https:\/\/www.pm.pb.gov.br\/portal\/wp-content\/uploads\/2025\/03\/cropped-logo-site-mag2-1.png\",\"contentUrl\":\"https:\/\/www.pm.pb.gov.br\/portal\/wp-content\/uploads\/2025\/03\/cropped-logo-site-mag2-1.png\",\"width\":320,\"height\":90,\"caption\":\"Pol\u00edcia Militar da Para\u00edba\"},\"image\":{\"@id\":\"https:\/\/www.pm.pb.gov.br\/portal\/#\/schema\/logo\/image\/\"}},{\"@type\":\"Person\",\"@id\":\"https:\/\/www.pm.pb.gov.br\/portal\/#\/schema\/person\/f84f56dcc78ce4357054da888b8247fd\",\"name\":\"Tarcisio Oliveira\",\"image\":{\"@type\":\"ImageObject\",\"inLanguage\":\"pt-BR\",\"@id\":\"https:\/\/www.pm.pb.gov.br\/portal\/#\/schema\/person\/image\/\",\"url\":\"https:\/\/secure.gravatar.com\/avatar\/72917b630b69d31cd0297507f34bac97?s=96&d=mm&r=g\",\"contentUrl\":\"https:\/\/secure.gravatar.com\/avatar\/72917b630b69d31cd0297507f34bac97?s=96&d=mm&r=g\",\"caption\":\"Tarcisio Oliveira\"},\"url\":\"https:\/\/www.pm.pb.gov.br\/portal\/author\/tarcisio\/\"}]}<\/script>\n<!-- \/ Yoast SEO plugin. -->","yoast_head_json":{"title":"OPERA\u00c7\u00c3O PARADIGMA: Tr\u00eas armas de fogo e drogas s\u00e3o apreendidas na regi\u00e3o metropolitana de Jo\u00e3o Pessoa - Pol\u00edcia Militar da Para\u00edba","robots":{"index":"index","follow":"follow","max-snippet":"max-snippet:-1","max-image-preview":"max-image-preview:large","max-video-preview":"max-video-preview:-1"},"canonical":"https:\/\/www.pm.pb.gov.br\/portal\/2023\/07\/01\/operacao-paradigma-tres-armas-de-fogo-e-drogas-sao-apreendidas-na-regiao-metropolitana-de-joao-pessoa\/","og_locale":"pt_BR","og_type":"article","og_title":"OPERA\u00c7\u00c3O PARADIGMA: Tr\u00eas armas de fogo e drogas s\u00e3o apreendidas na regi\u00e3o metropolitana de Jo\u00e3o Pessoa - Pol\u00edcia Militar da Para\u00edba","og_description":"A noite de sexta-feira (30) registrou a apreens\u00e3o de pelo menos tr\u00eas armas de fogo e drogas em quatro localidades","og_url":"https:\/\/www.pm.pb.gov.br\/portal\/2023\/07\/01\/operacao-paradigma-tres-armas-de-fogo-e-drogas-sao-apreendidas-na-regiao-metropolitana-de-joao-pessoa\/","og_site_name":"Pol\u00edcia Militar da Para\u00edba","article_published_time":"2023-07-01T13:50:43+00:00","article_modified_time":"2023-07-01T13:50:44+00:00","og_image":[{"width":800,"height":445,"url":"http:\/\/www.pm.pb.gov.br\/portal\/wp-content\/uploads\/2023\/07\/espingarda_drogas.jpeg","type":"image\/jpeg"}],"author":"Tarcisio Oliveira","twitter_card":"summary_large_image","twitter_misc":{"Escrito por":"Tarcisio Oliveira","Est. tempo de leitura":"2 minutos"},"schema":{"@context":"https:\/\/schema.org","@graph":[{"@type":"Article","@id":"https:\/\/www.pm.pb.gov.br\/portal\/2023\/07\/01\/operacao-paradigma-tres-armas-de-fogo-e-drogas-sao-apreendidas-na-regiao-metropolitana-de-joao-pessoa\/#article","isPartOf":{"@id":"https:\/\/www.pm.pb.gov.br\/portal\/2023\/07\/01\/operacao-paradigma-tres-armas-de-fogo-e-drogas-sao-apreendidas-na-regiao-metropolitana-de-joao-pessoa\/"},"author":{"name":"Tarcisio Oliveira","@id":"https:\/\/www.pm.pb.gov.br\/portal\/#\/schema\/person\/f84f56dcc78ce4357054da888b8247fd"},"headline":"OPERA\u00c7\u00c3O PARADIGMA: Tr\u00eas armas de fogo e drogas s\u00e3o apreendidas na regi\u00e3o metropolitana de Jo\u00e3o Pessoa","datePublished":"2023-07-01T13:50:43+00:00","dateModified":"2023-07-01T13:50:44+00:00","mainEntityOfPage":{"@id":"https:\/\/www.pm.pb.gov.br\/portal\/2023\/07\/01\/operacao-paradigma-tres-armas-de-fogo-e-drogas-sao-apreendidas-na-regiao-metropolitana-de-joao-pessoa\/"},"wordCount":242,"publisher":{"@id":"https:\/\/www.pm.pb.gov.br\/portal\/#organization"},"articleSection":["A\u00e7\u00f5es Policiais"],"inLanguage":"pt-BR"},{"@type":"WebPage","@id":"https:\/\/www.pm.pb.gov.br\/portal\/2023\/07\/01\/operacao-paradigma-tres-armas-de-fogo-e-drogas-sao-apreendidas-na-regiao-metropolitana-de-joao-pessoa\/","url":"https:\/\/www.pm.pb.gov.br\/portal\/2023\/07\/01\/operacao-paradigma-tres-armas-de-fogo-e-drogas-sao-apreendidas-na-regiao-metropolitana-de-joao-pessoa\/","name":"OPERA\u00c7\u00c3O PARADIGMA: Tr\u00eas armas de fogo e drogas s\u00e3o apreendidas na regi\u00e3o metropolitana de Jo\u00e3o Pessoa - Pol\u00edcia Militar da Para\u00edba","isPartOf":{"@id":"https:\/\/www.pm.pb.gov.br\/portal\/#website"},"datePublished":"2023-07-01T13:50:43+00:00","dateModified":"2023-07-01T13:50:44+00:00","breadcrumb":{"@id":"https:\/\/www.pm.pb.gov.br\/portal\/2023\/07\/01\/operacao-paradigma-tres-armas-de-fogo-e-drogas-sao-apreendidas-na-regiao-metropolitana-de-joao-pessoa\/#breadcrumb"},"inLanguage":"pt-BR","potentialAction":[{"@type":"ReadAction","target":["https:\/\/www.pm.pb.gov.br\/portal\/2023\/07\/01\/operacao-paradigma-tres-armas-de-fogo-e-drogas-sao-apreendidas-na-regiao-metropolitana-de-joao-pessoa\/"]}]},{"@type":"BreadcrumbList","@id":"https:\/\/www.pm.pb.gov.br\/portal\/2023\/07\/01\/operacao-paradigma-tres-armas-de-fogo-e-drogas-sao-apreendidas-na-regiao-metropolitana-de-joao-pessoa\/#breadcrumb","itemListElement":[{"@type":"ListItem","position":1,"name":"In\u00edcio","item":"https:\/\/www.pm.pb.gov.br\/portal\/"},{"@type":"ListItem","position":2,"name":"OPERA\u00c7\u00c3O PARADIGMA: Tr\u00eas armas de fogo e drogas s\u00e3o apreendidas na regi\u00e3o metropolitana de Jo\u00e3o Pessoa"}]},{"@type":"WebSite","@id":"https:\/\/www.pm.pb.gov.br\/portal\/#website","url":"https:\/\/www.pm.pb.gov.br\/portal\/","name":"Pol\u00edcia Militar da Para\u00edba","description":"","publisher":{"@id":"https:\/\/www.pm.pb.gov.br\/portal\/#organization"},"potentialAction":[{"@type":"SearchAction","target":{"@type":"EntryPoint","urlTemplate":"https:\/\/www.pm.pb.gov.br\/portal\/?s={search_term_string}"},"query-input":"required name=search_term_string"}],"inLanguage":"pt-BR"},{"@type":"Organization","@id":"https:\/\/www.pm.pb.gov.br\/portal\/#organization","name":"Pol\u00edcia Militar da Para\u00edba","url":"https:\/\/www.pm.pb.gov.br\/portal\/","logo":{"@type":"ImageObject","inLanguage":"pt-BR","@id":"https:\/\/www.pm.pb.gov.br\/portal\/#\/schema\/logo\/image\/","url":"https:\/\/www.pm.pb.gov.br\/portal\/wp-content\/uploads\/2025\/03\/cropped-logo-site-mag2-1.png","contentUrl":"https:\/\/www.pm.pb.gov.br\/portal\/wp-content\/uploads\/2025\/03\/cropped-logo-site-mag2-1.png","width":320,"height":90,"caption":"Pol\u00edcia Militar da Para\u00edba"},"image":{"@id":"https:\/\/www.pm.pb.gov.br\/portal\/#\/schema\/logo\/image\/"}},{"@type":"Person","@id":"https:\/\/www.pm.pb.gov.br\/portal\/#\/schema\/person\/f84f56dcc78ce4357054da888b8247fd","name":"Tarcisio Oliveira","image":{"@type":"ImageObject","inLanguage":"pt-BR","@id":"https:\/\/www.pm.pb.gov.br\/portal\/#\/schema\/person\/image\/","url":"https:\/\/secure.gravatar.com\/avatar\/72917b630b69d31cd0297507f34bac97?s=96&d=mm&r=g","contentUrl":"https:\/\/secure.gravatar.com\/avatar\/72917b630b69d31cd0297507f34bac97?s=96&d=mm&r=g","caption":"Tarcisio Oliveira"},"url":"https:\/\/www.pm.pb.gov.br\/portal\/author\/tarcisio\/"}]}},"_links":{"self":[{"href":"https:\/\/www.pm.pb.gov.br\/portal\/wp-json\/wp\/v2\/posts\/917288"}],"collection":[{"href":"https:\/\/www.pm.pb.gov.br\/portal\/wp-json\/wp\/v2\/posts"}],"about":[{"href":"https:\/\/www.pm.pb.gov.br\/portal\/wp-json\/wp\/v2\/types\/post"}],"author":[{"embeddable":true,"href":"https:\/\/www.pm.pb.gov.br\/portal\/wp-json\/wp\/v2\/users\/12"}],"replies":[{"embeddable":true,"href":"https:\/\/www.pm.pb.gov.br\/portal\/wp-json\/wp\/v2\/comments?post=917288"}],"version-history":[{"count":1,"href":"https:\/\/www.pm.pb.gov.br\/portal\/wp-json\/wp\/v2\/posts\/917288\/revisions"}],"predecessor-version":[{"id":917290,"href":"https:\/\/www.pm.pb.gov.br\/portal\/wp-json\/wp\/v2\/posts\/917288\/revisions\/917290"}],"wp:featuredmedia":[{"embeddable":true,"href":"https:\/\/www.pm.pb.gov.br\/portal\/wp-json\/wp\/v2\/media\/917289"}],"wp:attachment":[{"href":"https:\/\/www.pm.pb.gov.br\/portal\/wp-json\/wp\/v2\/media?parent=917288"}],"wp:term":[{"taxonomy":"category","embeddable":true,"href":"https:\/\/www.pm.pb.gov.br\/portal\/wp-json\/wp\/v2\/categories?post=917288"},{"taxonomy":"post_tag","embeddable":true,"href":"https:\/\/www.pm.pb.gov.br\/portal\/wp-json\/wp\/v2\/tags?post=917288"}],"curies":[{"name":"wp","href":"https:\/\/api.w.org\/{rel}","templated":true}]}}