{"id":917274,"date":"2023-06-29T15:58:15","date_gmt":"2023-06-29T18:58:15","guid":{"rendered":"https:\/\/www.pm.pb.gov.br\/portal\/?p=917274"},"modified":"2023-06-29T15:58:18","modified_gmt":"2023-06-29T18:58:18","slug":"no-exercito-brasileiro-policiais-militares-da-paraiba-concluem-estagio-de-operacoes-aeromoveis","status":"publish","type":"post","link":"https:\/\/www.pm.pb.gov.br\/portal\/2023\/06\/29\/no-exercito-brasileiro-policiais-militares-da-paraiba-concluem-estagio-de-operacoes-aeromoveis\/","title":{"rendered":"NO EX\u00c9RCITO BRASILEIRO: Policiais militares da Para\u00edba concluem Est\u00e1gio de Opera\u00e7\u00f5es Aerom\u00f3veis"},"content":{"rendered":"\n<p>Dois policiais militares da Para\u00edba conclu\u00edram, no estado do Amazonas, o Est\u00e1gio de Opera\u00e7\u00f5es Aerom\u00f3veis do Ex\u00e9rcito Brasileiro. A atividade aconteceu entre os dias 12 e 23 de junho, no 4\u00ba Batalh\u00e3o de Avia\u00e7\u00e3o do Ex\u00e9rcito, em Manaus\/AM.<\/p>\n<p><img loading=\"lazy\" decoding=\"async\" class=\" wp-image-917276 aligncenter\" src=\"http:\/\/www.pm.pb.gov.br\/portal\/wp-content\/uploads\/2023\/06\/geosac_foto_eb-1-688x445.jpeg\" alt=\"\" width=\"606\" height=\"392\" srcset=\"https:\/\/www.pm.pb.gov.br\/portal\/wp-content\/uploads\/2023\/06\/geosac_foto_eb-1-688x445.jpeg 688w, https:\/\/www.pm.pb.gov.br\/portal\/wp-content\/uploads\/2023\/06\/geosac_foto_eb-1.jpeg 720w\" sizes=\"(max-width: 606px) 100vw, 606px\" \/><\/p>\n<p>Os militares estaduais s\u00e3o lotados no Grupamento Especial de Opera\u00e7\u00f5es em \u00c1rea de Caatinga (GEOsAC), unidade especial da PMPB. A qualifica\u00e7\u00e3o teve por objetivo capacitar os militares para o desempenho de atividades em conjunto com elementos de avia\u00e7\u00e3o, utilizando t\u00e9cnicas, t\u00e1ticas e procedimentos especiais para o lan\u00e7amento de equipes em \u00e1reas de dif\u00edcil acesso.<\/p>\n<p><img loading=\"lazy\" decoding=\"async\" class=\" wp-image-917277 aligncenter\" src=\"http:\/\/www.pm.pb.gov.br\/portal\/wp-content\/uploads\/2023\/06\/geosac_foto_eb-2-205x445.jpeg\" alt=\"\" width=\"209\" height=\"454\" srcset=\"https:\/\/www.pm.pb.gov.br\/portal\/wp-content\/uploads\/2023\/06\/geosac_foto_eb-2-205x445.jpeg 205w, https:\/\/www.pm.pb.gov.br\/portal\/wp-content\/uploads\/2023\/06\/geosac_foto_eb-2-263x570.jpeg 263w, https:\/\/www.pm.pb.gov.br\/portal\/wp-content\/uploads\/2023\/06\/geosac_foto_eb-2-709x1536.jpeg 709w, https:\/\/www.pm.pb.gov.br\/portal\/wp-content\/uploads\/2023\/06\/geosac_foto_eb-2.jpeg 720w\" sizes=\"(max-width: 209px) 100vw, 209px\" \/><\/p>\n<p>\u201cOs conhecimentos adquiridos no Ex\u00e9rcito Brasileiro servir\u00e3o de esteio para ampliar as capacidades no campo das a\u00e7\u00f5es policiais de Comandos desenvolvidas pelo GEOsAC, com suporte de helic\u00f3pteros, em opera\u00e7\u00f5es de valor estrat\u00e9gico&#8221;, assegurou o capit\u00e3o Floristan, subcomandante do GEOsAC.<\/p>\n<p>Fotos: Ex\u00e9rcito Brasileiro.<\/p>\n\n\n","protected":false},"excerpt":{"rendered":"<p>Dois policiais militares da Para\u00edba conclu\u00edram, no estado do Amazonas, o Est\u00e1gio de Opera\u00e7\u00f5es Aerom\u00f3veis do Ex\u00e9rcito Brasileiro. A atividade<\/p>\n","protected":false},"author":12,"featured_media":917275,"comment_status":"closed","ping_status":"closed","sticky":false,"template":"","format":"standard","meta":{"_exactmetrics_skip_tracking":false,"_exactmetrics_sitenote_active":false,"_exactmetrics_sitenote_note":"","_exactmetrics_sitenote_category":0,"footnotes":""},"categories":[6],"tags":[],"yoast_head":"<!-- This site is optimized with the Yoast SEO plugin v22.0 - https:\/\/yoast.com\/wordpress\/plugins\/seo\/ -->\n<title>NO EX\u00c9RCITO BRASILEIRO: Policiais militares da Para\u00edba concluem Est\u00e1gio de Opera\u00e7\u00f5es Aerom\u00f3veis - Pol\u00edcia Militar da Para\u00edba<\/title>\n<meta name=\"robots\" content=\"index, follow, max-snippet:-1, max-image-preview:large, max-video-preview:-1\" \/>\n<link rel=\"canonical\" href=\"https:\/\/www.pm.pb.gov.br\/portal\/2023\/06\/29\/no-exercito-brasileiro-policiais-militares-da-paraiba-concluem-estagio-de-operacoes-aeromoveis\/\" \/>\n<meta property=\"og:locale\" content=\"pt_BR\" \/>\n<meta property=\"og:type\" content=\"article\" \/>\n<meta property=\"og:title\" content=\"NO EX\u00c9RCITO BRASILEIRO: Policiais militares da Para\u00edba concluem Est\u00e1gio de Opera\u00e7\u00f5es Aerom\u00f3veis - Pol\u00edcia Militar da Para\u00edba\" \/>\n<meta property=\"og:description\" content=\"Dois policiais militares da Para\u00edba conclu\u00edram, no estado do Amazonas, o Est\u00e1gio de Opera\u00e7\u00f5es Aerom\u00f3veis do Ex\u00e9rcito Brasileiro. A atividade\" \/>\n<meta property=\"og:url\" content=\"https:\/\/www.pm.pb.gov.br\/portal\/2023\/06\/29\/no-exercito-brasileiro-policiais-militares-da-paraiba-concluem-estagio-de-operacoes-aeromoveis\/\" \/>\n<meta property=\"og:site_name\" content=\"Pol\u00edcia Militar da Para\u00edba\" \/>\n<meta property=\"article:published_time\" content=\"2023-06-29T18:58:15+00:00\" \/>\n<meta property=\"article:modified_time\" content=\"2023-06-29T18:58:18+00:00\" \/>\n<meta property=\"og:image\" content=\"http:\/\/www.pm.pb.gov.br\/portal\/wp-content\/uploads\/2023\/06\/foto_eb.jpg\" \/>\n\t<meta property=\"og:image:width\" content=\"800\" \/>\n\t<meta property=\"og:image:height\" content=\"445\" \/>\n\t<meta property=\"og:image:type\" content=\"image\/jpeg\" \/>\n<meta name=\"author\" content=\"Tarcisio Oliveira\" \/>\n<meta name=\"twitter:card\" content=\"summary_large_image\" \/>\n<meta name=\"twitter:label1\" content=\"Escrito por\" \/>\n\t<meta name=\"twitter:data1\" content=\"Tarcisio Oliveira\" \/>\n\t<meta name=\"twitter:label2\" content=\"Est. tempo de leitura\" \/>\n\t<meta name=\"twitter:data2\" content=\"2 minutos\" \/>\n<script type=\"application\/ld+json\" class=\"yoast-schema-graph\">{\"@context\":\"https:\/\/schema.org\",\"@graph\":[{\"@type\":\"Article\",\"@id\":\"https:\/\/www.pm.pb.gov.br\/portal\/2023\/06\/29\/no-exercito-brasileiro-policiais-militares-da-paraiba-concluem-estagio-de-operacoes-aeromoveis\/#article\",\"isPartOf\":{\"@id\":\"https:\/\/www.pm.pb.gov.br\/portal\/2023\/06\/29\/no-exercito-brasileiro-policiais-militares-da-paraiba-concluem-estagio-de-operacoes-aeromoveis\/\"},\"author\":{\"name\":\"Tarcisio Oliveira\",\"@id\":\"https:\/\/www.pm.pb.gov.br\/portal\/#\/schema\/person\/f84f56dcc78ce4357054da888b8247fd\"},\"headline\":\"NO EX\u00c9RCITO BRASILEIRO: Policiais militares da Para\u00edba concluem Est\u00e1gio de Opera\u00e7\u00f5es Aerom\u00f3veis\",\"datePublished\":\"2023-06-29T18:58:15+00:00\",\"dateModified\":\"2023-06-29T18:58:18+00:00\",\"mainEntityOfPage\":{\"@id\":\"https:\/\/www.pm.pb.gov.br\/portal\/2023\/06\/29\/no-exercito-brasileiro-policiais-militares-da-paraiba-concluem-estagio-de-operacoes-aeromoveis\/\"},\"wordCount\":174,\"publisher\":{\"@id\":\"https:\/\/www.pm.pb.gov.br\/portal\/#organization\"},\"articleSection\":[\"Cursos\"],\"inLanguage\":\"pt-BR\"},{\"@type\":\"WebPage\",\"@id\":\"https:\/\/www.pm.pb.gov.br\/portal\/2023\/06\/29\/no-exercito-brasileiro-policiais-militares-da-paraiba-concluem-estagio-de-operacoes-aeromoveis\/\",\"url\":\"https:\/\/www.pm.pb.gov.br\/portal\/2023\/06\/29\/no-exercito-brasileiro-policiais-militares-da-paraiba-concluem-estagio-de-operacoes-aeromoveis\/\",\"name\":\"NO EX\u00c9RCITO BRASILEIRO: Policiais militares da Para\u00edba concluem Est\u00e1gio de Opera\u00e7\u00f5es Aerom\u00f3veis - Pol\u00edcia Militar da Para\u00edba\",\"isPartOf\":{\"@id\":\"https:\/\/www.pm.pb.gov.br\/portal\/#website\"},\"datePublished\":\"2023-06-29T18:58:15+00:00\",\"dateModified\":\"2023-06-29T18:58:18+00:00\",\"breadcrumb\":{\"@id\":\"https:\/\/www.pm.pb.gov.br\/portal\/2023\/06\/29\/no-exercito-brasileiro-policiais-militares-da-paraiba-concluem-estagio-de-operacoes-aeromoveis\/#breadcrumb\"},\"inLanguage\":\"pt-BR\",\"potentialAction\":[{\"@type\":\"ReadAction\",\"target\":[\"https:\/\/www.pm.pb.gov.br\/portal\/2023\/06\/29\/no-exercito-brasileiro-policiais-militares-da-paraiba-concluem-estagio-de-operacoes-aeromoveis\/\"]}]},{\"@type\":\"BreadcrumbList\",\"@id\":\"https:\/\/www.pm.pb.gov.br\/portal\/2023\/06\/29\/no-exercito-brasileiro-policiais-militares-da-paraiba-concluem-estagio-de-operacoes-aeromoveis\/#breadcrumb\",\"itemListElement\":[{\"@type\":\"ListItem\",\"position\":1,\"name\":\"In\u00edcio\",\"item\":\"https:\/\/www.pm.pb.gov.br\/portal\/\"},{\"@type\":\"ListItem\",\"position\":2,\"name\":\"NO EX\u00c9RCITO BRASILEIRO: Policiais militares da Para\u00edba concluem Est\u00e1gio de Opera\u00e7\u00f5es Aerom\u00f3veis\"}]},{\"@type\":\"WebSite\",\"@id\":\"https:\/\/www.pm.pb.gov.br\/portal\/#website\",\"url\":\"https:\/\/www.pm.pb.gov.br\/portal\/\",\"name\":\"Pol\u00edcia Militar da Para\u00edba\",\"description\":\"\",\"publisher\":{\"@id\":\"https:\/\/www.pm.pb.gov.br\/portal\/#organization\"},\"potentialAction\":[{\"@type\":\"SearchAction\",\"target\":{\"@type\":\"EntryPoint\",\"urlTemplate\":\"https:\/\/www.pm.pb.gov.br\/portal\/?s={search_term_string}\"},\"query-input\":\"required name=search_term_string\"}],\"inLanguage\":\"pt-BR\"},{\"@type\":\"Organization\",\"@id\":\"https:\/\/www.pm.pb.gov.br\/portal\/#organization\",\"name\":\"Pol\u00edcia Militar da Para\u00edba\",\"url\":\"https:\/\/www.pm.pb.gov.br\/portal\/\",\"logo\":{\"@type\":\"ImageObject\",\"inLanguage\":\"pt-BR\",\"@id\":\"https:\/\/www.pm.pb.gov.br\/portal\/#\/schema\/logo\/image\/\",\"url\":\"https:\/\/www.pm.pb.gov.br\/portal\/wp-content\/uploads\/2025\/03\/cropped-logo-site-mag2-1.png\",\"contentUrl\":\"https:\/\/www.pm.pb.gov.br\/portal\/wp-content\/uploads\/2025\/03\/cropped-logo-site-mag2-1.png\",\"width\":320,\"height\":90,\"caption\":\"Pol\u00edcia Militar da Para\u00edba\"},\"image\":{\"@id\":\"https:\/\/www.pm.pb.gov.br\/portal\/#\/schema\/logo\/image\/\"}},{\"@type\":\"Person\",\"@id\":\"https:\/\/www.pm.pb.gov.br\/portal\/#\/schema\/person\/f84f56dcc78ce4357054da888b8247fd\",\"name\":\"Tarcisio Oliveira\",\"image\":{\"@type\":\"ImageObject\",\"inLanguage\":\"pt-BR\",\"@id\":\"https:\/\/www.pm.pb.gov.br\/portal\/#\/schema\/person\/image\/\",\"url\":\"https:\/\/secure.gravatar.com\/avatar\/72917b630b69d31cd0297507f34bac97?s=96&d=mm&r=g\",\"contentUrl\":\"https:\/\/secure.gravatar.com\/avatar\/72917b630b69d31cd0297507f34bac97?s=96&d=mm&r=g\",\"caption\":\"Tarcisio Oliveira\"},\"url\":\"https:\/\/www.pm.pb.gov.br\/portal\/author\/tarcisio\/\"}]}<\/script>\n<!-- \/ Yoast SEO plugin. -->","yoast_head_json":{"title":"NO EX\u00c9RCITO BRASILEIRO: Policiais militares da Para\u00edba concluem Est\u00e1gio de Opera\u00e7\u00f5es Aerom\u00f3veis - Pol\u00edcia Militar da Para\u00edba","robots":{"index":"index","follow":"follow","max-snippet":"max-snippet:-1","max-image-preview":"max-image-preview:large","max-video-preview":"max-video-preview:-1"},"canonical":"https:\/\/www.pm.pb.gov.br\/portal\/2023\/06\/29\/no-exercito-brasileiro-policiais-militares-da-paraiba-concluem-estagio-de-operacoes-aeromoveis\/","og_locale":"pt_BR","og_type":"article","og_title":"NO EX\u00c9RCITO BRASILEIRO: Policiais militares da Para\u00edba concluem Est\u00e1gio de Opera\u00e7\u00f5es Aerom\u00f3veis - Pol\u00edcia Militar da Para\u00edba","og_description":"Dois policiais militares da Para\u00edba conclu\u00edram, no estado do Amazonas, o Est\u00e1gio de Opera\u00e7\u00f5es Aerom\u00f3veis do Ex\u00e9rcito Brasileiro. A atividade","og_url":"https:\/\/www.pm.pb.gov.br\/portal\/2023\/06\/29\/no-exercito-brasileiro-policiais-militares-da-paraiba-concluem-estagio-de-operacoes-aeromoveis\/","og_site_name":"Pol\u00edcia Militar da Para\u00edba","article_published_time":"2023-06-29T18:58:15+00:00","article_modified_time":"2023-06-29T18:58:18+00:00","og_image":[{"width":800,"height":445,"url":"http:\/\/www.pm.pb.gov.br\/portal\/wp-content\/uploads\/2023\/06\/foto_eb.jpg","type":"image\/jpeg"}],"author":"Tarcisio Oliveira","twitter_card":"summary_large_image","twitter_misc":{"Escrito por":"Tarcisio Oliveira","Est. tempo de leitura":"2 minutos"},"schema":{"@context":"https:\/\/schema.org","@graph":[{"@type":"Article","@id":"https:\/\/www.pm.pb.gov.br\/portal\/2023\/06\/29\/no-exercito-brasileiro-policiais-militares-da-paraiba-concluem-estagio-de-operacoes-aeromoveis\/#article","isPartOf":{"@id":"https:\/\/www.pm.pb.gov.br\/portal\/2023\/06\/29\/no-exercito-brasileiro-policiais-militares-da-paraiba-concluem-estagio-de-operacoes-aeromoveis\/"},"author":{"name":"Tarcisio Oliveira","@id":"https:\/\/www.pm.pb.gov.br\/portal\/#\/schema\/person\/f84f56dcc78ce4357054da888b8247fd"},"headline":"NO EX\u00c9RCITO BRASILEIRO: Policiais militares da Para\u00edba concluem Est\u00e1gio de Opera\u00e7\u00f5es Aerom\u00f3veis","datePublished":"2023-06-29T18:58:15+00:00","dateModified":"2023-06-29T18:58:18+00:00","mainEntityOfPage":{"@id":"https:\/\/www.pm.pb.gov.br\/portal\/2023\/06\/29\/no-exercito-brasileiro-policiais-militares-da-paraiba-concluem-estagio-de-operacoes-aeromoveis\/"},"wordCount":174,"publisher":{"@id":"https:\/\/www.pm.pb.gov.br\/portal\/#organization"},"articleSection":["Cursos"],"inLanguage":"pt-BR"},{"@type":"WebPage","@id":"https:\/\/www.pm.pb.gov.br\/portal\/2023\/06\/29\/no-exercito-brasileiro-policiais-militares-da-paraiba-concluem-estagio-de-operacoes-aeromoveis\/","url":"https:\/\/www.pm.pb.gov.br\/portal\/2023\/06\/29\/no-exercito-brasileiro-policiais-militares-da-paraiba-concluem-estagio-de-operacoes-aeromoveis\/","name":"NO EX\u00c9RCITO BRASILEIRO: Policiais militares da Para\u00edba concluem Est\u00e1gio de Opera\u00e7\u00f5es Aerom\u00f3veis - Pol\u00edcia Militar da Para\u00edba","isPartOf":{"@id":"https:\/\/www.pm.pb.gov.br\/portal\/#website"},"datePublished":"2023-06-29T18:58:15+00:00","dateModified":"2023-06-29T18:58:18+00:00","breadcrumb":{"@id":"https:\/\/www.pm.pb.gov.br\/portal\/2023\/06\/29\/no-exercito-brasileiro-policiais-militares-da-paraiba-concluem-estagio-de-operacoes-aeromoveis\/#breadcrumb"},"inLanguage":"pt-BR","potentialAction":[{"@type":"ReadAction","target":["https:\/\/www.pm.pb.gov.br\/portal\/2023\/06\/29\/no-exercito-brasileiro-policiais-militares-da-paraiba-concluem-estagio-de-operacoes-aeromoveis\/"]}]},{"@type":"BreadcrumbList","@id":"https:\/\/www.pm.pb.gov.br\/portal\/2023\/06\/29\/no-exercito-brasileiro-policiais-militares-da-paraiba-concluem-estagio-de-operacoes-aeromoveis\/#breadcrumb","itemListElement":[{"@type":"ListItem","position":1,"name":"In\u00edcio","item":"https:\/\/www.pm.pb.gov.br\/portal\/"},{"@type":"ListItem","position":2,"name":"NO EX\u00c9RCITO BRASILEIRO: Policiais militares da Para\u00edba concluem Est\u00e1gio de Opera\u00e7\u00f5es Aerom\u00f3veis"}]},{"@type":"WebSite","@id":"https:\/\/www.pm.pb.gov.br\/portal\/#website","url":"https:\/\/www.pm.pb.gov.br\/portal\/","name":"Pol\u00edcia Militar da Para\u00edba","description":"","publisher":{"@id":"https:\/\/www.pm.pb.gov.br\/portal\/#organization"},"potentialAction":[{"@type":"SearchAction","target":{"@type":"EntryPoint","urlTemplate":"https:\/\/www.pm.pb.gov.br\/portal\/?s={search_term_string}"},"query-input":"required name=search_term_string"}],"inLanguage":"pt-BR"},{"@type":"Organization","@id":"https:\/\/www.pm.pb.gov.br\/portal\/#organization","name":"Pol\u00edcia Militar da Para\u00edba","url":"https:\/\/www.pm.pb.gov.br\/portal\/","logo":{"@type":"ImageObject","inLanguage":"pt-BR","@id":"https:\/\/www.pm.pb.gov.br\/portal\/#\/schema\/logo\/image\/","url":"https:\/\/www.pm.pb.gov.br\/portal\/wp-content\/uploads\/2025\/03\/cropped-logo-site-mag2-1.png","contentUrl":"https:\/\/www.pm.pb.gov.br\/portal\/wp-content\/uploads\/2025\/03\/cropped-logo-site-mag2-1.png","width":320,"height":90,"caption":"Pol\u00edcia Militar da Para\u00edba"},"image":{"@id":"https:\/\/www.pm.pb.gov.br\/portal\/#\/schema\/logo\/image\/"}},{"@type":"Person","@id":"https:\/\/www.pm.pb.gov.br\/portal\/#\/schema\/person\/f84f56dcc78ce4357054da888b8247fd","name":"Tarcisio Oliveira","image":{"@type":"ImageObject","inLanguage":"pt-BR","@id":"https:\/\/www.pm.pb.gov.br\/portal\/#\/schema\/person\/image\/","url":"https:\/\/secure.gravatar.com\/avatar\/72917b630b69d31cd0297507f34bac97?s=96&d=mm&r=g","contentUrl":"https:\/\/secure.gravatar.com\/avatar\/72917b630b69d31cd0297507f34bac97?s=96&d=mm&r=g","caption":"Tarcisio Oliveira"},"url":"https:\/\/www.pm.pb.gov.br\/portal\/author\/tarcisio\/"}]}},"_links":{"self":[{"href":"https:\/\/www.pm.pb.gov.br\/portal\/wp-json\/wp\/v2\/posts\/917274"}],"collection":[{"href":"https:\/\/www.pm.pb.gov.br\/portal\/wp-json\/wp\/v2\/posts"}],"about":[{"href":"https:\/\/www.pm.pb.gov.br\/portal\/wp-json\/wp\/v2\/types\/post"}],"author":[{"embeddable":true,"href":"https:\/\/www.pm.pb.gov.br\/portal\/wp-json\/wp\/v2\/users\/12"}],"replies":[{"embeddable":true,"href":"https:\/\/www.pm.pb.gov.br\/portal\/wp-json\/wp\/v2\/comments?post=917274"}],"version-history":[{"count":1,"href":"https:\/\/www.pm.pb.gov.br\/portal\/wp-json\/wp\/v2\/posts\/917274\/revisions"}],"predecessor-version":[{"id":917278,"href":"https:\/\/www.pm.pb.gov.br\/portal\/wp-json\/wp\/v2\/posts\/917274\/revisions\/917278"}],"wp:featuredmedia":[{"embeddable":true,"href":"https:\/\/www.pm.pb.gov.br\/portal\/wp-json\/wp\/v2\/media\/917275"}],"wp:attachment":[{"href":"https:\/\/www.pm.pb.gov.br\/portal\/wp-json\/wp\/v2\/media?parent=917274"}],"wp:term":[{"taxonomy":"category","embeddable":true,"href":"https:\/\/www.pm.pb.gov.br\/portal\/wp-json\/wp\/v2\/categories?post=917274"},{"taxonomy":"post_tag","embeddable":true,"href":"https:\/\/www.pm.pb.gov.br\/portal\/wp-json\/wp\/v2\/tags?post=917274"}],"curies":[{"name":"wp","href":"https:\/\/api.w.org\/{rel}","templated":true}]}}