{"id":917260,"date":"2023-06-26T00:22:00","date_gmt":"2023-06-26T03:22:00","guid":{"rendered":"https:\/\/www.pm.pb.gov.br\/portal\/?p=917260"},"modified":"2023-06-27T13:31:50","modified_gmt":"2023-06-27T16:31:50","slug":"foragido-da-justica-com-mais-de-24-anos-de-condenacao-e-preso-em-ponto-de-trafico-em-campina-grande","status":"publish","type":"post","link":"https:\/\/www.pm.pb.gov.br\/portal\/2023\/06\/26\/foragido-da-justica-com-mais-de-24-anos-de-condenacao-e-preso-em-ponto-de-trafico-em-campina-grande\/","title":{"rendered":"Foragido da Justi\u00e7a com mais de 24 anos de condena\u00e7\u00e3o \u00e9 preso em ponto de tr\u00e1fico em Campina Grande"},"content":{"rendered":"\n\n\n<p>A Pol\u00edcia Militar capturou um foragido da Justi\u00e7a que tinha uma pena de mais de 24 anos de pris\u00e3o pelos crimes de roubo, furto, porte ilegal de arma de fogo e tr\u00e1fico de drogas (foto acima ilustrativa). A pris\u00e3o do acusado aconteceu durante a desarticula\u00e7\u00e3o de um ponto de tr\u00e1fico de drogas em Campina Grande, no fim da tarde do \u00faltimo domingo (25). Outros dois suspeitos foram presos.<\/p>\n<p>O trio foi flagrados pelos policiais do 2\u00ba Esquadr\u00e3o de Opera\u00e7\u00f5es T\u00e1ticas com Apoio de Motocicletas (2\u00ba Eotam), durante a\u00e7\u00f5es preventivas do motopatrulhamento em becos e vielas no Jos\u00e9 Pinheiro. Um dos acusados, de 23 anos de idade, tentou fugir, mas foi detido no local e constatado que contra ele j\u00e1 havia um mandado de pris\u00e3o em aberto por diversos crimes. A pena do foragido era de 24 anos, tr\u00eas meses e dois dias de pris\u00e3o, conforme dados do Banco Nacional de Mandados de Pris\u00e3o. O homem tinha ainda mais de R$ 1.300,00 em dinheiro, que foi apreendido.<\/p>\n<p><img loading=\"lazy\" decoding=\"async\" class=\" wp-image-917261 aligncenter\" src=\"http:\/\/www.pm.pb.gov.br\/portal\/wp-content\/uploads\/2023\/06\/WhatsApp-Image-2023-06-26-at-09.14.13-445x445.jpeg\" alt=\"\" width=\"431\" height=\"431\" srcset=\"https:\/\/www.pm.pb.gov.br\/portal\/wp-content\/uploads\/2023\/06\/WhatsApp-Image-2023-06-26-at-09.14.13-445x445.jpeg 445w, https:\/\/www.pm.pb.gov.br\/portal\/wp-content\/uploads\/2023\/06\/WhatsApp-Image-2023-06-26-at-09.14.13-570x570.jpeg 570w, https:\/\/www.pm.pb.gov.br\/portal\/wp-content\/uploads\/2023\/06\/WhatsApp-Image-2023-06-26-at-09.14.13-768x768.jpeg 768w, https:\/\/www.pm.pb.gov.br\/portal\/wp-content\/uploads\/2023\/06\/WhatsApp-Image-2023-06-26-at-09.14.13-150x150.jpeg 150w, https:\/\/www.pm.pb.gov.br\/portal\/wp-content\/uploads\/2023\/06\/WhatsApp-Image-2023-06-26-at-09.14.13.jpeg 1016w\" sizes=\"(max-width: 431px) 100vw, 431px\" \/><\/p>\n<p>Ao todo na a\u00e7\u00e3o foi apreendido 172 por\u00e7\u00f5es de subst\u00e2ncia semelhante \u00e0 maconha, crack e coca\u00edna, al\u00e9m de embalagens para o fracionamento e distribui\u00e7\u00e3o dos entorpecentes (foto acima). Toda a ocorr\u00eancia e os acusados presos foram apresentados na Central de Pol\u00edcia para os procedimentos cab\u00edveis.<\/p>\n","protected":false},"excerpt":{"rendered":"<p>A Pol\u00edcia Militar capturou um foragido da Justi\u00e7a que tinha uma pena de mais de 24 anos de pris\u00e3o pelos<\/p>\n","protected":false},"author":12,"featured_media":901687,"comment_status":"closed","ping_status":"closed","sticky":false,"template":"","format":"standard","meta":{"_exactmetrics_skip_tracking":false,"_exactmetrics_sitenote_active":false,"_exactmetrics_sitenote_note":"","_exactmetrics_sitenote_category":0,"footnotes":""},"categories":[4],"tags":[],"yoast_head":"<!-- This site is optimized with the Yoast SEO plugin v22.0 - https:\/\/yoast.com\/wordpress\/plugins\/seo\/ -->\n<title>Foragido da Justi\u00e7a com mais de 24 anos de condena\u00e7\u00e3o \u00e9 preso em ponto de tr\u00e1fico em Campina Grande - Pol\u00edcia Militar da Para\u00edba<\/title>\n<meta name=\"robots\" content=\"index, follow, max-snippet:-1, max-image-preview:large, max-video-preview:-1\" \/>\n<link rel=\"canonical\" href=\"https:\/\/www.pm.pb.gov.br\/portal\/2023\/06\/26\/foragido-da-justica-com-mais-de-24-anos-de-condenacao-e-preso-em-ponto-de-trafico-em-campina-grande\/\" \/>\n<meta property=\"og:locale\" content=\"pt_BR\" \/>\n<meta property=\"og:type\" content=\"article\" \/>\n<meta property=\"og:title\" content=\"Foragido da Justi\u00e7a com mais de 24 anos de condena\u00e7\u00e3o \u00e9 preso em ponto de tr\u00e1fico em Campina Grande - Pol\u00edcia Militar da Para\u00edba\" \/>\n<meta property=\"og:description\" content=\"A Pol\u00edcia Militar capturou um foragido da Justi\u00e7a que tinha uma pena de mais de 24 anos de pris\u00e3o pelos\" \/>\n<meta property=\"og:url\" content=\"https:\/\/www.pm.pb.gov.br\/portal\/2023\/06\/26\/foragido-da-justica-com-mais-de-24-anos-de-condenacao-e-preso-em-ponto-de-trafico-em-campina-grande\/\" \/>\n<meta property=\"og:site_name\" content=\"Pol\u00edcia Militar da Para\u00edba\" \/>\n<meta property=\"article:published_time\" content=\"2023-06-26T03:22:00+00:00\" \/>\n<meta property=\"article:modified_time\" content=\"2023-06-27T16:31:50+00:00\" \/>\n<meta property=\"og:image\" content=\"http:\/\/www.pm.pb.gov.br\/portal\/wp-content\/uploads\/2019\/07\/rotam1.jpeg\" \/>\n\t<meta property=\"og:image:width\" content=\"800\" \/>\n\t<meta property=\"og:image:height\" content=\"445\" \/>\n\t<meta property=\"og:image:type\" content=\"image\/jpeg\" \/>\n<meta name=\"author\" content=\"Tarcisio Oliveira\" \/>\n<meta name=\"twitter:card\" content=\"summary_large_image\" \/>\n<meta name=\"twitter:label1\" content=\"Escrito por\" \/>\n\t<meta name=\"twitter:data1\" content=\"Tarcisio Oliveira\" \/>\n\t<meta name=\"twitter:label2\" content=\"Est. tempo de leitura\" \/>\n\t<meta name=\"twitter:data2\" content=\"2 minutos\" \/>\n<script type=\"application\/ld+json\" class=\"yoast-schema-graph\">{\"@context\":\"https:\/\/schema.org\",\"@graph\":[{\"@type\":\"Article\",\"@id\":\"https:\/\/www.pm.pb.gov.br\/portal\/2023\/06\/26\/foragido-da-justica-com-mais-de-24-anos-de-condenacao-e-preso-em-ponto-de-trafico-em-campina-grande\/#article\",\"isPartOf\":{\"@id\":\"https:\/\/www.pm.pb.gov.br\/portal\/2023\/06\/26\/foragido-da-justica-com-mais-de-24-anos-de-condenacao-e-preso-em-ponto-de-trafico-em-campina-grande\/\"},\"author\":{\"name\":\"Tarcisio Oliveira\",\"@id\":\"https:\/\/www.pm.pb.gov.br\/portal\/#\/schema\/person\/f84f56dcc78ce4357054da888b8247fd\"},\"headline\":\"Foragido da Justi\u00e7a com mais de 24 anos de condena\u00e7\u00e3o \u00e9 preso em ponto de tr\u00e1fico em Campina Grande\",\"datePublished\":\"2023-06-26T03:22:00+00:00\",\"dateModified\":\"2023-06-27T16:31:50+00:00\",\"mainEntityOfPage\":{\"@id\":\"https:\/\/www.pm.pb.gov.br\/portal\/2023\/06\/26\/foragido-da-justica-com-mais-de-24-anos-de-condenacao-e-preso-em-ponto-de-trafico-em-campina-grande\/\"},\"wordCount\":246,\"publisher\":{\"@id\":\"https:\/\/www.pm.pb.gov.br\/portal\/#organization\"},\"articleSection\":[\"A\u00e7\u00f5es Policiais\"],\"inLanguage\":\"pt-BR\"},{\"@type\":\"WebPage\",\"@id\":\"https:\/\/www.pm.pb.gov.br\/portal\/2023\/06\/26\/foragido-da-justica-com-mais-de-24-anos-de-condenacao-e-preso-em-ponto-de-trafico-em-campina-grande\/\",\"url\":\"https:\/\/www.pm.pb.gov.br\/portal\/2023\/06\/26\/foragido-da-justica-com-mais-de-24-anos-de-condenacao-e-preso-em-ponto-de-trafico-em-campina-grande\/\",\"name\":\"Foragido da Justi\u00e7a com mais de 24 anos de condena\u00e7\u00e3o \u00e9 preso em ponto de tr\u00e1fico em Campina Grande - Pol\u00edcia Militar da Para\u00edba\",\"isPartOf\":{\"@id\":\"https:\/\/www.pm.pb.gov.br\/portal\/#website\"},\"datePublished\":\"2023-06-26T03:22:00+00:00\",\"dateModified\":\"2023-06-27T16:31:50+00:00\",\"breadcrumb\":{\"@id\":\"https:\/\/www.pm.pb.gov.br\/portal\/2023\/06\/26\/foragido-da-justica-com-mais-de-24-anos-de-condenacao-e-preso-em-ponto-de-trafico-em-campina-grande\/#breadcrumb\"},\"inLanguage\":\"pt-BR\",\"potentialAction\":[{\"@type\":\"ReadAction\",\"target\":[\"https:\/\/www.pm.pb.gov.br\/portal\/2023\/06\/26\/foragido-da-justica-com-mais-de-24-anos-de-condenacao-e-preso-em-ponto-de-trafico-em-campina-grande\/\"]}]},{\"@type\":\"BreadcrumbList\",\"@id\":\"https:\/\/www.pm.pb.gov.br\/portal\/2023\/06\/26\/foragido-da-justica-com-mais-de-24-anos-de-condenacao-e-preso-em-ponto-de-trafico-em-campina-grande\/#breadcrumb\",\"itemListElement\":[{\"@type\":\"ListItem\",\"position\":1,\"name\":\"In\u00edcio\",\"item\":\"https:\/\/www.pm.pb.gov.br\/portal\/\"},{\"@type\":\"ListItem\",\"position\":2,\"name\":\"Foragido da Justi\u00e7a com mais de 24 anos de condena\u00e7\u00e3o \u00e9 preso em ponto de tr\u00e1fico em Campina Grande\"}]},{\"@type\":\"WebSite\",\"@id\":\"https:\/\/www.pm.pb.gov.br\/portal\/#website\",\"url\":\"https:\/\/www.pm.pb.gov.br\/portal\/\",\"name\":\"Pol\u00edcia Militar da Para\u00edba\",\"description\":\"\",\"publisher\":{\"@id\":\"https:\/\/www.pm.pb.gov.br\/portal\/#organization\"},\"potentialAction\":[{\"@type\":\"SearchAction\",\"target\":{\"@type\":\"EntryPoint\",\"urlTemplate\":\"https:\/\/www.pm.pb.gov.br\/portal\/?s={search_term_string}\"},\"query-input\":\"required name=search_term_string\"}],\"inLanguage\":\"pt-BR\"},{\"@type\":\"Organization\",\"@id\":\"https:\/\/www.pm.pb.gov.br\/portal\/#organization\",\"name\":\"Pol\u00edcia Militar da Para\u00edba\",\"url\":\"https:\/\/www.pm.pb.gov.br\/portal\/\",\"logo\":{\"@type\":\"ImageObject\",\"inLanguage\":\"pt-BR\",\"@id\":\"https:\/\/www.pm.pb.gov.br\/portal\/#\/schema\/logo\/image\/\",\"url\":\"https:\/\/www.pm.pb.gov.br\/portal\/wp-content\/uploads\/2025\/03\/cropped-logo-site-mag2-1.png\",\"contentUrl\":\"https:\/\/www.pm.pb.gov.br\/portal\/wp-content\/uploads\/2025\/03\/cropped-logo-site-mag2-1.png\",\"width\":320,\"height\":90,\"caption\":\"Pol\u00edcia Militar da Para\u00edba\"},\"image\":{\"@id\":\"https:\/\/www.pm.pb.gov.br\/portal\/#\/schema\/logo\/image\/\"}},{\"@type\":\"Person\",\"@id\":\"https:\/\/www.pm.pb.gov.br\/portal\/#\/schema\/person\/f84f56dcc78ce4357054da888b8247fd\",\"name\":\"Tarcisio Oliveira\",\"image\":{\"@type\":\"ImageObject\",\"inLanguage\":\"pt-BR\",\"@id\":\"https:\/\/www.pm.pb.gov.br\/portal\/#\/schema\/person\/image\/\",\"url\":\"https:\/\/secure.gravatar.com\/avatar\/72917b630b69d31cd0297507f34bac97?s=96&d=mm&r=g\",\"contentUrl\":\"https:\/\/secure.gravatar.com\/avatar\/72917b630b69d31cd0297507f34bac97?s=96&d=mm&r=g\",\"caption\":\"Tarcisio Oliveira\"},\"url\":\"https:\/\/www.pm.pb.gov.br\/portal\/author\/tarcisio\/\"}]}<\/script>\n<!-- \/ Yoast SEO plugin. -->","yoast_head_json":{"title":"Foragido da Justi\u00e7a com mais de 24 anos de condena\u00e7\u00e3o \u00e9 preso em ponto de tr\u00e1fico em Campina Grande - Pol\u00edcia Militar da Para\u00edba","robots":{"index":"index","follow":"follow","max-snippet":"max-snippet:-1","max-image-preview":"max-image-preview:large","max-video-preview":"max-video-preview:-1"},"canonical":"https:\/\/www.pm.pb.gov.br\/portal\/2023\/06\/26\/foragido-da-justica-com-mais-de-24-anos-de-condenacao-e-preso-em-ponto-de-trafico-em-campina-grande\/","og_locale":"pt_BR","og_type":"article","og_title":"Foragido da Justi\u00e7a com mais de 24 anos de condena\u00e7\u00e3o \u00e9 preso em ponto de tr\u00e1fico em Campina Grande - Pol\u00edcia Militar da Para\u00edba","og_description":"A Pol\u00edcia Militar capturou um foragido da Justi\u00e7a que tinha uma pena de mais de 24 anos de pris\u00e3o pelos","og_url":"https:\/\/www.pm.pb.gov.br\/portal\/2023\/06\/26\/foragido-da-justica-com-mais-de-24-anos-de-condenacao-e-preso-em-ponto-de-trafico-em-campina-grande\/","og_site_name":"Pol\u00edcia Militar da Para\u00edba","article_published_time":"2023-06-26T03:22:00+00:00","article_modified_time":"2023-06-27T16:31:50+00:00","og_image":[{"width":800,"height":445,"url":"http:\/\/www.pm.pb.gov.br\/portal\/wp-content\/uploads\/2019\/07\/rotam1.jpeg","type":"image\/jpeg"}],"author":"Tarcisio Oliveira","twitter_card":"summary_large_image","twitter_misc":{"Escrito por":"Tarcisio Oliveira","Est. tempo de leitura":"2 minutos"},"schema":{"@context":"https:\/\/schema.org","@graph":[{"@type":"Article","@id":"https:\/\/www.pm.pb.gov.br\/portal\/2023\/06\/26\/foragido-da-justica-com-mais-de-24-anos-de-condenacao-e-preso-em-ponto-de-trafico-em-campina-grande\/#article","isPartOf":{"@id":"https:\/\/www.pm.pb.gov.br\/portal\/2023\/06\/26\/foragido-da-justica-com-mais-de-24-anos-de-condenacao-e-preso-em-ponto-de-trafico-em-campina-grande\/"},"author":{"name":"Tarcisio Oliveira","@id":"https:\/\/www.pm.pb.gov.br\/portal\/#\/schema\/person\/f84f56dcc78ce4357054da888b8247fd"},"headline":"Foragido da Justi\u00e7a com mais de 24 anos de condena\u00e7\u00e3o \u00e9 preso em ponto de tr\u00e1fico em Campina Grande","datePublished":"2023-06-26T03:22:00+00:00","dateModified":"2023-06-27T16:31:50+00:00","mainEntityOfPage":{"@id":"https:\/\/www.pm.pb.gov.br\/portal\/2023\/06\/26\/foragido-da-justica-com-mais-de-24-anos-de-condenacao-e-preso-em-ponto-de-trafico-em-campina-grande\/"},"wordCount":246,"publisher":{"@id":"https:\/\/www.pm.pb.gov.br\/portal\/#organization"},"articleSection":["A\u00e7\u00f5es Policiais"],"inLanguage":"pt-BR"},{"@type":"WebPage","@id":"https:\/\/www.pm.pb.gov.br\/portal\/2023\/06\/26\/foragido-da-justica-com-mais-de-24-anos-de-condenacao-e-preso-em-ponto-de-trafico-em-campina-grande\/","url":"https:\/\/www.pm.pb.gov.br\/portal\/2023\/06\/26\/foragido-da-justica-com-mais-de-24-anos-de-condenacao-e-preso-em-ponto-de-trafico-em-campina-grande\/","name":"Foragido da Justi\u00e7a com mais de 24 anos de condena\u00e7\u00e3o \u00e9 preso em ponto de tr\u00e1fico em Campina Grande - Pol\u00edcia Militar da Para\u00edba","isPartOf":{"@id":"https:\/\/www.pm.pb.gov.br\/portal\/#website"},"datePublished":"2023-06-26T03:22:00+00:00","dateModified":"2023-06-27T16:31:50+00:00","breadcrumb":{"@id":"https:\/\/www.pm.pb.gov.br\/portal\/2023\/06\/26\/foragido-da-justica-com-mais-de-24-anos-de-condenacao-e-preso-em-ponto-de-trafico-em-campina-grande\/#breadcrumb"},"inLanguage":"pt-BR","potentialAction":[{"@type":"ReadAction","target":["https:\/\/www.pm.pb.gov.br\/portal\/2023\/06\/26\/foragido-da-justica-com-mais-de-24-anos-de-condenacao-e-preso-em-ponto-de-trafico-em-campina-grande\/"]}]},{"@type":"BreadcrumbList","@id":"https:\/\/www.pm.pb.gov.br\/portal\/2023\/06\/26\/foragido-da-justica-com-mais-de-24-anos-de-condenacao-e-preso-em-ponto-de-trafico-em-campina-grande\/#breadcrumb","itemListElement":[{"@type":"ListItem","position":1,"name":"In\u00edcio","item":"https:\/\/www.pm.pb.gov.br\/portal\/"},{"@type":"ListItem","position":2,"name":"Foragido da Justi\u00e7a com mais de 24 anos de condena\u00e7\u00e3o \u00e9 preso em ponto de tr\u00e1fico em Campina Grande"}]},{"@type":"WebSite","@id":"https:\/\/www.pm.pb.gov.br\/portal\/#website","url":"https:\/\/www.pm.pb.gov.br\/portal\/","name":"Pol\u00edcia Militar da Para\u00edba","description":"","publisher":{"@id":"https:\/\/www.pm.pb.gov.br\/portal\/#organization"},"potentialAction":[{"@type":"SearchAction","target":{"@type":"EntryPoint","urlTemplate":"https:\/\/www.pm.pb.gov.br\/portal\/?s={search_term_string}"},"query-input":"required name=search_term_string"}],"inLanguage":"pt-BR"},{"@type":"Organization","@id":"https:\/\/www.pm.pb.gov.br\/portal\/#organization","name":"Pol\u00edcia Militar da Para\u00edba","url":"https:\/\/www.pm.pb.gov.br\/portal\/","logo":{"@type":"ImageObject","inLanguage":"pt-BR","@id":"https:\/\/www.pm.pb.gov.br\/portal\/#\/schema\/logo\/image\/","url":"https:\/\/www.pm.pb.gov.br\/portal\/wp-content\/uploads\/2025\/03\/cropped-logo-site-mag2-1.png","contentUrl":"https:\/\/www.pm.pb.gov.br\/portal\/wp-content\/uploads\/2025\/03\/cropped-logo-site-mag2-1.png","width":320,"height":90,"caption":"Pol\u00edcia Militar da Para\u00edba"},"image":{"@id":"https:\/\/www.pm.pb.gov.br\/portal\/#\/schema\/logo\/image\/"}},{"@type":"Person","@id":"https:\/\/www.pm.pb.gov.br\/portal\/#\/schema\/person\/f84f56dcc78ce4357054da888b8247fd","name":"Tarcisio Oliveira","image":{"@type":"ImageObject","inLanguage":"pt-BR","@id":"https:\/\/www.pm.pb.gov.br\/portal\/#\/schema\/person\/image\/","url":"https:\/\/secure.gravatar.com\/avatar\/72917b630b69d31cd0297507f34bac97?s=96&d=mm&r=g","contentUrl":"https:\/\/secure.gravatar.com\/avatar\/72917b630b69d31cd0297507f34bac97?s=96&d=mm&r=g","caption":"Tarcisio Oliveira"},"url":"https:\/\/www.pm.pb.gov.br\/portal\/author\/tarcisio\/"}]}},"_links":{"self":[{"href":"https:\/\/www.pm.pb.gov.br\/portal\/wp-json\/wp\/v2\/posts\/917260"}],"collection":[{"href":"https:\/\/www.pm.pb.gov.br\/portal\/wp-json\/wp\/v2\/posts"}],"about":[{"href":"https:\/\/www.pm.pb.gov.br\/portal\/wp-json\/wp\/v2\/types\/post"}],"author":[{"embeddable":true,"href":"https:\/\/www.pm.pb.gov.br\/portal\/wp-json\/wp\/v2\/users\/12"}],"replies":[{"embeddable":true,"href":"https:\/\/www.pm.pb.gov.br\/portal\/wp-json\/wp\/v2\/comments?post=917260"}],"version-history":[{"count":1,"href":"https:\/\/www.pm.pb.gov.br\/portal\/wp-json\/wp\/v2\/posts\/917260\/revisions"}],"predecessor-version":[{"id":917262,"href":"https:\/\/www.pm.pb.gov.br\/portal\/wp-json\/wp\/v2\/posts\/917260\/revisions\/917262"}],"wp:featuredmedia":[{"embeddable":true,"href":"https:\/\/www.pm.pb.gov.br\/portal\/wp-json\/wp\/v2\/media\/901687"}],"wp:attachment":[{"href":"https:\/\/www.pm.pb.gov.br\/portal\/wp-json\/wp\/v2\/media?parent=917260"}],"wp:term":[{"taxonomy":"category","embeddable":true,"href":"https:\/\/www.pm.pb.gov.br\/portal\/wp-json\/wp\/v2\/categories?post=917260"},{"taxonomy":"post_tag","embeddable":true,"href":"https:\/\/www.pm.pb.gov.br\/portal\/wp-json\/wp\/v2\/tags?post=917260"}],"curies":[{"name":"wp","href":"https:\/\/api.w.org\/{rel}","templated":true}]}}