{"id":917237,"date":"2023-06-26T16:08:49","date_gmt":"2023-06-26T19:08:49","guid":{"rendered":"https:\/\/www.pm.pb.gov.br\/portal\/?p=917237"},"modified":"2023-06-26T16:11:12","modified_gmt":"2023-06-26T19:11:12","slug":"paraiba-reduz-crimes-contra-a-vida-no-sao-joao-2023-e-nao-registra-ocorrencias-graves-em-locais-de-festa","status":"publish","type":"post","link":"https:\/\/www.pm.pb.gov.br\/portal\/2023\/06\/26\/paraiba-reduz-crimes-contra-a-vida-no-sao-joao-2023-e-nao-registra-ocorrencias-graves-em-locais-de-festa\/","title":{"rendered":"Para\u00edba reduz crimes contra a vida no S\u00e3o Jo\u00e3o 2023 e n\u00e3o registra ocorr\u00eancias graves em locais de festa"},"content":{"rendered":"\n\n\n<p>O feriado junino de 2023, que foi do dia 23 ao dia 25 de junho, obteve redu\u00e7\u00e3o de 61% de homic\u00eddios, em rela\u00e7\u00e3o ao mesmo per\u00edodo do ano passado (5 e 13 casos, respectivamente). Tamb\u00e9m n\u00e3o foi registrado nenhum crime grave contra a vida em locais de festa em todo o territ\u00f3rio paraibano (foto acima ilustrativa). A informa\u00e7\u00e3o da Secretaria da Seguran\u00e7a e da Defesa Social tem como base relat\u00f3rios gerados a partir de dados dos \u00f3rg\u00e3os operativos da pasta \u2013 Pol\u00edcia Militar, Pol\u00edcia Civil e Corpo de Bombeiros Militar, durante a Opera\u00e7\u00e3o S\u00e3o Jo\u00e3o 2023. Tamb\u00e9m participam da a\u00e7\u00e3o o Departamento Estadual de Tr\u00e2nsito (Detran) e Sistema Penal.<\/p>\n<p>Este ano, as for\u00e7as de seguran\u00e7a trabalharam em mais de 400 eventos at\u00e9 agora, em pelo menos 120 munic\u00edpios do Estado. Para isso, todo o efetivo foi empregado em escalas e toda uma estrutura de tecnologia usada com a instala\u00e7\u00e3o de c\u00e2meras de monitoramento nos locais de maior p\u00fablico, como Jo\u00e3o Pessoa, Campina Grande, Bananeiras, Patos, entre outras cidades. As imagens captadas por mais de mil c\u00e2meras na Para\u00edba foram geradas para os Centros Integrados de Comando e Controle da Sesds e contribu\u00edram para preven\u00e7\u00e3o de crimes, pris\u00f5es em flagrante e captura de foragidos da Justi\u00e7a. At\u00e9 o fim de junho e in\u00edcio de julho, policiais e bombeiros devem trabalhar ainda em 100 eventos.<\/p>\n<figure id=\"attachment_917134\" aria-describedby=\"caption-attachment-917134\" style=\"width: 627px\" class=\"wp-caption aligncenter\"><img loading=\"lazy\" decoding=\"async\" class=\"wp-image-917134\" src=\"http:\/\/www.pm.pb.gov.br\/portal\/wp-content\/uploads\/2023\/06\/WhatsApp-Image-2023-06-17-at-4.44.11-AM-666x445.jpeg\" alt=\"\" width=\"627\" height=\"419\" srcset=\"https:\/\/www.pm.pb.gov.br\/portal\/wp-content\/uploads\/2023\/06\/WhatsApp-Image-2023-06-17-at-4.44.11-AM-666x445.jpeg 666w, https:\/\/www.pm.pb.gov.br\/portal\/wp-content\/uploads\/2023\/06\/WhatsApp-Image-2023-06-17-at-4.44.11-AM-853x570.jpeg 853w, https:\/\/www.pm.pb.gov.br\/portal\/wp-content\/uploads\/2023\/06\/WhatsApp-Image-2023-06-17-at-4.44.11-AM-768x513.jpeg 768w, https:\/\/www.pm.pb.gov.br\/portal\/wp-content\/uploads\/2023\/06\/WhatsApp-Image-2023-06-17-at-4.44.11-AM-272x182.jpeg 272w, https:\/\/www.pm.pb.gov.br\/portal\/wp-content\/uploads\/2023\/06\/WhatsApp-Image-2023-06-17-at-4.44.11-AM.jpeg 1280w\" sizes=\"(max-width: 627px) 100vw, 627px\" \/><figcaption id=\"caption-attachment-917134\" class=\"wp-caption-text\">Comandante-geral da PM, coronel S\u00e9rgio Fonseca, acompanhou pessoalmente o policiamento em diversos locais de festa no Estado. (Foto: EM\/5)<\/figcaption><\/figure>\n<p>O Grupamento T\u00e1tico A\u00e9reo (GTA) tamb\u00e9m esteve presente nos maiores festejos, dando apoio ao patrulhamento realizado pelas equipes em terra. Al\u00e9m disso, ainda realizou atendimentos aerom\u00e9dicos durante o per\u00edodo, com traslados de pacientes principalmente da zona rural para hospitais da capital.<br \/><br \/>\u201cEssa \u00e9 a maior opera\u00e7\u00e3o que as For\u00e7as de Seguran\u00e7a executam de maneira ininterrupta e estamos em grandes eventos com muita tranquilidade. Todo nosso efetivo est\u00e1 sendo empregado, estamos utilizando os nossos recursos tecnol\u00f3gicos, os Centros Integrados de Comando e Controle, helic\u00f3pteros, mais de mil c\u00e2meras instaladas em todo o estado, garantindo uma resposta mais r\u00e1pida das for\u00e7as de seguran\u00e7a\u201d, frisou o secret\u00e1rio de estado da Seguran\u00e7a e da Defesa Social, Jean Nunes.<\/p>\n<figure id=\"attachment_917122\" aria-describedby=\"caption-attachment-917122\" style=\"width: 660px\" class=\"wp-caption aligncenter\"><img loading=\"lazy\" decoding=\"async\" class=\"wp-image-917122\" src=\"http:\/\/www.pm.pb.gov.br\/portal\/wp-content\/uploads\/2023\/06\/WhatsApp-Image-2023-05-25-at-11.22.02-667x445.jpeg\" alt=\"\" width=\"660\" height=\"440\" srcset=\"https:\/\/www.pm.pb.gov.br\/portal\/wp-content\/uploads\/2023\/06\/WhatsApp-Image-2023-05-25-at-11.22.02-667x445.jpeg 667w, https:\/\/www.pm.pb.gov.br\/portal\/wp-content\/uploads\/2023\/06\/WhatsApp-Image-2023-05-25-at-11.22.02-854x570.jpeg 854w, https:\/\/www.pm.pb.gov.br\/portal\/wp-content\/uploads\/2023\/06\/WhatsApp-Image-2023-05-25-at-11.22.02-768x513.jpeg 768w, https:\/\/www.pm.pb.gov.br\/portal\/wp-content\/uploads\/2023\/06\/WhatsApp-Image-2023-05-25-at-11.22.02-1536x1025.jpeg 1536w, https:\/\/www.pm.pb.gov.br\/portal\/wp-content\/uploads\/2023\/06\/WhatsApp-Image-2023-05-25-at-11.22.02-272x182.jpeg 272w, https:\/\/www.pm.pb.gov.br\/portal\/wp-content\/uploads\/2023\/06\/WhatsApp-Image-2023-05-25-at-11.22.02.jpeg 1600w\" sizes=\"(max-width: 660px) 100vw, 660px\" \/><figcaption id=\"caption-attachment-917122\" class=\"wp-caption-text\">CICC em Campina Grande (Foto: EM\/5)<\/figcaption><\/figure>\n<p><strong>Maior S\u00e3o Jo\u00e3o do Mundo<\/strong>\u00a0\u2013 Somente em Campina Grande, onde acontece o Maior S\u00e3o Jo\u00e3o do Mundo, foram instaladas c\u00e2meras de reconhecimento facial, c\u00e2meras fixas no Parque do Povo. Gra\u00e7as ao monitoramento, v\u00e1rias pris\u00f5es foram realizadas durante o per\u00edodo, como as de pessoas respons\u00e1veis por furtos, roubos e tr\u00e1fico, al\u00e9m daquelas com mandados de pris\u00e3o em aberto. A m\u00e9dia de p\u00fablico est\u00e1 sendo de 33 mil pessoas por noite, sendo que em tr\u00eas noites a lota\u00e7\u00e3o foi m\u00e1xima (57 mil).<\/p>\n<figure id=\"attachment_917133\" aria-describedby=\"caption-attachment-917133\" style=\"width: 666px\" class=\"wp-caption aligncenter\"><img loading=\"lazy\" decoding=\"async\" class=\"wp-image-917133 size-medium\" src=\"http:\/\/www.pm.pb.gov.br\/portal\/wp-content\/uploads\/2023\/06\/WhatsApp-Image-2023-06-17-at-4.44.07-AM-2-666x445.jpeg\" alt=\"\" width=\"666\" height=\"445\" srcset=\"https:\/\/www.pm.pb.gov.br\/portal\/wp-content\/uploads\/2023\/06\/WhatsApp-Image-2023-06-17-at-4.44.07-AM-2-666x445.jpeg 666w, https:\/\/www.pm.pb.gov.br\/portal\/wp-content\/uploads\/2023\/06\/WhatsApp-Image-2023-06-17-at-4.44.07-AM-2-853x570.jpeg 853w, https:\/\/www.pm.pb.gov.br\/portal\/wp-content\/uploads\/2023\/06\/WhatsApp-Image-2023-06-17-at-4.44.07-AM-2-768x513.jpeg 768w, https:\/\/www.pm.pb.gov.br\/portal\/wp-content\/uploads\/2023\/06\/WhatsApp-Image-2023-06-17-at-4.44.07-AM-2-272x182.jpeg 272w, https:\/\/www.pm.pb.gov.br\/portal\/wp-content\/uploads\/2023\/06\/WhatsApp-Image-2023-06-17-at-4.44.07-AM-2.jpeg 1280w\" sizes=\"(max-width: 666px) 100vw, 666px\" \/><figcaption id=\"caption-attachment-917133\" class=\"wp-caption-text\">Policiamento tamb\u00e9m foi intensificado nas cidades de Bananeiras, Patos e outras. (Foto: EM\/5)<\/figcaption><\/figure>\n<p><strong>Simulado com m\u00faltiplas v\u00edtimas<\/strong>\u00a0\u2013 De forma preventiva, a Seguran\u00e7a P\u00fablica da Para\u00edba realizou, antes do in\u00edcio de junho, um simulado de incidente de m\u00faltiplas v\u00edtimas, em Campina Grande. O procedimento fez parte do Plano Operacional para o S\u00e3o Jo\u00e3o 2023 com resgate encenado no Parque do Povo, incluindo combate a inc\u00eandio, busca e salvamento, conten\u00e7\u00e3o de p\u00e2nico, inclusive com atua\u00e7\u00e3o do Grupamento T\u00e1tico A\u00e9reo (GTA) da Secretaria da Seguran\u00e7a e da Defesa Social, que conduziu as \u2018v\u00edtimas\u2019 para o Hospital de Trauma de Campina Grande.<\/p>\n<p><em>Texto: Secom; fotos: Comunica\u00e7\u00e3o Social da PMPB (EM\/5)<\/em><\/p>\n","protected":false},"excerpt":{"rendered":"<p>O feriado junino de 2023, que foi do dia 23 ao dia 25 de junho, obteve redu\u00e7\u00e3o de 61% de<\/p>\n","protected":false},"author":12,"featured_media":917119,"comment_status":"closed","ping_status":"closed","sticky":false,"template":"","format":"standard","meta":{"_exactmetrics_skip_tracking":false,"_exactmetrics_sitenote_active":false,"_exactmetrics_sitenote_note":"","_exactmetrics_sitenote_category":0,"footnotes":""},"categories":[4],"tags":[],"yoast_head":"<!-- This site is optimized with the Yoast SEO plugin v22.0 - https:\/\/yoast.com\/wordpress\/plugins\/seo\/ -->\n<title>Para\u00edba reduz crimes contra a vida no S\u00e3o Jo\u00e3o 2023 e n\u00e3o registra ocorr\u00eancias graves em locais de festa - Pol\u00edcia Militar da Para\u00edba<\/title>\n<meta name=\"robots\" content=\"index, follow, max-snippet:-1, max-image-preview:large, max-video-preview:-1\" \/>\n<link rel=\"canonical\" href=\"https:\/\/www.pm.pb.gov.br\/portal\/2023\/06\/26\/paraiba-reduz-crimes-contra-a-vida-no-sao-joao-2023-e-nao-registra-ocorrencias-graves-em-locais-de-festa\/\" \/>\n<meta property=\"og:locale\" content=\"pt_BR\" \/>\n<meta property=\"og:type\" content=\"article\" \/>\n<meta property=\"og:title\" content=\"Para\u00edba reduz crimes contra a vida no S\u00e3o Jo\u00e3o 2023 e n\u00e3o registra ocorr\u00eancias graves em locais de festa - Pol\u00edcia Militar da Para\u00edba\" \/>\n<meta property=\"og:description\" content=\"O feriado junino de 2023, que foi do dia 23 ao dia 25 de junho, obteve redu\u00e7\u00e3o de 61% de\" \/>\n<meta property=\"og:url\" content=\"https:\/\/www.pm.pb.gov.br\/portal\/2023\/06\/26\/paraiba-reduz-crimes-contra-a-vida-no-sao-joao-2023-e-nao-registra-ocorrencias-graves-em-locais-de-festa\/\" \/>\n<meta property=\"og:site_name\" content=\"Pol\u00edcia Militar da Para\u00edba\" \/>\n<meta property=\"article:published_time\" content=\"2023-06-26T19:08:49+00:00\" \/>\n<meta property=\"article:modified_time\" content=\"2023-06-26T19:11:12+00:00\" \/>\n<meta property=\"og:image\" content=\"http:\/\/www.pm.pb.gov.br\/portal\/wp-content\/uploads\/2023\/06\/saojoao.jpeg\" \/>\n\t<meta property=\"og:image:width\" content=\"800\" \/>\n\t<meta property=\"og:image:height\" content=\"445\" \/>\n\t<meta property=\"og:image:type\" content=\"image\/jpeg\" \/>\n<meta name=\"author\" content=\"Tarcisio Oliveira\" \/>\n<meta name=\"twitter:card\" content=\"summary_large_image\" \/>\n<meta name=\"twitter:label1\" content=\"Escrito por\" \/>\n\t<meta name=\"twitter:data1\" content=\"Tarcisio Oliveira\" \/>\n\t<meta name=\"twitter:label2\" content=\"Est. tempo de leitura\" \/>\n\t<meta name=\"twitter:data2\" content=\"4 minutos\" \/>\n<script type=\"application\/ld+json\" class=\"yoast-schema-graph\">{\"@context\":\"https:\/\/schema.org\",\"@graph\":[{\"@type\":\"Article\",\"@id\":\"https:\/\/www.pm.pb.gov.br\/portal\/2023\/06\/26\/paraiba-reduz-crimes-contra-a-vida-no-sao-joao-2023-e-nao-registra-ocorrencias-graves-em-locais-de-festa\/#article\",\"isPartOf\":{\"@id\":\"https:\/\/www.pm.pb.gov.br\/portal\/2023\/06\/26\/paraiba-reduz-crimes-contra-a-vida-no-sao-joao-2023-e-nao-registra-ocorrencias-graves-em-locais-de-festa\/\"},\"author\":{\"name\":\"Tarcisio Oliveira\",\"@id\":\"https:\/\/www.pm.pb.gov.br\/portal\/#\/schema\/person\/f84f56dcc78ce4357054da888b8247fd\"},\"headline\":\"Para\u00edba reduz crimes contra a vida no S\u00e3o Jo\u00e3o 2023 e n\u00e3o registra ocorr\u00eancias graves em locais de festa\",\"datePublished\":\"2023-06-26T19:08:49+00:00\",\"dateModified\":\"2023-06-26T19:11:12+00:00\",\"mainEntityOfPage\":{\"@id\":\"https:\/\/www.pm.pb.gov.br\/portal\/2023\/06\/26\/paraiba-reduz-crimes-contra-a-vida-no-sao-joao-2023-e-nao-registra-ocorrencias-graves-em-locais-de-festa\/\"},\"wordCount\":667,\"publisher\":{\"@id\":\"https:\/\/www.pm.pb.gov.br\/portal\/#organization\"},\"articleSection\":[\"A\u00e7\u00f5es Policiais\"],\"inLanguage\":\"pt-BR\"},{\"@type\":\"WebPage\",\"@id\":\"https:\/\/www.pm.pb.gov.br\/portal\/2023\/06\/26\/paraiba-reduz-crimes-contra-a-vida-no-sao-joao-2023-e-nao-registra-ocorrencias-graves-em-locais-de-festa\/\",\"url\":\"https:\/\/www.pm.pb.gov.br\/portal\/2023\/06\/26\/paraiba-reduz-crimes-contra-a-vida-no-sao-joao-2023-e-nao-registra-ocorrencias-graves-em-locais-de-festa\/\",\"name\":\"Para\u00edba reduz crimes contra a vida no S\u00e3o Jo\u00e3o 2023 e n\u00e3o registra ocorr\u00eancias graves em locais de festa - Pol\u00edcia Militar da Para\u00edba\",\"isPartOf\":{\"@id\":\"https:\/\/www.pm.pb.gov.br\/portal\/#website\"},\"datePublished\":\"2023-06-26T19:08:49+00:00\",\"dateModified\":\"2023-06-26T19:11:12+00:00\",\"breadcrumb\":{\"@id\":\"https:\/\/www.pm.pb.gov.br\/portal\/2023\/06\/26\/paraiba-reduz-crimes-contra-a-vida-no-sao-joao-2023-e-nao-registra-ocorrencias-graves-em-locais-de-festa\/#breadcrumb\"},\"inLanguage\":\"pt-BR\",\"potentialAction\":[{\"@type\":\"ReadAction\",\"target\":[\"https:\/\/www.pm.pb.gov.br\/portal\/2023\/06\/26\/paraiba-reduz-crimes-contra-a-vida-no-sao-joao-2023-e-nao-registra-ocorrencias-graves-em-locais-de-festa\/\"]}]},{\"@type\":\"BreadcrumbList\",\"@id\":\"https:\/\/www.pm.pb.gov.br\/portal\/2023\/06\/26\/paraiba-reduz-crimes-contra-a-vida-no-sao-joao-2023-e-nao-registra-ocorrencias-graves-em-locais-de-festa\/#breadcrumb\",\"itemListElement\":[{\"@type\":\"ListItem\",\"position\":1,\"name\":\"In\u00edcio\",\"item\":\"https:\/\/www.pm.pb.gov.br\/portal\/\"},{\"@type\":\"ListItem\",\"position\":2,\"name\":\"Para\u00edba reduz crimes contra a vida no S\u00e3o Jo\u00e3o 2023 e n\u00e3o registra ocorr\u00eancias graves em locais de festa\"}]},{\"@type\":\"WebSite\",\"@id\":\"https:\/\/www.pm.pb.gov.br\/portal\/#website\",\"url\":\"https:\/\/www.pm.pb.gov.br\/portal\/\",\"name\":\"Pol\u00edcia Militar da Para\u00edba\",\"description\":\"\",\"publisher\":{\"@id\":\"https:\/\/www.pm.pb.gov.br\/portal\/#organization\"},\"potentialAction\":[{\"@type\":\"SearchAction\",\"target\":{\"@type\":\"EntryPoint\",\"urlTemplate\":\"https:\/\/www.pm.pb.gov.br\/portal\/?s={search_term_string}\"},\"query-input\":\"required name=search_term_string\"}],\"inLanguage\":\"pt-BR\"},{\"@type\":\"Organization\",\"@id\":\"https:\/\/www.pm.pb.gov.br\/portal\/#organization\",\"name\":\"Pol\u00edcia Militar da Para\u00edba\",\"url\":\"https:\/\/www.pm.pb.gov.br\/portal\/\",\"logo\":{\"@type\":\"ImageObject\",\"inLanguage\":\"pt-BR\",\"@id\":\"https:\/\/www.pm.pb.gov.br\/portal\/#\/schema\/logo\/image\/\",\"url\":\"https:\/\/www.pm.pb.gov.br\/portal\/wp-content\/uploads\/2025\/03\/cropped-logo-site-mag2-1.png\",\"contentUrl\":\"https:\/\/www.pm.pb.gov.br\/portal\/wp-content\/uploads\/2025\/03\/cropped-logo-site-mag2-1.png\",\"width\":320,\"height\":90,\"caption\":\"Pol\u00edcia Militar da Para\u00edba\"},\"image\":{\"@id\":\"https:\/\/www.pm.pb.gov.br\/portal\/#\/schema\/logo\/image\/\"}},{\"@type\":\"Person\",\"@id\":\"https:\/\/www.pm.pb.gov.br\/portal\/#\/schema\/person\/f84f56dcc78ce4357054da888b8247fd\",\"name\":\"Tarcisio Oliveira\",\"image\":{\"@type\":\"ImageObject\",\"inLanguage\":\"pt-BR\",\"@id\":\"https:\/\/www.pm.pb.gov.br\/portal\/#\/schema\/person\/image\/\",\"url\":\"https:\/\/secure.gravatar.com\/avatar\/72917b630b69d31cd0297507f34bac97?s=96&d=mm&r=g\",\"contentUrl\":\"https:\/\/secure.gravatar.com\/avatar\/72917b630b69d31cd0297507f34bac97?s=96&d=mm&r=g\",\"caption\":\"Tarcisio Oliveira\"},\"url\":\"https:\/\/www.pm.pb.gov.br\/portal\/author\/tarcisio\/\"}]}<\/script>\n<!-- \/ Yoast SEO plugin. -->","yoast_head_json":{"title":"Para\u00edba reduz crimes contra a vida no S\u00e3o Jo\u00e3o 2023 e n\u00e3o registra ocorr\u00eancias graves em locais de festa - Pol\u00edcia Militar da Para\u00edba","robots":{"index":"index","follow":"follow","max-snippet":"max-snippet:-1","max-image-preview":"max-image-preview:large","max-video-preview":"max-video-preview:-1"},"canonical":"https:\/\/www.pm.pb.gov.br\/portal\/2023\/06\/26\/paraiba-reduz-crimes-contra-a-vida-no-sao-joao-2023-e-nao-registra-ocorrencias-graves-em-locais-de-festa\/","og_locale":"pt_BR","og_type":"article","og_title":"Para\u00edba reduz crimes contra a vida no S\u00e3o Jo\u00e3o 2023 e n\u00e3o registra ocorr\u00eancias graves em locais de festa - Pol\u00edcia Militar da Para\u00edba","og_description":"O feriado junino de 2023, que foi do dia 23 ao dia 25 de junho, obteve redu\u00e7\u00e3o de 61% de","og_url":"https:\/\/www.pm.pb.gov.br\/portal\/2023\/06\/26\/paraiba-reduz-crimes-contra-a-vida-no-sao-joao-2023-e-nao-registra-ocorrencias-graves-em-locais-de-festa\/","og_site_name":"Pol\u00edcia Militar da Para\u00edba","article_published_time":"2023-06-26T19:08:49+00:00","article_modified_time":"2023-06-26T19:11:12+00:00","og_image":[{"width":800,"height":445,"url":"http:\/\/www.pm.pb.gov.br\/portal\/wp-content\/uploads\/2023\/06\/saojoao.jpeg","type":"image\/jpeg"}],"author":"Tarcisio Oliveira","twitter_card":"summary_large_image","twitter_misc":{"Escrito por":"Tarcisio Oliveira","Est. tempo de leitura":"4 minutos"},"schema":{"@context":"https:\/\/schema.org","@graph":[{"@type":"Article","@id":"https:\/\/www.pm.pb.gov.br\/portal\/2023\/06\/26\/paraiba-reduz-crimes-contra-a-vida-no-sao-joao-2023-e-nao-registra-ocorrencias-graves-em-locais-de-festa\/#article","isPartOf":{"@id":"https:\/\/www.pm.pb.gov.br\/portal\/2023\/06\/26\/paraiba-reduz-crimes-contra-a-vida-no-sao-joao-2023-e-nao-registra-ocorrencias-graves-em-locais-de-festa\/"},"author":{"name":"Tarcisio Oliveira","@id":"https:\/\/www.pm.pb.gov.br\/portal\/#\/schema\/person\/f84f56dcc78ce4357054da888b8247fd"},"headline":"Para\u00edba reduz crimes contra a vida no S\u00e3o Jo\u00e3o 2023 e n\u00e3o registra ocorr\u00eancias graves em locais de festa","datePublished":"2023-06-26T19:08:49+00:00","dateModified":"2023-06-26T19:11:12+00:00","mainEntityOfPage":{"@id":"https:\/\/www.pm.pb.gov.br\/portal\/2023\/06\/26\/paraiba-reduz-crimes-contra-a-vida-no-sao-joao-2023-e-nao-registra-ocorrencias-graves-em-locais-de-festa\/"},"wordCount":667,"publisher":{"@id":"https:\/\/www.pm.pb.gov.br\/portal\/#organization"},"articleSection":["A\u00e7\u00f5es Policiais"],"inLanguage":"pt-BR"},{"@type":"WebPage","@id":"https:\/\/www.pm.pb.gov.br\/portal\/2023\/06\/26\/paraiba-reduz-crimes-contra-a-vida-no-sao-joao-2023-e-nao-registra-ocorrencias-graves-em-locais-de-festa\/","url":"https:\/\/www.pm.pb.gov.br\/portal\/2023\/06\/26\/paraiba-reduz-crimes-contra-a-vida-no-sao-joao-2023-e-nao-registra-ocorrencias-graves-em-locais-de-festa\/","name":"Para\u00edba reduz crimes contra a vida no S\u00e3o Jo\u00e3o 2023 e n\u00e3o registra ocorr\u00eancias graves em locais de festa - Pol\u00edcia Militar da Para\u00edba","isPartOf":{"@id":"https:\/\/www.pm.pb.gov.br\/portal\/#website"},"datePublished":"2023-06-26T19:08:49+00:00","dateModified":"2023-06-26T19:11:12+00:00","breadcrumb":{"@id":"https:\/\/www.pm.pb.gov.br\/portal\/2023\/06\/26\/paraiba-reduz-crimes-contra-a-vida-no-sao-joao-2023-e-nao-registra-ocorrencias-graves-em-locais-de-festa\/#breadcrumb"},"inLanguage":"pt-BR","potentialAction":[{"@type":"ReadAction","target":["https:\/\/www.pm.pb.gov.br\/portal\/2023\/06\/26\/paraiba-reduz-crimes-contra-a-vida-no-sao-joao-2023-e-nao-registra-ocorrencias-graves-em-locais-de-festa\/"]}]},{"@type":"BreadcrumbList","@id":"https:\/\/www.pm.pb.gov.br\/portal\/2023\/06\/26\/paraiba-reduz-crimes-contra-a-vida-no-sao-joao-2023-e-nao-registra-ocorrencias-graves-em-locais-de-festa\/#breadcrumb","itemListElement":[{"@type":"ListItem","position":1,"name":"In\u00edcio","item":"https:\/\/www.pm.pb.gov.br\/portal\/"},{"@type":"ListItem","position":2,"name":"Para\u00edba reduz crimes contra a vida no S\u00e3o Jo\u00e3o 2023 e n\u00e3o registra ocorr\u00eancias graves em locais de festa"}]},{"@type":"WebSite","@id":"https:\/\/www.pm.pb.gov.br\/portal\/#website","url":"https:\/\/www.pm.pb.gov.br\/portal\/","name":"Pol\u00edcia Militar da Para\u00edba","description":"","publisher":{"@id":"https:\/\/www.pm.pb.gov.br\/portal\/#organization"},"potentialAction":[{"@type":"SearchAction","target":{"@type":"EntryPoint","urlTemplate":"https:\/\/www.pm.pb.gov.br\/portal\/?s={search_term_string}"},"query-input":"required name=search_term_string"}],"inLanguage":"pt-BR"},{"@type":"Organization","@id":"https:\/\/www.pm.pb.gov.br\/portal\/#organization","name":"Pol\u00edcia Militar da Para\u00edba","url":"https:\/\/www.pm.pb.gov.br\/portal\/","logo":{"@type":"ImageObject","inLanguage":"pt-BR","@id":"https:\/\/www.pm.pb.gov.br\/portal\/#\/schema\/logo\/image\/","url":"https:\/\/www.pm.pb.gov.br\/portal\/wp-content\/uploads\/2025\/03\/cropped-logo-site-mag2-1.png","contentUrl":"https:\/\/www.pm.pb.gov.br\/portal\/wp-content\/uploads\/2025\/03\/cropped-logo-site-mag2-1.png","width":320,"height":90,"caption":"Pol\u00edcia Militar da Para\u00edba"},"image":{"@id":"https:\/\/www.pm.pb.gov.br\/portal\/#\/schema\/logo\/image\/"}},{"@type":"Person","@id":"https:\/\/www.pm.pb.gov.br\/portal\/#\/schema\/person\/f84f56dcc78ce4357054da888b8247fd","name":"Tarcisio Oliveira","image":{"@type":"ImageObject","inLanguage":"pt-BR","@id":"https:\/\/www.pm.pb.gov.br\/portal\/#\/schema\/person\/image\/","url":"https:\/\/secure.gravatar.com\/avatar\/72917b630b69d31cd0297507f34bac97?s=96&d=mm&r=g","contentUrl":"https:\/\/secure.gravatar.com\/avatar\/72917b630b69d31cd0297507f34bac97?s=96&d=mm&r=g","caption":"Tarcisio Oliveira"},"url":"https:\/\/www.pm.pb.gov.br\/portal\/author\/tarcisio\/"}]}},"_links":{"self":[{"href":"https:\/\/www.pm.pb.gov.br\/portal\/wp-json\/wp\/v2\/posts\/917237"}],"collection":[{"href":"https:\/\/www.pm.pb.gov.br\/portal\/wp-json\/wp\/v2\/posts"}],"about":[{"href":"https:\/\/www.pm.pb.gov.br\/portal\/wp-json\/wp\/v2\/types\/post"}],"author":[{"embeddable":true,"href":"https:\/\/www.pm.pb.gov.br\/portal\/wp-json\/wp\/v2\/users\/12"}],"replies":[{"embeddable":true,"href":"https:\/\/www.pm.pb.gov.br\/portal\/wp-json\/wp\/v2\/comments?post=917237"}],"version-history":[{"count":4,"href":"https:\/\/www.pm.pb.gov.br\/portal\/wp-json\/wp\/v2\/posts\/917237\/revisions"}],"predecessor-version":[{"id":917241,"href":"https:\/\/www.pm.pb.gov.br\/portal\/wp-json\/wp\/v2\/posts\/917237\/revisions\/917241"}],"wp:featuredmedia":[{"embeddable":true,"href":"https:\/\/www.pm.pb.gov.br\/portal\/wp-json\/wp\/v2\/media\/917119"}],"wp:attachment":[{"href":"https:\/\/www.pm.pb.gov.br\/portal\/wp-json\/wp\/v2\/media?parent=917237"}],"wp:term":[{"taxonomy":"category","embeddable":true,"href":"https:\/\/www.pm.pb.gov.br\/portal\/wp-json\/wp\/v2\/categories?post=917237"},{"taxonomy":"post_tag","embeddable":true,"href":"https:\/\/www.pm.pb.gov.br\/portal\/wp-json\/wp\/v2\/tags?post=917237"}],"curies":[{"name":"wp","href":"https:\/\/api.w.org\/{rel}","templated":true}]}}