{"id":917234,"date":"2023-06-26T14:06:33","date_gmt":"2023-06-26T17:06:33","guid":{"rendered":"https:\/\/www.pm.pb.gov.br\/portal\/?p=917234"},"modified":"2023-06-26T14:06:34","modified_gmt":"2023-06-26T17:06:34","slug":"capturados-policia-militar-prende-foragidos-da-justica-procurados-por-roubo-e-trafico-de-drogas","status":"publish","type":"post","link":"https:\/\/www.pm.pb.gov.br\/portal\/2023\/06\/26\/capturados-policia-militar-prende-foragidos-da-justica-procurados-por-roubo-e-trafico-de-drogas\/","title":{"rendered":"CAPTURADOS: Pol\u00edcia Militar prende foragidos da Justi\u00e7a procurados por roubo e tr\u00e1fico de drogas"},"content":{"rendered":"\n\n\n<p>A Pol\u00edcia Militar capturou dois homens procurados pela Justi\u00e7a, pelo cometimento de crimes de roubo e tr\u00e1fico de drogas, na regi\u00e3o das cidades de Mari e Sap\u00e9 (foto acima ilustrativa). As pris\u00f5es aconteceram na manh\u00e3 desta segunda-feira (26).<\/p>\n<p>Um dos acusados presos, que tem 27 anos de idade, foi localizado em Mari, na comunidade Rabo da Gata. Contra ele havia um mandado expedido pela 1\u00aa Vara Mista de Sap\u00e9, pelos crimes de tr\u00e1fico de drogas e roubo, com mais de 16 anos de pena a ser cumprida.<\/p>\n<p>J\u00e1 em Sap\u00e9, o foragido preso estava sendo procurado pelo crime de roubo, e foi capturado no Loteamento Bela Vista. O homem tinha 24 anos de idade e contra ele havia um mandado expedido pela Vara de Execu\u00e7\u00e3o Penal de Sap\u00e9.<\/p>\n<p>Ambas as pris\u00f5es foram realizadas pelos policiais da For\u00e7a T\u00e1tica da 9\u00aa Companhia Independente. Os foragidos presos foram encaminhados para as delegacias locais para os procedimentos cab\u00edveis e o devido cumprimento da pena.<\/p>\n","protected":false},"excerpt":{"rendered":"<p>A Pol\u00edcia Militar capturou dois homens procurados pela Justi\u00e7a, pelo cometimento de crimes de roubo e tr\u00e1fico de drogas, na<\/p>\n","protected":false},"author":12,"featured_media":906902,"comment_status":"closed","ping_status":"closed","sticky":false,"template":"","format":"standard","meta":{"_exactmetrics_skip_tracking":false,"_exactmetrics_sitenote_active":false,"_exactmetrics_sitenote_note":"","_exactmetrics_sitenote_category":0,"footnotes":""},"categories":[4],"tags":[],"yoast_head":"<!-- This site is optimized with the Yoast SEO plugin v22.0 - https:\/\/yoast.com\/wordpress\/plugins\/seo\/ -->\n<title>CAPTURADOS: Pol\u00edcia Militar prende foragidos da Justi\u00e7a procurados por roubo e tr\u00e1fico de drogas - Pol\u00edcia Militar da Para\u00edba<\/title>\n<meta name=\"robots\" content=\"index, follow, max-snippet:-1, max-image-preview:large, max-video-preview:-1\" \/>\n<link rel=\"canonical\" href=\"https:\/\/www.pm.pb.gov.br\/portal\/2023\/06\/26\/capturados-policia-militar-prende-foragidos-da-justica-procurados-por-roubo-e-trafico-de-drogas\/\" \/>\n<meta property=\"og:locale\" content=\"pt_BR\" \/>\n<meta property=\"og:type\" content=\"article\" \/>\n<meta property=\"og:title\" content=\"CAPTURADOS: Pol\u00edcia Militar prende foragidos da Justi\u00e7a procurados por roubo e tr\u00e1fico de drogas - Pol\u00edcia Militar da Para\u00edba\" \/>\n<meta property=\"og:description\" content=\"A Pol\u00edcia Militar capturou dois homens procurados pela Justi\u00e7a, pelo cometimento de crimes de roubo e tr\u00e1fico de drogas, na\" \/>\n<meta property=\"og:url\" content=\"https:\/\/www.pm.pb.gov.br\/portal\/2023\/06\/26\/capturados-policia-militar-prende-foragidos-da-justica-procurados-por-roubo-e-trafico-de-drogas\/\" \/>\n<meta property=\"og:site_name\" content=\"Pol\u00edcia Militar da Para\u00edba\" \/>\n<meta property=\"article:published_time\" content=\"2023-06-26T17:06:33+00:00\" \/>\n<meta property=\"article:modified_time\" content=\"2023-06-26T17:06:34+00:00\" \/>\n<meta property=\"og:image\" content=\"http:\/\/www.pm.pb.gov.br\/portal\/wp-content\/uploads\/2020\/08\/3cia7bpm.jpeg\" \/>\n\t<meta property=\"og:image:width\" content=\"800\" \/>\n\t<meta property=\"og:image:height\" content=\"445\" \/>\n\t<meta property=\"og:image:type\" content=\"image\/jpeg\" \/>\n<meta name=\"author\" content=\"Tarcisio Oliveira\" \/>\n<meta name=\"twitter:card\" content=\"summary_large_image\" \/>\n<meta name=\"twitter:label1\" content=\"Escrito por\" \/>\n\t<meta name=\"twitter:data1\" content=\"Tarcisio Oliveira\" \/>\n\t<meta name=\"twitter:label2\" content=\"Est. tempo de leitura\" \/>\n\t<meta name=\"twitter:data2\" content=\"1 minuto\" \/>\n<script type=\"application\/ld+json\" class=\"yoast-schema-graph\">{\"@context\":\"https:\/\/schema.org\",\"@graph\":[{\"@type\":\"Article\",\"@id\":\"https:\/\/www.pm.pb.gov.br\/portal\/2023\/06\/26\/capturados-policia-militar-prende-foragidos-da-justica-procurados-por-roubo-e-trafico-de-drogas\/#article\",\"isPartOf\":{\"@id\":\"https:\/\/www.pm.pb.gov.br\/portal\/2023\/06\/26\/capturados-policia-militar-prende-foragidos-da-justica-procurados-por-roubo-e-trafico-de-drogas\/\"},\"author\":{\"name\":\"Tarcisio Oliveira\",\"@id\":\"https:\/\/www.pm.pb.gov.br\/portal\/#\/schema\/person\/f84f56dcc78ce4357054da888b8247fd\"},\"headline\":\"CAPTURADOS: Pol\u00edcia Militar prende foragidos da Justi\u00e7a procurados por roubo e tr\u00e1fico de drogas\",\"datePublished\":\"2023-06-26T17:06:33+00:00\",\"dateModified\":\"2023-06-26T17:06:34+00:00\",\"mainEntityOfPage\":{\"@id\":\"https:\/\/www.pm.pb.gov.br\/portal\/2023\/06\/26\/capturados-policia-militar-prende-foragidos-da-justica-procurados-por-roubo-e-trafico-de-drogas\/\"},\"wordCount\":183,\"publisher\":{\"@id\":\"https:\/\/www.pm.pb.gov.br\/portal\/#organization\"},\"articleSection\":[\"A\u00e7\u00f5es Policiais\"],\"inLanguage\":\"pt-BR\"},{\"@type\":\"WebPage\",\"@id\":\"https:\/\/www.pm.pb.gov.br\/portal\/2023\/06\/26\/capturados-policia-militar-prende-foragidos-da-justica-procurados-por-roubo-e-trafico-de-drogas\/\",\"url\":\"https:\/\/www.pm.pb.gov.br\/portal\/2023\/06\/26\/capturados-policia-militar-prende-foragidos-da-justica-procurados-por-roubo-e-trafico-de-drogas\/\",\"name\":\"CAPTURADOS: Pol\u00edcia Militar prende foragidos da Justi\u00e7a procurados por roubo e tr\u00e1fico de drogas - Pol\u00edcia Militar da Para\u00edba\",\"isPartOf\":{\"@id\":\"https:\/\/www.pm.pb.gov.br\/portal\/#website\"},\"datePublished\":\"2023-06-26T17:06:33+00:00\",\"dateModified\":\"2023-06-26T17:06:34+00:00\",\"breadcrumb\":{\"@id\":\"https:\/\/www.pm.pb.gov.br\/portal\/2023\/06\/26\/capturados-policia-militar-prende-foragidos-da-justica-procurados-por-roubo-e-trafico-de-drogas\/#breadcrumb\"},\"inLanguage\":\"pt-BR\",\"potentialAction\":[{\"@type\":\"ReadAction\",\"target\":[\"https:\/\/www.pm.pb.gov.br\/portal\/2023\/06\/26\/capturados-policia-militar-prende-foragidos-da-justica-procurados-por-roubo-e-trafico-de-drogas\/\"]}]},{\"@type\":\"BreadcrumbList\",\"@id\":\"https:\/\/www.pm.pb.gov.br\/portal\/2023\/06\/26\/capturados-policia-militar-prende-foragidos-da-justica-procurados-por-roubo-e-trafico-de-drogas\/#breadcrumb\",\"itemListElement\":[{\"@type\":\"ListItem\",\"position\":1,\"name\":\"In\u00edcio\",\"item\":\"https:\/\/www.pm.pb.gov.br\/portal\/\"},{\"@type\":\"ListItem\",\"position\":2,\"name\":\"CAPTURADOS: Pol\u00edcia Militar prende foragidos da Justi\u00e7a procurados por roubo e tr\u00e1fico de drogas\"}]},{\"@type\":\"WebSite\",\"@id\":\"https:\/\/www.pm.pb.gov.br\/portal\/#website\",\"url\":\"https:\/\/www.pm.pb.gov.br\/portal\/\",\"name\":\"Pol\u00edcia Militar da Para\u00edba\",\"description\":\"\",\"publisher\":{\"@id\":\"https:\/\/www.pm.pb.gov.br\/portal\/#organization\"},\"potentialAction\":[{\"@type\":\"SearchAction\",\"target\":{\"@type\":\"EntryPoint\",\"urlTemplate\":\"https:\/\/www.pm.pb.gov.br\/portal\/?s={search_term_string}\"},\"query-input\":\"required name=search_term_string\"}],\"inLanguage\":\"pt-BR\"},{\"@type\":\"Organization\",\"@id\":\"https:\/\/www.pm.pb.gov.br\/portal\/#organization\",\"name\":\"Pol\u00edcia Militar da Para\u00edba\",\"url\":\"https:\/\/www.pm.pb.gov.br\/portal\/\",\"logo\":{\"@type\":\"ImageObject\",\"inLanguage\":\"pt-BR\",\"@id\":\"https:\/\/www.pm.pb.gov.br\/portal\/#\/schema\/logo\/image\/\",\"url\":\"https:\/\/www.pm.pb.gov.br\/portal\/wp-content\/uploads\/2025\/03\/cropped-logo-site-mag2-1.png\",\"contentUrl\":\"https:\/\/www.pm.pb.gov.br\/portal\/wp-content\/uploads\/2025\/03\/cropped-logo-site-mag2-1.png\",\"width\":320,\"height\":90,\"caption\":\"Pol\u00edcia Militar da Para\u00edba\"},\"image\":{\"@id\":\"https:\/\/www.pm.pb.gov.br\/portal\/#\/schema\/logo\/image\/\"}},{\"@type\":\"Person\",\"@id\":\"https:\/\/www.pm.pb.gov.br\/portal\/#\/schema\/person\/f84f56dcc78ce4357054da888b8247fd\",\"name\":\"Tarcisio Oliveira\",\"image\":{\"@type\":\"ImageObject\",\"inLanguage\":\"pt-BR\",\"@id\":\"https:\/\/www.pm.pb.gov.br\/portal\/#\/schema\/person\/image\/\",\"url\":\"https:\/\/secure.gravatar.com\/avatar\/72917b630b69d31cd0297507f34bac97?s=96&d=mm&r=g\",\"contentUrl\":\"https:\/\/secure.gravatar.com\/avatar\/72917b630b69d31cd0297507f34bac97?s=96&d=mm&r=g\",\"caption\":\"Tarcisio Oliveira\"},\"url\":\"https:\/\/www.pm.pb.gov.br\/portal\/author\/tarcisio\/\"}]}<\/script>\n<!-- \/ Yoast SEO plugin. -->","yoast_head_json":{"title":"CAPTURADOS: Pol\u00edcia Militar prende foragidos da Justi\u00e7a procurados por roubo e tr\u00e1fico de drogas - Pol\u00edcia Militar da Para\u00edba","robots":{"index":"index","follow":"follow","max-snippet":"max-snippet:-1","max-image-preview":"max-image-preview:large","max-video-preview":"max-video-preview:-1"},"canonical":"https:\/\/www.pm.pb.gov.br\/portal\/2023\/06\/26\/capturados-policia-militar-prende-foragidos-da-justica-procurados-por-roubo-e-trafico-de-drogas\/","og_locale":"pt_BR","og_type":"article","og_title":"CAPTURADOS: Pol\u00edcia Militar prende foragidos da Justi\u00e7a procurados por roubo e tr\u00e1fico de drogas - Pol\u00edcia Militar da Para\u00edba","og_description":"A Pol\u00edcia Militar capturou dois homens procurados pela Justi\u00e7a, pelo cometimento de crimes de roubo e tr\u00e1fico de drogas, na","og_url":"https:\/\/www.pm.pb.gov.br\/portal\/2023\/06\/26\/capturados-policia-militar-prende-foragidos-da-justica-procurados-por-roubo-e-trafico-de-drogas\/","og_site_name":"Pol\u00edcia Militar da Para\u00edba","article_published_time":"2023-06-26T17:06:33+00:00","article_modified_time":"2023-06-26T17:06:34+00:00","og_image":[{"width":800,"height":445,"url":"http:\/\/www.pm.pb.gov.br\/portal\/wp-content\/uploads\/2020\/08\/3cia7bpm.jpeg","type":"image\/jpeg"}],"author":"Tarcisio Oliveira","twitter_card":"summary_large_image","twitter_misc":{"Escrito por":"Tarcisio Oliveira","Est. tempo de leitura":"1 minuto"},"schema":{"@context":"https:\/\/schema.org","@graph":[{"@type":"Article","@id":"https:\/\/www.pm.pb.gov.br\/portal\/2023\/06\/26\/capturados-policia-militar-prende-foragidos-da-justica-procurados-por-roubo-e-trafico-de-drogas\/#article","isPartOf":{"@id":"https:\/\/www.pm.pb.gov.br\/portal\/2023\/06\/26\/capturados-policia-militar-prende-foragidos-da-justica-procurados-por-roubo-e-trafico-de-drogas\/"},"author":{"name":"Tarcisio Oliveira","@id":"https:\/\/www.pm.pb.gov.br\/portal\/#\/schema\/person\/f84f56dcc78ce4357054da888b8247fd"},"headline":"CAPTURADOS: Pol\u00edcia Militar prende foragidos da Justi\u00e7a procurados por roubo e tr\u00e1fico de drogas","datePublished":"2023-06-26T17:06:33+00:00","dateModified":"2023-06-26T17:06:34+00:00","mainEntityOfPage":{"@id":"https:\/\/www.pm.pb.gov.br\/portal\/2023\/06\/26\/capturados-policia-militar-prende-foragidos-da-justica-procurados-por-roubo-e-trafico-de-drogas\/"},"wordCount":183,"publisher":{"@id":"https:\/\/www.pm.pb.gov.br\/portal\/#organization"},"articleSection":["A\u00e7\u00f5es Policiais"],"inLanguage":"pt-BR"},{"@type":"WebPage","@id":"https:\/\/www.pm.pb.gov.br\/portal\/2023\/06\/26\/capturados-policia-militar-prende-foragidos-da-justica-procurados-por-roubo-e-trafico-de-drogas\/","url":"https:\/\/www.pm.pb.gov.br\/portal\/2023\/06\/26\/capturados-policia-militar-prende-foragidos-da-justica-procurados-por-roubo-e-trafico-de-drogas\/","name":"CAPTURADOS: Pol\u00edcia Militar prende foragidos da Justi\u00e7a procurados por roubo e tr\u00e1fico de drogas - Pol\u00edcia Militar da Para\u00edba","isPartOf":{"@id":"https:\/\/www.pm.pb.gov.br\/portal\/#website"},"datePublished":"2023-06-26T17:06:33+00:00","dateModified":"2023-06-26T17:06:34+00:00","breadcrumb":{"@id":"https:\/\/www.pm.pb.gov.br\/portal\/2023\/06\/26\/capturados-policia-militar-prende-foragidos-da-justica-procurados-por-roubo-e-trafico-de-drogas\/#breadcrumb"},"inLanguage":"pt-BR","potentialAction":[{"@type":"ReadAction","target":["https:\/\/www.pm.pb.gov.br\/portal\/2023\/06\/26\/capturados-policia-militar-prende-foragidos-da-justica-procurados-por-roubo-e-trafico-de-drogas\/"]}]},{"@type":"BreadcrumbList","@id":"https:\/\/www.pm.pb.gov.br\/portal\/2023\/06\/26\/capturados-policia-militar-prende-foragidos-da-justica-procurados-por-roubo-e-trafico-de-drogas\/#breadcrumb","itemListElement":[{"@type":"ListItem","position":1,"name":"In\u00edcio","item":"https:\/\/www.pm.pb.gov.br\/portal\/"},{"@type":"ListItem","position":2,"name":"CAPTURADOS: Pol\u00edcia Militar prende foragidos da Justi\u00e7a procurados por roubo e tr\u00e1fico de drogas"}]},{"@type":"WebSite","@id":"https:\/\/www.pm.pb.gov.br\/portal\/#website","url":"https:\/\/www.pm.pb.gov.br\/portal\/","name":"Pol\u00edcia Militar da Para\u00edba","description":"","publisher":{"@id":"https:\/\/www.pm.pb.gov.br\/portal\/#organization"},"potentialAction":[{"@type":"SearchAction","target":{"@type":"EntryPoint","urlTemplate":"https:\/\/www.pm.pb.gov.br\/portal\/?s={search_term_string}"},"query-input":"required name=search_term_string"}],"inLanguage":"pt-BR"},{"@type":"Organization","@id":"https:\/\/www.pm.pb.gov.br\/portal\/#organization","name":"Pol\u00edcia Militar da Para\u00edba","url":"https:\/\/www.pm.pb.gov.br\/portal\/","logo":{"@type":"ImageObject","inLanguage":"pt-BR","@id":"https:\/\/www.pm.pb.gov.br\/portal\/#\/schema\/logo\/image\/","url":"https:\/\/www.pm.pb.gov.br\/portal\/wp-content\/uploads\/2025\/03\/cropped-logo-site-mag2-1.png","contentUrl":"https:\/\/www.pm.pb.gov.br\/portal\/wp-content\/uploads\/2025\/03\/cropped-logo-site-mag2-1.png","width":320,"height":90,"caption":"Pol\u00edcia Militar da Para\u00edba"},"image":{"@id":"https:\/\/www.pm.pb.gov.br\/portal\/#\/schema\/logo\/image\/"}},{"@type":"Person","@id":"https:\/\/www.pm.pb.gov.br\/portal\/#\/schema\/person\/f84f56dcc78ce4357054da888b8247fd","name":"Tarcisio Oliveira","image":{"@type":"ImageObject","inLanguage":"pt-BR","@id":"https:\/\/www.pm.pb.gov.br\/portal\/#\/schema\/person\/image\/","url":"https:\/\/secure.gravatar.com\/avatar\/72917b630b69d31cd0297507f34bac97?s=96&d=mm&r=g","contentUrl":"https:\/\/secure.gravatar.com\/avatar\/72917b630b69d31cd0297507f34bac97?s=96&d=mm&r=g","caption":"Tarcisio Oliveira"},"url":"https:\/\/www.pm.pb.gov.br\/portal\/author\/tarcisio\/"}]}},"_links":{"self":[{"href":"https:\/\/www.pm.pb.gov.br\/portal\/wp-json\/wp\/v2\/posts\/917234"}],"collection":[{"href":"https:\/\/www.pm.pb.gov.br\/portal\/wp-json\/wp\/v2\/posts"}],"about":[{"href":"https:\/\/www.pm.pb.gov.br\/portal\/wp-json\/wp\/v2\/types\/post"}],"author":[{"embeddable":true,"href":"https:\/\/www.pm.pb.gov.br\/portal\/wp-json\/wp\/v2\/users\/12"}],"replies":[{"embeddable":true,"href":"https:\/\/www.pm.pb.gov.br\/portal\/wp-json\/wp\/v2\/comments?post=917234"}],"version-history":[{"count":1,"href":"https:\/\/www.pm.pb.gov.br\/portal\/wp-json\/wp\/v2\/posts\/917234\/revisions"}],"predecessor-version":[{"id":917235,"href":"https:\/\/www.pm.pb.gov.br\/portal\/wp-json\/wp\/v2\/posts\/917234\/revisions\/917235"}],"wp:featuredmedia":[{"embeddable":true,"href":"https:\/\/www.pm.pb.gov.br\/portal\/wp-json\/wp\/v2\/media\/906902"}],"wp:attachment":[{"href":"https:\/\/www.pm.pb.gov.br\/portal\/wp-json\/wp\/v2\/media?parent=917234"}],"wp:term":[{"taxonomy":"category","embeddable":true,"href":"https:\/\/www.pm.pb.gov.br\/portal\/wp-json\/wp\/v2\/categories?post=917234"},{"taxonomy":"post_tag","embeddable":true,"href":"https:\/\/www.pm.pb.gov.br\/portal\/wp-json\/wp\/v2\/tags?post=917234"}],"curies":[{"name":"wp","href":"https:\/\/api.w.org\/{rel}","templated":true}]}}