{"id":917228,"date":"2023-06-24T10:45:36","date_gmt":"2023-06-24T13:45:36","guid":{"rendered":"https:\/\/www.pm.pb.gov.br\/portal\/?p=917228"},"modified":"2023-06-24T10:45:38","modified_gmt":"2023-06-24T13:45:38","slug":"no-litoral-sul-da-paraiba-policia-militar-prende-acusado-de-tentar-matar-comerciante-em-caruaru","status":"publish","type":"post","link":"https:\/\/www.pm.pb.gov.br\/portal\/2023\/06\/24\/no-litoral-sul-da-paraiba-policia-militar-prende-acusado-de-tentar-matar-comerciante-em-caruaru\/","title":{"rendered":"No Litoral Sul da Para\u00edba: Pol\u00edcia Militar prende acusado de tentar matar comerciante em Caruaru"},"content":{"rendered":"\n<p>Equipes da For\u00e7a T\u00e1tica da 1\u00aa Companhia Independente prenderam, nessa sexta-feira (23), um homem de 34 anos que teria tentado matar um comerciante na cidade de Caruaru, em Pernambuco, e estava fugindo para a Para\u00edba. Ele foi interceptado em um carro, na cidade de Caapor\u00e3 \u2013 PB, e no ve\u00edculo dele foram encontrados um rev\u00f3lver, muni\u00e7\u00f5es, drogas, dinheiro e cigarros eletr\u00f4nicos.<br><br>A pris\u00e3o aconteceu depois que o Centro Integrado de Opera\u00e7\u00f5es Policiais (CIOP) recebeu informa\u00e7\u00f5es sobre a rota de fuga do acusado e caracter\u00edstica do ve\u00edculo usado. Ap\u00f3s repassar a informa\u00e7\u00e3o para as viaturas, o ve\u00edculo foi localizado, o suspeito abordado e preso.<br><br>O comandante da 1\u00aa Companhia Independente da PM, major Alberto, destacou a atua\u00e7\u00e3o r\u00e1pida dos policiais. \u201cFoi uma a\u00e7\u00e3o r\u00e1pida e precisa de nossos policiais, que estavam nas proximidades fazendo opera\u00e7\u00f5es que s\u00e3o realizadas rotineiramente, nas localidades perto da divisa, que \u00e9 uma determina\u00e7\u00e3o do comandante-geral da PM para aumentar a sensa\u00e7\u00e3o de seguran\u00e7a. Foi uma pris\u00e3o importante, que deu resposta a um crime em nosso estado vizinho\u201d, disse.<br><br>O preso foi apresentado na Delegacia de Alhandra.<br><\/p>\n","protected":false},"excerpt":{"rendered":"<p>Equipes da For\u00e7a T\u00e1tica da 1\u00aa Companhia Independente prenderam, nessa sexta-feira (23), um homem de 34 anos que teria tentado<\/p>\n","protected":false},"author":5,"featured_media":917231,"comment_status":"closed","ping_status":"closed","sticky":false,"template":"","format":"standard","meta":{"_exactmetrics_skip_tracking":false,"_exactmetrics_sitenote_active":false,"_exactmetrics_sitenote_note":"","_exactmetrics_sitenote_category":0,"footnotes":""},"categories":[4],"tags":[],"yoast_head":"<!-- This site is optimized with the Yoast SEO plugin v22.0 - https:\/\/yoast.com\/wordpress\/plugins\/seo\/ -->\n<title>No Litoral Sul da Para\u00edba: Pol\u00edcia Militar prende acusado de tentar matar comerciante em Caruaru - Pol\u00edcia Militar da Para\u00edba<\/title>\n<meta name=\"robots\" content=\"index, follow, max-snippet:-1, max-image-preview:large, max-video-preview:-1\" \/>\n<link rel=\"canonical\" href=\"https:\/\/www.pm.pb.gov.br\/portal\/2023\/06\/24\/no-litoral-sul-da-paraiba-policia-militar-prende-acusado-de-tentar-matar-comerciante-em-caruaru\/\" \/>\n<meta property=\"og:locale\" content=\"pt_BR\" \/>\n<meta property=\"og:type\" content=\"article\" \/>\n<meta property=\"og:title\" content=\"No Litoral Sul da Para\u00edba: Pol\u00edcia Militar prende acusado de tentar matar comerciante em Caruaru - Pol\u00edcia Militar da Para\u00edba\" \/>\n<meta property=\"og:description\" content=\"Equipes da For\u00e7a T\u00e1tica da 1\u00aa Companhia Independente prenderam, nessa sexta-feira (23), um homem de 34 anos que teria tentado\" \/>\n<meta property=\"og:url\" content=\"https:\/\/www.pm.pb.gov.br\/portal\/2023\/06\/24\/no-litoral-sul-da-paraiba-policia-militar-prende-acusado-de-tentar-matar-comerciante-em-caruaru\/\" \/>\n<meta property=\"og:site_name\" content=\"Pol\u00edcia Militar da Para\u00edba\" \/>\n<meta property=\"article:published_time\" content=\"2023-06-24T13:45:36+00:00\" \/>\n<meta property=\"article:modified_time\" content=\"2023-06-24T13:45:38+00:00\" \/>\n<meta property=\"og:image\" content=\"http:\/\/www.pm.pb.gov.br\/portal\/wp-content\/uploads\/2023\/06\/WhatsApp-Image-2023-06-23-at-6.46.58-PM.jpeg\" \/>\n\t<meta property=\"og:image:width\" content=\"1600\" \/>\n\t<meta property=\"og:image:height\" content=\"900\" \/>\n\t<meta property=\"og:image:type\" content=\"image\/jpeg\" \/>\n<meta name=\"author\" content=\"Assessoria de Imprensa da PMPB\" \/>\n<meta name=\"twitter:card\" content=\"summary_large_image\" \/>\n<meta name=\"twitter:label1\" content=\"Escrito por\" \/>\n\t<meta name=\"twitter:data1\" content=\"Assessoria de Imprensa da PMPB\" \/>\n\t<meta name=\"twitter:label2\" content=\"Est. tempo de leitura\" \/>\n\t<meta name=\"twitter:data2\" content=\"1 minuto\" \/>\n<script type=\"application\/ld+json\" class=\"yoast-schema-graph\">{\"@context\":\"https:\/\/schema.org\",\"@graph\":[{\"@type\":\"Article\",\"@id\":\"https:\/\/www.pm.pb.gov.br\/portal\/2023\/06\/24\/no-litoral-sul-da-paraiba-policia-militar-prende-acusado-de-tentar-matar-comerciante-em-caruaru\/#article\",\"isPartOf\":{\"@id\":\"https:\/\/www.pm.pb.gov.br\/portal\/2023\/06\/24\/no-litoral-sul-da-paraiba-policia-militar-prende-acusado-de-tentar-matar-comerciante-em-caruaru\/\"},\"author\":{\"name\":\"Assessoria de Imprensa da PMPB\",\"@id\":\"https:\/\/www.pm.pb.gov.br\/portal\/#\/schema\/person\/e8454f46651c3ecf0e1ba3c1666d9947\"},\"headline\":\"No Litoral Sul da Para\u00edba: Pol\u00edcia Militar prende acusado de tentar matar comerciante em Caruaru\",\"datePublished\":\"2023-06-24T13:45:36+00:00\",\"dateModified\":\"2023-06-24T13:45:38+00:00\",\"mainEntityOfPage\":{\"@id\":\"https:\/\/www.pm.pb.gov.br\/portal\/2023\/06\/24\/no-litoral-sul-da-paraiba-policia-militar-prende-acusado-de-tentar-matar-comerciante-em-caruaru\/\"},\"wordCount\":216,\"publisher\":{\"@id\":\"https:\/\/www.pm.pb.gov.br\/portal\/#organization\"},\"articleSection\":[\"A\u00e7\u00f5es Policiais\"],\"inLanguage\":\"pt-BR\"},{\"@type\":\"WebPage\",\"@id\":\"https:\/\/www.pm.pb.gov.br\/portal\/2023\/06\/24\/no-litoral-sul-da-paraiba-policia-militar-prende-acusado-de-tentar-matar-comerciante-em-caruaru\/\",\"url\":\"https:\/\/www.pm.pb.gov.br\/portal\/2023\/06\/24\/no-litoral-sul-da-paraiba-policia-militar-prende-acusado-de-tentar-matar-comerciante-em-caruaru\/\",\"name\":\"No Litoral Sul da Para\u00edba: Pol\u00edcia Militar prende acusado de tentar matar comerciante em Caruaru - Pol\u00edcia Militar da Para\u00edba\",\"isPartOf\":{\"@id\":\"https:\/\/www.pm.pb.gov.br\/portal\/#website\"},\"datePublished\":\"2023-06-24T13:45:36+00:00\",\"dateModified\":\"2023-06-24T13:45:38+00:00\",\"breadcrumb\":{\"@id\":\"https:\/\/www.pm.pb.gov.br\/portal\/2023\/06\/24\/no-litoral-sul-da-paraiba-policia-militar-prende-acusado-de-tentar-matar-comerciante-em-caruaru\/#breadcrumb\"},\"inLanguage\":\"pt-BR\",\"potentialAction\":[{\"@type\":\"ReadAction\",\"target\":[\"https:\/\/www.pm.pb.gov.br\/portal\/2023\/06\/24\/no-litoral-sul-da-paraiba-policia-militar-prende-acusado-de-tentar-matar-comerciante-em-caruaru\/\"]}]},{\"@type\":\"BreadcrumbList\",\"@id\":\"https:\/\/www.pm.pb.gov.br\/portal\/2023\/06\/24\/no-litoral-sul-da-paraiba-policia-militar-prende-acusado-de-tentar-matar-comerciante-em-caruaru\/#breadcrumb\",\"itemListElement\":[{\"@type\":\"ListItem\",\"position\":1,\"name\":\"In\u00edcio\",\"item\":\"https:\/\/www.pm.pb.gov.br\/portal\/\"},{\"@type\":\"ListItem\",\"position\":2,\"name\":\"No Litoral Sul da Para\u00edba: Pol\u00edcia Militar prende acusado de tentar matar comerciante em Caruaru\"}]},{\"@type\":\"WebSite\",\"@id\":\"https:\/\/www.pm.pb.gov.br\/portal\/#website\",\"url\":\"https:\/\/www.pm.pb.gov.br\/portal\/\",\"name\":\"Pol\u00edcia Militar da Para\u00edba\",\"description\":\"\",\"publisher\":{\"@id\":\"https:\/\/www.pm.pb.gov.br\/portal\/#organization\"},\"potentialAction\":[{\"@type\":\"SearchAction\",\"target\":{\"@type\":\"EntryPoint\",\"urlTemplate\":\"https:\/\/www.pm.pb.gov.br\/portal\/?s={search_term_string}\"},\"query-input\":\"required name=search_term_string\"}],\"inLanguage\":\"pt-BR\"},{\"@type\":\"Organization\",\"@id\":\"https:\/\/www.pm.pb.gov.br\/portal\/#organization\",\"name\":\"Pol\u00edcia Militar da Para\u00edba\",\"url\":\"https:\/\/www.pm.pb.gov.br\/portal\/\",\"logo\":{\"@type\":\"ImageObject\",\"inLanguage\":\"pt-BR\",\"@id\":\"https:\/\/www.pm.pb.gov.br\/portal\/#\/schema\/logo\/image\/\",\"url\":\"https:\/\/www.pm.pb.gov.br\/portal\/wp-content\/uploads\/2025\/03\/cropped-logo-site-mag2-1.png\",\"contentUrl\":\"https:\/\/www.pm.pb.gov.br\/portal\/wp-content\/uploads\/2025\/03\/cropped-logo-site-mag2-1.png\",\"width\":320,\"height\":90,\"caption\":\"Pol\u00edcia Militar da Para\u00edba\"},\"image\":{\"@id\":\"https:\/\/www.pm.pb.gov.br\/portal\/#\/schema\/logo\/image\/\"}},{\"@type\":\"Person\",\"@id\":\"https:\/\/www.pm.pb.gov.br\/portal\/#\/schema\/person\/e8454f46651c3ecf0e1ba3c1666d9947\",\"name\":\"Assessoria de Imprensa da PMPB\",\"image\":{\"@type\":\"ImageObject\",\"inLanguage\":\"pt-BR\",\"@id\":\"https:\/\/www.pm.pb.gov.br\/portal\/#\/schema\/person\/image\/\",\"url\":\"https:\/\/secure.gravatar.com\/avatar\/2efe197438265d1e90bd98c4c8e1acf8?s=96&d=mm&r=g\",\"contentUrl\":\"https:\/\/secure.gravatar.com\/avatar\/2efe197438265d1e90bd98c4c8e1acf8?s=96&d=mm&r=g\",\"caption\":\"Assessoria de Imprensa da PMPB\"},\"url\":\"https:\/\/www.pm.pb.gov.br\/portal\/author\/assessoria\/\"}]}<\/script>\n<!-- \/ Yoast SEO plugin. -->","yoast_head_json":{"title":"No Litoral Sul da Para\u00edba: Pol\u00edcia Militar prende acusado de tentar matar comerciante em Caruaru - Pol\u00edcia Militar da Para\u00edba","robots":{"index":"index","follow":"follow","max-snippet":"max-snippet:-1","max-image-preview":"max-image-preview:large","max-video-preview":"max-video-preview:-1"},"canonical":"https:\/\/www.pm.pb.gov.br\/portal\/2023\/06\/24\/no-litoral-sul-da-paraiba-policia-militar-prende-acusado-de-tentar-matar-comerciante-em-caruaru\/","og_locale":"pt_BR","og_type":"article","og_title":"No Litoral Sul da Para\u00edba: Pol\u00edcia Militar prende acusado de tentar matar comerciante em Caruaru - Pol\u00edcia Militar da Para\u00edba","og_description":"Equipes da For\u00e7a T\u00e1tica da 1\u00aa Companhia Independente prenderam, nessa sexta-feira (23), um homem de 34 anos que teria tentado","og_url":"https:\/\/www.pm.pb.gov.br\/portal\/2023\/06\/24\/no-litoral-sul-da-paraiba-policia-militar-prende-acusado-de-tentar-matar-comerciante-em-caruaru\/","og_site_name":"Pol\u00edcia Militar da Para\u00edba","article_published_time":"2023-06-24T13:45:36+00:00","article_modified_time":"2023-06-24T13:45:38+00:00","og_image":[{"width":1600,"height":900,"url":"http:\/\/www.pm.pb.gov.br\/portal\/wp-content\/uploads\/2023\/06\/WhatsApp-Image-2023-06-23-at-6.46.58-PM.jpeg","type":"image\/jpeg"}],"author":"Assessoria de Imprensa da PMPB","twitter_card":"summary_large_image","twitter_misc":{"Escrito por":"Assessoria de Imprensa da PMPB","Est. tempo de leitura":"1 minuto"},"schema":{"@context":"https:\/\/schema.org","@graph":[{"@type":"Article","@id":"https:\/\/www.pm.pb.gov.br\/portal\/2023\/06\/24\/no-litoral-sul-da-paraiba-policia-militar-prende-acusado-de-tentar-matar-comerciante-em-caruaru\/#article","isPartOf":{"@id":"https:\/\/www.pm.pb.gov.br\/portal\/2023\/06\/24\/no-litoral-sul-da-paraiba-policia-militar-prende-acusado-de-tentar-matar-comerciante-em-caruaru\/"},"author":{"name":"Assessoria de Imprensa da PMPB","@id":"https:\/\/www.pm.pb.gov.br\/portal\/#\/schema\/person\/e8454f46651c3ecf0e1ba3c1666d9947"},"headline":"No Litoral Sul da Para\u00edba: Pol\u00edcia Militar prende acusado de tentar matar comerciante em Caruaru","datePublished":"2023-06-24T13:45:36+00:00","dateModified":"2023-06-24T13:45:38+00:00","mainEntityOfPage":{"@id":"https:\/\/www.pm.pb.gov.br\/portal\/2023\/06\/24\/no-litoral-sul-da-paraiba-policia-militar-prende-acusado-de-tentar-matar-comerciante-em-caruaru\/"},"wordCount":216,"publisher":{"@id":"https:\/\/www.pm.pb.gov.br\/portal\/#organization"},"articleSection":["A\u00e7\u00f5es Policiais"],"inLanguage":"pt-BR"},{"@type":"WebPage","@id":"https:\/\/www.pm.pb.gov.br\/portal\/2023\/06\/24\/no-litoral-sul-da-paraiba-policia-militar-prende-acusado-de-tentar-matar-comerciante-em-caruaru\/","url":"https:\/\/www.pm.pb.gov.br\/portal\/2023\/06\/24\/no-litoral-sul-da-paraiba-policia-militar-prende-acusado-de-tentar-matar-comerciante-em-caruaru\/","name":"No Litoral Sul da Para\u00edba: Pol\u00edcia Militar prende acusado de tentar matar comerciante em Caruaru - Pol\u00edcia Militar da Para\u00edba","isPartOf":{"@id":"https:\/\/www.pm.pb.gov.br\/portal\/#website"},"datePublished":"2023-06-24T13:45:36+00:00","dateModified":"2023-06-24T13:45:38+00:00","breadcrumb":{"@id":"https:\/\/www.pm.pb.gov.br\/portal\/2023\/06\/24\/no-litoral-sul-da-paraiba-policia-militar-prende-acusado-de-tentar-matar-comerciante-em-caruaru\/#breadcrumb"},"inLanguage":"pt-BR","potentialAction":[{"@type":"ReadAction","target":["https:\/\/www.pm.pb.gov.br\/portal\/2023\/06\/24\/no-litoral-sul-da-paraiba-policia-militar-prende-acusado-de-tentar-matar-comerciante-em-caruaru\/"]}]},{"@type":"BreadcrumbList","@id":"https:\/\/www.pm.pb.gov.br\/portal\/2023\/06\/24\/no-litoral-sul-da-paraiba-policia-militar-prende-acusado-de-tentar-matar-comerciante-em-caruaru\/#breadcrumb","itemListElement":[{"@type":"ListItem","position":1,"name":"In\u00edcio","item":"https:\/\/www.pm.pb.gov.br\/portal\/"},{"@type":"ListItem","position":2,"name":"No Litoral Sul da Para\u00edba: Pol\u00edcia Militar prende acusado de tentar matar comerciante em Caruaru"}]},{"@type":"WebSite","@id":"https:\/\/www.pm.pb.gov.br\/portal\/#website","url":"https:\/\/www.pm.pb.gov.br\/portal\/","name":"Pol\u00edcia Militar da Para\u00edba","description":"","publisher":{"@id":"https:\/\/www.pm.pb.gov.br\/portal\/#organization"},"potentialAction":[{"@type":"SearchAction","target":{"@type":"EntryPoint","urlTemplate":"https:\/\/www.pm.pb.gov.br\/portal\/?s={search_term_string}"},"query-input":"required name=search_term_string"}],"inLanguage":"pt-BR"},{"@type":"Organization","@id":"https:\/\/www.pm.pb.gov.br\/portal\/#organization","name":"Pol\u00edcia Militar da Para\u00edba","url":"https:\/\/www.pm.pb.gov.br\/portal\/","logo":{"@type":"ImageObject","inLanguage":"pt-BR","@id":"https:\/\/www.pm.pb.gov.br\/portal\/#\/schema\/logo\/image\/","url":"https:\/\/www.pm.pb.gov.br\/portal\/wp-content\/uploads\/2025\/03\/cropped-logo-site-mag2-1.png","contentUrl":"https:\/\/www.pm.pb.gov.br\/portal\/wp-content\/uploads\/2025\/03\/cropped-logo-site-mag2-1.png","width":320,"height":90,"caption":"Pol\u00edcia Militar da Para\u00edba"},"image":{"@id":"https:\/\/www.pm.pb.gov.br\/portal\/#\/schema\/logo\/image\/"}},{"@type":"Person","@id":"https:\/\/www.pm.pb.gov.br\/portal\/#\/schema\/person\/e8454f46651c3ecf0e1ba3c1666d9947","name":"Assessoria de Imprensa da PMPB","image":{"@type":"ImageObject","inLanguage":"pt-BR","@id":"https:\/\/www.pm.pb.gov.br\/portal\/#\/schema\/person\/image\/","url":"https:\/\/secure.gravatar.com\/avatar\/2efe197438265d1e90bd98c4c8e1acf8?s=96&d=mm&r=g","contentUrl":"https:\/\/secure.gravatar.com\/avatar\/2efe197438265d1e90bd98c4c8e1acf8?s=96&d=mm&r=g","caption":"Assessoria de Imprensa da PMPB"},"url":"https:\/\/www.pm.pb.gov.br\/portal\/author\/assessoria\/"}]}},"_links":{"self":[{"href":"https:\/\/www.pm.pb.gov.br\/portal\/wp-json\/wp\/v2\/posts\/917228"}],"collection":[{"href":"https:\/\/www.pm.pb.gov.br\/portal\/wp-json\/wp\/v2\/posts"}],"about":[{"href":"https:\/\/www.pm.pb.gov.br\/portal\/wp-json\/wp\/v2\/types\/post"}],"author":[{"embeddable":true,"href":"https:\/\/www.pm.pb.gov.br\/portal\/wp-json\/wp\/v2\/users\/5"}],"replies":[{"embeddable":true,"href":"https:\/\/www.pm.pb.gov.br\/portal\/wp-json\/wp\/v2\/comments?post=917228"}],"version-history":[{"count":2,"href":"https:\/\/www.pm.pb.gov.br\/portal\/wp-json\/wp\/v2\/posts\/917228\/revisions"}],"predecessor-version":[{"id":917232,"href":"https:\/\/www.pm.pb.gov.br\/portal\/wp-json\/wp\/v2\/posts\/917228\/revisions\/917232"}],"wp:featuredmedia":[{"embeddable":true,"href":"https:\/\/www.pm.pb.gov.br\/portal\/wp-json\/wp\/v2\/media\/917231"}],"wp:attachment":[{"href":"https:\/\/www.pm.pb.gov.br\/portal\/wp-json\/wp\/v2\/media?parent=917228"}],"wp:term":[{"taxonomy":"category","embeddable":true,"href":"https:\/\/www.pm.pb.gov.br\/portal\/wp-json\/wp\/v2\/categories?post=917228"},{"taxonomy":"post_tag","embeddable":true,"href":"https:\/\/www.pm.pb.gov.br\/portal\/wp-json\/wp\/v2\/tags?post=917228"}],"curies":[{"name":"wp","href":"https:\/\/api.w.org\/{rel}","templated":true}]}}