{"id":917211,"date":"2023-06-21T21:00:00","date_gmt":"2023-06-22T00:00:00","guid":{"rendered":"https:\/\/www.pm.pb.gov.br\/portal\/?p=917211"},"modified":"2023-06-22T12:50:03","modified_gmt":"2023-06-22T15:50:03","slug":"governador-joao-azevedo-promove-14-policiais-militares-por-ato-de-bravura","status":"publish","type":"post","link":"https:\/\/www.pm.pb.gov.br\/portal\/2023\/06\/21\/governador-joao-azevedo-promove-14-policiais-militares-por-ato-de-bravura\/","title":{"rendered":"Governador Jo\u00e3o Azev\u00eado promove 14 policiais militares por ato de bravura"},"content":{"rendered":"\n<p>O Di\u00e1rio Oficial desta quarta-feira (21) trouxe a promo\u00e7\u00e3o de 14 pra\u00e7as da Pol\u00edcia Militar por ato de bravura, que \u00e9 a ascens\u00e3o funcional que enaltece atitudes de coragem incomum e audaciosa de policiais que realizaram a\u00e7\u00f5es que ultrapassam os limites do seu dever funcional, a exemplo de efetuar pris\u00f5es e evitar a consuma\u00e7\u00e3o de crimes mesmo estando de folga.<\/p>\n<p>Foi o caso do agora subtenente Alexandre Henrique de Andrade, do Batalh\u00e3o de Opera\u00e7\u00f5es Especiais (5\u00aa Companhia do Bope) de Campina Grande. Ele estava de folga buscando um atendimento m\u00e9dico, numa cl\u00ednica do bairro da Prata, em Campina Grande, quando percebeu dois criminosos rendendo e assaltando um carro dos Correios na frente da cl\u00ednica. Ap\u00f3s procedimentos de seguran\u00e7a para n\u00e3o colocar a vida do entregador em risco, ele perseguiu a p\u00e9 os acusados e, depois de uma troca de tiros, prendeu todos dois e recuperou a carga que estava sendo levada.<\/p>\n<p><strong>Crit\u00e9rios \u2013<\/strong> Antes de ser promovido por ato de bravura, os policiais passam por etapas criteriosas, que come\u00e7am com a instaura\u00e7\u00e3o de um conselho especial por ato de bravura, iniciado pelo comando-geral da PM. Nesse conselho s\u00e3o analisados: caso concreto, amplitude da ocorr\u00eancia e a norma que assegura esta promo\u00e7\u00e3o extra na carreira profissional. O \u00faltimo ato \u00e9 do governador Jo\u00e3o Azev\u00eado, que publica a promo\u00e7\u00e3o, ap\u00f3s toda essa an\u00e1lise anterior.<\/p>\n<p>O governador Jo\u00e3o Azev\u00eado j\u00e1 concedeu 6.027 promo\u00e7\u00f5es na Pol\u00edcia Militar, de 2019 at\u00e9 agora, entre eles, a dos pra\u00e7as por ato de bravura.<\/p>\n<p><strong>Confira a lista de promovidos por ato de bravura:<\/strong><\/p>\n<p>Subtenente Alexandre Henrique de Andrade<\/p>\n<p>Subtenente Williams Alexandre de Lira<\/p>\n<p>Subtenente Clayton de Carvalho Silva<\/p>\n<p>1\u00b0 Sargento Wellington Silva Barbosa<\/p>\n<p>1\u00b0 Sargento Jos\u00e9 Djair Cust\u00f3dio<\/p>\n<p>1\u00b0 Sargento Jos\u00e9 Djair Ferreira<\/p>\n<p>2\u00ba Sargento Salom\u00e3o Vicente de Lima Neto<\/p>\n<p>2\u00ba Sargento Gilvan Lopes de Souza J\u00fanior<\/p>\n<p>2\u00ba Sargento Bartolomeu Edwin Leite Toletino<\/p>\n<p>2\u00b0 Sargento Lindenberg Marques Rodrigues<\/p>\n<p>3\u00ba Sargento Thyego Dantas Pereira de Aquino<\/p>\n<p>3\u00ba Sargento Leonardo do Nascimento Ferreira<\/p>\n<p>3\u00ba Sargento Juilamys de Morais Lima Marinho&nbsp;<\/p>\n<p>Cabo Victor Hugo Oliveira da Silva<\/p>\n\n\n","protected":false},"excerpt":{"rendered":"<p>O Di\u00e1rio Oficial desta quarta-feira (21) trouxe a promo\u00e7\u00e3o de 14 pra\u00e7as da Pol\u00edcia Militar por ato de bravura, que<\/p>\n","protected":false},"author":12,"featured_media":915844,"comment_status":"closed","ping_status":"closed","sticky":false,"template":"","format":"standard","meta":{"_exactmetrics_skip_tracking":false,"_exactmetrics_sitenote_active":false,"_exactmetrics_sitenote_note":"","_exactmetrics_sitenote_category":0,"footnotes":""},"categories":[4],"tags":[],"yoast_head":"<!-- This site is optimized with the Yoast SEO plugin v22.0 - https:\/\/yoast.com\/wordpress\/plugins\/seo\/ -->\n<title>Governador Jo\u00e3o Azev\u00eado promove 14 policiais militares por ato de bravura - Pol\u00edcia Militar da Para\u00edba<\/title>\n<meta name=\"robots\" content=\"index, follow, max-snippet:-1, max-image-preview:large, max-video-preview:-1\" \/>\n<link rel=\"canonical\" href=\"https:\/\/www.pm.pb.gov.br\/portal\/2023\/06\/21\/governador-joao-azevedo-promove-14-policiais-militares-por-ato-de-bravura\/\" \/>\n<meta property=\"og:locale\" content=\"pt_BR\" \/>\n<meta property=\"og:type\" content=\"article\" \/>\n<meta property=\"og:title\" content=\"Governador Jo\u00e3o Azev\u00eado promove 14 policiais militares por ato de bravura - Pol\u00edcia Militar da Para\u00edba\" \/>\n<meta property=\"og:description\" content=\"O Di\u00e1rio Oficial desta quarta-feira (21) trouxe a promo\u00e7\u00e3o de 14 pra\u00e7as da Pol\u00edcia Militar por ato de bravura, que\" \/>\n<meta property=\"og:url\" content=\"https:\/\/www.pm.pb.gov.br\/portal\/2023\/06\/21\/governador-joao-azevedo-promove-14-policiais-militares-por-ato-de-bravura\/\" \/>\n<meta property=\"og:site_name\" content=\"Pol\u00edcia Militar da Para\u00edba\" \/>\n<meta property=\"article:published_time\" content=\"2023-06-22T00:00:00+00:00\" \/>\n<meta property=\"article:modified_time\" content=\"2023-06-22T15:50:03+00:00\" \/>\n<meta property=\"og:image\" content=\"http:\/\/www.pm.pb.gov.br\/portal\/wp-content\/uploads\/2023\/03\/qcg.jpeg\" \/>\n\t<meta property=\"og:image:width\" content=\"800\" \/>\n\t<meta property=\"og:image:height\" content=\"445\" \/>\n\t<meta property=\"og:image:type\" content=\"image\/jpeg\" \/>\n<meta name=\"author\" content=\"Tarcisio Oliveira\" \/>\n<meta name=\"twitter:card\" content=\"summary_large_image\" \/>\n<meta name=\"twitter:label1\" content=\"Escrito por\" \/>\n\t<meta name=\"twitter:data1\" content=\"Tarcisio Oliveira\" \/>\n\t<meta name=\"twitter:label2\" content=\"Est. tempo de leitura\" \/>\n\t<meta name=\"twitter:data2\" content=\"2 minutos\" \/>\n<script type=\"application\/ld+json\" class=\"yoast-schema-graph\">{\"@context\":\"https:\/\/schema.org\",\"@graph\":[{\"@type\":\"Article\",\"@id\":\"https:\/\/www.pm.pb.gov.br\/portal\/2023\/06\/21\/governador-joao-azevedo-promove-14-policiais-militares-por-ato-de-bravura\/#article\",\"isPartOf\":{\"@id\":\"https:\/\/www.pm.pb.gov.br\/portal\/2023\/06\/21\/governador-joao-azevedo-promove-14-policiais-militares-por-ato-de-bravura\/\"},\"author\":{\"name\":\"Tarcisio Oliveira\",\"@id\":\"https:\/\/www.pm.pb.gov.br\/portal\/#\/schema\/person\/f84f56dcc78ce4357054da888b8247fd\"},\"headline\":\"Governador Jo\u00e3o Azev\u00eado promove 14 policiais militares por ato de bravura\",\"datePublished\":\"2023-06-22T00:00:00+00:00\",\"dateModified\":\"2023-06-22T15:50:03+00:00\",\"mainEntityOfPage\":{\"@id\":\"https:\/\/www.pm.pb.gov.br\/portal\/2023\/06\/21\/governador-joao-azevedo-promove-14-policiais-militares-por-ato-de-bravura\/\"},\"wordCount\":366,\"publisher\":{\"@id\":\"https:\/\/www.pm.pb.gov.br\/portal\/#organization\"},\"articleSection\":[\"A\u00e7\u00f5es Policiais\"],\"inLanguage\":\"pt-BR\"},{\"@type\":\"WebPage\",\"@id\":\"https:\/\/www.pm.pb.gov.br\/portal\/2023\/06\/21\/governador-joao-azevedo-promove-14-policiais-militares-por-ato-de-bravura\/\",\"url\":\"https:\/\/www.pm.pb.gov.br\/portal\/2023\/06\/21\/governador-joao-azevedo-promove-14-policiais-militares-por-ato-de-bravura\/\",\"name\":\"Governador Jo\u00e3o Azev\u00eado promove 14 policiais militares por ato de bravura - Pol\u00edcia Militar da Para\u00edba\",\"isPartOf\":{\"@id\":\"https:\/\/www.pm.pb.gov.br\/portal\/#website\"},\"datePublished\":\"2023-06-22T00:00:00+00:00\",\"dateModified\":\"2023-06-22T15:50:03+00:00\",\"breadcrumb\":{\"@id\":\"https:\/\/www.pm.pb.gov.br\/portal\/2023\/06\/21\/governador-joao-azevedo-promove-14-policiais-militares-por-ato-de-bravura\/#breadcrumb\"},\"inLanguage\":\"pt-BR\",\"potentialAction\":[{\"@type\":\"ReadAction\",\"target\":[\"https:\/\/www.pm.pb.gov.br\/portal\/2023\/06\/21\/governador-joao-azevedo-promove-14-policiais-militares-por-ato-de-bravura\/\"]}]},{\"@type\":\"BreadcrumbList\",\"@id\":\"https:\/\/www.pm.pb.gov.br\/portal\/2023\/06\/21\/governador-joao-azevedo-promove-14-policiais-militares-por-ato-de-bravura\/#breadcrumb\",\"itemListElement\":[{\"@type\":\"ListItem\",\"position\":1,\"name\":\"In\u00edcio\",\"item\":\"https:\/\/www.pm.pb.gov.br\/portal\/\"},{\"@type\":\"ListItem\",\"position\":2,\"name\":\"Governador Jo\u00e3o Azev\u00eado promove 14 policiais militares por ato de bravura\"}]},{\"@type\":\"WebSite\",\"@id\":\"https:\/\/www.pm.pb.gov.br\/portal\/#website\",\"url\":\"https:\/\/www.pm.pb.gov.br\/portal\/\",\"name\":\"Pol\u00edcia Militar da Para\u00edba\",\"description\":\"\",\"publisher\":{\"@id\":\"https:\/\/www.pm.pb.gov.br\/portal\/#organization\"},\"potentialAction\":[{\"@type\":\"SearchAction\",\"target\":{\"@type\":\"EntryPoint\",\"urlTemplate\":\"https:\/\/www.pm.pb.gov.br\/portal\/?s={search_term_string}\"},\"query-input\":\"required name=search_term_string\"}],\"inLanguage\":\"pt-BR\"},{\"@type\":\"Organization\",\"@id\":\"https:\/\/www.pm.pb.gov.br\/portal\/#organization\",\"name\":\"Pol\u00edcia Militar da Para\u00edba\",\"url\":\"https:\/\/www.pm.pb.gov.br\/portal\/\",\"logo\":{\"@type\":\"ImageObject\",\"inLanguage\":\"pt-BR\",\"@id\":\"https:\/\/www.pm.pb.gov.br\/portal\/#\/schema\/logo\/image\/\",\"url\":\"https:\/\/www.pm.pb.gov.br\/portal\/wp-content\/uploads\/2025\/03\/cropped-logo-site-mag2-1.png\",\"contentUrl\":\"https:\/\/www.pm.pb.gov.br\/portal\/wp-content\/uploads\/2025\/03\/cropped-logo-site-mag2-1.png\",\"width\":320,\"height\":90,\"caption\":\"Pol\u00edcia Militar da Para\u00edba\"},\"image\":{\"@id\":\"https:\/\/www.pm.pb.gov.br\/portal\/#\/schema\/logo\/image\/\"}},{\"@type\":\"Person\",\"@id\":\"https:\/\/www.pm.pb.gov.br\/portal\/#\/schema\/person\/f84f56dcc78ce4357054da888b8247fd\",\"name\":\"Tarcisio Oliveira\",\"image\":{\"@type\":\"ImageObject\",\"inLanguage\":\"pt-BR\",\"@id\":\"https:\/\/www.pm.pb.gov.br\/portal\/#\/schema\/person\/image\/\",\"url\":\"https:\/\/secure.gravatar.com\/avatar\/72917b630b69d31cd0297507f34bac97?s=96&d=mm&r=g\",\"contentUrl\":\"https:\/\/secure.gravatar.com\/avatar\/72917b630b69d31cd0297507f34bac97?s=96&d=mm&r=g\",\"caption\":\"Tarcisio Oliveira\"},\"url\":\"https:\/\/www.pm.pb.gov.br\/portal\/author\/tarcisio\/\"}]}<\/script>\n<!-- \/ Yoast SEO plugin. -->","yoast_head_json":{"title":"Governador Jo\u00e3o Azev\u00eado promove 14 policiais militares por ato de bravura - Pol\u00edcia Militar da Para\u00edba","robots":{"index":"index","follow":"follow","max-snippet":"max-snippet:-1","max-image-preview":"max-image-preview:large","max-video-preview":"max-video-preview:-1"},"canonical":"https:\/\/www.pm.pb.gov.br\/portal\/2023\/06\/21\/governador-joao-azevedo-promove-14-policiais-militares-por-ato-de-bravura\/","og_locale":"pt_BR","og_type":"article","og_title":"Governador Jo\u00e3o Azev\u00eado promove 14 policiais militares por ato de bravura - Pol\u00edcia Militar da Para\u00edba","og_description":"O Di\u00e1rio Oficial desta quarta-feira (21) trouxe a promo\u00e7\u00e3o de 14 pra\u00e7as da Pol\u00edcia Militar por ato de bravura, que","og_url":"https:\/\/www.pm.pb.gov.br\/portal\/2023\/06\/21\/governador-joao-azevedo-promove-14-policiais-militares-por-ato-de-bravura\/","og_site_name":"Pol\u00edcia Militar da Para\u00edba","article_published_time":"2023-06-22T00:00:00+00:00","article_modified_time":"2023-06-22T15:50:03+00:00","og_image":[{"width":800,"height":445,"url":"http:\/\/www.pm.pb.gov.br\/portal\/wp-content\/uploads\/2023\/03\/qcg.jpeg","type":"image\/jpeg"}],"author":"Tarcisio Oliveira","twitter_card":"summary_large_image","twitter_misc":{"Escrito por":"Tarcisio Oliveira","Est. tempo de leitura":"2 minutos"},"schema":{"@context":"https:\/\/schema.org","@graph":[{"@type":"Article","@id":"https:\/\/www.pm.pb.gov.br\/portal\/2023\/06\/21\/governador-joao-azevedo-promove-14-policiais-militares-por-ato-de-bravura\/#article","isPartOf":{"@id":"https:\/\/www.pm.pb.gov.br\/portal\/2023\/06\/21\/governador-joao-azevedo-promove-14-policiais-militares-por-ato-de-bravura\/"},"author":{"name":"Tarcisio Oliveira","@id":"https:\/\/www.pm.pb.gov.br\/portal\/#\/schema\/person\/f84f56dcc78ce4357054da888b8247fd"},"headline":"Governador Jo\u00e3o Azev\u00eado promove 14 policiais militares por ato de bravura","datePublished":"2023-06-22T00:00:00+00:00","dateModified":"2023-06-22T15:50:03+00:00","mainEntityOfPage":{"@id":"https:\/\/www.pm.pb.gov.br\/portal\/2023\/06\/21\/governador-joao-azevedo-promove-14-policiais-militares-por-ato-de-bravura\/"},"wordCount":366,"publisher":{"@id":"https:\/\/www.pm.pb.gov.br\/portal\/#organization"},"articleSection":["A\u00e7\u00f5es Policiais"],"inLanguage":"pt-BR"},{"@type":"WebPage","@id":"https:\/\/www.pm.pb.gov.br\/portal\/2023\/06\/21\/governador-joao-azevedo-promove-14-policiais-militares-por-ato-de-bravura\/","url":"https:\/\/www.pm.pb.gov.br\/portal\/2023\/06\/21\/governador-joao-azevedo-promove-14-policiais-militares-por-ato-de-bravura\/","name":"Governador Jo\u00e3o Azev\u00eado promove 14 policiais militares por ato de bravura - Pol\u00edcia Militar da Para\u00edba","isPartOf":{"@id":"https:\/\/www.pm.pb.gov.br\/portal\/#website"},"datePublished":"2023-06-22T00:00:00+00:00","dateModified":"2023-06-22T15:50:03+00:00","breadcrumb":{"@id":"https:\/\/www.pm.pb.gov.br\/portal\/2023\/06\/21\/governador-joao-azevedo-promove-14-policiais-militares-por-ato-de-bravura\/#breadcrumb"},"inLanguage":"pt-BR","potentialAction":[{"@type":"ReadAction","target":["https:\/\/www.pm.pb.gov.br\/portal\/2023\/06\/21\/governador-joao-azevedo-promove-14-policiais-militares-por-ato-de-bravura\/"]}]},{"@type":"BreadcrumbList","@id":"https:\/\/www.pm.pb.gov.br\/portal\/2023\/06\/21\/governador-joao-azevedo-promove-14-policiais-militares-por-ato-de-bravura\/#breadcrumb","itemListElement":[{"@type":"ListItem","position":1,"name":"In\u00edcio","item":"https:\/\/www.pm.pb.gov.br\/portal\/"},{"@type":"ListItem","position":2,"name":"Governador Jo\u00e3o Azev\u00eado promove 14 policiais militares por ato de bravura"}]},{"@type":"WebSite","@id":"https:\/\/www.pm.pb.gov.br\/portal\/#website","url":"https:\/\/www.pm.pb.gov.br\/portal\/","name":"Pol\u00edcia Militar da Para\u00edba","description":"","publisher":{"@id":"https:\/\/www.pm.pb.gov.br\/portal\/#organization"},"potentialAction":[{"@type":"SearchAction","target":{"@type":"EntryPoint","urlTemplate":"https:\/\/www.pm.pb.gov.br\/portal\/?s={search_term_string}"},"query-input":"required name=search_term_string"}],"inLanguage":"pt-BR"},{"@type":"Organization","@id":"https:\/\/www.pm.pb.gov.br\/portal\/#organization","name":"Pol\u00edcia Militar da Para\u00edba","url":"https:\/\/www.pm.pb.gov.br\/portal\/","logo":{"@type":"ImageObject","inLanguage":"pt-BR","@id":"https:\/\/www.pm.pb.gov.br\/portal\/#\/schema\/logo\/image\/","url":"https:\/\/www.pm.pb.gov.br\/portal\/wp-content\/uploads\/2025\/03\/cropped-logo-site-mag2-1.png","contentUrl":"https:\/\/www.pm.pb.gov.br\/portal\/wp-content\/uploads\/2025\/03\/cropped-logo-site-mag2-1.png","width":320,"height":90,"caption":"Pol\u00edcia Militar da Para\u00edba"},"image":{"@id":"https:\/\/www.pm.pb.gov.br\/portal\/#\/schema\/logo\/image\/"}},{"@type":"Person","@id":"https:\/\/www.pm.pb.gov.br\/portal\/#\/schema\/person\/f84f56dcc78ce4357054da888b8247fd","name":"Tarcisio Oliveira","image":{"@type":"ImageObject","inLanguage":"pt-BR","@id":"https:\/\/www.pm.pb.gov.br\/portal\/#\/schema\/person\/image\/","url":"https:\/\/secure.gravatar.com\/avatar\/72917b630b69d31cd0297507f34bac97?s=96&d=mm&r=g","contentUrl":"https:\/\/secure.gravatar.com\/avatar\/72917b630b69d31cd0297507f34bac97?s=96&d=mm&r=g","caption":"Tarcisio Oliveira"},"url":"https:\/\/www.pm.pb.gov.br\/portal\/author\/tarcisio\/"}]}},"_links":{"self":[{"href":"https:\/\/www.pm.pb.gov.br\/portal\/wp-json\/wp\/v2\/posts\/917211"}],"collection":[{"href":"https:\/\/www.pm.pb.gov.br\/portal\/wp-json\/wp\/v2\/posts"}],"about":[{"href":"https:\/\/www.pm.pb.gov.br\/portal\/wp-json\/wp\/v2\/types\/post"}],"author":[{"embeddable":true,"href":"https:\/\/www.pm.pb.gov.br\/portal\/wp-json\/wp\/v2\/users\/12"}],"replies":[{"embeddable":true,"href":"https:\/\/www.pm.pb.gov.br\/portal\/wp-json\/wp\/v2\/comments?post=917211"}],"version-history":[{"count":2,"href":"https:\/\/www.pm.pb.gov.br\/portal\/wp-json\/wp\/v2\/posts\/917211\/revisions"}],"predecessor-version":[{"id":917218,"href":"https:\/\/www.pm.pb.gov.br\/portal\/wp-json\/wp\/v2\/posts\/917211\/revisions\/917218"}],"wp:featuredmedia":[{"embeddable":true,"href":"https:\/\/www.pm.pb.gov.br\/portal\/wp-json\/wp\/v2\/media\/915844"}],"wp:attachment":[{"href":"https:\/\/www.pm.pb.gov.br\/portal\/wp-json\/wp\/v2\/media?parent=917211"}],"wp:term":[{"taxonomy":"category","embeddable":true,"href":"https:\/\/www.pm.pb.gov.br\/portal\/wp-json\/wp\/v2\/categories?post=917211"},{"taxonomy":"post_tag","embeddable":true,"href":"https:\/\/www.pm.pb.gov.br\/portal\/wp-json\/wp\/v2\/tags?post=917211"}],"curies":[{"name":"wp","href":"https:\/\/api.w.org\/{rel}","templated":true}]}}