{"id":917205,"date":"2023-06-21T13:25:09","date_gmt":"2023-06-21T16:25:09","guid":{"rendered":"https:\/\/www.pm.pb.gov.br\/portal\/?p=917205"},"modified":"2023-06-21T13:25:11","modified_gmt":"2023-06-21T16:25:11","slug":"policia-cumpre-mandado-de-prisao-contra-acusados-de-matar-jovem-a-tiros-na-cidade-de-juazeirinho","status":"publish","type":"post","link":"https:\/\/www.pm.pb.gov.br\/portal\/2023\/06\/21\/policia-cumpre-mandado-de-prisao-contra-acusados-de-matar-jovem-a-tiros-na-cidade-de-juazeirinho\/","title":{"rendered":"Pol\u00edcia cumpre mandado de pris\u00e3o contra acusados de matar jovem a tiros na cidade de Juazeirinho"},"content":{"rendered":"\n<p>Dois homens, de 21 e 23 anos, foram presos nessa ter\u00e7a-feira (21), atrav\u00e9s do cumprimento de mandados de pris\u00e3o, pelo crime de homic\u00eddio contra um jovem de 18 anos, que aconteceu este m\u00eas, na cidade de Juazeirinho.  Eles foram localizados e presos ap\u00f3s um trabalho integrado das Pol\u00edcias Militar e Civil.<br><br>O preso de 23 anos tem em sua ficha criminal passagens por porte ilegal de arma de fogo, roubos, resist\u00eancia \u00e0 pris\u00e3o, tentativas de homic\u00eddios qualificados e homic\u00eddio qualificado. J\u00e1 o comparsa dele, tem em seu hist\u00f3rico acusa\u00e7\u00f5es de crimes de recepta\u00e7\u00e3o, tentativa de homic\u00eddio e homic\u00eddio qualificado.<br><br>A dupla foi apresentada na Delegacia de Pol\u00edcia Civil, em Esperan\u00e7a.<br><\/p>\n","protected":false},"excerpt":{"rendered":"<p>Dois homens, de 21 e 23 anos, foram presos nessa ter\u00e7a-feira (21), atrav\u00e9s do cumprimento de mandados de pris\u00e3o, pelo<\/p>\n","protected":false},"author":5,"featured_media":905270,"comment_status":"closed","ping_status":"closed","sticky":false,"template":"","format":"standard","meta":{"_exactmetrics_skip_tracking":false,"_exactmetrics_sitenote_active":false,"_exactmetrics_sitenote_note":"","_exactmetrics_sitenote_category":0,"footnotes":""},"categories":[4],"tags":[],"yoast_head":"<!-- This site is optimized with the Yoast SEO plugin v22.0 - https:\/\/yoast.com\/wordpress\/plugins\/seo\/ -->\n<title>Pol\u00edcia cumpre mandado de pris\u00e3o contra acusados de matar jovem a tiros na cidade de Juazeirinho - Pol\u00edcia Militar da Para\u00edba<\/title>\n<meta name=\"robots\" content=\"index, follow, max-snippet:-1, max-image-preview:large, max-video-preview:-1\" \/>\n<link rel=\"canonical\" href=\"https:\/\/www.pm.pb.gov.br\/portal\/2023\/06\/21\/policia-cumpre-mandado-de-prisao-contra-acusados-de-matar-jovem-a-tiros-na-cidade-de-juazeirinho\/\" \/>\n<meta property=\"og:locale\" content=\"pt_BR\" \/>\n<meta property=\"og:type\" content=\"article\" \/>\n<meta property=\"og:title\" content=\"Pol\u00edcia cumpre mandado de pris\u00e3o contra acusados de matar jovem a tiros na cidade de Juazeirinho - Pol\u00edcia Militar da Para\u00edba\" \/>\n<meta property=\"og:description\" content=\"Dois homens, de 21 e 23 anos, foram presos nessa ter\u00e7a-feira (21), atrav\u00e9s do cumprimento de mandados de pris\u00e3o, pelo\" \/>\n<meta property=\"og:url\" content=\"https:\/\/www.pm.pb.gov.br\/portal\/2023\/06\/21\/policia-cumpre-mandado-de-prisao-contra-acusados-de-matar-jovem-a-tiros-na-cidade-de-juazeirinho\/\" \/>\n<meta property=\"og:site_name\" content=\"Pol\u00edcia Militar da Para\u00edba\" \/>\n<meta property=\"article:published_time\" content=\"2023-06-21T16:25:09+00:00\" \/>\n<meta property=\"article:modified_time\" content=\"2023-06-21T16:25:11+00:00\" \/>\n<meta property=\"og:image\" content=\"http:\/\/www.pm.pb.gov.br\/portal\/wp-content\/uploads\/2020\/05\/legenda.jpg\" \/>\n\t<meta property=\"og:image:width\" content=\"1280\" \/>\n\t<meta property=\"og:image:height\" content=\"854\" \/>\n\t<meta property=\"og:image:type\" content=\"image\/jpeg\" \/>\n<meta name=\"author\" content=\"Assessoria de Imprensa da PMPB\" \/>\n<meta name=\"twitter:card\" content=\"summary_large_image\" \/>\n<meta name=\"twitter:label1\" content=\"Escrito por\" \/>\n\t<meta name=\"twitter:data1\" content=\"Assessoria de Imprensa da PMPB\" \/>\n\t<meta name=\"twitter:label2\" content=\"Est. tempo de leitura\" \/>\n\t<meta name=\"twitter:data2\" content=\"1 minuto\" \/>\n<script type=\"application\/ld+json\" class=\"yoast-schema-graph\">{\"@context\":\"https:\/\/schema.org\",\"@graph\":[{\"@type\":\"Article\",\"@id\":\"https:\/\/www.pm.pb.gov.br\/portal\/2023\/06\/21\/policia-cumpre-mandado-de-prisao-contra-acusados-de-matar-jovem-a-tiros-na-cidade-de-juazeirinho\/#article\",\"isPartOf\":{\"@id\":\"https:\/\/www.pm.pb.gov.br\/portal\/2023\/06\/21\/policia-cumpre-mandado-de-prisao-contra-acusados-de-matar-jovem-a-tiros-na-cidade-de-juazeirinho\/\"},\"author\":{\"name\":\"Assessoria de Imprensa da PMPB\",\"@id\":\"https:\/\/www.pm.pb.gov.br\/portal\/#\/schema\/person\/e8454f46651c3ecf0e1ba3c1666d9947\"},\"headline\":\"Pol\u00edcia cumpre mandado de pris\u00e3o contra acusados de matar jovem a tiros na cidade de Juazeirinho\",\"datePublished\":\"2023-06-21T16:25:09+00:00\",\"dateModified\":\"2023-06-21T16:25:11+00:00\",\"mainEntityOfPage\":{\"@id\":\"https:\/\/www.pm.pb.gov.br\/portal\/2023\/06\/21\/policia-cumpre-mandado-de-prisao-contra-acusados-de-matar-jovem-a-tiros-na-cidade-de-juazeirinho\/\"},\"wordCount\":140,\"publisher\":{\"@id\":\"https:\/\/www.pm.pb.gov.br\/portal\/#organization\"},\"articleSection\":[\"A\u00e7\u00f5es Policiais\"],\"inLanguage\":\"pt-BR\"},{\"@type\":\"WebPage\",\"@id\":\"https:\/\/www.pm.pb.gov.br\/portal\/2023\/06\/21\/policia-cumpre-mandado-de-prisao-contra-acusados-de-matar-jovem-a-tiros-na-cidade-de-juazeirinho\/\",\"url\":\"https:\/\/www.pm.pb.gov.br\/portal\/2023\/06\/21\/policia-cumpre-mandado-de-prisao-contra-acusados-de-matar-jovem-a-tiros-na-cidade-de-juazeirinho\/\",\"name\":\"Pol\u00edcia cumpre mandado de pris\u00e3o contra acusados de matar jovem a tiros na cidade de Juazeirinho - Pol\u00edcia Militar da Para\u00edba\",\"isPartOf\":{\"@id\":\"https:\/\/www.pm.pb.gov.br\/portal\/#website\"},\"datePublished\":\"2023-06-21T16:25:09+00:00\",\"dateModified\":\"2023-06-21T16:25:11+00:00\",\"breadcrumb\":{\"@id\":\"https:\/\/www.pm.pb.gov.br\/portal\/2023\/06\/21\/policia-cumpre-mandado-de-prisao-contra-acusados-de-matar-jovem-a-tiros-na-cidade-de-juazeirinho\/#breadcrumb\"},\"inLanguage\":\"pt-BR\",\"potentialAction\":[{\"@type\":\"ReadAction\",\"target\":[\"https:\/\/www.pm.pb.gov.br\/portal\/2023\/06\/21\/policia-cumpre-mandado-de-prisao-contra-acusados-de-matar-jovem-a-tiros-na-cidade-de-juazeirinho\/\"]}]},{\"@type\":\"BreadcrumbList\",\"@id\":\"https:\/\/www.pm.pb.gov.br\/portal\/2023\/06\/21\/policia-cumpre-mandado-de-prisao-contra-acusados-de-matar-jovem-a-tiros-na-cidade-de-juazeirinho\/#breadcrumb\",\"itemListElement\":[{\"@type\":\"ListItem\",\"position\":1,\"name\":\"In\u00edcio\",\"item\":\"https:\/\/www.pm.pb.gov.br\/portal\/\"},{\"@type\":\"ListItem\",\"position\":2,\"name\":\"Pol\u00edcia cumpre mandado de pris\u00e3o contra acusados de matar jovem a tiros na cidade de Juazeirinho\"}]},{\"@type\":\"WebSite\",\"@id\":\"https:\/\/www.pm.pb.gov.br\/portal\/#website\",\"url\":\"https:\/\/www.pm.pb.gov.br\/portal\/\",\"name\":\"Pol\u00edcia Militar da Para\u00edba\",\"description\":\"\",\"publisher\":{\"@id\":\"https:\/\/www.pm.pb.gov.br\/portal\/#organization\"},\"potentialAction\":[{\"@type\":\"SearchAction\",\"target\":{\"@type\":\"EntryPoint\",\"urlTemplate\":\"https:\/\/www.pm.pb.gov.br\/portal\/?s={search_term_string}\"},\"query-input\":\"required name=search_term_string\"}],\"inLanguage\":\"pt-BR\"},{\"@type\":\"Organization\",\"@id\":\"https:\/\/www.pm.pb.gov.br\/portal\/#organization\",\"name\":\"Pol\u00edcia Militar da Para\u00edba\",\"url\":\"https:\/\/www.pm.pb.gov.br\/portal\/\",\"logo\":{\"@type\":\"ImageObject\",\"inLanguage\":\"pt-BR\",\"@id\":\"https:\/\/www.pm.pb.gov.br\/portal\/#\/schema\/logo\/image\/\",\"url\":\"https:\/\/www.pm.pb.gov.br\/portal\/wp-content\/uploads\/2025\/03\/cropped-logo-site-mag2-1.png\",\"contentUrl\":\"https:\/\/www.pm.pb.gov.br\/portal\/wp-content\/uploads\/2025\/03\/cropped-logo-site-mag2-1.png\",\"width\":320,\"height\":90,\"caption\":\"Pol\u00edcia Militar da Para\u00edba\"},\"image\":{\"@id\":\"https:\/\/www.pm.pb.gov.br\/portal\/#\/schema\/logo\/image\/\"}},{\"@type\":\"Person\",\"@id\":\"https:\/\/www.pm.pb.gov.br\/portal\/#\/schema\/person\/e8454f46651c3ecf0e1ba3c1666d9947\",\"name\":\"Assessoria de Imprensa da PMPB\",\"image\":{\"@type\":\"ImageObject\",\"inLanguage\":\"pt-BR\",\"@id\":\"https:\/\/www.pm.pb.gov.br\/portal\/#\/schema\/person\/image\/\",\"url\":\"https:\/\/secure.gravatar.com\/avatar\/2efe197438265d1e90bd98c4c8e1acf8?s=96&d=mm&r=g\",\"contentUrl\":\"https:\/\/secure.gravatar.com\/avatar\/2efe197438265d1e90bd98c4c8e1acf8?s=96&d=mm&r=g\",\"caption\":\"Assessoria de Imprensa da PMPB\"},\"url\":\"https:\/\/www.pm.pb.gov.br\/portal\/author\/assessoria\/\"}]}<\/script>\n<!-- \/ Yoast SEO plugin. -->","yoast_head_json":{"title":"Pol\u00edcia cumpre mandado de pris\u00e3o contra acusados de matar jovem a tiros na cidade de Juazeirinho - Pol\u00edcia Militar da Para\u00edba","robots":{"index":"index","follow":"follow","max-snippet":"max-snippet:-1","max-image-preview":"max-image-preview:large","max-video-preview":"max-video-preview:-1"},"canonical":"https:\/\/www.pm.pb.gov.br\/portal\/2023\/06\/21\/policia-cumpre-mandado-de-prisao-contra-acusados-de-matar-jovem-a-tiros-na-cidade-de-juazeirinho\/","og_locale":"pt_BR","og_type":"article","og_title":"Pol\u00edcia cumpre mandado de pris\u00e3o contra acusados de matar jovem a tiros na cidade de Juazeirinho - Pol\u00edcia Militar da Para\u00edba","og_description":"Dois homens, de 21 e 23 anos, foram presos nessa ter\u00e7a-feira (21), atrav\u00e9s do cumprimento de mandados de pris\u00e3o, pelo","og_url":"https:\/\/www.pm.pb.gov.br\/portal\/2023\/06\/21\/policia-cumpre-mandado-de-prisao-contra-acusados-de-matar-jovem-a-tiros-na-cidade-de-juazeirinho\/","og_site_name":"Pol\u00edcia Militar da Para\u00edba","article_published_time":"2023-06-21T16:25:09+00:00","article_modified_time":"2023-06-21T16:25:11+00:00","og_image":[{"width":1280,"height":854,"url":"http:\/\/www.pm.pb.gov.br\/portal\/wp-content\/uploads\/2020\/05\/legenda.jpg","type":"image\/jpeg"}],"author":"Assessoria de Imprensa da PMPB","twitter_card":"summary_large_image","twitter_misc":{"Escrito por":"Assessoria de Imprensa da PMPB","Est. tempo de leitura":"1 minuto"},"schema":{"@context":"https:\/\/schema.org","@graph":[{"@type":"Article","@id":"https:\/\/www.pm.pb.gov.br\/portal\/2023\/06\/21\/policia-cumpre-mandado-de-prisao-contra-acusados-de-matar-jovem-a-tiros-na-cidade-de-juazeirinho\/#article","isPartOf":{"@id":"https:\/\/www.pm.pb.gov.br\/portal\/2023\/06\/21\/policia-cumpre-mandado-de-prisao-contra-acusados-de-matar-jovem-a-tiros-na-cidade-de-juazeirinho\/"},"author":{"name":"Assessoria de Imprensa da PMPB","@id":"https:\/\/www.pm.pb.gov.br\/portal\/#\/schema\/person\/e8454f46651c3ecf0e1ba3c1666d9947"},"headline":"Pol\u00edcia cumpre mandado de pris\u00e3o contra acusados de matar jovem a tiros na cidade de Juazeirinho","datePublished":"2023-06-21T16:25:09+00:00","dateModified":"2023-06-21T16:25:11+00:00","mainEntityOfPage":{"@id":"https:\/\/www.pm.pb.gov.br\/portal\/2023\/06\/21\/policia-cumpre-mandado-de-prisao-contra-acusados-de-matar-jovem-a-tiros-na-cidade-de-juazeirinho\/"},"wordCount":140,"publisher":{"@id":"https:\/\/www.pm.pb.gov.br\/portal\/#organization"},"articleSection":["A\u00e7\u00f5es Policiais"],"inLanguage":"pt-BR"},{"@type":"WebPage","@id":"https:\/\/www.pm.pb.gov.br\/portal\/2023\/06\/21\/policia-cumpre-mandado-de-prisao-contra-acusados-de-matar-jovem-a-tiros-na-cidade-de-juazeirinho\/","url":"https:\/\/www.pm.pb.gov.br\/portal\/2023\/06\/21\/policia-cumpre-mandado-de-prisao-contra-acusados-de-matar-jovem-a-tiros-na-cidade-de-juazeirinho\/","name":"Pol\u00edcia cumpre mandado de pris\u00e3o contra acusados de matar jovem a tiros na cidade de Juazeirinho - Pol\u00edcia Militar da Para\u00edba","isPartOf":{"@id":"https:\/\/www.pm.pb.gov.br\/portal\/#website"},"datePublished":"2023-06-21T16:25:09+00:00","dateModified":"2023-06-21T16:25:11+00:00","breadcrumb":{"@id":"https:\/\/www.pm.pb.gov.br\/portal\/2023\/06\/21\/policia-cumpre-mandado-de-prisao-contra-acusados-de-matar-jovem-a-tiros-na-cidade-de-juazeirinho\/#breadcrumb"},"inLanguage":"pt-BR","potentialAction":[{"@type":"ReadAction","target":["https:\/\/www.pm.pb.gov.br\/portal\/2023\/06\/21\/policia-cumpre-mandado-de-prisao-contra-acusados-de-matar-jovem-a-tiros-na-cidade-de-juazeirinho\/"]}]},{"@type":"BreadcrumbList","@id":"https:\/\/www.pm.pb.gov.br\/portal\/2023\/06\/21\/policia-cumpre-mandado-de-prisao-contra-acusados-de-matar-jovem-a-tiros-na-cidade-de-juazeirinho\/#breadcrumb","itemListElement":[{"@type":"ListItem","position":1,"name":"In\u00edcio","item":"https:\/\/www.pm.pb.gov.br\/portal\/"},{"@type":"ListItem","position":2,"name":"Pol\u00edcia cumpre mandado de pris\u00e3o contra acusados de matar jovem a tiros na cidade de Juazeirinho"}]},{"@type":"WebSite","@id":"https:\/\/www.pm.pb.gov.br\/portal\/#website","url":"https:\/\/www.pm.pb.gov.br\/portal\/","name":"Pol\u00edcia Militar da Para\u00edba","description":"","publisher":{"@id":"https:\/\/www.pm.pb.gov.br\/portal\/#organization"},"potentialAction":[{"@type":"SearchAction","target":{"@type":"EntryPoint","urlTemplate":"https:\/\/www.pm.pb.gov.br\/portal\/?s={search_term_string}"},"query-input":"required name=search_term_string"}],"inLanguage":"pt-BR"},{"@type":"Organization","@id":"https:\/\/www.pm.pb.gov.br\/portal\/#organization","name":"Pol\u00edcia Militar da Para\u00edba","url":"https:\/\/www.pm.pb.gov.br\/portal\/","logo":{"@type":"ImageObject","inLanguage":"pt-BR","@id":"https:\/\/www.pm.pb.gov.br\/portal\/#\/schema\/logo\/image\/","url":"https:\/\/www.pm.pb.gov.br\/portal\/wp-content\/uploads\/2025\/03\/cropped-logo-site-mag2-1.png","contentUrl":"https:\/\/www.pm.pb.gov.br\/portal\/wp-content\/uploads\/2025\/03\/cropped-logo-site-mag2-1.png","width":320,"height":90,"caption":"Pol\u00edcia Militar da Para\u00edba"},"image":{"@id":"https:\/\/www.pm.pb.gov.br\/portal\/#\/schema\/logo\/image\/"}},{"@type":"Person","@id":"https:\/\/www.pm.pb.gov.br\/portal\/#\/schema\/person\/e8454f46651c3ecf0e1ba3c1666d9947","name":"Assessoria de Imprensa da PMPB","image":{"@type":"ImageObject","inLanguage":"pt-BR","@id":"https:\/\/www.pm.pb.gov.br\/portal\/#\/schema\/person\/image\/","url":"https:\/\/secure.gravatar.com\/avatar\/2efe197438265d1e90bd98c4c8e1acf8?s=96&d=mm&r=g","contentUrl":"https:\/\/secure.gravatar.com\/avatar\/2efe197438265d1e90bd98c4c8e1acf8?s=96&d=mm&r=g","caption":"Assessoria de Imprensa da PMPB"},"url":"https:\/\/www.pm.pb.gov.br\/portal\/author\/assessoria\/"}]}},"_links":{"self":[{"href":"https:\/\/www.pm.pb.gov.br\/portal\/wp-json\/wp\/v2\/posts\/917205"}],"collection":[{"href":"https:\/\/www.pm.pb.gov.br\/portal\/wp-json\/wp\/v2\/posts"}],"about":[{"href":"https:\/\/www.pm.pb.gov.br\/portal\/wp-json\/wp\/v2\/types\/post"}],"author":[{"embeddable":true,"href":"https:\/\/www.pm.pb.gov.br\/portal\/wp-json\/wp\/v2\/users\/5"}],"replies":[{"embeddable":true,"href":"https:\/\/www.pm.pb.gov.br\/portal\/wp-json\/wp\/v2\/comments?post=917205"}],"version-history":[{"count":2,"href":"https:\/\/www.pm.pb.gov.br\/portal\/wp-json\/wp\/v2\/posts\/917205\/revisions"}],"predecessor-version":[{"id":917210,"href":"https:\/\/www.pm.pb.gov.br\/portal\/wp-json\/wp\/v2\/posts\/917205\/revisions\/917210"}],"wp:featuredmedia":[{"embeddable":true,"href":"https:\/\/www.pm.pb.gov.br\/portal\/wp-json\/wp\/v2\/media\/905270"}],"wp:attachment":[{"href":"https:\/\/www.pm.pb.gov.br\/portal\/wp-json\/wp\/v2\/media?parent=917205"}],"wp:term":[{"taxonomy":"category","embeddable":true,"href":"https:\/\/www.pm.pb.gov.br\/portal\/wp-json\/wp\/v2\/categories?post=917205"},{"taxonomy":"post_tag","embeddable":true,"href":"https:\/\/www.pm.pb.gov.br\/portal\/wp-json\/wp\/v2\/tags?post=917205"}],"curies":[{"name":"wp","href":"https:\/\/api.w.org\/{rel}","templated":true}]}}