{"id":917181,"date":"2023-06-20T07:04:01","date_gmt":"2023-06-20T10:04:01","guid":{"rendered":"https:\/\/www.pm.pb.gov.br\/portal\/?p=917181"},"modified":"2023-06-20T07:04:03","modified_gmt":"2023-06-20T10:04:03","slug":"forcas-de-seguranca-desarticulam-grupos-criminosos-que-furtavam-celulares-em-patos-e-recuperam-26-aparelhos","status":"publish","type":"post","link":"https:\/\/www.pm.pb.gov.br\/portal\/2023\/06\/20\/forcas-de-seguranca-desarticulam-grupos-criminosos-que-furtavam-celulares-em-patos-e-recuperam-26-aparelhos\/","title":{"rendered":"For\u00e7as de Seguran\u00e7a desarticulam grupos criminosos que furtavam celulares em Patos e recuperam 26 aparelhos"},"content":{"rendered":"\n\n\n<p>As a\u00e7\u00f5es das For\u00e7as de Seguran\u00e7a no abertura dos festejos juninos na regi\u00e3o de Patos levaram \u00e0 pris\u00e3o de dois grupos criminosos, especializados em furto de celulares. As pris\u00f5es ocorreram na madrugada desta ter\u00e7a-feira (20).<\/p>\n<p>De acordo com o comando do 3\u00ba Batalh\u00e3o, uma das pris\u00f5es foi realizada pelos policiais do Batalh\u00e3o de Opera\u00e7\u00f5es Policiais Especiais (Bope), ap\u00f3s averigua\u00e7\u00e3o de uma den\u00fancia no Rodoshopping. Com um trio de suspeitos foi encontrado 13 celulares de diversas marcas.<\/p>\n<p><img loading=\"lazy\" decoding=\"async\" class=\"size-medium wp-image-917183 aligncenter\" src=\"http:\/\/www.pm.pb.gov.br\/portal\/wp-content\/uploads\/2023\/06\/celulares_recuperados-1-334x445.jpeg\" alt=\"\" width=\"334\" height=\"445\" srcset=\"https:\/\/www.pm.pb.gov.br\/portal\/wp-content\/uploads\/2023\/06\/celulares_recuperados-1-334x445.jpeg 334w, https:\/\/www.pm.pb.gov.br\/portal\/wp-content\/uploads\/2023\/06\/celulares_recuperados-1-428x570.jpeg 428w, https:\/\/www.pm.pb.gov.br\/portal\/wp-content\/uploads\/2023\/06\/celulares_recuperados-1-768x1024.jpeg 768w, https:\/\/www.pm.pb.gov.br\/portal\/wp-content\/uploads\/2023\/06\/celulares_recuperados-1-1152x1536.jpeg 1152w, https:\/\/www.pm.pb.gov.br\/portal\/wp-content\/uploads\/2023\/06\/celulares_recuperados-1.jpeg 1200w\" sizes=\"(max-width: 334px) 100vw, 334px\" \/><\/p>\n<p>O segundo grupo foi preso em uma a\u00e7\u00e3o conjunta da PM com a Pol\u00edcia Rodovi\u00e1ria Federal, na BR-230, nas proximidades do Rodoshopping, quando abordaram tr\u00eas indiv\u00edduos e com eles encontraram outros 13 celulares de marcas diversas.<\/p>\n<p><img loading=\"lazy\" decoding=\"async\" class=\" wp-image-917184 aligncenter\" src=\"http:\/\/www.pm.pb.gov.br\/portal\/wp-content\/uploads\/2023\/06\/celulares_recuperados-2-593x445.jpeg\" alt=\"\" width=\"558\" height=\"419\" srcset=\"https:\/\/www.pm.pb.gov.br\/portal\/wp-content\/uploads\/2023\/06\/celulares_recuperados-2-593x445.jpeg 593w, https:\/\/www.pm.pb.gov.br\/portal\/wp-content\/uploads\/2023\/06\/celulares_recuperados-2-760x570.jpeg 760w, https:\/\/www.pm.pb.gov.br\/portal\/wp-content\/uploads\/2023\/06\/celulares_recuperados-2-768x576.jpeg 768w, https:\/\/www.pm.pb.gov.br\/portal\/wp-content\/uploads\/2023\/06\/celulares_recuperados-2-1536x1152.jpeg 1536w, https:\/\/www.pm.pb.gov.br\/portal\/wp-content\/uploads\/2023\/06\/celulares_recuperados-2.jpeg 1600w\" sizes=\"(max-width: 558px) 100vw, 558px\" \/><\/p>\n<p>Os acusados presos e os 26 celulares recuperados foram levados para a Delegacia de Pol\u00edcia Civil, onde os grupos ser\u00e3o investigados pela participa\u00e7\u00e3o nesse e em outros crimes na regi\u00e3o.<\/p>\n","protected":false},"excerpt":{"rendered":"<p>As a\u00e7\u00f5es das For\u00e7as de Seguran\u00e7a no abertura dos festejos juninos na regi\u00e3o de Patos levaram \u00e0 pris\u00e3o de dois<\/p>\n","protected":false},"author":12,"featured_media":917182,"comment_status":"closed","ping_status":"closed","sticky":false,"template":"","format":"standard","meta":{"_exactmetrics_skip_tracking":false,"_exactmetrics_sitenote_active":false,"_exactmetrics_sitenote_note":"","_exactmetrics_sitenote_category":0,"footnotes":""},"categories":[4],"tags":[],"yoast_head":"<!-- This site is optimized with the Yoast SEO plugin v22.0 - https:\/\/yoast.com\/wordpress\/plugins\/seo\/ -->\n<title>For\u00e7as de Seguran\u00e7a desarticulam grupos criminosos que furtavam celulares em Patos e recuperam 26 aparelhos - Pol\u00edcia Militar da Para\u00edba<\/title>\n<meta name=\"robots\" content=\"index, follow, max-snippet:-1, max-image-preview:large, max-video-preview:-1\" \/>\n<link rel=\"canonical\" href=\"https:\/\/www.pm.pb.gov.br\/portal\/2023\/06\/20\/forcas-de-seguranca-desarticulam-grupos-criminosos-que-furtavam-celulares-em-patos-e-recuperam-26-aparelhos\/\" \/>\n<meta property=\"og:locale\" content=\"pt_BR\" \/>\n<meta property=\"og:type\" content=\"article\" \/>\n<meta property=\"og:title\" content=\"For\u00e7as de Seguran\u00e7a desarticulam grupos criminosos que furtavam celulares em Patos e recuperam 26 aparelhos - Pol\u00edcia Militar da Para\u00edba\" \/>\n<meta property=\"og:description\" content=\"As a\u00e7\u00f5es das For\u00e7as de Seguran\u00e7a no abertura dos festejos juninos na regi\u00e3o de Patos levaram \u00e0 pris\u00e3o de dois\" \/>\n<meta property=\"og:url\" content=\"https:\/\/www.pm.pb.gov.br\/portal\/2023\/06\/20\/forcas-de-seguranca-desarticulam-grupos-criminosos-que-furtavam-celulares-em-patos-e-recuperam-26-aparelhos\/\" \/>\n<meta property=\"og:site_name\" content=\"Pol\u00edcia Militar da Para\u00edba\" \/>\n<meta property=\"article:published_time\" content=\"2023-06-20T10:04:01+00:00\" \/>\n<meta property=\"article:modified_time\" content=\"2023-06-20T10:04:03+00:00\" \/>\n<meta property=\"og:image\" content=\"http:\/\/www.pm.pb.gov.br\/portal\/wp-content\/uploads\/2023\/06\/celulares_recuperados-21.jpeg\" \/>\n\t<meta property=\"og:image:width\" content=\"800\" \/>\n\t<meta property=\"og:image:height\" content=\"445\" \/>\n\t<meta property=\"og:image:type\" content=\"image\/jpeg\" \/>\n<meta name=\"author\" content=\"Tarcisio Oliveira\" \/>\n<meta name=\"twitter:card\" content=\"summary_large_image\" \/>\n<meta name=\"twitter:label1\" content=\"Escrito por\" \/>\n\t<meta name=\"twitter:data1\" content=\"Tarcisio Oliveira\" \/>\n\t<meta name=\"twitter:label2\" content=\"Est. tempo de leitura\" \/>\n\t<meta name=\"twitter:data2\" content=\"2 minutos\" \/>\n<script type=\"application\/ld+json\" class=\"yoast-schema-graph\">{\"@context\":\"https:\/\/schema.org\",\"@graph\":[{\"@type\":\"Article\",\"@id\":\"https:\/\/www.pm.pb.gov.br\/portal\/2023\/06\/20\/forcas-de-seguranca-desarticulam-grupos-criminosos-que-furtavam-celulares-em-patos-e-recuperam-26-aparelhos\/#article\",\"isPartOf\":{\"@id\":\"https:\/\/www.pm.pb.gov.br\/portal\/2023\/06\/20\/forcas-de-seguranca-desarticulam-grupos-criminosos-que-furtavam-celulares-em-patos-e-recuperam-26-aparelhos\/\"},\"author\":{\"name\":\"Tarcisio Oliveira\",\"@id\":\"https:\/\/www.pm.pb.gov.br\/portal\/#\/schema\/person\/f84f56dcc78ce4357054da888b8247fd\"},\"headline\":\"For\u00e7as de Seguran\u00e7a desarticulam grupos criminosos que furtavam celulares em Patos e recuperam 26 aparelhos\",\"datePublished\":\"2023-06-20T10:04:01+00:00\",\"dateModified\":\"2023-06-20T10:04:03+00:00\",\"mainEntityOfPage\":{\"@id\":\"https:\/\/www.pm.pb.gov.br\/portal\/2023\/06\/20\/forcas-de-seguranca-desarticulam-grupos-criminosos-que-furtavam-celulares-em-patos-e-recuperam-26-aparelhos\/\"},\"wordCount\":175,\"publisher\":{\"@id\":\"https:\/\/www.pm.pb.gov.br\/portal\/#organization\"},\"articleSection\":[\"A\u00e7\u00f5es Policiais\"],\"inLanguage\":\"pt-BR\"},{\"@type\":\"WebPage\",\"@id\":\"https:\/\/www.pm.pb.gov.br\/portal\/2023\/06\/20\/forcas-de-seguranca-desarticulam-grupos-criminosos-que-furtavam-celulares-em-patos-e-recuperam-26-aparelhos\/\",\"url\":\"https:\/\/www.pm.pb.gov.br\/portal\/2023\/06\/20\/forcas-de-seguranca-desarticulam-grupos-criminosos-que-furtavam-celulares-em-patos-e-recuperam-26-aparelhos\/\",\"name\":\"For\u00e7as de Seguran\u00e7a desarticulam grupos criminosos que furtavam celulares em Patos e recuperam 26 aparelhos - Pol\u00edcia Militar da Para\u00edba\",\"isPartOf\":{\"@id\":\"https:\/\/www.pm.pb.gov.br\/portal\/#website\"},\"datePublished\":\"2023-06-20T10:04:01+00:00\",\"dateModified\":\"2023-06-20T10:04:03+00:00\",\"breadcrumb\":{\"@id\":\"https:\/\/www.pm.pb.gov.br\/portal\/2023\/06\/20\/forcas-de-seguranca-desarticulam-grupos-criminosos-que-furtavam-celulares-em-patos-e-recuperam-26-aparelhos\/#breadcrumb\"},\"inLanguage\":\"pt-BR\",\"potentialAction\":[{\"@type\":\"ReadAction\",\"target\":[\"https:\/\/www.pm.pb.gov.br\/portal\/2023\/06\/20\/forcas-de-seguranca-desarticulam-grupos-criminosos-que-furtavam-celulares-em-patos-e-recuperam-26-aparelhos\/\"]}]},{\"@type\":\"BreadcrumbList\",\"@id\":\"https:\/\/www.pm.pb.gov.br\/portal\/2023\/06\/20\/forcas-de-seguranca-desarticulam-grupos-criminosos-que-furtavam-celulares-em-patos-e-recuperam-26-aparelhos\/#breadcrumb\",\"itemListElement\":[{\"@type\":\"ListItem\",\"position\":1,\"name\":\"In\u00edcio\",\"item\":\"https:\/\/www.pm.pb.gov.br\/portal\/\"},{\"@type\":\"ListItem\",\"position\":2,\"name\":\"For\u00e7as de Seguran\u00e7a desarticulam grupos criminosos que furtavam celulares em Patos e recuperam 26 aparelhos\"}]},{\"@type\":\"WebSite\",\"@id\":\"https:\/\/www.pm.pb.gov.br\/portal\/#website\",\"url\":\"https:\/\/www.pm.pb.gov.br\/portal\/\",\"name\":\"Pol\u00edcia Militar da Para\u00edba\",\"description\":\"\",\"publisher\":{\"@id\":\"https:\/\/www.pm.pb.gov.br\/portal\/#organization\"},\"potentialAction\":[{\"@type\":\"SearchAction\",\"target\":{\"@type\":\"EntryPoint\",\"urlTemplate\":\"https:\/\/www.pm.pb.gov.br\/portal\/?s={search_term_string}\"},\"query-input\":\"required name=search_term_string\"}],\"inLanguage\":\"pt-BR\"},{\"@type\":\"Organization\",\"@id\":\"https:\/\/www.pm.pb.gov.br\/portal\/#organization\",\"name\":\"Pol\u00edcia Militar da Para\u00edba\",\"url\":\"https:\/\/www.pm.pb.gov.br\/portal\/\",\"logo\":{\"@type\":\"ImageObject\",\"inLanguage\":\"pt-BR\",\"@id\":\"https:\/\/www.pm.pb.gov.br\/portal\/#\/schema\/logo\/image\/\",\"url\":\"https:\/\/www.pm.pb.gov.br\/portal\/wp-content\/uploads\/2025\/03\/cropped-logo-site-mag2-1.png\",\"contentUrl\":\"https:\/\/www.pm.pb.gov.br\/portal\/wp-content\/uploads\/2025\/03\/cropped-logo-site-mag2-1.png\",\"width\":320,\"height\":90,\"caption\":\"Pol\u00edcia Militar da Para\u00edba\"},\"image\":{\"@id\":\"https:\/\/www.pm.pb.gov.br\/portal\/#\/schema\/logo\/image\/\"}},{\"@type\":\"Person\",\"@id\":\"https:\/\/www.pm.pb.gov.br\/portal\/#\/schema\/person\/f84f56dcc78ce4357054da888b8247fd\",\"name\":\"Tarcisio Oliveira\",\"image\":{\"@type\":\"ImageObject\",\"inLanguage\":\"pt-BR\",\"@id\":\"https:\/\/www.pm.pb.gov.br\/portal\/#\/schema\/person\/image\/\",\"url\":\"https:\/\/secure.gravatar.com\/avatar\/72917b630b69d31cd0297507f34bac97?s=96&d=mm&r=g\",\"contentUrl\":\"https:\/\/secure.gravatar.com\/avatar\/72917b630b69d31cd0297507f34bac97?s=96&d=mm&r=g\",\"caption\":\"Tarcisio Oliveira\"},\"url\":\"https:\/\/www.pm.pb.gov.br\/portal\/author\/tarcisio\/\"}]}<\/script>\n<!-- \/ Yoast SEO plugin. -->","yoast_head_json":{"title":"For\u00e7as de Seguran\u00e7a desarticulam grupos criminosos que furtavam celulares em Patos e recuperam 26 aparelhos - Pol\u00edcia Militar da Para\u00edba","robots":{"index":"index","follow":"follow","max-snippet":"max-snippet:-1","max-image-preview":"max-image-preview:large","max-video-preview":"max-video-preview:-1"},"canonical":"https:\/\/www.pm.pb.gov.br\/portal\/2023\/06\/20\/forcas-de-seguranca-desarticulam-grupos-criminosos-que-furtavam-celulares-em-patos-e-recuperam-26-aparelhos\/","og_locale":"pt_BR","og_type":"article","og_title":"For\u00e7as de Seguran\u00e7a desarticulam grupos criminosos que furtavam celulares em Patos e recuperam 26 aparelhos - Pol\u00edcia Militar da Para\u00edba","og_description":"As a\u00e7\u00f5es das For\u00e7as de Seguran\u00e7a no abertura dos festejos juninos na regi\u00e3o de Patos levaram \u00e0 pris\u00e3o de dois","og_url":"https:\/\/www.pm.pb.gov.br\/portal\/2023\/06\/20\/forcas-de-seguranca-desarticulam-grupos-criminosos-que-furtavam-celulares-em-patos-e-recuperam-26-aparelhos\/","og_site_name":"Pol\u00edcia Militar da Para\u00edba","article_published_time":"2023-06-20T10:04:01+00:00","article_modified_time":"2023-06-20T10:04:03+00:00","og_image":[{"width":800,"height":445,"url":"http:\/\/www.pm.pb.gov.br\/portal\/wp-content\/uploads\/2023\/06\/celulares_recuperados-21.jpeg","type":"image\/jpeg"}],"author":"Tarcisio Oliveira","twitter_card":"summary_large_image","twitter_misc":{"Escrito por":"Tarcisio Oliveira","Est. tempo de leitura":"2 minutos"},"schema":{"@context":"https:\/\/schema.org","@graph":[{"@type":"Article","@id":"https:\/\/www.pm.pb.gov.br\/portal\/2023\/06\/20\/forcas-de-seguranca-desarticulam-grupos-criminosos-que-furtavam-celulares-em-patos-e-recuperam-26-aparelhos\/#article","isPartOf":{"@id":"https:\/\/www.pm.pb.gov.br\/portal\/2023\/06\/20\/forcas-de-seguranca-desarticulam-grupos-criminosos-que-furtavam-celulares-em-patos-e-recuperam-26-aparelhos\/"},"author":{"name":"Tarcisio Oliveira","@id":"https:\/\/www.pm.pb.gov.br\/portal\/#\/schema\/person\/f84f56dcc78ce4357054da888b8247fd"},"headline":"For\u00e7as de Seguran\u00e7a desarticulam grupos criminosos que furtavam celulares em Patos e recuperam 26 aparelhos","datePublished":"2023-06-20T10:04:01+00:00","dateModified":"2023-06-20T10:04:03+00:00","mainEntityOfPage":{"@id":"https:\/\/www.pm.pb.gov.br\/portal\/2023\/06\/20\/forcas-de-seguranca-desarticulam-grupos-criminosos-que-furtavam-celulares-em-patos-e-recuperam-26-aparelhos\/"},"wordCount":175,"publisher":{"@id":"https:\/\/www.pm.pb.gov.br\/portal\/#organization"},"articleSection":["A\u00e7\u00f5es Policiais"],"inLanguage":"pt-BR"},{"@type":"WebPage","@id":"https:\/\/www.pm.pb.gov.br\/portal\/2023\/06\/20\/forcas-de-seguranca-desarticulam-grupos-criminosos-que-furtavam-celulares-em-patos-e-recuperam-26-aparelhos\/","url":"https:\/\/www.pm.pb.gov.br\/portal\/2023\/06\/20\/forcas-de-seguranca-desarticulam-grupos-criminosos-que-furtavam-celulares-em-patos-e-recuperam-26-aparelhos\/","name":"For\u00e7as de Seguran\u00e7a desarticulam grupos criminosos que furtavam celulares em Patos e recuperam 26 aparelhos - Pol\u00edcia Militar da Para\u00edba","isPartOf":{"@id":"https:\/\/www.pm.pb.gov.br\/portal\/#website"},"datePublished":"2023-06-20T10:04:01+00:00","dateModified":"2023-06-20T10:04:03+00:00","breadcrumb":{"@id":"https:\/\/www.pm.pb.gov.br\/portal\/2023\/06\/20\/forcas-de-seguranca-desarticulam-grupos-criminosos-que-furtavam-celulares-em-patos-e-recuperam-26-aparelhos\/#breadcrumb"},"inLanguage":"pt-BR","potentialAction":[{"@type":"ReadAction","target":["https:\/\/www.pm.pb.gov.br\/portal\/2023\/06\/20\/forcas-de-seguranca-desarticulam-grupos-criminosos-que-furtavam-celulares-em-patos-e-recuperam-26-aparelhos\/"]}]},{"@type":"BreadcrumbList","@id":"https:\/\/www.pm.pb.gov.br\/portal\/2023\/06\/20\/forcas-de-seguranca-desarticulam-grupos-criminosos-que-furtavam-celulares-em-patos-e-recuperam-26-aparelhos\/#breadcrumb","itemListElement":[{"@type":"ListItem","position":1,"name":"In\u00edcio","item":"https:\/\/www.pm.pb.gov.br\/portal\/"},{"@type":"ListItem","position":2,"name":"For\u00e7as de Seguran\u00e7a desarticulam grupos criminosos que furtavam celulares em Patos e recuperam 26 aparelhos"}]},{"@type":"WebSite","@id":"https:\/\/www.pm.pb.gov.br\/portal\/#website","url":"https:\/\/www.pm.pb.gov.br\/portal\/","name":"Pol\u00edcia Militar da Para\u00edba","description":"","publisher":{"@id":"https:\/\/www.pm.pb.gov.br\/portal\/#organization"},"potentialAction":[{"@type":"SearchAction","target":{"@type":"EntryPoint","urlTemplate":"https:\/\/www.pm.pb.gov.br\/portal\/?s={search_term_string}"},"query-input":"required name=search_term_string"}],"inLanguage":"pt-BR"},{"@type":"Organization","@id":"https:\/\/www.pm.pb.gov.br\/portal\/#organization","name":"Pol\u00edcia Militar da Para\u00edba","url":"https:\/\/www.pm.pb.gov.br\/portal\/","logo":{"@type":"ImageObject","inLanguage":"pt-BR","@id":"https:\/\/www.pm.pb.gov.br\/portal\/#\/schema\/logo\/image\/","url":"https:\/\/www.pm.pb.gov.br\/portal\/wp-content\/uploads\/2025\/03\/cropped-logo-site-mag2-1.png","contentUrl":"https:\/\/www.pm.pb.gov.br\/portal\/wp-content\/uploads\/2025\/03\/cropped-logo-site-mag2-1.png","width":320,"height":90,"caption":"Pol\u00edcia Militar da Para\u00edba"},"image":{"@id":"https:\/\/www.pm.pb.gov.br\/portal\/#\/schema\/logo\/image\/"}},{"@type":"Person","@id":"https:\/\/www.pm.pb.gov.br\/portal\/#\/schema\/person\/f84f56dcc78ce4357054da888b8247fd","name":"Tarcisio Oliveira","image":{"@type":"ImageObject","inLanguage":"pt-BR","@id":"https:\/\/www.pm.pb.gov.br\/portal\/#\/schema\/person\/image\/","url":"https:\/\/secure.gravatar.com\/avatar\/72917b630b69d31cd0297507f34bac97?s=96&d=mm&r=g","contentUrl":"https:\/\/secure.gravatar.com\/avatar\/72917b630b69d31cd0297507f34bac97?s=96&d=mm&r=g","caption":"Tarcisio Oliveira"},"url":"https:\/\/www.pm.pb.gov.br\/portal\/author\/tarcisio\/"}]}},"_links":{"self":[{"href":"https:\/\/www.pm.pb.gov.br\/portal\/wp-json\/wp\/v2\/posts\/917181"}],"collection":[{"href":"https:\/\/www.pm.pb.gov.br\/portal\/wp-json\/wp\/v2\/posts"}],"about":[{"href":"https:\/\/www.pm.pb.gov.br\/portal\/wp-json\/wp\/v2\/types\/post"}],"author":[{"embeddable":true,"href":"https:\/\/www.pm.pb.gov.br\/portal\/wp-json\/wp\/v2\/users\/12"}],"replies":[{"embeddable":true,"href":"https:\/\/www.pm.pb.gov.br\/portal\/wp-json\/wp\/v2\/comments?post=917181"}],"version-history":[{"count":1,"href":"https:\/\/www.pm.pb.gov.br\/portal\/wp-json\/wp\/v2\/posts\/917181\/revisions"}],"predecessor-version":[{"id":917185,"href":"https:\/\/www.pm.pb.gov.br\/portal\/wp-json\/wp\/v2\/posts\/917181\/revisions\/917185"}],"wp:featuredmedia":[{"embeddable":true,"href":"https:\/\/www.pm.pb.gov.br\/portal\/wp-json\/wp\/v2\/media\/917182"}],"wp:attachment":[{"href":"https:\/\/www.pm.pb.gov.br\/portal\/wp-json\/wp\/v2\/media?parent=917181"}],"wp:term":[{"taxonomy":"category","embeddable":true,"href":"https:\/\/www.pm.pb.gov.br\/portal\/wp-json\/wp\/v2\/categories?post=917181"},{"taxonomy":"post_tag","embeddable":true,"href":"https:\/\/www.pm.pb.gov.br\/portal\/wp-json\/wp\/v2\/tags?post=917181"}],"curies":[{"name":"wp","href":"https:\/\/api.w.org\/{rel}","templated":true}]}}