{"id":917173,"date":"2023-06-21T13:03:18","date_gmt":"2023-06-21T16:03:18","guid":{"rendered":"https:\/\/www.pm.pb.gov.br\/portal\/?p=917173"},"modified":"2023-06-21T13:03:20","modified_gmt":"2023-06-21T16:03:20","slug":"operacao-das-policias-da-paraiba-e-pernambuco-prende-lider-de-faccao-criminosa-de-cubati-pb","status":"publish","type":"post","link":"https:\/\/www.pm.pb.gov.br\/portal\/2023\/06\/21\/operacao-das-policias-da-paraiba-e-pernambuco-prende-lider-de-faccao-criminosa-de-cubati-pb\/","title":{"rendered":"Opera\u00e7\u00e3o das pol\u00edcias da Para\u00edba e Pernambuco prende l\u00edder de fac\u00e7\u00e3o criminosa de Cubati \u2013 PB"},"content":{"rendered":"\n<p>Uma opera\u00e7\u00e3o das Pol\u00edcias Militares da Para\u00edba, de Pernambuco e da Pol\u00edcia Civil da Para\u00edba resultou na pris\u00e3o de um homem de 24 anos, que \u00e9 apontado como um dos l\u00edderes de fac\u00e7\u00e3o criminosa que tem ramifica\u00e7\u00e3o na cidade de Cubati, no agreste paraibano. Ele foi preso em Goiana, Pernambuco, quando tentava fugir em um ve\u00edculo de transporte por aplicativo. O suspeito, que tinha mandado de pris\u00e3o em aberto, foi encontrado com drogas. <br><br>De acordo com as informa\u00e7\u00f5es levantadas sobre o acusado, ele planejava se esconder na cidade de Olinda \u2013 PE, j\u00e1 que nos \u00faltimos dias a Vara \u00danica da Comarca de Soledade-PB expediu seu mandado de pris\u00e3o. Contra o suspeito pesam acusa\u00e7\u00f5es de resist\u00eancia \u00e0 pris\u00e3o, porte ilegal de arma de fogo, tr\u00e1fico de drogas, tentativa de homic\u00eddio qualificado e homic\u00eddio qualificado.<br><br>Ap\u00f3s a pris\u00e3o, que foi realizada pela Pol\u00edcia Militar de Pernambuco, atrav\u00e9s da troca de informa\u00e7\u00f5es com as Pol\u00edcias Militar e Civil da Para\u00edba, ele foi apresentado em delegacia, no estado de Pernambuco. <br><br><\/p>\n","protected":false},"excerpt":{"rendered":"<p>Uma opera\u00e7\u00e3o das Pol\u00edcias Militares da Para\u00edba, de Pernambuco e da Pol\u00edcia Civil da Para\u00edba resultou na pris\u00e3o de um<\/p>\n","protected":false},"author":5,"featured_media":917206,"comment_status":"closed","ping_status":"closed","sticky":false,"template":"","format":"standard","meta":{"_exactmetrics_skip_tracking":false,"_exactmetrics_sitenote_active":false,"_exactmetrics_sitenote_note":"","_exactmetrics_sitenote_category":0,"footnotes":""},"categories":[4],"tags":[],"yoast_head":"<!-- This site is optimized with the Yoast SEO plugin v22.0 - https:\/\/yoast.com\/wordpress\/plugins\/seo\/ -->\n<title>Opera\u00e7\u00e3o das pol\u00edcias da Para\u00edba e Pernambuco prende l\u00edder de fac\u00e7\u00e3o criminosa de Cubati \u2013 PB - Pol\u00edcia Militar da Para\u00edba<\/title>\n<meta name=\"robots\" content=\"index, follow, max-snippet:-1, max-image-preview:large, max-video-preview:-1\" \/>\n<link rel=\"canonical\" href=\"https:\/\/www.pm.pb.gov.br\/portal\/2023\/06\/21\/operacao-das-policias-da-paraiba-e-pernambuco-prende-lider-de-faccao-criminosa-de-cubati-pb\/\" \/>\n<meta property=\"og:locale\" content=\"pt_BR\" \/>\n<meta property=\"og:type\" content=\"article\" \/>\n<meta property=\"og:title\" content=\"Opera\u00e7\u00e3o das pol\u00edcias da Para\u00edba e Pernambuco prende l\u00edder de fac\u00e7\u00e3o criminosa de Cubati \u2013 PB - Pol\u00edcia Militar da Para\u00edba\" \/>\n<meta property=\"og:description\" content=\"Uma opera\u00e7\u00e3o das Pol\u00edcias Militares da Para\u00edba, de Pernambuco e da Pol\u00edcia Civil da Para\u00edba resultou na pris\u00e3o de um\" \/>\n<meta property=\"og:url\" content=\"https:\/\/www.pm.pb.gov.br\/portal\/2023\/06\/21\/operacao-das-policias-da-paraiba-e-pernambuco-prende-lider-de-faccao-criminosa-de-cubati-pb\/\" \/>\n<meta property=\"og:site_name\" content=\"Pol\u00edcia Militar da Para\u00edba\" \/>\n<meta property=\"article:published_time\" content=\"2023-06-21T16:03:18+00:00\" \/>\n<meta property=\"article:modified_time\" content=\"2023-06-21T16:03:20+00:00\" \/>\n<meta property=\"og:image\" content=\"http:\/\/www.pm.pb.gov.br\/portal\/wp-content\/uploads\/2023\/06\/7b3d6c16-265e-4104-86b1-ac1520d292e3.jpg\" \/>\n\t<meta property=\"og:image:width\" content=\"937\" \/>\n\t<meta property=\"og:image:height\" content=\"1280\" \/>\n\t<meta property=\"og:image:type\" content=\"image\/jpeg\" \/>\n<meta name=\"author\" content=\"Assessoria de Imprensa da PMPB\" \/>\n<meta name=\"twitter:card\" content=\"summary_large_image\" \/>\n<meta name=\"twitter:label1\" content=\"Escrito por\" \/>\n\t<meta name=\"twitter:data1\" content=\"Assessoria de Imprensa da PMPB\" \/>\n\t<meta name=\"twitter:label2\" content=\"Est. tempo de leitura\" \/>\n\t<meta name=\"twitter:data2\" content=\"1 minuto\" \/>\n<script type=\"application\/ld+json\" class=\"yoast-schema-graph\">{\"@context\":\"https:\/\/schema.org\",\"@graph\":[{\"@type\":\"Article\",\"@id\":\"https:\/\/www.pm.pb.gov.br\/portal\/2023\/06\/21\/operacao-das-policias-da-paraiba-e-pernambuco-prende-lider-de-faccao-criminosa-de-cubati-pb\/#article\",\"isPartOf\":{\"@id\":\"https:\/\/www.pm.pb.gov.br\/portal\/2023\/06\/21\/operacao-das-policias-da-paraiba-e-pernambuco-prende-lider-de-faccao-criminosa-de-cubati-pb\/\"},\"author\":{\"name\":\"Assessoria de Imprensa da PMPB\",\"@id\":\"https:\/\/www.pm.pb.gov.br\/portal\/#\/schema\/person\/e8454f46651c3ecf0e1ba3c1666d9947\"},\"headline\":\"Opera\u00e7\u00e3o das pol\u00edcias da Para\u00edba e Pernambuco prende l\u00edder de fac\u00e7\u00e3o criminosa de Cubati \u2013 PB\",\"datePublished\":\"2023-06-21T16:03:18+00:00\",\"dateModified\":\"2023-06-21T16:03:20+00:00\",\"mainEntityOfPage\":{\"@id\":\"https:\/\/www.pm.pb.gov.br\/portal\/2023\/06\/21\/operacao-das-policias-da-paraiba-e-pernambuco-prende-lider-de-faccao-criminosa-de-cubati-pb\/\"},\"wordCount\":209,\"publisher\":{\"@id\":\"https:\/\/www.pm.pb.gov.br\/portal\/#organization\"},\"articleSection\":[\"A\u00e7\u00f5es Policiais\"],\"inLanguage\":\"pt-BR\"},{\"@type\":\"WebPage\",\"@id\":\"https:\/\/www.pm.pb.gov.br\/portal\/2023\/06\/21\/operacao-das-policias-da-paraiba-e-pernambuco-prende-lider-de-faccao-criminosa-de-cubati-pb\/\",\"url\":\"https:\/\/www.pm.pb.gov.br\/portal\/2023\/06\/21\/operacao-das-policias-da-paraiba-e-pernambuco-prende-lider-de-faccao-criminosa-de-cubati-pb\/\",\"name\":\"Opera\u00e7\u00e3o das pol\u00edcias da Para\u00edba e Pernambuco prende l\u00edder de fac\u00e7\u00e3o criminosa de Cubati \u2013 PB - Pol\u00edcia Militar da Para\u00edba\",\"isPartOf\":{\"@id\":\"https:\/\/www.pm.pb.gov.br\/portal\/#website\"},\"datePublished\":\"2023-06-21T16:03:18+00:00\",\"dateModified\":\"2023-06-21T16:03:20+00:00\",\"breadcrumb\":{\"@id\":\"https:\/\/www.pm.pb.gov.br\/portal\/2023\/06\/21\/operacao-das-policias-da-paraiba-e-pernambuco-prende-lider-de-faccao-criminosa-de-cubati-pb\/#breadcrumb\"},\"inLanguage\":\"pt-BR\",\"potentialAction\":[{\"@type\":\"ReadAction\",\"target\":[\"https:\/\/www.pm.pb.gov.br\/portal\/2023\/06\/21\/operacao-das-policias-da-paraiba-e-pernambuco-prende-lider-de-faccao-criminosa-de-cubati-pb\/\"]}]},{\"@type\":\"BreadcrumbList\",\"@id\":\"https:\/\/www.pm.pb.gov.br\/portal\/2023\/06\/21\/operacao-das-policias-da-paraiba-e-pernambuco-prende-lider-de-faccao-criminosa-de-cubati-pb\/#breadcrumb\",\"itemListElement\":[{\"@type\":\"ListItem\",\"position\":1,\"name\":\"In\u00edcio\",\"item\":\"https:\/\/www.pm.pb.gov.br\/portal\/\"},{\"@type\":\"ListItem\",\"position\":2,\"name\":\"Opera\u00e7\u00e3o das pol\u00edcias da Para\u00edba e Pernambuco prende l\u00edder de fac\u00e7\u00e3o criminosa de Cubati \u2013 PB\"}]},{\"@type\":\"WebSite\",\"@id\":\"https:\/\/www.pm.pb.gov.br\/portal\/#website\",\"url\":\"https:\/\/www.pm.pb.gov.br\/portal\/\",\"name\":\"Pol\u00edcia Militar da Para\u00edba\",\"description\":\"\",\"publisher\":{\"@id\":\"https:\/\/www.pm.pb.gov.br\/portal\/#organization\"},\"potentialAction\":[{\"@type\":\"SearchAction\",\"target\":{\"@type\":\"EntryPoint\",\"urlTemplate\":\"https:\/\/www.pm.pb.gov.br\/portal\/?s={search_term_string}\"},\"query-input\":\"required name=search_term_string\"}],\"inLanguage\":\"pt-BR\"},{\"@type\":\"Organization\",\"@id\":\"https:\/\/www.pm.pb.gov.br\/portal\/#organization\",\"name\":\"Pol\u00edcia Militar da Para\u00edba\",\"url\":\"https:\/\/www.pm.pb.gov.br\/portal\/\",\"logo\":{\"@type\":\"ImageObject\",\"inLanguage\":\"pt-BR\",\"@id\":\"https:\/\/www.pm.pb.gov.br\/portal\/#\/schema\/logo\/image\/\",\"url\":\"https:\/\/www.pm.pb.gov.br\/portal\/wp-content\/uploads\/2025\/03\/cropped-logo-site-mag2-1.png\",\"contentUrl\":\"https:\/\/www.pm.pb.gov.br\/portal\/wp-content\/uploads\/2025\/03\/cropped-logo-site-mag2-1.png\",\"width\":320,\"height\":90,\"caption\":\"Pol\u00edcia Militar da Para\u00edba\"},\"image\":{\"@id\":\"https:\/\/www.pm.pb.gov.br\/portal\/#\/schema\/logo\/image\/\"}},{\"@type\":\"Person\",\"@id\":\"https:\/\/www.pm.pb.gov.br\/portal\/#\/schema\/person\/e8454f46651c3ecf0e1ba3c1666d9947\",\"name\":\"Assessoria de Imprensa da PMPB\",\"image\":{\"@type\":\"ImageObject\",\"inLanguage\":\"pt-BR\",\"@id\":\"https:\/\/www.pm.pb.gov.br\/portal\/#\/schema\/person\/image\/\",\"url\":\"https:\/\/secure.gravatar.com\/avatar\/2efe197438265d1e90bd98c4c8e1acf8?s=96&d=mm&r=g\",\"contentUrl\":\"https:\/\/secure.gravatar.com\/avatar\/2efe197438265d1e90bd98c4c8e1acf8?s=96&d=mm&r=g\",\"caption\":\"Assessoria de Imprensa da PMPB\"},\"url\":\"https:\/\/www.pm.pb.gov.br\/portal\/author\/assessoria\/\"}]}<\/script>\n<!-- \/ Yoast SEO plugin. -->","yoast_head_json":{"title":"Opera\u00e7\u00e3o das pol\u00edcias da Para\u00edba e Pernambuco prende l\u00edder de fac\u00e7\u00e3o criminosa de Cubati \u2013 PB - Pol\u00edcia Militar da Para\u00edba","robots":{"index":"index","follow":"follow","max-snippet":"max-snippet:-1","max-image-preview":"max-image-preview:large","max-video-preview":"max-video-preview:-1"},"canonical":"https:\/\/www.pm.pb.gov.br\/portal\/2023\/06\/21\/operacao-das-policias-da-paraiba-e-pernambuco-prende-lider-de-faccao-criminosa-de-cubati-pb\/","og_locale":"pt_BR","og_type":"article","og_title":"Opera\u00e7\u00e3o das pol\u00edcias da Para\u00edba e Pernambuco prende l\u00edder de fac\u00e7\u00e3o criminosa de Cubati \u2013 PB - Pol\u00edcia Militar da Para\u00edba","og_description":"Uma opera\u00e7\u00e3o das Pol\u00edcias Militares da Para\u00edba, de Pernambuco e da Pol\u00edcia Civil da Para\u00edba resultou na pris\u00e3o de um","og_url":"https:\/\/www.pm.pb.gov.br\/portal\/2023\/06\/21\/operacao-das-policias-da-paraiba-e-pernambuco-prende-lider-de-faccao-criminosa-de-cubati-pb\/","og_site_name":"Pol\u00edcia Militar da Para\u00edba","article_published_time":"2023-06-21T16:03:18+00:00","article_modified_time":"2023-06-21T16:03:20+00:00","og_image":[{"width":937,"height":1280,"url":"http:\/\/www.pm.pb.gov.br\/portal\/wp-content\/uploads\/2023\/06\/7b3d6c16-265e-4104-86b1-ac1520d292e3.jpg","type":"image\/jpeg"}],"author":"Assessoria de Imprensa da PMPB","twitter_card":"summary_large_image","twitter_misc":{"Escrito por":"Assessoria de Imprensa da PMPB","Est. tempo de leitura":"1 minuto"},"schema":{"@context":"https:\/\/schema.org","@graph":[{"@type":"Article","@id":"https:\/\/www.pm.pb.gov.br\/portal\/2023\/06\/21\/operacao-das-policias-da-paraiba-e-pernambuco-prende-lider-de-faccao-criminosa-de-cubati-pb\/#article","isPartOf":{"@id":"https:\/\/www.pm.pb.gov.br\/portal\/2023\/06\/21\/operacao-das-policias-da-paraiba-e-pernambuco-prende-lider-de-faccao-criminosa-de-cubati-pb\/"},"author":{"name":"Assessoria de Imprensa da PMPB","@id":"https:\/\/www.pm.pb.gov.br\/portal\/#\/schema\/person\/e8454f46651c3ecf0e1ba3c1666d9947"},"headline":"Opera\u00e7\u00e3o das pol\u00edcias da Para\u00edba e Pernambuco prende l\u00edder de fac\u00e7\u00e3o criminosa de Cubati \u2013 PB","datePublished":"2023-06-21T16:03:18+00:00","dateModified":"2023-06-21T16:03:20+00:00","mainEntityOfPage":{"@id":"https:\/\/www.pm.pb.gov.br\/portal\/2023\/06\/21\/operacao-das-policias-da-paraiba-e-pernambuco-prende-lider-de-faccao-criminosa-de-cubati-pb\/"},"wordCount":209,"publisher":{"@id":"https:\/\/www.pm.pb.gov.br\/portal\/#organization"},"articleSection":["A\u00e7\u00f5es Policiais"],"inLanguage":"pt-BR"},{"@type":"WebPage","@id":"https:\/\/www.pm.pb.gov.br\/portal\/2023\/06\/21\/operacao-das-policias-da-paraiba-e-pernambuco-prende-lider-de-faccao-criminosa-de-cubati-pb\/","url":"https:\/\/www.pm.pb.gov.br\/portal\/2023\/06\/21\/operacao-das-policias-da-paraiba-e-pernambuco-prende-lider-de-faccao-criminosa-de-cubati-pb\/","name":"Opera\u00e7\u00e3o das pol\u00edcias da Para\u00edba e Pernambuco prende l\u00edder de fac\u00e7\u00e3o criminosa de Cubati \u2013 PB - Pol\u00edcia Militar da Para\u00edba","isPartOf":{"@id":"https:\/\/www.pm.pb.gov.br\/portal\/#website"},"datePublished":"2023-06-21T16:03:18+00:00","dateModified":"2023-06-21T16:03:20+00:00","breadcrumb":{"@id":"https:\/\/www.pm.pb.gov.br\/portal\/2023\/06\/21\/operacao-das-policias-da-paraiba-e-pernambuco-prende-lider-de-faccao-criminosa-de-cubati-pb\/#breadcrumb"},"inLanguage":"pt-BR","potentialAction":[{"@type":"ReadAction","target":["https:\/\/www.pm.pb.gov.br\/portal\/2023\/06\/21\/operacao-das-policias-da-paraiba-e-pernambuco-prende-lider-de-faccao-criminosa-de-cubati-pb\/"]}]},{"@type":"BreadcrumbList","@id":"https:\/\/www.pm.pb.gov.br\/portal\/2023\/06\/21\/operacao-das-policias-da-paraiba-e-pernambuco-prende-lider-de-faccao-criminosa-de-cubati-pb\/#breadcrumb","itemListElement":[{"@type":"ListItem","position":1,"name":"In\u00edcio","item":"https:\/\/www.pm.pb.gov.br\/portal\/"},{"@type":"ListItem","position":2,"name":"Opera\u00e7\u00e3o das pol\u00edcias da Para\u00edba e Pernambuco prende l\u00edder de fac\u00e7\u00e3o criminosa de Cubati \u2013 PB"}]},{"@type":"WebSite","@id":"https:\/\/www.pm.pb.gov.br\/portal\/#website","url":"https:\/\/www.pm.pb.gov.br\/portal\/","name":"Pol\u00edcia Militar da Para\u00edba","description":"","publisher":{"@id":"https:\/\/www.pm.pb.gov.br\/portal\/#organization"},"potentialAction":[{"@type":"SearchAction","target":{"@type":"EntryPoint","urlTemplate":"https:\/\/www.pm.pb.gov.br\/portal\/?s={search_term_string}"},"query-input":"required name=search_term_string"}],"inLanguage":"pt-BR"},{"@type":"Organization","@id":"https:\/\/www.pm.pb.gov.br\/portal\/#organization","name":"Pol\u00edcia Militar da Para\u00edba","url":"https:\/\/www.pm.pb.gov.br\/portal\/","logo":{"@type":"ImageObject","inLanguage":"pt-BR","@id":"https:\/\/www.pm.pb.gov.br\/portal\/#\/schema\/logo\/image\/","url":"https:\/\/www.pm.pb.gov.br\/portal\/wp-content\/uploads\/2025\/03\/cropped-logo-site-mag2-1.png","contentUrl":"https:\/\/www.pm.pb.gov.br\/portal\/wp-content\/uploads\/2025\/03\/cropped-logo-site-mag2-1.png","width":320,"height":90,"caption":"Pol\u00edcia Militar da Para\u00edba"},"image":{"@id":"https:\/\/www.pm.pb.gov.br\/portal\/#\/schema\/logo\/image\/"}},{"@type":"Person","@id":"https:\/\/www.pm.pb.gov.br\/portal\/#\/schema\/person\/e8454f46651c3ecf0e1ba3c1666d9947","name":"Assessoria de Imprensa da PMPB","image":{"@type":"ImageObject","inLanguage":"pt-BR","@id":"https:\/\/www.pm.pb.gov.br\/portal\/#\/schema\/person\/image\/","url":"https:\/\/secure.gravatar.com\/avatar\/2efe197438265d1e90bd98c4c8e1acf8?s=96&d=mm&r=g","contentUrl":"https:\/\/secure.gravatar.com\/avatar\/2efe197438265d1e90bd98c4c8e1acf8?s=96&d=mm&r=g","caption":"Assessoria de Imprensa da PMPB"},"url":"https:\/\/www.pm.pb.gov.br\/portal\/author\/assessoria\/"}]}},"_links":{"self":[{"href":"https:\/\/www.pm.pb.gov.br\/portal\/wp-json\/wp\/v2\/posts\/917173"}],"collection":[{"href":"https:\/\/www.pm.pb.gov.br\/portal\/wp-json\/wp\/v2\/posts"}],"about":[{"href":"https:\/\/www.pm.pb.gov.br\/portal\/wp-json\/wp\/v2\/types\/post"}],"author":[{"embeddable":true,"href":"https:\/\/www.pm.pb.gov.br\/portal\/wp-json\/wp\/v2\/users\/5"}],"replies":[{"embeddable":true,"href":"https:\/\/www.pm.pb.gov.br\/portal\/wp-json\/wp\/v2\/comments?post=917173"}],"version-history":[{"count":2,"href":"https:\/\/www.pm.pb.gov.br\/portal\/wp-json\/wp\/v2\/posts\/917173\/revisions"}],"predecessor-version":[{"id":917207,"href":"https:\/\/www.pm.pb.gov.br\/portal\/wp-json\/wp\/v2\/posts\/917173\/revisions\/917207"}],"wp:featuredmedia":[{"embeddable":true,"href":"https:\/\/www.pm.pb.gov.br\/portal\/wp-json\/wp\/v2\/media\/917206"}],"wp:attachment":[{"href":"https:\/\/www.pm.pb.gov.br\/portal\/wp-json\/wp\/v2\/media?parent=917173"}],"wp:term":[{"taxonomy":"category","embeddable":true,"href":"https:\/\/www.pm.pb.gov.br\/portal\/wp-json\/wp\/v2\/categories?post=917173"},{"taxonomy":"post_tag","embeddable":true,"href":"https:\/\/www.pm.pb.gov.br\/portal\/wp-json\/wp\/v2\/tags?post=917173"}],"curies":[{"name":"wp","href":"https:\/\/api.w.org\/{rel}","templated":true}]}}