{"id":917163,"date":"2023-06-20T05:03:36","date_gmt":"2023-06-20T08:03:36","guid":{"rendered":"https:\/\/www.pm.pb.gov.br\/portal\/?p=917163"},"modified":"2023-06-20T05:03:37","modified_gmt":"2023-06-20T08:03:37","slug":"seguranca-no-sao-joao-de-patos-conta-com-reforco-do-policiamento-e-uso-de-tecnologia","status":"publish","type":"post","link":"https:\/\/www.pm.pb.gov.br\/portal\/2023\/06\/20\/seguranca-no-sao-joao-de-patos-conta-com-reforco-do-policiamento-e-uso-de-tecnologia\/","title":{"rendered":"Seguran\u00e7a no S\u00e3o Jo\u00e3o de Patos conta com refor\u00e7o do policiamento e uso de tecnologia"},"content":{"rendered":"\n<p>A abertura do S\u00e3o Jo\u00e3o de Patos teve refor\u00e7o de mais de 150 profissionais da seguran\u00e7a p\u00fablica, que contaram com o aux\u00edlio da tecnologia de c\u00e2meras de reconhecimento facial, de monitoramento e imagens a\u00e9reas captadas por drones, nesta segunda-feira (19). O mesmo esquema ser\u00e1 usado em todas as noites de festa, para garantir a tranquilidade de quem vai prestigiar o evento. <br><br>O comandante-geral da PM, coronel S\u00e9rgio Fonseca, esteve pessoalmente no policiamento de abertura do S\u00e3o Jo\u00e3o de Patos. \u201cTudo pronto para garantir a seguran\u00e7a neste grande evento, que \u00e9 o S\u00e3o Jo\u00e3o de Patos, onde estamos aliando o refor\u00e7o do efetivo com os investimentos feitos pelo governador Jo\u00e3o Azevedo em tecnologia, o que vai proporcionar, sem d\u00favidas, um evento de paz em todos os dias de festas\u201d, destacou o coronel.<br><br>A festa tem programa\u00e7\u00e3o at\u00e9 a pr\u00f3xima sexta-feira (23), com atra\u00e7\u00f5es que devem atrair grande p\u00fablico e todas as for\u00e7as de seguran\u00e7a estar\u00e3o presentes e empenhadas com v\u00e1rias formas de atua\u00e7\u00e3o.<\/p>\n\n\n\n<p><img loading=\"lazy\" decoding=\"async\" width=\"1280\" height=\"855\" class=\"wp-image-917175\" style=\"width: 800px;\" src=\"http:\/\/www.pm.pb.gov.br\/portal\/wp-content\/uploads\/2023\/06\/WhatsApp-Image-2023-06-20-at-12.52.00-AM.jpeg\" alt=\"\" srcset=\"https:\/\/www.pm.pb.gov.br\/portal\/wp-content\/uploads\/2023\/06\/WhatsApp-Image-2023-06-20-at-12.52.00-AM.jpeg 1280w, https:\/\/www.pm.pb.gov.br\/portal\/wp-content\/uploads\/2023\/06\/WhatsApp-Image-2023-06-20-at-12.52.00-AM-666x445.jpeg 666w, https:\/\/www.pm.pb.gov.br\/portal\/wp-content\/uploads\/2023\/06\/WhatsApp-Image-2023-06-20-at-12.52.00-AM-853x570.jpeg 853w, https:\/\/www.pm.pb.gov.br\/portal\/wp-content\/uploads\/2023\/06\/WhatsApp-Image-2023-06-20-at-12.52.00-AM-768x513.jpeg 768w, https:\/\/www.pm.pb.gov.br\/portal\/wp-content\/uploads\/2023\/06\/WhatsApp-Image-2023-06-20-at-12.52.00-AM-272x182.jpeg 272w\" sizes=\"(max-width: 1280px) 100vw, 1280px\" \/><\/p>\n\n\n\n<p><img loading=\"lazy\" decoding=\"async\" width=\"1280\" height=\"855\" class=\"wp-image-917176\" style=\"width: 800px;\" src=\"http:\/\/www.pm.pb.gov.br\/portal\/wp-content\/uploads\/2023\/06\/WhatsApp-Image-2023-06-20-at-12.51.57-AM.jpeg\" alt=\"\" srcset=\"https:\/\/www.pm.pb.gov.br\/portal\/wp-content\/uploads\/2023\/06\/WhatsApp-Image-2023-06-20-at-12.51.57-AM.jpeg 1280w, https:\/\/www.pm.pb.gov.br\/portal\/wp-content\/uploads\/2023\/06\/WhatsApp-Image-2023-06-20-at-12.51.57-AM-666x445.jpeg 666w, https:\/\/www.pm.pb.gov.br\/portal\/wp-content\/uploads\/2023\/06\/WhatsApp-Image-2023-06-20-at-12.51.57-AM-853x570.jpeg 853w, https:\/\/www.pm.pb.gov.br\/portal\/wp-content\/uploads\/2023\/06\/WhatsApp-Image-2023-06-20-at-12.51.57-AM-768x513.jpeg 768w, https:\/\/www.pm.pb.gov.br\/portal\/wp-content\/uploads\/2023\/06\/WhatsApp-Image-2023-06-20-at-12.51.57-AM-272x182.jpeg 272w\" sizes=\"(max-width: 1280px) 100vw, 1280px\" \/><br><br><img loading=\"lazy\" decoding=\"async\" width=\"1280\" height=\"855\" class=\"wp-image-917177\" style=\"width: 800px;\" src=\"http:\/\/www.pm.pb.gov.br\/portal\/wp-content\/uploads\/2023\/06\/WhatsApp-Image-2023-06-20-at-12.50.53-AM.jpeg\" alt=\"\" srcset=\"https:\/\/www.pm.pb.gov.br\/portal\/wp-content\/uploads\/2023\/06\/WhatsApp-Image-2023-06-20-at-12.50.53-AM.jpeg 1280w, https:\/\/www.pm.pb.gov.br\/portal\/wp-content\/uploads\/2023\/06\/WhatsApp-Image-2023-06-20-at-12.50.53-AM-666x445.jpeg 666w, https:\/\/www.pm.pb.gov.br\/portal\/wp-content\/uploads\/2023\/06\/WhatsApp-Image-2023-06-20-at-12.50.53-AM-853x570.jpeg 853w, https:\/\/www.pm.pb.gov.br\/portal\/wp-content\/uploads\/2023\/06\/WhatsApp-Image-2023-06-20-at-12.50.53-AM-768x513.jpeg 768w, https:\/\/www.pm.pb.gov.br\/portal\/wp-content\/uploads\/2023\/06\/WhatsApp-Image-2023-06-20-at-12.50.53-AM-272x182.jpeg 272w\" sizes=\"(max-width: 1280px) 100vw, 1280px\" \/><\/p>\n\n\n\n<p><img loading=\"lazy\" decoding=\"async\" width=\"1280\" height=\"855\" class=\"wp-image-917178\" style=\"width: 800px;\" src=\"http:\/\/www.pm.pb.gov.br\/portal\/wp-content\/uploads\/2023\/06\/WhatsApp-Image-2023-06-20-at-12.51.03-AM.jpeg\" alt=\"\" srcset=\"https:\/\/www.pm.pb.gov.br\/portal\/wp-content\/uploads\/2023\/06\/WhatsApp-Image-2023-06-20-at-12.51.03-AM.jpeg 1280w, https:\/\/www.pm.pb.gov.br\/portal\/wp-content\/uploads\/2023\/06\/WhatsApp-Image-2023-06-20-at-12.51.03-AM-666x445.jpeg 666w, https:\/\/www.pm.pb.gov.br\/portal\/wp-content\/uploads\/2023\/06\/WhatsApp-Image-2023-06-20-at-12.51.03-AM-853x570.jpeg 853w, https:\/\/www.pm.pb.gov.br\/portal\/wp-content\/uploads\/2023\/06\/WhatsApp-Image-2023-06-20-at-12.51.03-AM-768x513.jpeg 768w, https:\/\/www.pm.pb.gov.br\/portal\/wp-content\/uploads\/2023\/06\/WhatsApp-Image-2023-06-20-at-12.51.03-AM-272x182.jpeg 272w\" sizes=\"(max-width: 1280px) 100vw, 1280px\" \/><\/p>\n\n\n\n<p><img loading=\"lazy\" decoding=\"async\" width=\"1280\" height=\"855\" class=\"wp-image-917179\" style=\"width: 800px;\" src=\"http:\/\/www.pm.pb.gov.br\/portal\/wp-content\/uploads\/2023\/06\/WhatsApp-Image-2023-06-20-at-12.52.02-AM.jpeg\" alt=\"\" srcset=\"https:\/\/www.pm.pb.gov.br\/portal\/wp-content\/uploads\/2023\/06\/WhatsApp-Image-2023-06-20-at-12.52.02-AM.jpeg 1280w, https:\/\/www.pm.pb.gov.br\/portal\/wp-content\/uploads\/2023\/06\/WhatsApp-Image-2023-06-20-at-12.52.02-AM-666x445.jpeg 666w, https:\/\/www.pm.pb.gov.br\/portal\/wp-content\/uploads\/2023\/06\/WhatsApp-Image-2023-06-20-at-12.52.02-AM-853x570.jpeg 853w, https:\/\/www.pm.pb.gov.br\/portal\/wp-content\/uploads\/2023\/06\/WhatsApp-Image-2023-06-20-at-12.52.02-AM-768x513.jpeg 768w, https:\/\/www.pm.pb.gov.br\/portal\/wp-content\/uploads\/2023\/06\/WhatsApp-Image-2023-06-20-at-12.52.02-AM-272x182.jpeg 272w\" sizes=\"(max-width: 1280px) 100vw, 1280px\" \/><br><br><\/p>\n","protected":false},"excerpt":{"rendered":"<p>A abertura do S\u00e3o Jo\u00e3o de Patos teve refor\u00e7o de mais de 150 profissionais da seguran\u00e7a p\u00fablica, que contaram com<\/p>\n","protected":false},"author":5,"featured_media":917174,"comment_status":"closed","ping_status":"closed","sticky":false,"template":"","format":"standard","meta":{"_exactmetrics_skip_tracking":false,"_exactmetrics_sitenote_active":false,"_exactmetrics_sitenote_note":"","_exactmetrics_sitenote_category":0,"footnotes":""},"categories":[4],"tags":[],"yoast_head":"<!-- This site is optimized with the Yoast SEO plugin v22.0 - https:\/\/yoast.com\/wordpress\/plugins\/seo\/ -->\n<title>Seguran\u00e7a no S\u00e3o Jo\u00e3o de Patos conta com refor\u00e7o do policiamento e uso de tecnologia - Pol\u00edcia Militar da Para\u00edba<\/title>\n<meta name=\"robots\" content=\"index, follow, max-snippet:-1, max-image-preview:large, max-video-preview:-1\" \/>\n<link rel=\"canonical\" href=\"https:\/\/www.pm.pb.gov.br\/portal\/2023\/06\/20\/seguranca-no-sao-joao-de-patos-conta-com-reforco-do-policiamento-e-uso-de-tecnologia\/\" \/>\n<meta property=\"og:locale\" content=\"pt_BR\" \/>\n<meta property=\"og:type\" content=\"article\" \/>\n<meta property=\"og:title\" content=\"Seguran\u00e7a no S\u00e3o Jo\u00e3o de Patos conta com refor\u00e7o do policiamento e uso de tecnologia - Pol\u00edcia Militar da Para\u00edba\" \/>\n<meta property=\"og:description\" content=\"A abertura do S\u00e3o Jo\u00e3o de Patos teve refor\u00e7o de mais de 150 profissionais da seguran\u00e7a p\u00fablica, que contaram com\" \/>\n<meta property=\"og:url\" content=\"https:\/\/www.pm.pb.gov.br\/portal\/2023\/06\/20\/seguranca-no-sao-joao-de-patos-conta-com-reforco-do-policiamento-e-uso-de-tecnologia\/\" \/>\n<meta property=\"og:site_name\" content=\"Pol\u00edcia Militar da Para\u00edba\" \/>\n<meta property=\"article:published_time\" content=\"2023-06-20T08:03:36+00:00\" \/>\n<meta property=\"article:modified_time\" content=\"2023-06-20T08:03:37+00:00\" \/>\n<meta property=\"og:image\" content=\"http:\/\/www.pm.pb.gov.br\/portal\/wp-content\/uploads\/2023\/06\/WhatsApp-Image-2023-06-20-at-12.52.01-AM.jpeg\" \/>\n\t<meta property=\"og:image:width\" content=\"1280\" \/>\n\t<meta property=\"og:image:height\" content=\"855\" \/>\n\t<meta property=\"og:image:type\" content=\"image\/jpeg\" \/>\n<meta name=\"author\" content=\"Assessoria de Imprensa da PMPB\" \/>\n<meta name=\"twitter:card\" content=\"summary_large_image\" \/>\n<meta name=\"twitter:label1\" content=\"Escrito por\" \/>\n\t<meta name=\"twitter:data1\" content=\"Assessoria de Imprensa da PMPB\" \/>\n\t<meta name=\"twitter:label2\" content=\"Est. tempo de leitura\" \/>\n\t<meta name=\"twitter:data2\" content=\"2 minutos\" \/>\n<script type=\"application\/ld+json\" class=\"yoast-schema-graph\">{\"@context\":\"https:\/\/schema.org\",\"@graph\":[{\"@type\":\"Article\",\"@id\":\"https:\/\/www.pm.pb.gov.br\/portal\/2023\/06\/20\/seguranca-no-sao-joao-de-patos-conta-com-reforco-do-policiamento-e-uso-de-tecnologia\/#article\",\"isPartOf\":{\"@id\":\"https:\/\/www.pm.pb.gov.br\/portal\/2023\/06\/20\/seguranca-no-sao-joao-de-patos-conta-com-reforco-do-policiamento-e-uso-de-tecnologia\/\"},\"author\":{\"name\":\"Assessoria de Imprensa da PMPB\",\"@id\":\"https:\/\/www.pm.pb.gov.br\/portal\/#\/schema\/person\/e8454f46651c3ecf0e1ba3c1666d9947\"},\"headline\":\"Seguran\u00e7a no S\u00e3o Jo\u00e3o de Patos conta com refor\u00e7o do policiamento e uso de tecnologia\",\"datePublished\":\"2023-06-20T08:03:36+00:00\",\"dateModified\":\"2023-06-20T08:03:37+00:00\",\"mainEntityOfPage\":{\"@id\":\"https:\/\/www.pm.pb.gov.br\/portal\/2023\/06\/20\/seguranca-no-sao-joao-de-patos-conta-com-reforco-do-policiamento-e-uso-de-tecnologia\/\"},\"wordCount\":203,\"publisher\":{\"@id\":\"https:\/\/www.pm.pb.gov.br\/portal\/#organization\"},\"articleSection\":[\"A\u00e7\u00f5es Policiais\"],\"inLanguage\":\"pt-BR\"},{\"@type\":\"WebPage\",\"@id\":\"https:\/\/www.pm.pb.gov.br\/portal\/2023\/06\/20\/seguranca-no-sao-joao-de-patos-conta-com-reforco-do-policiamento-e-uso-de-tecnologia\/\",\"url\":\"https:\/\/www.pm.pb.gov.br\/portal\/2023\/06\/20\/seguranca-no-sao-joao-de-patos-conta-com-reforco-do-policiamento-e-uso-de-tecnologia\/\",\"name\":\"Seguran\u00e7a no S\u00e3o Jo\u00e3o de Patos conta com refor\u00e7o do policiamento e uso de tecnologia - Pol\u00edcia Militar da Para\u00edba\",\"isPartOf\":{\"@id\":\"https:\/\/www.pm.pb.gov.br\/portal\/#website\"},\"datePublished\":\"2023-06-20T08:03:36+00:00\",\"dateModified\":\"2023-06-20T08:03:37+00:00\",\"breadcrumb\":{\"@id\":\"https:\/\/www.pm.pb.gov.br\/portal\/2023\/06\/20\/seguranca-no-sao-joao-de-patos-conta-com-reforco-do-policiamento-e-uso-de-tecnologia\/#breadcrumb\"},\"inLanguage\":\"pt-BR\",\"potentialAction\":[{\"@type\":\"ReadAction\",\"target\":[\"https:\/\/www.pm.pb.gov.br\/portal\/2023\/06\/20\/seguranca-no-sao-joao-de-patos-conta-com-reforco-do-policiamento-e-uso-de-tecnologia\/\"]}]},{\"@type\":\"BreadcrumbList\",\"@id\":\"https:\/\/www.pm.pb.gov.br\/portal\/2023\/06\/20\/seguranca-no-sao-joao-de-patos-conta-com-reforco-do-policiamento-e-uso-de-tecnologia\/#breadcrumb\",\"itemListElement\":[{\"@type\":\"ListItem\",\"position\":1,\"name\":\"In\u00edcio\",\"item\":\"https:\/\/www.pm.pb.gov.br\/portal\/\"},{\"@type\":\"ListItem\",\"position\":2,\"name\":\"Seguran\u00e7a no S\u00e3o Jo\u00e3o de Patos conta com refor\u00e7o do policiamento e uso de tecnologia\"}]},{\"@type\":\"WebSite\",\"@id\":\"https:\/\/www.pm.pb.gov.br\/portal\/#website\",\"url\":\"https:\/\/www.pm.pb.gov.br\/portal\/\",\"name\":\"Pol\u00edcia Militar da Para\u00edba\",\"description\":\"\",\"publisher\":{\"@id\":\"https:\/\/www.pm.pb.gov.br\/portal\/#organization\"},\"potentialAction\":[{\"@type\":\"SearchAction\",\"target\":{\"@type\":\"EntryPoint\",\"urlTemplate\":\"https:\/\/www.pm.pb.gov.br\/portal\/?s={search_term_string}\"},\"query-input\":\"required name=search_term_string\"}],\"inLanguage\":\"pt-BR\"},{\"@type\":\"Organization\",\"@id\":\"https:\/\/www.pm.pb.gov.br\/portal\/#organization\",\"name\":\"Pol\u00edcia Militar da Para\u00edba\",\"url\":\"https:\/\/www.pm.pb.gov.br\/portal\/\",\"logo\":{\"@type\":\"ImageObject\",\"inLanguage\":\"pt-BR\",\"@id\":\"https:\/\/www.pm.pb.gov.br\/portal\/#\/schema\/logo\/image\/\",\"url\":\"https:\/\/www.pm.pb.gov.br\/portal\/wp-content\/uploads\/2025\/03\/cropped-logo-site-mag2-1.png\",\"contentUrl\":\"https:\/\/www.pm.pb.gov.br\/portal\/wp-content\/uploads\/2025\/03\/cropped-logo-site-mag2-1.png\",\"width\":320,\"height\":90,\"caption\":\"Pol\u00edcia Militar da Para\u00edba\"},\"image\":{\"@id\":\"https:\/\/www.pm.pb.gov.br\/portal\/#\/schema\/logo\/image\/\"}},{\"@type\":\"Person\",\"@id\":\"https:\/\/www.pm.pb.gov.br\/portal\/#\/schema\/person\/e8454f46651c3ecf0e1ba3c1666d9947\",\"name\":\"Assessoria de Imprensa da PMPB\",\"image\":{\"@type\":\"ImageObject\",\"inLanguage\":\"pt-BR\",\"@id\":\"https:\/\/www.pm.pb.gov.br\/portal\/#\/schema\/person\/image\/\",\"url\":\"https:\/\/secure.gravatar.com\/avatar\/2efe197438265d1e90bd98c4c8e1acf8?s=96&d=mm&r=g\",\"contentUrl\":\"https:\/\/secure.gravatar.com\/avatar\/2efe197438265d1e90bd98c4c8e1acf8?s=96&d=mm&r=g\",\"caption\":\"Assessoria de Imprensa da PMPB\"},\"url\":\"https:\/\/www.pm.pb.gov.br\/portal\/author\/assessoria\/\"}]}<\/script>\n<!-- \/ Yoast SEO plugin. -->","yoast_head_json":{"title":"Seguran\u00e7a no S\u00e3o Jo\u00e3o de Patos conta com refor\u00e7o do policiamento e uso de tecnologia - Pol\u00edcia Militar da Para\u00edba","robots":{"index":"index","follow":"follow","max-snippet":"max-snippet:-1","max-image-preview":"max-image-preview:large","max-video-preview":"max-video-preview:-1"},"canonical":"https:\/\/www.pm.pb.gov.br\/portal\/2023\/06\/20\/seguranca-no-sao-joao-de-patos-conta-com-reforco-do-policiamento-e-uso-de-tecnologia\/","og_locale":"pt_BR","og_type":"article","og_title":"Seguran\u00e7a no S\u00e3o Jo\u00e3o de Patos conta com refor\u00e7o do policiamento e uso de tecnologia - Pol\u00edcia Militar da Para\u00edba","og_description":"A abertura do S\u00e3o Jo\u00e3o de Patos teve refor\u00e7o de mais de 150 profissionais da seguran\u00e7a p\u00fablica, que contaram com","og_url":"https:\/\/www.pm.pb.gov.br\/portal\/2023\/06\/20\/seguranca-no-sao-joao-de-patos-conta-com-reforco-do-policiamento-e-uso-de-tecnologia\/","og_site_name":"Pol\u00edcia Militar da Para\u00edba","article_published_time":"2023-06-20T08:03:36+00:00","article_modified_time":"2023-06-20T08:03:37+00:00","og_image":[{"width":1280,"height":855,"url":"http:\/\/www.pm.pb.gov.br\/portal\/wp-content\/uploads\/2023\/06\/WhatsApp-Image-2023-06-20-at-12.52.01-AM.jpeg","type":"image\/jpeg"}],"author":"Assessoria de Imprensa da PMPB","twitter_card":"summary_large_image","twitter_misc":{"Escrito por":"Assessoria de Imprensa da PMPB","Est. tempo de leitura":"2 minutos"},"schema":{"@context":"https:\/\/schema.org","@graph":[{"@type":"Article","@id":"https:\/\/www.pm.pb.gov.br\/portal\/2023\/06\/20\/seguranca-no-sao-joao-de-patos-conta-com-reforco-do-policiamento-e-uso-de-tecnologia\/#article","isPartOf":{"@id":"https:\/\/www.pm.pb.gov.br\/portal\/2023\/06\/20\/seguranca-no-sao-joao-de-patos-conta-com-reforco-do-policiamento-e-uso-de-tecnologia\/"},"author":{"name":"Assessoria de Imprensa da PMPB","@id":"https:\/\/www.pm.pb.gov.br\/portal\/#\/schema\/person\/e8454f46651c3ecf0e1ba3c1666d9947"},"headline":"Seguran\u00e7a no S\u00e3o Jo\u00e3o de Patos conta com refor\u00e7o do policiamento e uso de tecnologia","datePublished":"2023-06-20T08:03:36+00:00","dateModified":"2023-06-20T08:03:37+00:00","mainEntityOfPage":{"@id":"https:\/\/www.pm.pb.gov.br\/portal\/2023\/06\/20\/seguranca-no-sao-joao-de-patos-conta-com-reforco-do-policiamento-e-uso-de-tecnologia\/"},"wordCount":203,"publisher":{"@id":"https:\/\/www.pm.pb.gov.br\/portal\/#organization"},"articleSection":["A\u00e7\u00f5es Policiais"],"inLanguage":"pt-BR"},{"@type":"WebPage","@id":"https:\/\/www.pm.pb.gov.br\/portal\/2023\/06\/20\/seguranca-no-sao-joao-de-patos-conta-com-reforco-do-policiamento-e-uso-de-tecnologia\/","url":"https:\/\/www.pm.pb.gov.br\/portal\/2023\/06\/20\/seguranca-no-sao-joao-de-patos-conta-com-reforco-do-policiamento-e-uso-de-tecnologia\/","name":"Seguran\u00e7a no S\u00e3o Jo\u00e3o de Patos conta com refor\u00e7o do policiamento e uso de tecnologia - Pol\u00edcia Militar da Para\u00edba","isPartOf":{"@id":"https:\/\/www.pm.pb.gov.br\/portal\/#website"},"datePublished":"2023-06-20T08:03:36+00:00","dateModified":"2023-06-20T08:03:37+00:00","breadcrumb":{"@id":"https:\/\/www.pm.pb.gov.br\/portal\/2023\/06\/20\/seguranca-no-sao-joao-de-patos-conta-com-reforco-do-policiamento-e-uso-de-tecnologia\/#breadcrumb"},"inLanguage":"pt-BR","potentialAction":[{"@type":"ReadAction","target":["https:\/\/www.pm.pb.gov.br\/portal\/2023\/06\/20\/seguranca-no-sao-joao-de-patos-conta-com-reforco-do-policiamento-e-uso-de-tecnologia\/"]}]},{"@type":"BreadcrumbList","@id":"https:\/\/www.pm.pb.gov.br\/portal\/2023\/06\/20\/seguranca-no-sao-joao-de-patos-conta-com-reforco-do-policiamento-e-uso-de-tecnologia\/#breadcrumb","itemListElement":[{"@type":"ListItem","position":1,"name":"In\u00edcio","item":"https:\/\/www.pm.pb.gov.br\/portal\/"},{"@type":"ListItem","position":2,"name":"Seguran\u00e7a no S\u00e3o Jo\u00e3o de Patos conta com refor\u00e7o do policiamento e uso de tecnologia"}]},{"@type":"WebSite","@id":"https:\/\/www.pm.pb.gov.br\/portal\/#website","url":"https:\/\/www.pm.pb.gov.br\/portal\/","name":"Pol\u00edcia Militar da Para\u00edba","description":"","publisher":{"@id":"https:\/\/www.pm.pb.gov.br\/portal\/#organization"},"potentialAction":[{"@type":"SearchAction","target":{"@type":"EntryPoint","urlTemplate":"https:\/\/www.pm.pb.gov.br\/portal\/?s={search_term_string}"},"query-input":"required name=search_term_string"}],"inLanguage":"pt-BR"},{"@type":"Organization","@id":"https:\/\/www.pm.pb.gov.br\/portal\/#organization","name":"Pol\u00edcia Militar da Para\u00edba","url":"https:\/\/www.pm.pb.gov.br\/portal\/","logo":{"@type":"ImageObject","inLanguage":"pt-BR","@id":"https:\/\/www.pm.pb.gov.br\/portal\/#\/schema\/logo\/image\/","url":"https:\/\/www.pm.pb.gov.br\/portal\/wp-content\/uploads\/2025\/03\/cropped-logo-site-mag2-1.png","contentUrl":"https:\/\/www.pm.pb.gov.br\/portal\/wp-content\/uploads\/2025\/03\/cropped-logo-site-mag2-1.png","width":320,"height":90,"caption":"Pol\u00edcia Militar da Para\u00edba"},"image":{"@id":"https:\/\/www.pm.pb.gov.br\/portal\/#\/schema\/logo\/image\/"}},{"@type":"Person","@id":"https:\/\/www.pm.pb.gov.br\/portal\/#\/schema\/person\/e8454f46651c3ecf0e1ba3c1666d9947","name":"Assessoria de Imprensa da PMPB","image":{"@type":"ImageObject","inLanguage":"pt-BR","@id":"https:\/\/www.pm.pb.gov.br\/portal\/#\/schema\/person\/image\/","url":"https:\/\/secure.gravatar.com\/avatar\/2efe197438265d1e90bd98c4c8e1acf8?s=96&d=mm&r=g","contentUrl":"https:\/\/secure.gravatar.com\/avatar\/2efe197438265d1e90bd98c4c8e1acf8?s=96&d=mm&r=g","caption":"Assessoria de Imprensa da PMPB"},"url":"https:\/\/www.pm.pb.gov.br\/portal\/author\/assessoria\/"}]}},"_links":{"self":[{"href":"https:\/\/www.pm.pb.gov.br\/portal\/wp-json\/wp\/v2\/posts\/917163"}],"collection":[{"href":"https:\/\/www.pm.pb.gov.br\/portal\/wp-json\/wp\/v2\/posts"}],"about":[{"href":"https:\/\/www.pm.pb.gov.br\/portal\/wp-json\/wp\/v2\/types\/post"}],"author":[{"embeddable":true,"href":"https:\/\/www.pm.pb.gov.br\/portal\/wp-json\/wp\/v2\/users\/5"}],"replies":[{"embeddable":true,"href":"https:\/\/www.pm.pb.gov.br\/portal\/wp-json\/wp\/v2\/comments?post=917163"}],"version-history":[{"count":2,"href":"https:\/\/www.pm.pb.gov.br\/portal\/wp-json\/wp\/v2\/posts\/917163\/revisions"}],"predecessor-version":[{"id":917180,"href":"https:\/\/www.pm.pb.gov.br\/portal\/wp-json\/wp\/v2\/posts\/917163\/revisions\/917180"}],"wp:featuredmedia":[{"embeddable":true,"href":"https:\/\/www.pm.pb.gov.br\/portal\/wp-json\/wp\/v2\/media\/917174"}],"wp:attachment":[{"href":"https:\/\/www.pm.pb.gov.br\/portal\/wp-json\/wp\/v2\/media?parent=917163"}],"wp:term":[{"taxonomy":"category","embeddable":true,"href":"https:\/\/www.pm.pb.gov.br\/portal\/wp-json\/wp\/v2\/categories?post=917163"},{"taxonomy":"post_tag","embeddable":true,"href":"https:\/\/www.pm.pb.gov.br\/portal\/wp-json\/wp\/v2\/tags?post=917163"}],"curies":[{"name":"wp","href":"https:\/\/api.w.org\/{rel}","templated":true}]}}