{"id":916655,"date":"2023-05-28T05:01:00","date_gmt":"2023-05-28T08:01:00","guid":{"rendered":"https:\/\/www.pm.pb.gov.br\/portal\/?p=916655"},"modified":"2023-05-28T11:04:45","modified_gmt":"2023-05-28T14:04:45","slug":"policia-militar-apreende-armas-de-fogo-apos-abordagens-em-veiculos-na-capital","status":"publish","type":"post","link":"https:\/\/www.pm.pb.gov.br\/portal\/2023\/05\/28\/policia-militar-apreende-armas-de-fogo-apos-abordagens-em-veiculos-na-capital\/","title":{"rendered":"Pol\u00edcia Militar apreende armas de fogo ap\u00f3s abordagens em ve\u00edculos, na Capital"},"content":{"rendered":"\n\n\n<p>A Pol\u00edcia Militar apreendeu duas armas de fogo que estavam sendo conduzidas em ve\u00edculos abordados pelas a\u00e7\u00f5es preventivas da PM em bairros de Jo\u00e3o Pessoa. Duas pessoas foram presas. As apreens\u00f5es ocorreram na noite do \u00faltimo s\u00e1bado (27).<\/p>\n<p>No bairro Alto do C\u00e9u, policiais do 1\u00ba Batalh\u00e3o abordaram um condutor de um ve\u00edculo que estava com sinais de embriaguez, e que fazia manobras perigosas nas ruas da localidade. No carro do acusado, a PM encontrou uma pistola, carregadores e muni\u00e7\u00f5es. O suspeito preso tem 37 anos de idade.<\/p>\n<p>J\u00e1 na regi\u00e3o de Colinas do Sul, policiais do 5\u00ba Batalh\u00e3o apreenderam um rev\u00f3lver que estava com um passageiro de um ve\u00edculo de transporte por aplicativo. Al\u00e9m da arma, a PM tamb\u00e9m encontrou muni\u00e7\u00f5es e celulares com o acusado de 19 anos de idade (foto abaixo). A suspeita \u00e9 que ele cometeria crimes com o armamento, algo que foi frustrado pela PM.<\/p>\n<p><img loading=\"lazy\" decoding=\"async\" class=\" wp-image-916656 aligncenter\" src=\"http:\/\/www.pm.pb.gov.br\/portal\/wp-content\/uploads\/2023\/05\/arma_colinas-791x445.jpeg\" alt=\"\" width=\"661\" height=\"372\" srcset=\"https:\/\/www.pm.pb.gov.br\/portal\/wp-content\/uploads\/2023\/05\/arma_colinas-791x445.jpeg 791w, https:\/\/www.pm.pb.gov.br\/portal\/wp-content\/uploads\/2023\/05\/arma_colinas-1013x570.jpeg 1013w, https:\/\/www.pm.pb.gov.br\/portal\/wp-content\/uploads\/2023\/05\/arma_colinas-768x432.jpeg 768w, https:\/\/www.pm.pb.gov.br\/portal\/wp-content\/uploads\/2023\/05\/arma_colinas.jpeg 1280w\" sizes=\"(max-width: 661px) 100vw, 661px\" \/><\/p>\n<p>As duas ocorr\u00eancias foram encaminhadas para a Central de Flagrantes para os procedimentos cab\u00edveis.<\/p>\n","protected":false},"excerpt":{"rendered":"<p>A Pol\u00edcia Militar apreendeu duas armas de fogo que estavam sendo conduzidas em ve\u00edculos abordados pelas a\u00e7\u00f5es preventivas da PM<\/p>\n","protected":false},"author":12,"featured_media":916510,"comment_status":"closed","ping_status":"closed","sticky":false,"template":"","format":"standard","meta":{"_exactmetrics_skip_tracking":false,"_exactmetrics_sitenote_active":false,"_exactmetrics_sitenote_note":"","_exactmetrics_sitenote_category":0,"footnotes":""},"categories":[4],"tags":[],"yoast_head":"<!-- This site is optimized with the Yoast SEO plugin v22.0 - https:\/\/yoast.com\/wordpress\/plugins\/seo\/ -->\n<title>Pol\u00edcia Militar apreende armas de fogo ap\u00f3s abordagens em ve\u00edculos, na Capital - Pol\u00edcia Militar da Para\u00edba<\/title>\n<meta name=\"robots\" content=\"index, follow, max-snippet:-1, max-image-preview:large, max-video-preview:-1\" \/>\n<link rel=\"canonical\" href=\"https:\/\/www.pm.pb.gov.br\/portal\/2023\/05\/28\/policia-militar-apreende-armas-de-fogo-apos-abordagens-em-veiculos-na-capital\/\" \/>\n<meta property=\"og:locale\" content=\"pt_BR\" \/>\n<meta property=\"og:type\" content=\"article\" \/>\n<meta property=\"og:title\" content=\"Pol\u00edcia Militar apreende armas de fogo ap\u00f3s abordagens em ve\u00edculos, na Capital - Pol\u00edcia Militar da Para\u00edba\" \/>\n<meta property=\"og:description\" content=\"A Pol\u00edcia Militar apreendeu duas armas de fogo que estavam sendo conduzidas em ve\u00edculos abordados pelas a\u00e7\u00f5es preventivas da PM\" \/>\n<meta property=\"og:url\" content=\"https:\/\/www.pm.pb.gov.br\/portal\/2023\/05\/28\/policia-militar-apreende-armas-de-fogo-apos-abordagens-em-veiculos-na-capital\/\" \/>\n<meta property=\"og:site_name\" content=\"Pol\u00edcia Militar da Para\u00edba\" \/>\n<meta property=\"article:published_time\" content=\"2023-05-28T08:01:00+00:00\" \/>\n<meta property=\"article:modified_time\" content=\"2023-05-28T14:04:45+00:00\" \/>\n<meta property=\"og:image\" content=\"http:\/\/www.pm.pb.gov.br\/portal\/wp-content\/uploads\/2023\/05\/ilustrativa.jpeg\" \/>\n\t<meta property=\"og:image:width\" content=\"800\" \/>\n\t<meta property=\"og:image:height\" content=\"445\" \/>\n\t<meta property=\"og:image:type\" content=\"image\/jpeg\" \/>\n<meta name=\"author\" content=\"Tarcisio Oliveira\" \/>\n<meta name=\"twitter:card\" content=\"summary_large_image\" \/>\n<meta name=\"twitter:label1\" content=\"Escrito por\" \/>\n\t<meta name=\"twitter:data1\" content=\"Tarcisio Oliveira\" \/>\n\t<meta name=\"twitter:label2\" content=\"Est. tempo de leitura\" \/>\n\t<meta name=\"twitter:data2\" content=\"2 minutos\" \/>\n<script type=\"application\/ld+json\" class=\"yoast-schema-graph\">{\"@context\":\"https:\/\/schema.org\",\"@graph\":[{\"@type\":\"Article\",\"@id\":\"https:\/\/www.pm.pb.gov.br\/portal\/2023\/05\/28\/policia-militar-apreende-armas-de-fogo-apos-abordagens-em-veiculos-na-capital\/#article\",\"isPartOf\":{\"@id\":\"https:\/\/www.pm.pb.gov.br\/portal\/2023\/05\/28\/policia-militar-apreende-armas-de-fogo-apos-abordagens-em-veiculos-na-capital\/\"},\"author\":{\"name\":\"Tarcisio Oliveira\",\"@id\":\"https:\/\/www.pm.pb.gov.br\/portal\/#\/schema\/person\/f84f56dcc78ce4357054da888b8247fd\"},\"headline\":\"Pol\u00edcia Militar apreende armas de fogo ap\u00f3s abordagens em ve\u00edculos, na Capital\",\"datePublished\":\"2023-05-28T08:01:00+00:00\",\"dateModified\":\"2023-05-28T14:04:45+00:00\",\"mainEntityOfPage\":{\"@id\":\"https:\/\/www.pm.pb.gov.br\/portal\/2023\/05\/28\/policia-militar-apreende-armas-de-fogo-apos-abordagens-em-veiculos-na-capital\/\"},\"wordCount\":192,\"publisher\":{\"@id\":\"https:\/\/www.pm.pb.gov.br\/portal\/#organization\"},\"articleSection\":[\"A\u00e7\u00f5es Policiais\"],\"inLanguage\":\"pt-BR\"},{\"@type\":\"WebPage\",\"@id\":\"https:\/\/www.pm.pb.gov.br\/portal\/2023\/05\/28\/policia-militar-apreende-armas-de-fogo-apos-abordagens-em-veiculos-na-capital\/\",\"url\":\"https:\/\/www.pm.pb.gov.br\/portal\/2023\/05\/28\/policia-militar-apreende-armas-de-fogo-apos-abordagens-em-veiculos-na-capital\/\",\"name\":\"Pol\u00edcia Militar apreende armas de fogo ap\u00f3s abordagens em ve\u00edculos, na Capital - Pol\u00edcia Militar da Para\u00edba\",\"isPartOf\":{\"@id\":\"https:\/\/www.pm.pb.gov.br\/portal\/#website\"},\"datePublished\":\"2023-05-28T08:01:00+00:00\",\"dateModified\":\"2023-05-28T14:04:45+00:00\",\"breadcrumb\":{\"@id\":\"https:\/\/www.pm.pb.gov.br\/portal\/2023\/05\/28\/policia-militar-apreende-armas-de-fogo-apos-abordagens-em-veiculos-na-capital\/#breadcrumb\"},\"inLanguage\":\"pt-BR\",\"potentialAction\":[{\"@type\":\"ReadAction\",\"target\":[\"https:\/\/www.pm.pb.gov.br\/portal\/2023\/05\/28\/policia-militar-apreende-armas-de-fogo-apos-abordagens-em-veiculos-na-capital\/\"]}]},{\"@type\":\"BreadcrumbList\",\"@id\":\"https:\/\/www.pm.pb.gov.br\/portal\/2023\/05\/28\/policia-militar-apreende-armas-de-fogo-apos-abordagens-em-veiculos-na-capital\/#breadcrumb\",\"itemListElement\":[{\"@type\":\"ListItem\",\"position\":1,\"name\":\"In\u00edcio\",\"item\":\"https:\/\/www.pm.pb.gov.br\/portal\/\"},{\"@type\":\"ListItem\",\"position\":2,\"name\":\"Pol\u00edcia Militar apreende armas de fogo ap\u00f3s abordagens em ve\u00edculos, na Capital\"}]},{\"@type\":\"WebSite\",\"@id\":\"https:\/\/www.pm.pb.gov.br\/portal\/#website\",\"url\":\"https:\/\/www.pm.pb.gov.br\/portal\/\",\"name\":\"Pol\u00edcia Militar da Para\u00edba\",\"description\":\"\",\"publisher\":{\"@id\":\"https:\/\/www.pm.pb.gov.br\/portal\/#organization\"},\"potentialAction\":[{\"@type\":\"SearchAction\",\"target\":{\"@type\":\"EntryPoint\",\"urlTemplate\":\"https:\/\/www.pm.pb.gov.br\/portal\/?s={search_term_string}\"},\"query-input\":\"required name=search_term_string\"}],\"inLanguage\":\"pt-BR\"},{\"@type\":\"Organization\",\"@id\":\"https:\/\/www.pm.pb.gov.br\/portal\/#organization\",\"name\":\"Pol\u00edcia Militar da Para\u00edba\",\"url\":\"https:\/\/www.pm.pb.gov.br\/portal\/\",\"logo\":{\"@type\":\"ImageObject\",\"inLanguage\":\"pt-BR\",\"@id\":\"https:\/\/www.pm.pb.gov.br\/portal\/#\/schema\/logo\/image\/\",\"url\":\"https:\/\/www.pm.pb.gov.br\/portal\/wp-content\/uploads\/2025\/03\/cropped-logo-site-mag2-1.png\",\"contentUrl\":\"https:\/\/www.pm.pb.gov.br\/portal\/wp-content\/uploads\/2025\/03\/cropped-logo-site-mag2-1.png\",\"width\":320,\"height\":90,\"caption\":\"Pol\u00edcia Militar da Para\u00edba\"},\"image\":{\"@id\":\"https:\/\/www.pm.pb.gov.br\/portal\/#\/schema\/logo\/image\/\"}},{\"@type\":\"Person\",\"@id\":\"https:\/\/www.pm.pb.gov.br\/portal\/#\/schema\/person\/f84f56dcc78ce4357054da888b8247fd\",\"name\":\"Tarcisio Oliveira\",\"image\":{\"@type\":\"ImageObject\",\"inLanguage\":\"pt-BR\",\"@id\":\"https:\/\/www.pm.pb.gov.br\/portal\/#\/schema\/person\/image\/\",\"url\":\"https:\/\/secure.gravatar.com\/avatar\/72917b630b69d31cd0297507f34bac97?s=96&d=mm&r=g\",\"contentUrl\":\"https:\/\/secure.gravatar.com\/avatar\/72917b630b69d31cd0297507f34bac97?s=96&d=mm&r=g\",\"caption\":\"Tarcisio Oliveira\"},\"url\":\"https:\/\/www.pm.pb.gov.br\/portal\/author\/tarcisio\/\"}]}<\/script>\n<!-- \/ Yoast SEO plugin. -->","yoast_head_json":{"title":"Pol\u00edcia Militar apreende armas de fogo ap\u00f3s abordagens em ve\u00edculos, na Capital - Pol\u00edcia Militar da Para\u00edba","robots":{"index":"index","follow":"follow","max-snippet":"max-snippet:-1","max-image-preview":"max-image-preview:large","max-video-preview":"max-video-preview:-1"},"canonical":"https:\/\/www.pm.pb.gov.br\/portal\/2023\/05\/28\/policia-militar-apreende-armas-de-fogo-apos-abordagens-em-veiculos-na-capital\/","og_locale":"pt_BR","og_type":"article","og_title":"Pol\u00edcia Militar apreende armas de fogo ap\u00f3s abordagens em ve\u00edculos, na Capital - Pol\u00edcia Militar da Para\u00edba","og_description":"A Pol\u00edcia Militar apreendeu duas armas de fogo que estavam sendo conduzidas em ve\u00edculos abordados pelas a\u00e7\u00f5es preventivas da PM","og_url":"https:\/\/www.pm.pb.gov.br\/portal\/2023\/05\/28\/policia-militar-apreende-armas-de-fogo-apos-abordagens-em-veiculos-na-capital\/","og_site_name":"Pol\u00edcia Militar da Para\u00edba","article_published_time":"2023-05-28T08:01:00+00:00","article_modified_time":"2023-05-28T14:04:45+00:00","og_image":[{"width":800,"height":445,"url":"http:\/\/www.pm.pb.gov.br\/portal\/wp-content\/uploads\/2023\/05\/ilustrativa.jpeg","type":"image\/jpeg"}],"author":"Tarcisio Oliveira","twitter_card":"summary_large_image","twitter_misc":{"Escrito por":"Tarcisio Oliveira","Est. tempo de leitura":"2 minutos"},"schema":{"@context":"https:\/\/schema.org","@graph":[{"@type":"Article","@id":"https:\/\/www.pm.pb.gov.br\/portal\/2023\/05\/28\/policia-militar-apreende-armas-de-fogo-apos-abordagens-em-veiculos-na-capital\/#article","isPartOf":{"@id":"https:\/\/www.pm.pb.gov.br\/portal\/2023\/05\/28\/policia-militar-apreende-armas-de-fogo-apos-abordagens-em-veiculos-na-capital\/"},"author":{"name":"Tarcisio Oliveira","@id":"https:\/\/www.pm.pb.gov.br\/portal\/#\/schema\/person\/f84f56dcc78ce4357054da888b8247fd"},"headline":"Pol\u00edcia Militar apreende armas de fogo ap\u00f3s abordagens em ve\u00edculos, na Capital","datePublished":"2023-05-28T08:01:00+00:00","dateModified":"2023-05-28T14:04:45+00:00","mainEntityOfPage":{"@id":"https:\/\/www.pm.pb.gov.br\/portal\/2023\/05\/28\/policia-militar-apreende-armas-de-fogo-apos-abordagens-em-veiculos-na-capital\/"},"wordCount":192,"publisher":{"@id":"https:\/\/www.pm.pb.gov.br\/portal\/#organization"},"articleSection":["A\u00e7\u00f5es Policiais"],"inLanguage":"pt-BR"},{"@type":"WebPage","@id":"https:\/\/www.pm.pb.gov.br\/portal\/2023\/05\/28\/policia-militar-apreende-armas-de-fogo-apos-abordagens-em-veiculos-na-capital\/","url":"https:\/\/www.pm.pb.gov.br\/portal\/2023\/05\/28\/policia-militar-apreende-armas-de-fogo-apos-abordagens-em-veiculos-na-capital\/","name":"Pol\u00edcia Militar apreende armas de fogo ap\u00f3s abordagens em ve\u00edculos, na Capital - Pol\u00edcia Militar da Para\u00edba","isPartOf":{"@id":"https:\/\/www.pm.pb.gov.br\/portal\/#website"},"datePublished":"2023-05-28T08:01:00+00:00","dateModified":"2023-05-28T14:04:45+00:00","breadcrumb":{"@id":"https:\/\/www.pm.pb.gov.br\/portal\/2023\/05\/28\/policia-militar-apreende-armas-de-fogo-apos-abordagens-em-veiculos-na-capital\/#breadcrumb"},"inLanguage":"pt-BR","potentialAction":[{"@type":"ReadAction","target":["https:\/\/www.pm.pb.gov.br\/portal\/2023\/05\/28\/policia-militar-apreende-armas-de-fogo-apos-abordagens-em-veiculos-na-capital\/"]}]},{"@type":"BreadcrumbList","@id":"https:\/\/www.pm.pb.gov.br\/portal\/2023\/05\/28\/policia-militar-apreende-armas-de-fogo-apos-abordagens-em-veiculos-na-capital\/#breadcrumb","itemListElement":[{"@type":"ListItem","position":1,"name":"In\u00edcio","item":"https:\/\/www.pm.pb.gov.br\/portal\/"},{"@type":"ListItem","position":2,"name":"Pol\u00edcia Militar apreende armas de fogo ap\u00f3s abordagens em ve\u00edculos, na Capital"}]},{"@type":"WebSite","@id":"https:\/\/www.pm.pb.gov.br\/portal\/#website","url":"https:\/\/www.pm.pb.gov.br\/portal\/","name":"Pol\u00edcia Militar da Para\u00edba","description":"","publisher":{"@id":"https:\/\/www.pm.pb.gov.br\/portal\/#organization"},"potentialAction":[{"@type":"SearchAction","target":{"@type":"EntryPoint","urlTemplate":"https:\/\/www.pm.pb.gov.br\/portal\/?s={search_term_string}"},"query-input":"required name=search_term_string"}],"inLanguage":"pt-BR"},{"@type":"Organization","@id":"https:\/\/www.pm.pb.gov.br\/portal\/#organization","name":"Pol\u00edcia Militar da Para\u00edba","url":"https:\/\/www.pm.pb.gov.br\/portal\/","logo":{"@type":"ImageObject","inLanguage":"pt-BR","@id":"https:\/\/www.pm.pb.gov.br\/portal\/#\/schema\/logo\/image\/","url":"https:\/\/www.pm.pb.gov.br\/portal\/wp-content\/uploads\/2025\/03\/cropped-logo-site-mag2-1.png","contentUrl":"https:\/\/www.pm.pb.gov.br\/portal\/wp-content\/uploads\/2025\/03\/cropped-logo-site-mag2-1.png","width":320,"height":90,"caption":"Pol\u00edcia Militar da Para\u00edba"},"image":{"@id":"https:\/\/www.pm.pb.gov.br\/portal\/#\/schema\/logo\/image\/"}},{"@type":"Person","@id":"https:\/\/www.pm.pb.gov.br\/portal\/#\/schema\/person\/f84f56dcc78ce4357054da888b8247fd","name":"Tarcisio Oliveira","image":{"@type":"ImageObject","inLanguage":"pt-BR","@id":"https:\/\/www.pm.pb.gov.br\/portal\/#\/schema\/person\/image\/","url":"https:\/\/secure.gravatar.com\/avatar\/72917b630b69d31cd0297507f34bac97?s=96&d=mm&r=g","contentUrl":"https:\/\/secure.gravatar.com\/avatar\/72917b630b69d31cd0297507f34bac97?s=96&d=mm&r=g","caption":"Tarcisio Oliveira"},"url":"https:\/\/www.pm.pb.gov.br\/portal\/author\/tarcisio\/"}]}},"_links":{"self":[{"href":"https:\/\/www.pm.pb.gov.br\/portal\/wp-json\/wp\/v2\/posts\/916655"}],"collection":[{"href":"https:\/\/www.pm.pb.gov.br\/portal\/wp-json\/wp\/v2\/posts"}],"about":[{"href":"https:\/\/www.pm.pb.gov.br\/portal\/wp-json\/wp\/v2\/types\/post"}],"author":[{"embeddable":true,"href":"https:\/\/www.pm.pb.gov.br\/portal\/wp-json\/wp\/v2\/users\/12"}],"replies":[{"embeddable":true,"href":"https:\/\/www.pm.pb.gov.br\/portal\/wp-json\/wp\/v2\/comments?post=916655"}],"version-history":[{"count":1,"href":"https:\/\/www.pm.pb.gov.br\/portal\/wp-json\/wp\/v2\/posts\/916655\/revisions"}],"predecessor-version":[{"id":916657,"href":"https:\/\/www.pm.pb.gov.br\/portal\/wp-json\/wp\/v2\/posts\/916655\/revisions\/916657"}],"wp:featuredmedia":[{"embeddable":true,"href":"https:\/\/www.pm.pb.gov.br\/portal\/wp-json\/wp\/v2\/media\/916510"}],"wp:attachment":[{"href":"https:\/\/www.pm.pb.gov.br\/portal\/wp-json\/wp\/v2\/media?parent=916655"}],"wp:term":[{"taxonomy":"category","embeddable":true,"href":"https:\/\/www.pm.pb.gov.br\/portal\/wp-json\/wp\/v2\/categories?post=916655"},{"taxonomy":"post_tag","embeddable":true,"href":"https:\/\/www.pm.pb.gov.br\/portal\/wp-json\/wp\/v2\/tags?post=916655"}],"curies":[{"name":"wp","href":"https:\/\/api.w.org\/{rel}","templated":true}]}}