{"id":916636,"date":"2023-05-26T23:18:00","date_gmt":"2023-05-27T02:18:00","guid":{"rendered":"https:\/\/www.pm.pb.gov.br\/portal\/?p=916636"},"modified":"2023-05-27T16:58:38","modified_gmt":"2023-05-27T19:58:38","slug":"no-sertao-policia-militar-comemora-51o-aniversario-do-3o-batalhao","status":"publish","type":"post","link":"https:\/\/www.pm.pb.gov.br\/portal\/2023\/05\/26\/no-sertao-policia-militar-comemora-51o-aniversario-do-3o-batalhao\/","title":{"rendered":"NO SERT\u00c3O: Pol\u00edcia Militar comemora 51\u00ba anivers\u00e1rio do 3\u00ba Batalh\u00e3o"},"content":{"rendered":"\n\n\n<p>51 anos de hist\u00f3ria ao lado do povo sertanejo da Para\u00edba. Foi esse o \u2018tom\u2019 da solenidade que comemorou o 51\u00ba anivers\u00e1rio do 3\u00ba Batalh\u00e3o da Pol\u00edcia Militar, na cidade de Patos. A ocasi\u00e3o aconteceu na tarde da \u00faltima sexta-feira (26), reunindo gestores da seguran\u00e7a p\u00fablica, membros do Judici\u00e1rio e institui\u00e7\u00f5es parceiras da PMPB.<\/p>\n<p>O comandante-geral da PM, coronel S\u00e9rgio Fonseca, parabenizou a hist\u00f3ria e o legado da unidade, bem como os \u00faltimos resultados alcan\u00e7ados no combate aos delitos, e dos crimes contra a vida. Policiais da ativa e da inatividade foram homenageados com comendas e certificados.<\/p>\n<p><img loading=\"lazy\" decoding=\"async\" class=\" wp-image-916642 aligncenter\" src=\"http:\/\/www.pm.pb.gov.br\/portal\/wp-content\/uploads\/2023\/05\/DSC00990-667x445.jpg\" alt=\"\" width=\"544\" height=\"363\" srcset=\"https:\/\/www.pm.pb.gov.br\/portal\/wp-content\/uploads\/2023\/05\/DSC00990-667x445.jpg 667w, https:\/\/www.pm.pb.gov.br\/portal\/wp-content\/uploads\/2023\/05\/DSC00990-855x570.jpg 855w, https:\/\/www.pm.pb.gov.br\/portal\/wp-content\/uploads\/2023\/05\/DSC00990-768x512.jpg 768w, https:\/\/www.pm.pb.gov.br\/portal\/wp-content\/uploads\/2023\/05\/DSC00990-272x182.jpg 272w, https:\/\/www.pm.pb.gov.br\/portal\/wp-content\/uploads\/2023\/05\/DSC00990.jpg 1024w\" sizes=\"(max-width: 544px) 100vw, 544px\" \/><\/p>\n<p><img loading=\"lazy\" decoding=\"async\" class=\" wp-image-916644 aligncenter\" src=\"http:\/\/www.pm.pb.gov.br\/portal\/wp-content\/uploads\/2023\/05\/DSC01050-667x445.jpg\" alt=\"\" width=\"610\" height=\"407\" srcset=\"https:\/\/www.pm.pb.gov.br\/portal\/wp-content\/uploads\/2023\/05\/DSC01050-667x445.jpg 667w, https:\/\/www.pm.pb.gov.br\/portal\/wp-content\/uploads\/2023\/05\/DSC01050-855x570.jpg 855w, https:\/\/www.pm.pb.gov.br\/portal\/wp-content\/uploads\/2023\/05\/DSC01050-768x512.jpg 768w, https:\/\/www.pm.pb.gov.br\/portal\/wp-content\/uploads\/2023\/05\/DSC01050-272x182.jpg 272w, https:\/\/www.pm.pb.gov.br\/portal\/wp-content\/uploads\/2023\/05\/DSC01050.jpg 1024w\" sizes=\"(max-width: 610px) 100vw, 610px\" \/><\/p>\n<p>Ainda durante as comemora\u00e7\u00f5es, o Batalh\u00e3o recebeu oficialmente investimentos de R$ 26 mil, a partir de parceria com a 1\u00aa e 2\u00aa Vara da Comarca de Patos, com aquisi\u00e7\u00e3o de bicicletas e equipamentos de prote\u00e7\u00e3o individual para a ciclopatrulha, fortalecendo as a\u00e7\u00f5es de presen\u00e7a da PM na regi\u00e3o da malha central de cidade-sede do 3\u00ba Batalh\u00e3o.<\/p>\n<p><img loading=\"lazy\" decoding=\"async\" class=\" wp-image-916645 aligncenter\" src=\"http:\/\/www.pm.pb.gov.br\/portal\/wp-content\/uploads\/2023\/05\/DSC01126-667x445.jpg\" alt=\"\" width=\"588\" height=\"392\" srcset=\"https:\/\/www.pm.pb.gov.br\/portal\/wp-content\/uploads\/2023\/05\/DSC01126-667x445.jpg 667w, https:\/\/www.pm.pb.gov.br\/portal\/wp-content\/uploads\/2023\/05\/DSC01126-855x570.jpg 855w, https:\/\/www.pm.pb.gov.br\/portal\/wp-content\/uploads\/2023\/05\/DSC01126-768x512.jpg 768w, https:\/\/www.pm.pb.gov.br\/portal\/wp-content\/uploads\/2023\/05\/DSC01126-272x182.jpg 272w, https:\/\/www.pm.pb.gov.br\/portal\/wp-content\/uploads\/2023\/05\/DSC01126.jpg 1024w\" sizes=\"(max-width: 588px) 100vw, 588px\" \/><\/p>\n<figure id=\"attachment_916641\" aria-describedby=\"caption-attachment-916641\" style=\"width: 612px\" class=\"wp-caption aligncenter\"><img loading=\"lazy\" decoding=\"async\" class=\"wp-image-916641\" src=\"http:\/\/www.pm.pb.gov.br\/portal\/wp-content\/uploads\/2023\/05\/DSC00989-667x445.jpg\" alt=\"\" width=\"612\" height=\"408\" srcset=\"https:\/\/www.pm.pb.gov.br\/portal\/wp-content\/uploads\/2023\/05\/DSC00989-667x445.jpg 667w, https:\/\/www.pm.pb.gov.br\/portal\/wp-content\/uploads\/2023\/05\/DSC00989-855x570.jpg 855w, https:\/\/www.pm.pb.gov.br\/portal\/wp-content\/uploads\/2023\/05\/DSC00989-768x512.jpg 768w, https:\/\/www.pm.pb.gov.br\/portal\/wp-content\/uploads\/2023\/05\/DSC00989-272x182.jpg 272w, https:\/\/www.pm.pb.gov.br\/portal\/wp-content\/uploads\/2023\/05\/DSC00989.jpg 1024w\" sizes=\"(max-width: 612px) 100vw, 612px\" \/><figcaption id=\"caption-attachment-916641\" class=\"wp-caption-text\">Novas pistolas adquiridas pela PMPB tamb\u00e9m fortalecem as a\u00e7\u00f5es dos policiais no Sert\u00e3o<\/figcaption><\/figure>\n<p>A solenidade desta sexta aconteceu no audit\u00f3rio do F\u00f3rum Miguel S\u00e1tyro, mas toda a semana foi de comemora\u00e7\u00f5es pelo anivers\u00e1rio da Unidade que \u00e9 refer\u00eancia no Sert\u00e3o (na foto abaixo).<\/p>\n<p>Na segunda-feira (22) ocorreu um culto em a\u00e7\u00e3o de gra\u00e7as na sede do Batalh\u00e3o. De ter\u00e7a-feira \u00e0 quinta, uma exposi\u00e7\u00e3o do Museu da PMPB contou mais da hist\u00f3ria da corpora\u00e7\u00e3o no Sert\u00e3o, encantando fam\u00edlias e curiosos, no Patos Shopping. Ainda na quinta (25), uma nova edi\u00e7\u00e3o da a\u00e7\u00e3o social \u201cNa Pra\u00e7a com Seguran\u00e7a\u201d, no bairro das Sete Casas, levou servi\u00e7o, entretenimento e muitas brincadeiras para a crian\u00e7ada.<\/p>\n<p><img loading=\"lazy\" decoding=\"async\" class=\" wp-image-916643 aligncenter\" src=\"http:\/\/www.pm.pb.gov.br\/portal\/wp-content\/uploads\/2023\/05\/DSC01011-667x445.jpg\" alt=\"\" width=\"594\" height=\"396\" srcset=\"https:\/\/www.pm.pb.gov.br\/portal\/wp-content\/uploads\/2023\/05\/DSC01011-667x445.jpg 667w, https:\/\/www.pm.pb.gov.br\/portal\/wp-content\/uploads\/2023\/05\/DSC01011-855x570.jpg 855w, https:\/\/www.pm.pb.gov.br\/portal\/wp-content\/uploads\/2023\/05\/DSC01011-768x512.jpg 768w, https:\/\/www.pm.pb.gov.br\/portal\/wp-content\/uploads\/2023\/05\/DSC01011-272x182.jpg 272w, https:\/\/www.pm.pb.gov.br\/portal\/wp-content\/uploads\/2023\/05\/DSC01011.jpg 1024w\" sizes=\"(max-width: 594px) 100vw, 594px\" \/><\/p>\n<p><img loading=\"lazy\" decoding=\"async\" class=\" wp-image-916640 aligncenter\" src=\"http:\/\/www.pm.pb.gov.br\/portal\/wp-content\/uploads\/2023\/05\/DSC00987-667x445.jpg\" alt=\"\" width=\"625\" height=\"417\" srcset=\"https:\/\/www.pm.pb.gov.br\/portal\/wp-content\/uploads\/2023\/05\/DSC00987-667x445.jpg 667w, https:\/\/www.pm.pb.gov.br\/portal\/wp-content\/uploads\/2023\/05\/DSC00987-855x570.jpg 855w, https:\/\/www.pm.pb.gov.br\/portal\/wp-content\/uploads\/2023\/05\/DSC00987-768x512.jpg 768w, https:\/\/www.pm.pb.gov.br\/portal\/wp-content\/uploads\/2023\/05\/DSC00987-272x182.jpg 272w, https:\/\/www.pm.pb.gov.br\/portal\/wp-content\/uploads\/2023\/05\/DSC00987.jpg 1024w\" sizes=\"(max-width: 625px) 100vw, 625px\" \/><\/p>\n<p><strong>Hist\u00f3ria &#8211;<\/strong> O 3\u00ba BPM foi criado em 1961, mas s\u00f3 foi instalado em 14 de maio de 1972. \u00c9 chamado de Guardi\u00e3o do Sert\u00e3o, onde atua fazendo fronteira com o Rio Grande do Norte e Pernambuco. A Unidade forma policiais, realiza projetos sociais, tem local pr\u00f3prio para treinamento e presta o servi\u00e7o de seguran\u00e7a em 21 cidades, atrav\u00e9s de suas quatro companhias.<\/p>\n<p>No passado, o 3\u00ba BPM era respons\u00e1vel pelo policiamento do todo o Sert\u00e3o, por isso o nome de Guardi\u00e3o do Sert\u00e3o. Atualmente a unidade \u00e9 comandada pelo tenente-coronel Esa\u00fa de Lucena Barboza, e est\u00e1 inserida no Comando de Policiamento Regional II (3\u00aa Regi\u00e3o Integrada de Seguran\u00e7a P\u00fablica).<\/p>\n<p><img loading=\"lazy\" decoding=\"async\" class=\" wp-image-916639 aligncenter\" src=\"http:\/\/www.pm.pb.gov.br\/portal\/wp-content\/uploads\/2023\/05\/patos2.jpg\" alt=\"\" width=\"708\" height=\"394\" srcset=\"https:\/\/www.pm.pb.gov.br\/portal\/wp-content\/uploads\/2023\/05\/patos2.jpg 800w, https:\/\/www.pm.pb.gov.br\/portal\/wp-content\/uploads\/2023\/05\/patos2-245x136.jpg 245w, https:\/\/www.pm.pb.gov.br\/portal\/wp-content\/uploads\/2023\/05\/patos2-768x427.jpg 768w\" sizes=\"(max-width: 708px) 100vw, 708px\" \/><\/p>\n","protected":false},"excerpt":{"rendered":"<p>51 anos de hist\u00f3ria ao lado do povo sertanejo da Para\u00edba. Foi esse o \u2018tom\u2019 da solenidade que comemorou o<\/p>\n","protected":false},"author":12,"featured_media":916638,"comment_status":"closed","ping_status":"closed","sticky":false,"template":"","format":"standard","meta":{"_exactmetrics_skip_tracking":false,"_exactmetrics_sitenote_active":false,"_exactmetrics_sitenote_note":"","_exactmetrics_sitenote_category":0,"footnotes":""},"categories":[9],"tags":[],"yoast_head":"<!-- This site is optimized with the Yoast SEO plugin v22.0 - https:\/\/yoast.com\/wordpress\/plugins\/seo\/ -->\n<title>NO SERT\u00c3O: Pol\u00edcia Militar comemora 51\u00ba anivers\u00e1rio do 3\u00ba Batalh\u00e3o - Pol\u00edcia Militar da Para\u00edba<\/title>\n<meta name=\"robots\" content=\"index, follow, max-snippet:-1, max-image-preview:large, max-video-preview:-1\" \/>\n<link rel=\"canonical\" href=\"https:\/\/www.pm.pb.gov.br\/portal\/2023\/05\/26\/no-sertao-policia-militar-comemora-51o-aniversario-do-3o-batalhao\/\" \/>\n<meta property=\"og:locale\" content=\"pt_BR\" \/>\n<meta property=\"og:type\" content=\"article\" \/>\n<meta property=\"og:title\" content=\"NO SERT\u00c3O: Pol\u00edcia Militar comemora 51\u00ba anivers\u00e1rio do 3\u00ba Batalh\u00e3o - Pol\u00edcia Militar da Para\u00edba\" \/>\n<meta property=\"og:description\" content=\"51 anos de hist\u00f3ria ao lado do povo sertanejo da Para\u00edba. Foi esse o \u2018tom\u2019 da solenidade que comemorou o\" \/>\n<meta property=\"og:url\" content=\"https:\/\/www.pm.pb.gov.br\/portal\/2023\/05\/26\/no-sertao-policia-militar-comemora-51o-aniversario-do-3o-batalhao\/\" \/>\n<meta property=\"og:site_name\" content=\"Pol\u00edcia Militar da Para\u00edba\" \/>\n<meta property=\"article:published_time\" content=\"2023-05-27T02:18:00+00:00\" \/>\n<meta property=\"article:modified_time\" content=\"2023-05-27T19:58:38+00:00\" \/>\n<meta property=\"og:image\" content=\"http:\/\/www.pm.pb.gov.br\/portal\/wp-content\/uploads\/2023\/05\/patos1.jpg\" \/>\n\t<meta property=\"og:image:width\" content=\"800\" \/>\n\t<meta property=\"og:image:height\" content=\"445\" \/>\n\t<meta property=\"og:image:type\" content=\"image\/jpeg\" \/>\n<meta name=\"author\" content=\"Tarcisio Oliveira\" \/>\n<meta name=\"twitter:card\" content=\"summary_large_image\" \/>\n<meta name=\"twitter:label1\" content=\"Escrito por\" \/>\n\t<meta name=\"twitter:data1\" content=\"Tarcisio Oliveira\" \/>\n\t<meta name=\"twitter:label2\" content=\"Est. tempo de leitura\" \/>\n\t<meta name=\"twitter:data2\" content=\"4 minutos\" \/>\n<script type=\"application\/ld+json\" class=\"yoast-schema-graph\">{\"@context\":\"https:\/\/schema.org\",\"@graph\":[{\"@type\":\"Article\",\"@id\":\"https:\/\/www.pm.pb.gov.br\/portal\/2023\/05\/26\/no-sertao-policia-militar-comemora-51o-aniversario-do-3o-batalhao\/#article\",\"isPartOf\":{\"@id\":\"https:\/\/www.pm.pb.gov.br\/portal\/2023\/05\/26\/no-sertao-policia-militar-comemora-51o-aniversario-do-3o-batalhao\/\"},\"author\":{\"name\":\"Tarcisio Oliveira\",\"@id\":\"https:\/\/www.pm.pb.gov.br\/portal\/#\/schema\/person\/f84f56dcc78ce4357054da888b8247fd\"},\"headline\":\"NO SERT\u00c3O: Pol\u00edcia Militar comemora 51\u00ba anivers\u00e1rio do 3\u00ba Batalh\u00e3o\",\"datePublished\":\"2023-05-27T02:18:00+00:00\",\"dateModified\":\"2023-05-27T19:58:38+00:00\",\"mainEntityOfPage\":{\"@id\":\"https:\/\/www.pm.pb.gov.br\/portal\/2023\/05\/26\/no-sertao-policia-militar-comemora-51o-aniversario-do-3o-batalhao\/\"},\"wordCount\":431,\"publisher\":{\"@id\":\"https:\/\/www.pm.pb.gov.br\/portal\/#organization\"},\"articleSection\":[\"Eventos\"],\"inLanguage\":\"pt-BR\"},{\"@type\":\"WebPage\",\"@id\":\"https:\/\/www.pm.pb.gov.br\/portal\/2023\/05\/26\/no-sertao-policia-militar-comemora-51o-aniversario-do-3o-batalhao\/\",\"url\":\"https:\/\/www.pm.pb.gov.br\/portal\/2023\/05\/26\/no-sertao-policia-militar-comemora-51o-aniversario-do-3o-batalhao\/\",\"name\":\"NO SERT\u00c3O: Pol\u00edcia Militar comemora 51\u00ba anivers\u00e1rio do 3\u00ba Batalh\u00e3o - Pol\u00edcia Militar da Para\u00edba\",\"isPartOf\":{\"@id\":\"https:\/\/www.pm.pb.gov.br\/portal\/#website\"},\"datePublished\":\"2023-05-27T02:18:00+00:00\",\"dateModified\":\"2023-05-27T19:58:38+00:00\",\"breadcrumb\":{\"@id\":\"https:\/\/www.pm.pb.gov.br\/portal\/2023\/05\/26\/no-sertao-policia-militar-comemora-51o-aniversario-do-3o-batalhao\/#breadcrumb\"},\"inLanguage\":\"pt-BR\",\"potentialAction\":[{\"@type\":\"ReadAction\",\"target\":[\"https:\/\/www.pm.pb.gov.br\/portal\/2023\/05\/26\/no-sertao-policia-militar-comemora-51o-aniversario-do-3o-batalhao\/\"]}]},{\"@type\":\"BreadcrumbList\",\"@id\":\"https:\/\/www.pm.pb.gov.br\/portal\/2023\/05\/26\/no-sertao-policia-militar-comemora-51o-aniversario-do-3o-batalhao\/#breadcrumb\",\"itemListElement\":[{\"@type\":\"ListItem\",\"position\":1,\"name\":\"In\u00edcio\",\"item\":\"https:\/\/www.pm.pb.gov.br\/portal\/\"},{\"@type\":\"ListItem\",\"position\":2,\"name\":\"NO SERT\u00c3O: Pol\u00edcia Militar comemora 51\u00ba anivers\u00e1rio do 3\u00ba Batalh\u00e3o\"}]},{\"@type\":\"WebSite\",\"@id\":\"https:\/\/www.pm.pb.gov.br\/portal\/#website\",\"url\":\"https:\/\/www.pm.pb.gov.br\/portal\/\",\"name\":\"Pol\u00edcia Militar da Para\u00edba\",\"description\":\"\",\"publisher\":{\"@id\":\"https:\/\/www.pm.pb.gov.br\/portal\/#organization\"},\"potentialAction\":[{\"@type\":\"SearchAction\",\"target\":{\"@type\":\"EntryPoint\",\"urlTemplate\":\"https:\/\/www.pm.pb.gov.br\/portal\/?s={search_term_string}\"},\"query-input\":\"required name=search_term_string\"}],\"inLanguage\":\"pt-BR\"},{\"@type\":\"Organization\",\"@id\":\"https:\/\/www.pm.pb.gov.br\/portal\/#organization\",\"name\":\"Pol\u00edcia Militar da Para\u00edba\",\"url\":\"https:\/\/www.pm.pb.gov.br\/portal\/\",\"logo\":{\"@type\":\"ImageObject\",\"inLanguage\":\"pt-BR\",\"@id\":\"https:\/\/www.pm.pb.gov.br\/portal\/#\/schema\/logo\/image\/\",\"url\":\"https:\/\/www.pm.pb.gov.br\/portal\/wp-content\/uploads\/2025\/03\/cropped-logo-site-mag2-1.png\",\"contentUrl\":\"https:\/\/www.pm.pb.gov.br\/portal\/wp-content\/uploads\/2025\/03\/cropped-logo-site-mag2-1.png\",\"width\":320,\"height\":90,\"caption\":\"Pol\u00edcia Militar da Para\u00edba\"},\"image\":{\"@id\":\"https:\/\/www.pm.pb.gov.br\/portal\/#\/schema\/logo\/image\/\"}},{\"@type\":\"Person\",\"@id\":\"https:\/\/www.pm.pb.gov.br\/portal\/#\/schema\/person\/f84f56dcc78ce4357054da888b8247fd\",\"name\":\"Tarcisio Oliveira\",\"image\":{\"@type\":\"ImageObject\",\"inLanguage\":\"pt-BR\",\"@id\":\"https:\/\/www.pm.pb.gov.br\/portal\/#\/schema\/person\/image\/\",\"url\":\"https:\/\/secure.gravatar.com\/avatar\/72917b630b69d31cd0297507f34bac97?s=96&d=mm&r=g\",\"contentUrl\":\"https:\/\/secure.gravatar.com\/avatar\/72917b630b69d31cd0297507f34bac97?s=96&d=mm&r=g\",\"caption\":\"Tarcisio Oliveira\"},\"url\":\"https:\/\/www.pm.pb.gov.br\/portal\/author\/tarcisio\/\"}]}<\/script>\n<!-- \/ Yoast SEO plugin. -->","yoast_head_json":{"title":"NO SERT\u00c3O: Pol\u00edcia Militar comemora 51\u00ba anivers\u00e1rio do 3\u00ba Batalh\u00e3o - Pol\u00edcia Militar da Para\u00edba","robots":{"index":"index","follow":"follow","max-snippet":"max-snippet:-1","max-image-preview":"max-image-preview:large","max-video-preview":"max-video-preview:-1"},"canonical":"https:\/\/www.pm.pb.gov.br\/portal\/2023\/05\/26\/no-sertao-policia-militar-comemora-51o-aniversario-do-3o-batalhao\/","og_locale":"pt_BR","og_type":"article","og_title":"NO SERT\u00c3O: Pol\u00edcia Militar comemora 51\u00ba anivers\u00e1rio do 3\u00ba Batalh\u00e3o - Pol\u00edcia Militar da Para\u00edba","og_description":"51 anos de hist\u00f3ria ao lado do povo sertanejo da Para\u00edba. Foi esse o \u2018tom\u2019 da solenidade que comemorou o","og_url":"https:\/\/www.pm.pb.gov.br\/portal\/2023\/05\/26\/no-sertao-policia-militar-comemora-51o-aniversario-do-3o-batalhao\/","og_site_name":"Pol\u00edcia Militar da Para\u00edba","article_published_time":"2023-05-27T02:18:00+00:00","article_modified_time":"2023-05-27T19:58:38+00:00","og_image":[{"width":800,"height":445,"url":"http:\/\/www.pm.pb.gov.br\/portal\/wp-content\/uploads\/2023\/05\/patos1.jpg","type":"image\/jpeg"}],"author":"Tarcisio Oliveira","twitter_card":"summary_large_image","twitter_misc":{"Escrito por":"Tarcisio Oliveira","Est. tempo de leitura":"4 minutos"},"schema":{"@context":"https:\/\/schema.org","@graph":[{"@type":"Article","@id":"https:\/\/www.pm.pb.gov.br\/portal\/2023\/05\/26\/no-sertao-policia-militar-comemora-51o-aniversario-do-3o-batalhao\/#article","isPartOf":{"@id":"https:\/\/www.pm.pb.gov.br\/portal\/2023\/05\/26\/no-sertao-policia-militar-comemora-51o-aniversario-do-3o-batalhao\/"},"author":{"name":"Tarcisio Oliveira","@id":"https:\/\/www.pm.pb.gov.br\/portal\/#\/schema\/person\/f84f56dcc78ce4357054da888b8247fd"},"headline":"NO SERT\u00c3O: Pol\u00edcia Militar comemora 51\u00ba anivers\u00e1rio do 3\u00ba Batalh\u00e3o","datePublished":"2023-05-27T02:18:00+00:00","dateModified":"2023-05-27T19:58:38+00:00","mainEntityOfPage":{"@id":"https:\/\/www.pm.pb.gov.br\/portal\/2023\/05\/26\/no-sertao-policia-militar-comemora-51o-aniversario-do-3o-batalhao\/"},"wordCount":431,"publisher":{"@id":"https:\/\/www.pm.pb.gov.br\/portal\/#organization"},"articleSection":["Eventos"],"inLanguage":"pt-BR"},{"@type":"WebPage","@id":"https:\/\/www.pm.pb.gov.br\/portal\/2023\/05\/26\/no-sertao-policia-militar-comemora-51o-aniversario-do-3o-batalhao\/","url":"https:\/\/www.pm.pb.gov.br\/portal\/2023\/05\/26\/no-sertao-policia-militar-comemora-51o-aniversario-do-3o-batalhao\/","name":"NO SERT\u00c3O: Pol\u00edcia Militar comemora 51\u00ba anivers\u00e1rio do 3\u00ba Batalh\u00e3o - Pol\u00edcia Militar da Para\u00edba","isPartOf":{"@id":"https:\/\/www.pm.pb.gov.br\/portal\/#website"},"datePublished":"2023-05-27T02:18:00+00:00","dateModified":"2023-05-27T19:58:38+00:00","breadcrumb":{"@id":"https:\/\/www.pm.pb.gov.br\/portal\/2023\/05\/26\/no-sertao-policia-militar-comemora-51o-aniversario-do-3o-batalhao\/#breadcrumb"},"inLanguage":"pt-BR","potentialAction":[{"@type":"ReadAction","target":["https:\/\/www.pm.pb.gov.br\/portal\/2023\/05\/26\/no-sertao-policia-militar-comemora-51o-aniversario-do-3o-batalhao\/"]}]},{"@type":"BreadcrumbList","@id":"https:\/\/www.pm.pb.gov.br\/portal\/2023\/05\/26\/no-sertao-policia-militar-comemora-51o-aniversario-do-3o-batalhao\/#breadcrumb","itemListElement":[{"@type":"ListItem","position":1,"name":"In\u00edcio","item":"https:\/\/www.pm.pb.gov.br\/portal\/"},{"@type":"ListItem","position":2,"name":"NO SERT\u00c3O: Pol\u00edcia Militar comemora 51\u00ba anivers\u00e1rio do 3\u00ba Batalh\u00e3o"}]},{"@type":"WebSite","@id":"https:\/\/www.pm.pb.gov.br\/portal\/#website","url":"https:\/\/www.pm.pb.gov.br\/portal\/","name":"Pol\u00edcia Militar da Para\u00edba","description":"","publisher":{"@id":"https:\/\/www.pm.pb.gov.br\/portal\/#organization"},"potentialAction":[{"@type":"SearchAction","target":{"@type":"EntryPoint","urlTemplate":"https:\/\/www.pm.pb.gov.br\/portal\/?s={search_term_string}"},"query-input":"required name=search_term_string"}],"inLanguage":"pt-BR"},{"@type":"Organization","@id":"https:\/\/www.pm.pb.gov.br\/portal\/#organization","name":"Pol\u00edcia Militar da Para\u00edba","url":"https:\/\/www.pm.pb.gov.br\/portal\/","logo":{"@type":"ImageObject","inLanguage":"pt-BR","@id":"https:\/\/www.pm.pb.gov.br\/portal\/#\/schema\/logo\/image\/","url":"https:\/\/www.pm.pb.gov.br\/portal\/wp-content\/uploads\/2025\/03\/cropped-logo-site-mag2-1.png","contentUrl":"https:\/\/www.pm.pb.gov.br\/portal\/wp-content\/uploads\/2025\/03\/cropped-logo-site-mag2-1.png","width":320,"height":90,"caption":"Pol\u00edcia Militar da Para\u00edba"},"image":{"@id":"https:\/\/www.pm.pb.gov.br\/portal\/#\/schema\/logo\/image\/"}},{"@type":"Person","@id":"https:\/\/www.pm.pb.gov.br\/portal\/#\/schema\/person\/f84f56dcc78ce4357054da888b8247fd","name":"Tarcisio Oliveira","image":{"@type":"ImageObject","inLanguage":"pt-BR","@id":"https:\/\/www.pm.pb.gov.br\/portal\/#\/schema\/person\/image\/","url":"https:\/\/secure.gravatar.com\/avatar\/72917b630b69d31cd0297507f34bac97?s=96&d=mm&r=g","contentUrl":"https:\/\/secure.gravatar.com\/avatar\/72917b630b69d31cd0297507f34bac97?s=96&d=mm&r=g","caption":"Tarcisio Oliveira"},"url":"https:\/\/www.pm.pb.gov.br\/portal\/author\/tarcisio\/"}]}},"_links":{"self":[{"href":"https:\/\/www.pm.pb.gov.br\/portal\/wp-json\/wp\/v2\/posts\/916636"}],"collection":[{"href":"https:\/\/www.pm.pb.gov.br\/portal\/wp-json\/wp\/v2\/posts"}],"about":[{"href":"https:\/\/www.pm.pb.gov.br\/portal\/wp-json\/wp\/v2\/types\/post"}],"author":[{"embeddable":true,"href":"https:\/\/www.pm.pb.gov.br\/portal\/wp-json\/wp\/v2\/users\/12"}],"replies":[{"embeddable":true,"href":"https:\/\/www.pm.pb.gov.br\/portal\/wp-json\/wp\/v2\/comments?post=916636"}],"version-history":[{"count":3,"href":"https:\/\/www.pm.pb.gov.br\/portal\/wp-json\/wp\/v2\/posts\/916636\/revisions"}],"predecessor-version":[{"id":916647,"href":"https:\/\/www.pm.pb.gov.br\/portal\/wp-json\/wp\/v2\/posts\/916636\/revisions\/916647"}],"wp:featuredmedia":[{"embeddable":true,"href":"https:\/\/www.pm.pb.gov.br\/portal\/wp-json\/wp\/v2\/media\/916638"}],"wp:attachment":[{"href":"https:\/\/www.pm.pb.gov.br\/portal\/wp-json\/wp\/v2\/media?parent=916636"}],"wp:term":[{"taxonomy":"category","embeddable":true,"href":"https:\/\/www.pm.pb.gov.br\/portal\/wp-json\/wp\/v2\/categories?post=916636"},{"taxonomy":"post_tag","embeddable":true,"href":"https:\/\/www.pm.pb.gov.br\/portal\/wp-json\/wp\/v2\/tags?post=916636"}],"curies":[{"name":"wp","href":"https:\/\/api.w.org\/{rel}","templated":true}]}}