{"id":916631,"date":"2023-05-27T05:33:00","date_gmt":"2023-05-27T08:33:00","guid":{"rendered":"https:\/\/www.pm.pb.gov.br\/portal\/?p=916631"},"modified":"2023-05-27T11:51:59","modified_gmt":"2023-05-27T14:51:59","slug":"policia-militar-apreende-arma-de-fogo-apos-confronto-com-dupla-em-motocicleta-no-litoral-norte","status":"publish","type":"post","link":"https:\/\/www.pm.pb.gov.br\/portal\/2023\/05\/27\/policia-militar-apreende-arma-de-fogo-apos-confronto-com-dupla-em-motocicleta-no-litoral-norte\/","title":{"rendered":"Pol\u00edcia Militar apreende arma de fogo ap\u00f3s confronto com dupla em motocicleta, no litoral norte"},"content":{"rendered":"\n\n\n<p><img loading=\"lazy\" decoding=\"async\" class=\" wp-image-916632 alignright\" src=\"http:\/\/www.pm.pb.gov.br\/portal\/wp-content\/uploads\/2023\/05\/litoralnorte-231x445.jpeg\" alt=\"\" width=\"266\" height=\"512\" srcset=\"https:\/\/www.pm.pb.gov.br\/portal\/wp-content\/uploads\/2023\/05\/litoralnorte-231x445.jpeg 231w, https:\/\/www.pm.pb.gov.br\/portal\/wp-content\/uploads\/2023\/05\/litoralnorte-296x570.jpeg 296w, https:\/\/www.pm.pb.gov.br\/portal\/wp-content\/uploads\/2023\/05\/litoralnorte.jpeg 573w\" sizes=\"(max-width: 266px) 100vw, 266px\" \/>A Pol\u00edcia Militar apreendeu, na noite de sexta-feira (26), um rev\u00f3lver calibre 38 (foto ao lado), ap\u00f3s confronto com uma dupla que estava armada, em uma motocicleta, no munic\u00edpio de Mamanguape, litoral norte da Para\u00edba. Um dos acusados estava com uma tornozeleira eletr\u00f4nica (foto acima ilustrativa).<\/p>\n<p>De acordo com a 2\u00aa Companhia Independente (2\u00aa CIPM), policias da For\u00e7a T\u00e1tica realizavam rondas preventivas no S\u00edtio Jangada, quando se depararam com dois suspeitos em uma moto e, durante a abordagem, a dupla desobedeceu aos policiais e trocou tiros com a PM. No revide, o acusado que estava com tornozeleira eletr\u00f4nica foi ferido. Com ele foi apreendido o rev\u00f3lver e seis muni\u00e7\u00f5es deflagradas. Ele foi socorrido na viatura policial at\u00e9 o Hospital Geral de Mamanguape, vindo a \u00f3bito durante atendimento m\u00e9dico.<\/p>\n<p>O segundo suspeito conseguiu fugir e segue sendo procurado. O caso foi encaminhado para a Delegacia de Pol\u00edcia Civil de Mamanguape, onde a participa\u00e7\u00e3o da dupla em crimes que vinham ocorrendo na regi\u00e3o ser\u00e1 investigada.<\/p>\n","protected":false},"excerpt":{"rendered":"<p>A Pol\u00edcia Militar apreendeu, na noite de sexta-feira (26), um rev\u00f3lver calibre 38 (foto ao lado), ap\u00f3s confronto com uma<\/p>\n","protected":false},"author":12,"featured_media":900550,"comment_status":"closed","ping_status":"closed","sticky":false,"template":"","format":"standard","meta":{"_exactmetrics_skip_tracking":false,"_exactmetrics_sitenote_active":false,"_exactmetrics_sitenote_note":"","_exactmetrics_sitenote_category":0,"footnotes":""},"categories":[4],"tags":[],"yoast_head":"<!-- This site is optimized with the Yoast SEO plugin v22.0 - https:\/\/yoast.com\/wordpress\/plugins\/seo\/ -->\n<title>Pol\u00edcia Militar apreende arma de fogo ap\u00f3s confronto com dupla em motocicleta, no litoral norte - Pol\u00edcia Militar da Para\u00edba<\/title>\n<meta name=\"robots\" content=\"index, follow, max-snippet:-1, max-image-preview:large, max-video-preview:-1\" \/>\n<link rel=\"canonical\" href=\"https:\/\/www.pm.pb.gov.br\/portal\/2023\/05\/27\/policia-militar-apreende-arma-de-fogo-apos-confronto-com-dupla-em-motocicleta-no-litoral-norte\/\" \/>\n<meta property=\"og:locale\" content=\"pt_BR\" \/>\n<meta property=\"og:type\" content=\"article\" \/>\n<meta property=\"og:title\" content=\"Pol\u00edcia Militar apreende arma de fogo ap\u00f3s confronto com dupla em motocicleta, no litoral norte - Pol\u00edcia Militar da Para\u00edba\" \/>\n<meta property=\"og:description\" content=\"A Pol\u00edcia Militar apreendeu, na noite de sexta-feira (26), um rev\u00f3lver calibre 38 (foto ao lado), ap\u00f3s confronto com uma\" \/>\n<meta property=\"og:url\" content=\"https:\/\/www.pm.pb.gov.br\/portal\/2023\/05\/27\/policia-militar-apreende-arma-de-fogo-apos-confronto-com-dupla-em-motocicleta-no-litoral-norte\/\" \/>\n<meta property=\"og:site_name\" content=\"Pol\u00edcia Militar da Para\u00edba\" \/>\n<meta property=\"article:published_time\" content=\"2023-05-27T08:33:00+00:00\" \/>\n<meta property=\"article:modified_time\" content=\"2023-05-27T14:51:59+00:00\" \/>\n<meta property=\"og:image\" content=\"http:\/\/www.pm.pb.gov.br\/portal\/wp-content\/uploads\/2019\/04\/t\u00e1tica2cipm1.jpeg\" \/>\n\t<meta property=\"og:image:width\" content=\"800\" \/>\n\t<meta property=\"og:image:height\" content=\"445\" \/>\n\t<meta property=\"og:image:type\" content=\"image\/jpeg\" \/>\n<meta name=\"author\" content=\"Tarcisio Oliveira\" \/>\n<meta name=\"twitter:card\" content=\"summary_large_image\" \/>\n<meta name=\"twitter:label1\" content=\"Escrito por\" \/>\n\t<meta name=\"twitter:data1\" content=\"Tarcisio Oliveira\" \/>\n\t<meta name=\"twitter:label2\" content=\"Est. tempo de leitura\" \/>\n\t<meta name=\"twitter:data2\" content=\"2 minutos\" \/>\n<script type=\"application\/ld+json\" class=\"yoast-schema-graph\">{\"@context\":\"https:\/\/schema.org\",\"@graph\":[{\"@type\":\"Article\",\"@id\":\"https:\/\/www.pm.pb.gov.br\/portal\/2023\/05\/27\/policia-militar-apreende-arma-de-fogo-apos-confronto-com-dupla-em-motocicleta-no-litoral-norte\/#article\",\"isPartOf\":{\"@id\":\"https:\/\/www.pm.pb.gov.br\/portal\/2023\/05\/27\/policia-militar-apreende-arma-de-fogo-apos-confronto-com-dupla-em-motocicleta-no-litoral-norte\/\"},\"author\":{\"name\":\"Tarcisio Oliveira\",\"@id\":\"https:\/\/www.pm.pb.gov.br\/portal\/#\/schema\/person\/f84f56dcc78ce4357054da888b8247fd\"},\"headline\":\"Pol\u00edcia Militar apreende arma de fogo ap\u00f3s confronto com dupla em motocicleta, no litoral norte\",\"datePublished\":\"2023-05-27T08:33:00+00:00\",\"dateModified\":\"2023-05-27T14:51:59+00:00\",\"mainEntityOfPage\":{\"@id\":\"https:\/\/www.pm.pb.gov.br\/portal\/2023\/05\/27\/policia-militar-apreende-arma-de-fogo-apos-confronto-com-dupla-em-motocicleta-no-litoral-norte\/\"},\"wordCount\":192,\"publisher\":{\"@id\":\"https:\/\/www.pm.pb.gov.br\/portal\/#organization\"},\"articleSection\":[\"A\u00e7\u00f5es Policiais\"],\"inLanguage\":\"pt-BR\"},{\"@type\":\"WebPage\",\"@id\":\"https:\/\/www.pm.pb.gov.br\/portal\/2023\/05\/27\/policia-militar-apreende-arma-de-fogo-apos-confronto-com-dupla-em-motocicleta-no-litoral-norte\/\",\"url\":\"https:\/\/www.pm.pb.gov.br\/portal\/2023\/05\/27\/policia-militar-apreende-arma-de-fogo-apos-confronto-com-dupla-em-motocicleta-no-litoral-norte\/\",\"name\":\"Pol\u00edcia Militar apreende arma de fogo ap\u00f3s confronto com dupla em motocicleta, no litoral norte - Pol\u00edcia Militar da Para\u00edba\",\"isPartOf\":{\"@id\":\"https:\/\/www.pm.pb.gov.br\/portal\/#website\"},\"datePublished\":\"2023-05-27T08:33:00+00:00\",\"dateModified\":\"2023-05-27T14:51:59+00:00\",\"breadcrumb\":{\"@id\":\"https:\/\/www.pm.pb.gov.br\/portal\/2023\/05\/27\/policia-militar-apreende-arma-de-fogo-apos-confronto-com-dupla-em-motocicleta-no-litoral-norte\/#breadcrumb\"},\"inLanguage\":\"pt-BR\",\"potentialAction\":[{\"@type\":\"ReadAction\",\"target\":[\"https:\/\/www.pm.pb.gov.br\/portal\/2023\/05\/27\/policia-militar-apreende-arma-de-fogo-apos-confronto-com-dupla-em-motocicleta-no-litoral-norte\/\"]}]},{\"@type\":\"BreadcrumbList\",\"@id\":\"https:\/\/www.pm.pb.gov.br\/portal\/2023\/05\/27\/policia-militar-apreende-arma-de-fogo-apos-confronto-com-dupla-em-motocicleta-no-litoral-norte\/#breadcrumb\",\"itemListElement\":[{\"@type\":\"ListItem\",\"position\":1,\"name\":\"In\u00edcio\",\"item\":\"https:\/\/www.pm.pb.gov.br\/portal\/\"},{\"@type\":\"ListItem\",\"position\":2,\"name\":\"Pol\u00edcia Militar apreende arma de fogo ap\u00f3s confronto com dupla em motocicleta, no litoral norte\"}]},{\"@type\":\"WebSite\",\"@id\":\"https:\/\/www.pm.pb.gov.br\/portal\/#website\",\"url\":\"https:\/\/www.pm.pb.gov.br\/portal\/\",\"name\":\"Pol\u00edcia Militar da Para\u00edba\",\"description\":\"\",\"publisher\":{\"@id\":\"https:\/\/www.pm.pb.gov.br\/portal\/#organization\"},\"potentialAction\":[{\"@type\":\"SearchAction\",\"target\":{\"@type\":\"EntryPoint\",\"urlTemplate\":\"https:\/\/www.pm.pb.gov.br\/portal\/?s={search_term_string}\"},\"query-input\":\"required name=search_term_string\"}],\"inLanguage\":\"pt-BR\"},{\"@type\":\"Organization\",\"@id\":\"https:\/\/www.pm.pb.gov.br\/portal\/#organization\",\"name\":\"Pol\u00edcia Militar da Para\u00edba\",\"url\":\"https:\/\/www.pm.pb.gov.br\/portal\/\",\"logo\":{\"@type\":\"ImageObject\",\"inLanguage\":\"pt-BR\",\"@id\":\"https:\/\/www.pm.pb.gov.br\/portal\/#\/schema\/logo\/image\/\",\"url\":\"https:\/\/www.pm.pb.gov.br\/portal\/wp-content\/uploads\/2025\/03\/cropped-logo-site-mag2-1.png\",\"contentUrl\":\"https:\/\/www.pm.pb.gov.br\/portal\/wp-content\/uploads\/2025\/03\/cropped-logo-site-mag2-1.png\",\"width\":320,\"height\":90,\"caption\":\"Pol\u00edcia Militar da Para\u00edba\"},\"image\":{\"@id\":\"https:\/\/www.pm.pb.gov.br\/portal\/#\/schema\/logo\/image\/\"}},{\"@type\":\"Person\",\"@id\":\"https:\/\/www.pm.pb.gov.br\/portal\/#\/schema\/person\/f84f56dcc78ce4357054da888b8247fd\",\"name\":\"Tarcisio Oliveira\",\"image\":{\"@type\":\"ImageObject\",\"inLanguage\":\"pt-BR\",\"@id\":\"https:\/\/www.pm.pb.gov.br\/portal\/#\/schema\/person\/image\/\",\"url\":\"https:\/\/secure.gravatar.com\/avatar\/72917b630b69d31cd0297507f34bac97?s=96&d=mm&r=g\",\"contentUrl\":\"https:\/\/secure.gravatar.com\/avatar\/72917b630b69d31cd0297507f34bac97?s=96&d=mm&r=g\",\"caption\":\"Tarcisio Oliveira\"},\"url\":\"https:\/\/www.pm.pb.gov.br\/portal\/author\/tarcisio\/\"}]}<\/script>\n<!-- \/ Yoast SEO plugin. -->","yoast_head_json":{"title":"Pol\u00edcia Militar apreende arma de fogo ap\u00f3s confronto com dupla em motocicleta, no litoral norte - Pol\u00edcia Militar da Para\u00edba","robots":{"index":"index","follow":"follow","max-snippet":"max-snippet:-1","max-image-preview":"max-image-preview:large","max-video-preview":"max-video-preview:-1"},"canonical":"https:\/\/www.pm.pb.gov.br\/portal\/2023\/05\/27\/policia-militar-apreende-arma-de-fogo-apos-confronto-com-dupla-em-motocicleta-no-litoral-norte\/","og_locale":"pt_BR","og_type":"article","og_title":"Pol\u00edcia Militar apreende arma de fogo ap\u00f3s confronto com dupla em motocicleta, no litoral norte - Pol\u00edcia Militar da Para\u00edba","og_description":"A Pol\u00edcia Militar apreendeu, na noite de sexta-feira (26), um rev\u00f3lver calibre 38 (foto ao lado), ap\u00f3s confronto com uma","og_url":"https:\/\/www.pm.pb.gov.br\/portal\/2023\/05\/27\/policia-militar-apreende-arma-de-fogo-apos-confronto-com-dupla-em-motocicleta-no-litoral-norte\/","og_site_name":"Pol\u00edcia Militar da Para\u00edba","article_published_time":"2023-05-27T08:33:00+00:00","article_modified_time":"2023-05-27T14:51:59+00:00","og_image":[{"width":800,"height":445,"url":"http:\/\/www.pm.pb.gov.br\/portal\/wp-content\/uploads\/2019\/04\/t\u00e1tica2cipm1.jpeg","type":"image\/jpeg"}],"author":"Tarcisio Oliveira","twitter_card":"summary_large_image","twitter_misc":{"Escrito por":"Tarcisio Oliveira","Est. tempo de leitura":"2 minutos"},"schema":{"@context":"https:\/\/schema.org","@graph":[{"@type":"Article","@id":"https:\/\/www.pm.pb.gov.br\/portal\/2023\/05\/27\/policia-militar-apreende-arma-de-fogo-apos-confronto-com-dupla-em-motocicleta-no-litoral-norte\/#article","isPartOf":{"@id":"https:\/\/www.pm.pb.gov.br\/portal\/2023\/05\/27\/policia-militar-apreende-arma-de-fogo-apos-confronto-com-dupla-em-motocicleta-no-litoral-norte\/"},"author":{"name":"Tarcisio Oliveira","@id":"https:\/\/www.pm.pb.gov.br\/portal\/#\/schema\/person\/f84f56dcc78ce4357054da888b8247fd"},"headline":"Pol\u00edcia Militar apreende arma de fogo ap\u00f3s confronto com dupla em motocicleta, no litoral norte","datePublished":"2023-05-27T08:33:00+00:00","dateModified":"2023-05-27T14:51:59+00:00","mainEntityOfPage":{"@id":"https:\/\/www.pm.pb.gov.br\/portal\/2023\/05\/27\/policia-militar-apreende-arma-de-fogo-apos-confronto-com-dupla-em-motocicleta-no-litoral-norte\/"},"wordCount":192,"publisher":{"@id":"https:\/\/www.pm.pb.gov.br\/portal\/#organization"},"articleSection":["A\u00e7\u00f5es Policiais"],"inLanguage":"pt-BR"},{"@type":"WebPage","@id":"https:\/\/www.pm.pb.gov.br\/portal\/2023\/05\/27\/policia-militar-apreende-arma-de-fogo-apos-confronto-com-dupla-em-motocicleta-no-litoral-norte\/","url":"https:\/\/www.pm.pb.gov.br\/portal\/2023\/05\/27\/policia-militar-apreende-arma-de-fogo-apos-confronto-com-dupla-em-motocicleta-no-litoral-norte\/","name":"Pol\u00edcia Militar apreende arma de fogo ap\u00f3s confronto com dupla em motocicleta, no litoral norte - Pol\u00edcia Militar da Para\u00edba","isPartOf":{"@id":"https:\/\/www.pm.pb.gov.br\/portal\/#website"},"datePublished":"2023-05-27T08:33:00+00:00","dateModified":"2023-05-27T14:51:59+00:00","breadcrumb":{"@id":"https:\/\/www.pm.pb.gov.br\/portal\/2023\/05\/27\/policia-militar-apreende-arma-de-fogo-apos-confronto-com-dupla-em-motocicleta-no-litoral-norte\/#breadcrumb"},"inLanguage":"pt-BR","potentialAction":[{"@type":"ReadAction","target":["https:\/\/www.pm.pb.gov.br\/portal\/2023\/05\/27\/policia-militar-apreende-arma-de-fogo-apos-confronto-com-dupla-em-motocicleta-no-litoral-norte\/"]}]},{"@type":"BreadcrumbList","@id":"https:\/\/www.pm.pb.gov.br\/portal\/2023\/05\/27\/policia-militar-apreende-arma-de-fogo-apos-confronto-com-dupla-em-motocicleta-no-litoral-norte\/#breadcrumb","itemListElement":[{"@type":"ListItem","position":1,"name":"In\u00edcio","item":"https:\/\/www.pm.pb.gov.br\/portal\/"},{"@type":"ListItem","position":2,"name":"Pol\u00edcia Militar apreende arma de fogo ap\u00f3s confronto com dupla em motocicleta, no litoral norte"}]},{"@type":"WebSite","@id":"https:\/\/www.pm.pb.gov.br\/portal\/#website","url":"https:\/\/www.pm.pb.gov.br\/portal\/","name":"Pol\u00edcia Militar da Para\u00edba","description":"","publisher":{"@id":"https:\/\/www.pm.pb.gov.br\/portal\/#organization"},"potentialAction":[{"@type":"SearchAction","target":{"@type":"EntryPoint","urlTemplate":"https:\/\/www.pm.pb.gov.br\/portal\/?s={search_term_string}"},"query-input":"required name=search_term_string"}],"inLanguage":"pt-BR"},{"@type":"Organization","@id":"https:\/\/www.pm.pb.gov.br\/portal\/#organization","name":"Pol\u00edcia Militar da Para\u00edba","url":"https:\/\/www.pm.pb.gov.br\/portal\/","logo":{"@type":"ImageObject","inLanguage":"pt-BR","@id":"https:\/\/www.pm.pb.gov.br\/portal\/#\/schema\/logo\/image\/","url":"https:\/\/www.pm.pb.gov.br\/portal\/wp-content\/uploads\/2025\/03\/cropped-logo-site-mag2-1.png","contentUrl":"https:\/\/www.pm.pb.gov.br\/portal\/wp-content\/uploads\/2025\/03\/cropped-logo-site-mag2-1.png","width":320,"height":90,"caption":"Pol\u00edcia Militar da Para\u00edba"},"image":{"@id":"https:\/\/www.pm.pb.gov.br\/portal\/#\/schema\/logo\/image\/"}},{"@type":"Person","@id":"https:\/\/www.pm.pb.gov.br\/portal\/#\/schema\/person\/f84f56dcc78ce4357054da888b8247fd","name":"Tarcisio Oliveira","image":{"@type":"ImageObject","inLanguage":"pt-BR","@id":"https:\/\/www.pm.pb.gov.br\/portal\/#\/schema\/person\/image\/","url":"https:\/\/secure.gravatar.com\/avatar\/72917b630b69d31cd0297507f34bac97?s=96&d=mm&r=g","contentUrl":"https:\/\/secure.gravatar.com\/avatar\/72917b630b69d31cd0297507f34bac97?s=96&d=mm&r=g","caption":"Tarcisio Oliveira"},"url":"https:\/\/www.pm.pb.gov.br\/portal\/author\/tarcisio\/"}]}},"_links":{"self":[{"href":"https:\/\/www.pm.pb.gov.br\/portal\/wp-json\/wp\/v2\/posts\/916631"}],"collection":[{"href":"https:\/\/www.pm.pb.gov.br\/portal\/wp-json\/wp\/v2\/posts"}],"about":[{"href":"https:\/\/www.pm.pb.gov.br\/portal\/wp-json\/wp\/v2\/types\/post"}],"author":[{"embeddable":true,"href":"https:\/\/www.pm.pb.gov.br\/portal\/wp-json\/wp\/v2\/users\/12"}],"replies":[{"embeddable":true,"href":"https:\/\/www.pm.pb.gov.br\/portal\/wp-json\/wp\/v2\/comments?post=916631"}],"version-history":[{"count":1,"href":"https:\/\/www.pm.pb.gov.br\/portal\/wp-json\/wp\/v2\/posts\/916631\/revisions"}],"predecessor-version":[{"id":916633,"href":"https:\/\/www.pm.pb.gov.br\/portal\/wp-json\/wp\/v2\/posts\/916631\/revisions\/916633"}],"wp:featuredmedia":[{"embeddable":true,"href":"https:\/\/www.pm.pb.gov.br\/portal\/wp-json\/wp\/v2\/media\/900550"}],"wp:attachment":[{"href":"https:\/\/www.pm.pb.gov.br\/portal\/wp-json\/wp\/v2\/media?parent=916631"}],"wp:term":[{"taxonomy":"category","embeddable":true,"href":"https:\/\/www.pm.pb.gov.br\/portal\/wp-json\/wp\/v2\/categories?post=916631"},{"taxonomy":"post_tag","embeddable":true,"href":"https:\/\/www.pm.pb.gov.br\/portal\/wp-json\/wp\/v2\/tags?post=916631"}],"curies":[{"name":"wp","href":"https:\/\/api.w.org\/{rel}","templated":true}]}}