{"id":916627,"date":"2023-05-27T11:07:06","date_gmt":"2023-05-27T14:07:06","guid":{"rendered":"https:\/\/www.pm.pb.gov.br\/portal\/?p=916627"},"modified":"2023-05-27T11:07:09","modified_gmt":"2023-05-27T14:07:09","slug":"policia-militar-intensifica-acoes-na-zona-sul-da-capital-e-prende-tres-suspeitos-com-armas-de-fogo-e-drogas","status":"publish","type":"post","link":"https:\/\/www.pm.pb.gov.br\/portal\/2023\/05\/27\/policia-militar-intensifica-acoes-na-zona-sul-da-capital-e-prende-tres-suspeitos-com-armas-de-fogo-e-drogas\/","title":{"rendered":"Pol\u00edcia Militar intensifica a\u00e7\u00f5es na zona sul da capital e prende tr\u00eas suspeitos com armas de fogo e drogas"},"content":{"rendered":"\n\n\n<p>O final de semana come\u00e7ou com a\u00e7\u00f5es intensificadas da Pol\u00edcia Militar na regi\u00e3o sul de Jo\u00e3o Pessoa. Tr\u00eas pessoas foram presas, duas armas de fogo foram apreendidas e mais de 130 por\u00e7\u00f5es de drogas foram retiradas de circula\u00e7\u00e3o na madrugada deste s\u00e1bado (27), em pelo menos quatro bairros (foto acima ilustrativa).<\/p>\n<p>Policiais do 5\u00ba Batalh\u00e3o apreenderam uma espingarda calibre 12 que estava com um homem de 33 anos de idade no bairro do Jo\u00e3o Paulo II. J\u00e1 no bairro de Valentina de Figueiredo, um acusado tinha 37 anos de idade estava com um rev\u00f3lver calibre 38 e mais 75 por\u00e7\u00f5es de subst\u00e2ncia semelhante \u00e0 maconha. Ambos os suspeitos tentaram fugir ao perceberem a presen\u00e7a da PM nas comunidades, mas foram detidos (fotos abaixo).<\/p>\n<p><img loading=\"lazy\" decoding=\"async\" class=\" wp-image-916628 aligncenter\" src=\"http:\/\/www.pm.pb.gov.br\/portal\/wp-content\/uploads\/2023\/05\/zonasul.jpeg\" alt=\"\" width=\"460\" height=\"402\" \/><\/p>\n<p>\u00a0<\/p>\n<p><img loading=\"lazy\" decoding=\"async\" class=\" wp-image-916629 aligncenter\" src=\"http:\/\/www.pm.pb.gov.br\/portal\/wp-content\/uploads\/2023\/05\/zonasul1-1-334x445.jpeg\" alt=\"\" width=\"323\" height=\"430\" srcset=\"https:\/\/www.pm.pb.gov.br\/portal\/wp-content\/uploads\/2023\/05\/zonasul1-1-334x445.jpeg 334w, https:\/\/www.pm.pb.gov.br\/portal\/wp-content\/uploads\/2023\/05\/zonasul1-1-428x570.jpeg 428w, https:\/\/www.pm.pb.gov.br\/portal\/wp-content\/uploads\/2023\/05\/zonasul1-1-768x1024.jpeg 768w, https:\/\/www.pm.pb.gov.br\/portal\/wp-content\/uploads\/2023\/05\/zonasul1-1-1152x1536.jpeg 1152w, https:\/\/www.pm.pb.gov.br\/portal\/wp-content\/uploads\/2023\/05\/zonasul1-1.jpeg 1200w\" sizes=\"(max-width: 323px) 100vw, 323px\" \/><\/p>\n<p>J\u00e1 no bairro de Mangabeira, policiais da For\u00e7a Regional abordaram e prenderam um homem de 23 anos de idade que estava com 13 papelotes de por\u00e7\u00f5es an\u00e1logas a maconha, e mais de R$ 500, na localidade da Feirinha. Tamb\u00e9m na regi\u00e3o, 43 por\u00e7\u00f5es de maconha, coca\u00edna, crack e comprimidos, foram localizados e apreendidos. Os suspeitos que portavam os entorpecentes conseguiram fugir, mas seguem sendo procurados.<\/p>\n<p>Todas as ocorr\u00eancias foram apresentadas na Central de Flagrantes para os procedimentos cab\u00edveis e competente investiga\u00e7\u00e3o. A suspeita \u00e9 que os acusados presos com armas iriam cometer novos crimes, delitos que foram frustrados pela PM.<\/p>\n","protected":false},"excerpt":{"rendered":"<p>O final de semana come\u00e7ou com a\u00e7\u00f5es intensificadas da Pol\u00edcia Militar na regi\u00e3o sul de Jo\u00e3o Pessoa. Tr\u00eas pessoas foram<\/p>\n","protected":false},"author":12,"featured_media":908132,"comment_status":"closed","ping_status":"closed","sticky":false,"template":"","format":"standard","meta":{"_exactmetrics_skip_tracking":false,"_exactmetrics_sitenote_active":false,"_exactmetrics_sitenote_note":"","_exactmetrics_sitenote_category":0,"footnotes":""},"categories":[4],"tags":[],"yoast_head":"<!-- This site is optimized with the Yoast SEO plugin v22.0 - https:\/\/yoast.com\/wordpress\/plugins\/seo\/ -->\n<title>Pol\u00edcia Militar intensifica a\u00e7\u00f5es na zona sul da capital e prende tr\u00eas suspeitos com armas de fogo e drogas - Pol\u00edcia Militar da Para\u00edba<\/title>\n<meta name=\"robots\" content=\"index, follow, max-snippet:-1, max-image-preview:large, max-video-preview:-1\" \/>\n<link rel=\"canonical\" href=\"https:\/\/www.pm.pb.gov.br\/portal\/2023\/05\/27\/policia-militar-intensifica-acoes-na-zona-sul-da-capital-e-prende-tres-suspeitos-com-armas-de-fogo-e-drogas\/\" \/>\n<meta property=\"og:locale\" content=\"pt_BR\" \/>\n<meta property=\"og:type\" content=\"article\" \/>\n<meta property=\"og:title\" content=\"Pol\u00edcia Militar intensifica a\u00e7\u00f5es na zona sul da capital e prende tr\u00eas suspeitos com armas de fogo e drogas - Pol\u00edcia Militar da Para\u00edba\" \/>\n<meta property=\"og:description\" content=\"O final de semana come\u00e7ou com a\u00e7\u00f5es intensificadas da Pol\u00edcia Militar na regi\u00e3o sul de Jo\u00e3o Pessoa. Tr\u00eas pessoas foram\" \/>\n<meta property=\"og:url\" content=\"https:\/\/www.pm.pb.gov.br\/portal\/2023\/05\/27\/policia-militar-intensifica-acoes-na-zona-sul-da-capital-e-prende-tres-suspeitos-com-armas-de-fogo-e-drogas\/\" \/>\n<meta property=\"og:site_name\" content=\"Pol\u00edcia Militar da Para\u00edba\" \/>\n<meta property=\"article:published_time\" content=\"2023-05-27T14:07:06+00:00\" \/>\n<meta property=\"article:modified_time\" content=\"2023-05-27T14:07:09+00:00\" \/>\n<meta property=\"og:image\" content=\"http:\/\/www.pm.pb.gov.br\/portal\/wp-content\/uploads\/2020\/11\/5bpm.jpeg\" \/>\n\t<meta property=\"og:image:width\" content=\"800\" \/>\n\t<meta property=\"og:image:height\" content=\"445\" \/>\n\t<meta property=\"og:image:type\" content=\"image\/jpeg\" \/>\n<meta name=\"author\" content=\"Tarcisio Oliveira\" \/>\n<meta name=\"twitter:card\" content=\"summary_large_image\" \/>\n<meta name=\"twitter:label1\" content=\"Escrito por\" \/>\n\t<meta name=\"twitter:data1\" content=\"Tarcisio Oliveira\" \/>\n\t<meta name=\"twitter:label2\" content=\"Est. tempo de leitura\" \/>\n\t<meta name=\"twitter:data2\" content=\"2 minutos\" \/>\n<script type=\"application\/ld+json\" class=\"yoast-schema-graph\">{\"@context\":\"https:\/\/schema.org\",\"@graph\":[{\"@type\":\"Article\",\"@id\":\"https:\/\/www.pm.pb.gov.br\/portal\/2023\/05\/27\/policia-militar-intensifica-acoes-na-zona-sul-da-capital-e-prende-tres-suspeitos-com-armas-de-fogo-e-drogas\/#article\",\"isPartOf\":{\"@id\":\"https:\/\/www.pm.pb.gov.br\/portal\/2023\/05\/27\/policia-militar-intensifica-acoes-na-zona-sul-da-capital-e-prende-tres-suspeitos-com-armas-de-fogo-e-drogas\/\"},\"author\":{\"name\":\"Tarcisio Oliveira\",\"@id\":\"https:\/\/www.pm.pb.gov.br\/portal\/#\/schema\/person\/f84f56dcc78ce4357054da888b8247fd\"},\"headline\":\"Pol\u00edcia Militar intensifica a\u00e7\u00f5es na zona sul da capital e prende tr\u00eas suspeitos com armas de fogo e drogas\",\"datePublished\":\"2023-05-27T14:07:06+00:00\",\"dateModified\":\"2023-05-27T14:07:09+00:00\",\"mainEntityOfPage\":{\"@id\":\"https:\/\/www.pm.pb.gov.br\/portal\/2023\/05\/27\/policia-militar-intensifica-acoes-na-zona-sul-da-capital-e-prende-tres-suspeitos-com-armas-de-fogo-e-drogas\/\"},\"wordCount\":256,\"publisher\":{\"@id\":\"https:\/\/www.pm.pb.gov.br\/portal\/#organization\"},\"articleSection\":[\"A\u00e7\u00f5es Policiais\"],\"inLanguage\":\"pt-BR\"},{\"@type\":\"WebPage\",\"@id\":\"https:\/\/www.pm.pb.gov.br\/portal\/2023\/05\/27\/policia-militar-intensifica-acoes-na-zona-sul-da-capital-e-prende-tres-suspeitos-com-armas-de-fogo-e-drogas\/\",\"url\":\"https:\/\/www.pm.pb.gov.br\/portal\/2023\/05\/27\/policia-militar-intensifica-acoes-na-zona-sul-da-capital-e-prende-tres-suspeitos-com-armas-de-fogo-e-drogas\/\",\"name\":\"Pol\u00edcia Militar intensifica a\u00e7\u00f5es na zona sul da capital e prende tr\u00eas suspeitos com armas de fogo e drogas - Pol\u00edcia Militar da Para\u00edba\",\"isPartOf\":{\"@id\":\"https:\/\/www.pm.pb.gov.br\/portal\/#website\"},\"datePublished\":\"2023-05-27T14:07:06+00:00\",\"dateModified\":\"2023-05-27T14:07:09+00:00\",\"breadcrumb\":{\"@id\":\"https:\/\/www.pm.pb.gov.br\/portal\/2023\/05\/27\/policia-militar-intensifica-acoes-na-zona-sul-da-capital-e-prende-tres-suspeitos-com-armas-de-fogo-e-drogas\/#breadcrumb\"},\"inLanguage\":\"pt-BR\",\"potentialAction\":[{\"@type\":\"ReadAction\",\"target\":[\"https:\/\/www.pm.pb.gov.br\/portal\/2023\/05\/27\/policia-militar-intensifica-acoes-na-zona-sul-da-capital-e-prende-tres-suspeitos-com-armas-de-fogo-e-drogas\/\"]}]},{\"@type\":\"BreadcrumbList\",\"@id\":\"https:\/\/www.pm.pb.gov.br\/portal\/2023\/05\/27\/policia-militar-intensifica-acoes-na-zona-sul-da-capital-e-prende-tres-suspeitos-com-armas-de-fogo-e-drogas\/#breadcrumb\",\"itemListElement\":[{\"@type\":\"ListItem\",\"position\":1,\"name\":\"In\u00edcio\",\"item\":\"https:\/\/www.pm.pb.gov.br\/portal\/\"},{\"@type\":\"ListItem\",\"position\":2,\"name\":\"Pol\u00edcia Militar intensifica a\u00e7\u00f5es na zona sul da capital e prende tr\u00eas suspeitos com armas de fogo e drogas\"}]},{\"@type\":\"WebSite\",\"@id\":\"https:\/\/www.pm.pb.gov.br\/portal\/#website\",\"url\":\"https:\/\/www.pm.pb.gov.br\/portal\/\",\"name\":\"Pol\u00edcia Militar da Para\u00edba\",\"description\":\"\",\"publisher\":{\"@id\":\"https:\/\/www.pm.pb.gov.br\/portal\/#organization\"},\"potentialAction\":[{\"@type\":\"SearchAction\",\"target\":{\"@type\":\"EntryPoint\",\"urlTemplate\":\"https:\/\/www.pm.pb.gov.br\/portal\/?s={search_term_string}\"},\"query-input\":\"required name=search_term_string\"}],\"inLanguage\":\"pt-BR\"},{\"@type\":\"Organization\",\"@id\":\"https:\/\/www.pm.pb.gov.br\/portal\/#organization\",\"name\":\"Pol\u00edcia Militar da Para\u00edba\",\"url\":\"https:\/\/www.pm.pb.gov.br\/portal\/\",\"logo\":{\"@type\":\"ImageObject\",\"inLanguage\":\"pt-BR\",\"@id\":\"https:\/\/www.pm.pb.gov.br\/portal\/#\/schema\/logo\/image\/\",\"url\":\"https:\/\/www.pm.pb.gov.br\/portal\/wp-content\/uploads\/2025\/03\/cropped-logo-site-mag2-1.png\",\"contentUrl\":\"https:\/\/www.pm.pb.gov.br\/portal\/wp-content\/uploads\/2025\/03\/cropped-logo-site-mag2-1.png\",\"width\":320,\"height\":90,\"caption\":\"Pol\u00edcia Militar da Para\u00edba\"},\"image\":{\"@id\":\"https:\/\/www.pm.pb.gov.br\/portal\/#\/schema\/logo\/image\/\"}},{\"@type\":\"Person\",\"@id\":\"https:\/\/www.pm.pb.gov.br\/portal\/#\/schema\/person\/f84f56dcc78ce4357054da888b8247fd\",\"name\":\"Tarcisio Oliveira\",\"image\":{\"@type\":\"ImageObject\",\"inLanguage\":\"pt-BR\",\"@id\":\"https:\/\/www.pm.pb.gov.br\/portal\/#\/schema\/person\/image\/\",\"url\":\"https:\/\/secure.gravatar.com\/avatar\/72917b630b69d31cd0297507f34bac97?s=96&d=mm&r=g\",\"contentUrl\":\"https:\/\/secure.gravatar.com\/avatar\/72917b630b69d31cd0297507f34bac97?s=96&d=mm&r=g\",\"caption\":\"Tarcisio Oliveira\"},\"url\":\"https:\/\/www.pm.pb.gov.br\/portal\/author\/tarcisio\/\"}]}<\/script>\n<!-- \/ Yoast SEO plugin. -->","yoast_head_json":{"title":"Pol\u00edcia Militar intensifica a\u00e7\u00f5es na zona sul da capital e prende tr\u00eas suspeitos com armas de fogo e drogas - Pol\u00edcia Militar da Para\u00edba","robots":{"index":"index","follow":"follow","max-snippet":"max-snippet:-1","max-image-preview":"max-image-preview:large","max-video-preview":"max-video-preview:-1"},"canonical":"https:\/\/www.pm.pb.gov.br\/portal\/2023\/05\/27\/policia-militar-intensifica-acoes-na-zona-sul-da-capital-e-prende-tres-suspeitos-com-armas-de-fogo-e-drogas\/","og_locale":"pt_BR","og_type":"article","og_title":"Pol\u00edcia Militar intensifica a\u00e7\u00f5es na zona sul da capital e prende tr\u00eas suspeitos com armas de fogo e drogas - Pol\u00edcia Militar da Para\u00edba","og_description":"O final de semana come\u00e7ou com a\u00e7\u00f5es intensificadas da Pol\u00edcia Militar na regi\u00e3o sul de Jo\u00e3o Pessoa. Tr\u00eas pessoas foram","og_url":"https:\/\/www.pm.pb.gov.br\/portal\/2023\/05\/27\/policia-militar-intensifica-acoes-na-zona-sul-da-capital-e-prende-tres-suspeitos-com-armas-de-fogo-e-drogas\/","og_site_name":"Pol\u00edcia Militar da Para\u00edba","article_published_time":"2023-05-27T14:07:06+00:00","article_modified_time":"2023-05-27T14:07:09+00:00","og_image":[{"width":800,"height":445,"url":"http:\/\/www.pm.pb.gov.br\/portal\/wp-content\/uploads\/2020\/11\/5bpm.jpeg","type":"image\/jpeg"}],"author":"Tarcisio Oliveira","twitter_card":"summary_large_image","twitter_misc":{"Escrito por":"Tarcisio Oliveira","Est. tempo de leitura":"2 minutos"},"schema":{"@context":"https:\/\/schema.org","@graph":[{"@type":"Article","@id":"https:\/\/www.pm.pb.gov.br\/portal\/2023\/05\/27\/policia-militar-intensifica-acoes-na-zona-sul-da-capital-e-prende-tres-suspeitos-com-armas-de-fogo-e-drogas\/#article","isPartOf":{"@id":"https:\/\/www.pm.pb.gov.br\/portal\/2023\/05\/27\/policia-militar-intensifica-acoes-na-zona-sul-da-capital-e-prende-tres-suspeitos-com-armas-de-fogo-e-drogas\/"},"author":{"name":"Tarcisio Oliveira","@id":"https:\/\/www.pm.pb.gov.br\/portal\/#\/schema\/person\/f84f56dcc78ce4357054da888b8247fd"},"headline":"Pol\u00edcia Militar intensifica a\u00e7\u00f5es na zona sul da capital e prende tr\u00eas suspeitos com armas de fogo e drogas","datePublished":"2023-05-27T14:07:06+00:00","dateModified":"2023-05-27T14:07:09+00:00","mainEntityOfPage":{"@id":"https:\/\/www.pm.pb.gov.br\/portal\/2023\/05\/27\/policia-militar-intensifica-acoes-na-zona-sul-da-capital-e-prende-tres-suspeitos-com-armas-de-fogo-e-drogas\/"},"wordCount":256,"publisher":{"@id":"https:\/\/www.pm.pb.gov.br\/portal\/#organization"},"articleSection":["A\u00e7\u00f5es Policiais"],"inLanguage":"pt-BR"},{"@type":"WebPage","@id":"https:\/\/www.pm.pb.gov.br\/portal\/2023\/05\/27\/policia-militar-intensifica-acoes-na-zona-sul-da-capital-e-prende-tres-suspeitos-com-armas-de-fogo-e-drogas\/","url":"https:\/\/www.pm.pb.gov.br\/portal\/2023\/05\/27\/policia-militar-intensifica-acoes-na-zona-sul-da-capital-e-prende-tres-suspeitos-com-armas-de-fogo-e-drogas\/","name":"Pol\u00edcia Militar intensifica a\u00e7\u00f5es na zona sul da capital e prende tr\u00eas suspeitos com armas de fogo e drogas - Pol\u00edcia Militar da Para\u00edba","isPartOf":{"@id":"https:\/\/www.pm.pb.gov.br\/portal\/#website"},"datePublished":"2023-05-27T14:07:06+00:00","dateModified":"2023-05-27T14:07:09+00:00","breadcrumb":{"@id":"https:\/\/www.pm.pb.gov.br\/portal\/2023\/05\/27\/policia-militar-intensifica-acoes-na-zona-sul-da-capital-e-prende-tres-suspeitos-com-armas-de-fogo-e-drogas\/#breadcrumb"},"inLanguage":"pt-BR","potentialAction":[{"@type":"ReadAction","target":["https:\/\/www.pm.pb.gov.br\/portal\/2023\/05\/27\/policia-militar-intensifica-acoes-na-zona-sul-da-capital-e-prende-tres-suspeitos-com-armas-de-fogo-e-drogas\/"]}]},{"@type":"BreadcrumbList","@id":"https:\/\/www.pm.pb.gov.br\/portal\/2023\/05\/27\/policia-militar-intensifica-acoes-na-zona-sul-da-capital-e-prende-tres-suspeitos-com-armas-de-fogo-e-drogas\/#breadcrumb","itemListElement":[{"@type":"ListItem","position":1,"name":"In\u00edcio","item":"https:\/\/www.pm.pb.gov.br\/portal\/"},{"@type":"ListItem","position":2,"name":"Pol\u00edcia Militar intensifica a\u00e7\u00f5es na zona sul da capital e prende tr\u00eas suspeitos com armas de fogo e drogas"}]},{"@type":"WebSite","@id":"https:\/\/www.pm.pb.gov.br\/portal\/#website","url":"https:\/\/www.pm.pb.gov.br\/portal\/","name":"Pol\u00edcia Militar da Para\u00edba","description":"","publisher":{"@id":"https:\/\/www.pm.pb.gov.br\/portal\/#organization"},"potentialAction":[{"@type":"SearchAction","target":{"@type":"EntryPoint","urlTemplate":"https:\/\/www.pm.pb.gov.br\/portal\/?s={search_term_string}"},"query-input":"required name=search_term_string"}],"inLanguage":"pt-BR"},{"@type":"Organization","@id":"https:\/\/www.pm.pb.gov.br\/portal\/#organization","name":"Pol\u00edcia Militar da Para\u00edba","url":"https:\/\/www.pm.pb.gov.br\/portal\/","logo":{"@type":"ImageObject","inLanguage":"pt-BR","@id":"https:\/\/www.pm.pb.gov.br\/portal\/#\/schema\/logo\/image\/","url":"https:\/\/www.pm.pb.gov.br\/portal\/wp-content\/uploads\/2025\/03\/cropped-logo-site-mag2-1.png","contentUrl":"https:\/\/www.pm.pb.gov.br\/portal\/wp-content\/uploads\/2025\/03\/cropped-logo-site-mag2-1.png","width":320,"height":90,"caption":"Pol\u00edcia Militar da Para\u00edba"},"image":{"@id":"https:\/\/www.pm.pb.gov.br\/portal\/#\/schema\/logo\/image\/"}},{"@type":"Person","@id":"https:\/\/www.pm.pb.gov.br\/portal\/#\/schema\/person\/f84f56dcc78ce4357054da888b8247fd","name":"Tarcisio Oliveira","image":{"@type":"ImageObject","inLanguage":"pt-BR","@id":"https:\/\/www.pm.pb.gov.br\/portal\/#\/schema\/person\/image\/","url":"https:\/\/secure.gravatar.com\/avatar\/72917b630b69d31cd0297507f34bac97?s=96&d=mm&r=g","contentUrl":"https:\/\/secure.gravatar.com\/avatar\/72917b630b69d31cd0297507f34bac97?s=96&d=mm&r=g","caption":"Tarcisio Oliveira"},"url":"https:\/\/www.pm.pb.gov.br\/portal\/author\/tarcisio\/"}]}},"_links":{"self":[{"href":"https:\/\/www.pm.pb.gov.br\/portal\/wp-json\/wp\/v2\/posts\/916627"}],"collection":[{"href":"https:\/\/www.pm.pb.gov.br\/portal\/wp-json\/wp\/v2\/posts"}],"about":[{"href":"https:\/\/www.pm.pb.gov.br\/portal\/wp-json\/wp\/v2\/types\/post"}],"author":[{"embeddable":true,"href":"https:\/\/www.pm.pb.gov.br\/portal\/wp-json\/wp\/v2\/users\/12"}],"replies":[{"embeddable":true,"href":"https:\/\/www.pm.pb.gov.br\/portal\/wp-json\/wp\/v2\/comments?post=916627"}],"version-history":[{"count":1,"href":"https:\/\/www.pm.pb.gov.br\/portal\/wp-json\/wp\/v2\/posts\/916627\/revisions"}],"predecessor-version":[{"id":916630,"href":"https:\/\/www.pm.pb.gov.br\/portal\/wp-json\/wp\/v2\/posts\/916627\/revisions\/916630"}],"wp:featuredmedia":[{"embeddable":true,"href":"https:\/\/www.pm.pb.gov.br\/portal\/wp-json\/wp\/v2\/media\/908132"}],"wp:attachment":[{"href":"https:\/\/www.pm.pb.gov.br\/portal\/wp-json\/wp\/v2\/media?parent=916627"}],"wp:term":[{"taxonomy":"category","embeddable":true,"href":"https:\/\/www.pm.pb.gov.br\/portal\/wp-json\/wp\/v2\/categories?post=916627"},{"taxonomy":"post_tag","embeddable":true,"href":"https:\/\/www.pm.pb.gov.br\/portal\/wp-json\/wp\/v2\/tags?post=916627"}],"curies":[{"name":"wp","href":"https:\/\/api.w.org\/{rel}","templated":true}]}}