{"id":916625,"date":"2023-05-27T09:49:10","date_gmt":"2023-05-27T12:49:10","guid":{"rendered":"https:\/\/www.pm.pb.gov.br\/portal\/?p=916625"},"modified":"2023-05-27T13:26:22","modified_gmt":"2023-05-27T16:26:22","slug":"saude-semana-comeca-com-vacinacao-para-policiais-militares-e-dependentes-no-qcg","status":"publish","type":"post","link":"https:\/\/www.pm.pb.gov.br\/portal\/2023\/05\/27\/saude-semana-comeca-com-vacinacao-para-policiais-militares-e-dependentes-no-qcg\/","title":{"rendered":"SA\u00daDE: Semana come\u00e7a com vacina\u00e7\u00e3o para policiais militares e dependentes no QCG"},"content":{"rendered":"\n\n\n<p>A semana come\u00e7a ainda mais segura para os policiais militares que comp\u00f5em o Quartel do Comando Geral da PMPB. A Diretoria de Sa\u00fade e Assist\u00eancia Social (DSAS), atrav\u00e9s da Policl\u00ednica, disponibilizar\u00e1 aos policiais a aplica\u00e7\u00e3o de todas as vacinas do calend\u00e1rio vacinal. A a\u00e7\u00e3o acontece na manh\u00e3 de segunda-feira (29).<\/p>\n<p>Al\u00e9m dos policiais militares, tamb\u00e9m poder\u00e3o ser vacinados familiares, dependentes e crian\u00e7as, j\u00e1 que a preven\u00e7\u00e3o alcan\u00e7a o p\u00fablico de todas as idades. De acordo com a dire\u00e7\u00e3o da Policl\u00ednica, as vacinas ser\u00e3o aplicadas das 8h \u00e0s 12h, no audit\u00f3rio do Quartel. A Policl\u00ednica orienta tamb\u00e9m que, caso os policiais possuam carteira de vacina\u00e7\u00e3o, devam leva-la para a correta atualiza\u00e7\u00e3o ap\u00f3s a aplica\u00e7\u00e3o das novas doses dos imunizantes.<\/p>\n<p>\u201cEsse \u00e9 um momento importante para fortalecer nossa sa\u00fade, bem como nossas atividade de policiamento. Com a vacina, estamos protegendo ainda mais nossos policiais e fortalecendo aos a\u00e7\u00f5es e os servi\u00e7os que ser\u00e3o desempenhamos por eles nestes pr\u00f3ximos meses de junho e julho em toda a Para\u00edba\u201d, disse o tenente-coronel Jales Meneses, diretor da Policl\u00ednica.<\/p>\n<p>\u201cA expectativa \u00e9 que possamos reunir tamb\u00e9m nesta segunda-feira os comandantes de unidades da regi\u00e3o metropolitana, demonstrando a import\u00e2ncia da vacina\u00e7\u00e3o aos cuidados preventivos de sa\u00fade\u201d, informou o diretor.<\/p>\n<p><em>Atualizado \u00e0s 13h45<\/em><\/p>\n","protected":false},"excerpt":{"rendered":"<p>A semana come\u00e7a ainda mais segura para os policiais militares que comp\u00f5em o Quartel do Comando Geral da PMPB. A<\/p>\n","protected":false},"author":12,"featured_media":915844,"comment_status":"closed","ping_status":"closed","sticky":false,"template":"","format":"standard","meta":{"_exactmetrics_skip_tracking":false,"_exactmetrics_sitenote_active":false,"_exactmetrics_sitenote_note":"","_exactmetrics_sitenote_category":0,"footnotes":""},"categories":[24],"tags":[],"yoast_head":"<!-- This site is optimized with the Yoast SEO plugin v22.0 - https:\/\/yoast.com\/wordpress\/plugins\/seo\/ -->\n<title>SA\u00daDE: Semana come\u00e7a com vacina\u00e7\u00e3o para policiais militares e dependentes no QCG - Pol\u00edcia Militar da Para\u00edba<\/title>\n<meta name=\"robots\" content=\"index, follow, max-snippet:-1, max-image-preview:large, max-video-preview:-1\" \/>\n<link rel=\"canonical\" href=\"https:\/\/www.pm.pb.gov.br\/portal\/2023\/05\/27\/saude-semana-comeca-com-vacinacao-para-policiais-militares-e-dependentes-no-qcg\/\" \/>\n<meta property=\"og:locale\" content=\"pt_BR\" \/>\n<meta property=\"og:type\" content=\"article\" \/>\n<meta property=\"og:title\" content=\"SA\u00daDE: Semana come\u00e7a com vacina\u00e7\u00e3o para policiais militares e dependentes no QCG - Pol\u00edcia Militar da Para\u00edba\" \/>\n<meta property=\"og:description\" content=\"A semana come\u00e7a ainda mais segura para os policiais militares que comp\u00f5em o Quartel do Comando Geral da PMPB. A\" \/>\n<meta property=\"og:url\" content=\"https:\/\/www.pm.pb.gov.br\/portal\/2023\/05\/27\/saude-semana-comeca-com-vacinacao-para-policiais-militares-e-dependentes-no-qcg\/\" \/>\n<meta property=\"og:site_name\" content=\"Pol\u00edcia Militar da Para\u00edba\" \/>\n<meta property=\"article:published_time\" content=\"2023-05-27T12:49:10+00:00\" \/>\n<meta property=\"article:modified_time\" content=\"2023-05-27T16:26:22+00:00\" \/>\n<meta property=\"og:image\" content=\"http:\/\/www.pm.pb.gov.br\/portal\/wp-content\/uploads\/2023\/03\/qcg.jpeg\" \/>\n\t<meta property=\"og:image:width\" content=\"800\" \/>\n\t<meta property=\"og:image:height\" content=\"445\" \/>\n\t<meta property=\"og:image:type\" content=\"image\/jpeg\" \/>\n<meta name=\"author\" content=\"Tarcisio Oliveira\" \/>\n<meta name=\"twitter:card\" content=\"summary_large_image\" \/>\n<meta name=\"twitter:label1\" content=\"Escrito por\" \/>\n\t<meta name=\"twitter:data1\" content=\"Tarcisio Oliveira\" \/>\n\t<meta name=\"twitter:label2\" content=\"Est. tempo de leitura\" \/>\n\t<meta name=\"twitter:data2\" content=\"2 minutos\" \/>\n<script type=\"application\/ld+json\" class=\"yoast-schema-graph\">{\"@context\":\"https:\/\/schema.org\",\"@graph\":[{\"@type\":\"Article\",\"@id\":\"https:\/\/www.pm.pb.gov.br\/portal\/2023\/05\/27\/saude-semana-comeca-com-vacinacao-para-policiais-militares-e-dependentes-no-qcg\/#article\",\"isPartOf\":{\"@id\":\"https:\/\/www.pm.pb.gov.br\/portal\/2023\/05\/27\/saude-semana-comeca-com-vacinacao-para-policiais-militares-e-dependentes-no-qcg\/\"},\"author\":{\"name\":\"Tarcisio Oliveira\",\"@id\":\"https:\/\/www.pm.pb.gov.br\/portal\/#\/schema\/person\/f84f56dcc78ce4357054da888b8247fd\"},\"headline\":\"SA\u00daDE: Semana come\u00e7a com vacina\u00e7\u00e3o para policiais militares e dependentes no QCG\",\"datePublished\":\"2023-05-27T12:49:10+00:00\",\"dateModified\":\"2023-05-27T16:26:22+00:00\",\"mainEntityOfPage\":{\"@id\":\"https:\/\/www.pm.pb.gov.br\/portal\/2023\/05\/27\/saude-semana-comeca-com-vacinacao-para-policiais-militares-e-dependentes-no-qcg\/\"},\"wordCount\":255,\"publisher\":{\"@id\":\"https:\/\/www.pm.pb.gov.br\/portal\/#organization\"},\"articleSection\":[\"A\u00e7\u00f5es de Sa\u00fade\"],\"inLanguage\":\"pt-BR\"},{\"@type\":\"WebPage\",\"@id\":\"https:\/\/www.pm.pb.gov.br\/portal\/2023\/05\/27\/saude-semana-comeca-com-vacinacao-para-policiais-militares-e-dependentes-no-qcg\/\",\"url\":\"https:\/\/www.pm.pb.gov.br\/portal\/2023\/05\/27\/saude-semana-comeca-com-vacinacao-para-policiais-militares-e-dependentes-no-qcg\/\",\"name\":\"SA\u00daDE: Semana come\u00e7a com vacina\u00e7\u00e3o para policiais militares e dependentes no QCG - Pol\u00edcia Militar da Para\u00edba\",\"isPartOf\":{\"@id\":\"https:\/\/www.pm.pb.gov.br\/portal\/#website\"},\"datePublished\":\"2023-05-27T12:49:10+00:00\",\"dateModified\":\"2023-05-27T16:26:22+00:00\",\"breadcrumb\":{\"@id\":\"https:\/\/www.pm.pb.gov.br\/portal\/2023\/05\/27\/saude-semana-comeca-com-vacinacao-para-policiais-militares-e-dependentes-no-qcg\/#breadcrumb\"},\"inLanguage\":\"pt-BR\",\"potentialAction\":[{\"@type\":\"ReadAction\",\"target\":[\"https:\/\/www.pm.pb.gov.br\/portal\/2023\/05\/27\/saude-semana-comeca-com-vacinacao-para-policiais-militares-e-dependentes-no-qcg\/\"]}]},{\"@type\":\"BreadcrumbList\",\"@id\":\"https:\/\/www.pm.pb.gov.br\/portal\/2023\/05\/27\/saude-semana-comeca-com-vacinacao-para-policiais-militares-e-dependentes-no-qcg\/#breadcrumb\",\"itemListElement\":[{\"@type\":\"ListItem\",\"position\":1,\"name\":\"In\u00edcio\",\"item\":\"https:\/\/www.pm.pb.gov.br\/portal\/\"},{\"@type\":\"ListItem\",\"position\":2,\"name\":\"SA\u00daDE: Semana come\u00e7a com vacina\u00e7\u00e3o para policiais militares e dependentes no QCG\"}]},{\"@type\":\"WebSite\",\"@id\":\"https:\/\/www.pm.pb.gov.br\/portal\/#website\",\"url\":\"https:\/\/www.pm.pb.gov.br\/portal\/\",\"name\":\"Pol\u00edcia Militar da Para\u00edba\",\"description\":\"\",\"publisher\":{\"@id\":\"https:\/\/www.pm.pb.gov.br\/portal\/#organization\"},\"potentialAction\":[{\"@type\":\"SearchAction\",\"target\":{\"@type\":\"EntryPoint\",\"urlTemplate\":\"https:\/\/www.pm.pb.gov.br\/portal\/?s={search_term_string}\"},\"query-input\":\"required name=search_term_string\"}],\"inLanguage\":\"pt-BR\"},{\"@type\":\"Organization\",\"@id\":\"https:\/\/www.pm.pb.gov.br\/portal\/#organization\",\"name\":\"Pol\u00edcia Militar da Para\u00edba\",\"url\":\"https:\/\/www.pm.pb.gov.br\/portal\/\",\"logo\":{\"@type\":\"ImageObject\",\"inLanguage\":\"pt-BR\",\"@id\":\"https:\/\/www.pm.pb.gov.br\/portal\/#\/schema\/logo\/image\/\",\"url\":\"https:\/\/www.pm.pb.gov.br\/portal\/wp-content\/uploads\/2025\/03\/cropped-logo-site-mag2-1.png\",\"contentUrl\":\"https:\/\/www.pm.pb.gov.br\/portal\/wp-content\/uploads\/2025\/03\/cropped-logo-site-mag2-1.png\",\"width\":320,\"height\":90,\"caption\":\"Pol\u00edcia Militar da Para\u00edba\"},\"image\":{\"@id\":\"https:\/\/www.pm.pb.gov.br\/portal\/#\/schema\/logo\/image\/\"}},{\"@type\":\"Person\",\"@id\":\"https:\/\/www.pm.pb.gov.br\/portal\/#\/schema\/person\/f84f56dcc78ce4357054da888b8247fd\",\"name\":\"Tarcisio Oliveira\",\"image\":{\"@type\":\"ImageObject\",\"inLanguage\":\"pt-BR\",\"@id\":\"https:\/\/www.pm.pb.gov.br\/portal\/#\/schema\/person\/image\/\",\"url\":\"https:\/\/secure.gravatar.com\/avatar\/72917b630b69d31cd0297507f34bac97?s=96&d=mm&r=g\",\"contentUrl\":\"https:\/\/secure.gravatar.com\/avatar\/72917b630b69d31cd0297507f34bac97?s=96&d=mm&r=g\",\"caption\":\"Tarcisio Oliveira\"},\"url\":\"https:\/\/www.pm.pb.gov.br\/portal\/author\/tarcisio\/\"}]}<\/script>\n<!-- \/ Yoast SEO plugin. -->","yoast_head_json":{"title":"SA\u00daDE: Semana come\u00e7a com vacina\u00e7\u00e3o para policiais militares e dependentes no QCG - Pol\u00edcia Militar da Para\u00edba","robots":{"index":"index","follow":"follow","max-snippet":"max-snippet:-1","max-image-preview":"max-image-preview:large","max-video-preview":"max-video-preview:-1"},"canonical":"https:\/\/www.pm.pb.gov.br\/portal\/2023\/05\/27\/saude-semana-comeca-com-vacinacao-para-policiais-militares-e-dependentes-no-qcg\/","og_locale":"pt_BR","og_type":"article","og_title":"SA\u00daDE: Semana come\u00e7a com vacina\u00e7\u00e3o para policiais militares e dependentes no QCG - Pol\u00edcia Militar da Para\u00edba","og_description":"A semana come\u00e7a ainda mais segura para os policiais militares que comp\u00f5em o Quartel do Comando Geral da PMPB. A","og_url":"https:\/\/www.pm.pb.gov.br\/portal\/2023\/05\/27\/saude-semana-comeca-com-vacinacao-para-policiais-militares-e-dependentes-no-qcg\/","og_site_name":"Pol\u00edcia Militar da Para\u00edba","article_published_time":"2023-05-27T12:49:10+00:00","article_modified_time":"2023-05-27T16:26:22+00:00","og_image":[{"width":800,"height":445,"url":"http:\/\/www.pm.pb.gov.br\/portal\/wp-content\/uploads\/2023\/03\/qcg.jpeg","type":"image\/jpeg"}],"author":"Tarcisio Oliveira","twitter_card":"summary_large_image","twitter_misc":{"Escrito por":"Tarcisio Oliveira","Est. tempo de leitura":"2 minutos"},"schema":{"@context":"https:\/\/schema.org","@graph":[{"@type":"Article","@id":"https:\/\/www.pm.pb.gov.br\/portal\/2023\/05\/27\/saude-semana-comeca-com-vacinacao-para-policiais-militares-e-dependentes-no-qcg\/#article","isPartOf":{"@id":"https:\/\/www.pm.pb.gov.br\/portal\/2023\/05\/27\/saude-semana-comeca-com-vacinacao-para-policiais-militares-e-dependentes-no-qcg\/"},"author":{"name":"Tarcisio Oliveira","@id":"https:\/\/www.pm.pb.gov.br\/portal\/#\/schema\/person\/f84f56dcc78ce4357054da888b8247fd"},"headline":"SA\u00daDE: Semana come\u00e7a com vacina\u00e7\u00e3o para policiais militares e dependentes no QCG","datePublished":"2023-05-27T12:49:10+00:00","dateModified":"2023-05-27T16:26:22+00:00","mainEntityOfPage":{"@id":"https:\/\/www.pm.pb.gov.br\/portal\/2023\/05\/27\/saude-semana-comeca-com-vacinacao-para-policiais-militares-e-dependentes-no-qcg\/"},"wordCount":255,"publisher":{"@id":"https:\/\/www.pm.pb.gov.br\/portal\/#organization"},"articleSection":["A\u00e7\u00f5es de Sa\u00fade"],"inLanguage":"pt-BR"},{"@type":"WebPage","@id":"https:\/\/www.pm.pb.gov.br\/portal\/2023\/05\/27\/saude-semana-comeca-com-vacinacao-para-policiais-militares-e-dependentes-no-qcg\/","url":"https:\/\/www.pm.pb.gov.br\/portal\/2023\/05\/27\/saude-semana-comeca-com-vacinacao-para-policiais-militares-e-dependentes-no-qcg\/","name":"SA\u00daDE: Semana come\u00e7a com vacina\u00e7\u00e3o para policiais militares e dependentes no QCG - Pol\u00edcia Militar da Para\u00edba","isPartOf":{"@id":"https:\/\/www.pm.pb.gov.br\/portal\/#website"},"datePublished":"2023-05-27T12:49:10+00:00","dateModified":"2023-05-27T16:26:22+00:00","breadcrumb":{"@id":"https:\/\/www.pm.pb.gov.br\/portal\/2023\/05\/27\/saude-semana-comeca-com-vacinacao-para-policiais-militares-e-dependentes-no-qcg\/#breadcrumb"},"inLanguage":"pt-BR","potentialAction":[{"@type":"ReadAction","target":["https:\/\/www.pm.pb.gov.br\/portal\/2023\/05\/27\/saude-semana-comeca-com-vacinacao-para-policiais-militares-e-dependentes-no-qcg\/"]}]},{"@type":"BreadcrumbList","@id":"https:\/\/www.pm.pb.gov.br\/portal\/2023\/05\/27\/saude-semana-comeca-com-vacinacao-para-policiais-militares-e-dependentes-no-qcg\/#breadcrumb","itemListElement":[{"@type":"ListItem","position":1,"name":"In\u00edcio","item":"https:\/\/www.pm.pb.gov.br\/portal\/"},{"@type":"ListItem","position":2,"name":"SA\u00daDE: Semana come\u00e7a com vacina\u00e7\u00e3o para policiais militares e dependentes no QCG"}]},{"@type":"WebSite","@id":"https:\/\/www.pm.pb.gov.br\/portal\/#website","url":"https:\/\/www.pm.pb.gov.br\/portal\/","name":"Pol\u00edcia Militar da Para\u00edba","description":"","publisher":{"@id":"https:\/\/www.pm.pb.gov.br\/portal\/#organization"},"potentialAction":[{"@type":"SearchAction","target":{"@type":"EntryPoint","urlTemplate":"https:\/\/www.pm.pb.gov.br\/portal\/?s={search_term_string}"},"query-input":"required name=search_term_string"}],"inLanguage":"pt-BR"},{"@type":"Organization","@id":"https:\/\/www.pm.pb.gov.br\/portal\/#organization","name":"Pol\u00edcia Militar da Para\u00edba","url":"https:\/\/www.pm.pb.gov.br\/portal\/","logo":{"@type":"ImageObject","inLanguage":"pt-BR","@id":"https:\/\/www.pm.pb.gov.br\/portal\/#\/schema\/logo\/image\/","url":"https:\/\/www.pm.pb.gov.br\/portal\/wp-content\/uploads\/2025\/03\/cropped-logo-site-mag2-1.png","contentUrl":"https:\/\/www.pm.pb.gov.br\/portal\/wp-content\/uploads\/2025\/03\/cropped-logo-site-mag2-1.png","width":320,"height":90,"caption":"Pol\u00edcia Militar da Para\u00edba"},"image":{"@id":"https:\/\/www.pm.pb.gov.br\/portal\/#\/schema\/logo\/image\/"}},{"@type":"Person","@id":"https:\/\/www.pm.pb.gov.br\/portal\/#\/schema\/person\/f84f56dcc78ce4357054da888b8247fd","name":"Tarcisio Oliveira","image":{"@type":"ImageObject","inLanguage":"pt-BR","@id":"https:\/\/www.pm.pb.gov.br\/portal\/#\/schema\/person\/image\/","url":"https:\/\/secure.gravatar.com\/avatar\/72917b630b69d31cd0297507f34bac97?s=96&d=mm&r=g","contentUrl":"https:\/\/secure.gravatar.com\/avatar\/72917b630b69d31cd0297507f34bac97?s=96&d=mm&r=g","caption":"Tarcisio Oliveira"},"url":"https:\/\/www.pm.pb.gov.br\/portal\/author\/tarcisio\/"}]}},"_links":{"self":[{"href":"https:\/\/www.pm.pb.gov.br\/portal\/wp-json\/wp\/v2\/posts\/916625"}],"collection":[{"href":"https:\/\/www.pm.pb.gov.br\/portal\/wp-json\/wp\/v2\/posts"}],"about":[{"href":"https:\/\/www.pm.pb.gov.br\/portal\/wp-json\/wp\/v2\/types\/post"}],"author":[{"embeddable":true,"href":"https:\/\/www.pm.pb.gov.br\/portal\/wp-json\/wp\/v2\/users\/12"}],"replies":[{"embeddable":true,"href":"https:\/\/www.pm.pb.gov.br\/portal\/wp-json\/wp\/v2\/comments?post=916625"}],"version-history":[{"count":2,"href":"https:\/\/www.pm.pb.gov.br\/portal\/wp-json\/wp\/v2\/posts\/916625\/revisions"}],"predecessor-version":[{"id":916635,"href":"https:\/\/www.pm.pb.gov.br\/portal\/wp-json\/wp\/v2\/posts\/916625\/revisions\/916635"}],"wp:featuredmedia":[{"embeddable":true,"href":"https:\/\/www.pm.pb.gov.br\/portal\/wp-json\/wp\/v2\/media\/915844"}],"wp:attachment":[{"href":"https:\/\/www.pm.pb.gov.br\/portal\/wp-json\/wp\/v2\/media?parent=916625"}],"wp:term":[{"taxonomy":"category","embeddable":true,"href":"https:\/\/www.pm.pb.gov.br\/portal\/wp-json\/wp\/v2\/categories?post=916625"},{"taxonomy":"post_tag","embeddable":true,"href":"https:\/\/www.pm.pb.gov.br\/portal\/wp-json\/wp\/v2\/tags?post=916625"}],"curies":[{"name":"wp","href":"https:\/\/api.w.org\/{rel}","templated":true}]}}