{"id":916586,"date":"2023-05-23T13:57:00","date_gmt":"2023-05-23T16:57:00","guid":{"rendered":"https:\/\/www.pm.pb.gov.br\/portal\/?p=916586"},"modified":"2023-05-23T16:58:47","modified_gmt":"2023-05-23T19:58:47","slug":"colegio-da-policia-militar-abre-xii-edicao-do-concurso-de-redacao-sobre-adocao-do-tjpb","status":"publish","type":"post","link":"https:\/\/www.pm.pb.gov.br\/portal\/2023\/05\/23\/colegio-da-policia-militar-abre-xii-edicao-do-concurso-de-redacao-sobre-adocao-do-tjpb\/","title":{"rendered":"Col\u00e9gio da Pol\u00edcia Militar abre XII edi\u00e7\u00e3o do Concurso de Reda\u00e7\u00e3o sobre ado\u00e7\u00e3o, do TJPB"},"content":{"rendered":"\n\n\n<p>O Col\u00e9gio da Pol\u00edcia Militar \u201cEstudante Rebeca Cristina Alves Sim\u00f5es\u201d (CPM) foi escolhido para abrir, nesta ter\u00e7a-feira (23), a XII edi\u00e7\u00e3o do Concurso de Reda\u00e7\u00e3o lan\u00e7ado pelo Tribunal de Justi\u00e7a, com alunos da rede estadual e municipal de educa\u00e7\u00e3o. O tema do certame \u00e9 \u2018Ado\u00e7\u00e3o\u2019, e marca as atividades alusivas ao dia nacional da ado\u00e7\u00e3o, celebrado em 25 de maio.<\/p>\n<figure id=\"attachment_916588\" aria-describedby=\"caption-attachment-916588\" style=\"width: 582px\" class=\"wp-caption aligncenter\"><img loading=\"lazy\" decoding=\"async\" class=\"wp-image-916588\" src=\"http:\/\/www.pm.pb.gov.br\/portal\/wp-content\/uploads\/2023\/05\/WhatsApp-Image-2023-05-23-at-12.04.06-668x445.jpeg\" alt=\"\" width=\"582\" height=\"388\" srcset=\"https:\/\/www.pm.pb.gov.br\/portal\/wp-content\/uploads\/2023\/05\/WhatsApp-Image-2023-05-23-at-12.04.06-668x445.jpeg 668w, https:\/\/www.pm.pb.gov.br\/portal\/wp-content\/uploads\/2023\/05\/WhatsApp-Image-2023-05-23-at-12.04.06-856x570.jpeg 856w, https:\/\/www.pm.pb.gov.br\/portal\/wp-content\/uploads\/2023\/05\/WhatsApp-Image-2023-05-23-at-12.04.06-768x512.jpeg 768w, https:\/\/www.pm.pb.gov.br\/portal\/wp-content\/uploads\/2023\/05\/WhatsApp-Image-2023-05-23-at-12.04.06-1536x1023.jpeg 1536w, https:\/\/www.pm.pb.gov.br\/portal\/wp-content\/uploads\/2023\/05\/WhatsApp-Image-2023-05-23-at-12.04.06-272x182.jpeg 272w, https:\/\/www.pm.pb.gov.br\/portal\/wp-content\/uploads\/2023\/05\/WhatsApp-Image-2023-05-23-at-12.04.06.jpeg 1600w\" sizes=\"(max-width: 582px) 100vw, 582px\" \/><figcaption id=\"caption-attachment-916588\" class=\"wp-caption-text\">Presidente da Ceja, desembargador Carlos Beltr\u00e3o<\/figcaption><\/figure>\n<p>A ocasi\u00e3o desta ter\u00e7a reuniu a Comiss\u00e3o Estadual Judici\u00e1ria de Ado\u00e7\u00e3o (Ceja) do TJPB (foto acima), a 1\u00aa Gerencia Regional de Educa\u00e7\u00e3o, a dire\u00e7\u00e3o do CPM, alunos, professores e corpo educacional da unidade. Os alunos interessados em participar do concurso podem se inscrever at\u00e9 o dia 16 outubro, e podem ter mais informa\u00e7\u00f5es atrav\u00e9s do e-mail: <a href=\"mailto:ceja@tjpb.jus.br\">ceja@tjpb.jus.br<\/a>, ou pelo telefone (83) 99401-3060. As inscri\u00e7\u00f5es est\u00e3o abertas para os alunos do 6\u00ba ao 9\u00ba ano do ensino fundamental.<\/p>\n<figure id=\"attachment_916589\" aria-describedby=\"caption-attachment-916589\" style=\"width: 591px\" class=\"wp-caption aligncenter\"><img loading=\"lazy\" decoding=\"async\" class=\"wp-image-916589\" src=\"http:\/\/www.pm.pb.gov.br\/portal\/wp-content\/uploads\/2023\/05\/WhatsApp-Image-2023-05-23-at-12.04.04-668x445.jpeg\" alt=\"\" width=\"591\" height=\"394\" srcset=\"https:\/\/www.pm.pb.gov.br\/portal\/wp-content\/uploads\/2023\/05\/WhatsApp-Image-2023-05-23-at-12.04.04-668x445.jpeg 668w, https:\/\/www.pm.pb.gov.br\/portal\/wp-content\/uploads\/2023\/05\/WhatsApp-Image-2023-05-23-at-12.04.04-856x570.jpeg 856w, https:\/\/www.pm.pb.gov.br\/portal\/wp-content\/uploads\/2023\/05\/WhatsApp-Image-2023-05-23-at-12.04.04-768x512.jpeg 768w, https:\/\/www.pm.pb.gov.br\/portal\/wp-content\/uploads\/2023\/05\/WhatsApp-Image-2023-05-23-at-12.04.04-1536x1023.jpeg 1536w, https:\/\/www.pm.pb.gov.br\/portal\/wp-content\/uploads\/2023\/05\/WhatsApp-Image-2023-05-23-at-12.04.04-272x182.jpeg 272w, https:\/\/www.pm.pb.gov.br\/portal\/wp-content\/uploads\/2023\/05\/WhatsApp-Image-2023-05-23-at-12.04.04.jpeg 1600w\" sizes=\"(max-width: 591px) 100vw, 591px\" \/><figcaption id=\"caption-attachment-916589\" class=\"wp-caption-text\">Abertura contou com apresenta\u00e7\u00e3o musical dos alunos<\/figcaption><\/figure>\n<p>\u00a0<\/p>\n<p>\u201cCom grande honra recebemos a Comiss\u00e3o Estadual Judici\u00e1ria de Ado\u00e7\u00e3o, tendo a frente o desembargador Carlos Martins Beltr\u00e3o Filho, abrindo esse concurso que fomenta ainda mais a cria\u00e7\u00e3o e a capacidade textual dos nossos estudantes. O CPM foi escolhido pelo TJPB justamente pelo trabalho que temos realizando em nossa unidade, em parceria com a Secretaria de Estado da Educa\u00e7\u00e3o, sendo refer\u00eancia em ensino p\u00fablico na Para\u00edba\u201d, explicou o tenente-coronel Josias, diretor do Col\u00e9gio (na foto abaixo).<\/p>\n<p><img loading=\"lazy\" decoding=\"async\" class=\" wp-image-916590 aligncenter\" src=\"http:\/\/www.pm.pb.gov.br\/portal\/wp-content\/uploads\/2023\/05\/WhatsApp-Image-2023-05-23-at-12.04.05-668x445.jpeg\" alt=\"\" width=\"562\" height=\"374\" srcset=\"https:\/\/www.pm.pb.gov.br\/portal\/wp-content\/uploads\/2023\/05\/WhatsApp-Image-2023-05-23-at-12.04.05-668x445.jpeg 668w, https:\/\/www.pm.pb.gov.br\/portal\/wp-content\/uploads\/2023\/05\/WhatsApp-Image-2023-05-23-at-12.04.05-856x570.jpeg 856w, https:\/\/www.pm.pb.gov.br\/portal\/wp-content\/uploads\/2023\/05\/WhatsApp-Image-2023-05-23-at-12.04.05-768x512.jpeg 768w, https:\/\/www.pm.pb.gov.br\/portal\/wp-content\/uploads\/2023\/05\/WhatsApp-Image-2023-05-23-at-12.04.05-1536x1023.jpeg 1536w, https:\/\/www.pm.pb.gov.br\/portal\/wp-content\/uploads\/2023\/05\/WhatsApp-Image-2023-05-23-at-12.04.05-272x182.jpeg 272w, https:\/\/www.pm.pb.gov.br\/portal\/wp-content\/uploads\/2023\/05\/WhatsApp-Image-2023-05-23-at-12.04.05.jpeg 1600w\" sizes=\"(max-width: 562px) 100vw, 562px\" \/><\/p>\n<figure id=\"attachment_916592\" aria-describedby=\"caption-attachment-916592\" style=\"width: 551px\" class=\"wp-caption aligncenter\"><img loading=\"lazy\" decoding=\"async\" class=\"wp-image-916592\" src=\"http:\/\/www.pm.pb.gov.br\/portal\/wp-content\/uploads\/2023\/05\/WhatsApp-Image-2023-05-23-at-12.04.03-668x445.jpeg\" alt=\"\" width=\"551\" height=\"367\" srcset=\"https:\/\/www.pm.pb.gov.br\/portal\/wp-content\/uploads\/2023\/05\/WhatsApp-Image-2023-05-23-at-12.04.03-668x445.jpeg 668w, https:\/\/www.pm.pb.gov.br\/portal\/wp-content\/uploads\/2023\/05\/WhatsApp-Image-2023-05-23-at-12.04.03-856x570.jpeg 856w, https:\/\/www.pm.pb.gov.br\/portal\/wp-content\/uploads\/2023\/05\/WhatsApp-Image-2023-05-23-at-12.04.03-768x512.jpeg 768w, https:\/\/www.pm.pb.gov.br\/portal\/wp-content\/uploads\/2023\/05\/WhatsApp-Image-2023-05-23-at-12.04.03-1536x1023.jpeg 1536w, https:\/\/www.pm.pb.gov.br\/portal\/wp-content\/uploads\/2023\/05\/WhatsApp-Image-2023-05-23-at-12.04.03-272x182.jpeg 272w, https:\/\/www.pm.pb.gov.br\/portal\/wp-content\/uploads\/2023\/05\/WhatsApp-Image-2023-05-23-at-12.04.03.jpeg 1600w\" sizes=\"(max-width: 551px) 100vw, 551px\" \/><figcaption id=\"caption-attachment-916592\" class=\"wp-caption-text\">Membros do TJ tamb\u00e9m acompanharam o lan\u00e7amento<\/figcaption><\/figure>\n","protected":false},"excerpt":{"rendered":"<p>O Col\u00e9gio da Pol\u00edcia Militar \u201cEstudante Rebeca Cristina Alves Sim\u00f5es\u201d (CPM) foi escolhido para abrir, nesta ter\u00e7a-feira (23), a XII<\/p>\n","protected":false},"author":12,"featured_media":916587,"comment_status":"closed","ping_status":"closed","sticky":false,"template":"","format":"standard","meta":{"_exactmetrics_skip_tracking":false,"_exactmetrics_sitenote_active":false,"_exactmetrics_sitenote_note":"","_exactmetrics_sitenote_category":0,"footnotes":""},"categories":[6],"tags":[],"yoast_head":"<!-- This site is optimized with the Yoast SEO plugin v22.0 - https:\/\/yoast.com\/wordpress\/plugins\/seo\/ -->\n<title>Col\u00e9gio da Pol\u00edcia Militar abre XII edi\u00e7\u00e3o do Concurso de Reda\u00e7\u00e3o sobre ado\u00e7\u00e3o, do TJPB - Pol\u00edcia Militar da Para\u00edba<\/title>\n<meta name=\"robots\" content=\"index, follow, max-snippet:-1, max-image-preview:large, max-video-preview:-1\" \/>\n<link rel=\"canonical\" href=\"https:\/\/www.pm.pb.gov.br\/portal\/2023\/05\/23\/colegio-da-policia-militar-abre-xii-edicao-do-concurso-de-redacao-sobre-adocao-do-tjpb\/\" \/>\n<meta property=\"og:locale\" content=\"pt_BR\" \/>\n<meta property=\"og:type\" content=\"article\" \/>\n<meta property=\"og:title\" content=\"Col\u00e9gio da Pol\u00edcia Militar abre XII edi\u00e7\u00e3o do Concurso de Reda\u00e7\u00e3o sobre ado\u00e7\u00e3o, do TJPB - Pol\u00edcia Militar da Para\u00edba\" \/>\n<meta property=\"og:description\" content=\"O Col\u00e9gio da Pol\u00edcia Militar \u201cEstudante Rebeca Cristina Alves Sim\u00f5es\u201d (CPM) foi escolhido para abrir, nesta ter\u00e7a-feira (23), a XII\" \/>\n<meta property=\"og:url\" content=\"https:\/\/www.pm.pb.gov.br\/portal\/2023\/05\/23\/colegio-da-policia-militar-abre-xii-edicao-do-concurso-de-redacao-sobre-adocao-do-tjpb\/\" \/>\n<meta property=\"og:site_name\" content=\"Pol\u00edcia Militar da Para\u00edba\" \/>\n<meta property=\"article:published_time\" content=\"2023-05-23T16:57:00+00:00\" \/>\n<meta property=\"article:modified_time\" content=\"2023-05-23T19:58:47+00:00\" \/>\n<meta property=\"og:image\" content=\"http:\/\/www.pm.pb.gov.br\/portal\/wp-content\/uploads\/2023\/05\/cpm.jpeg\" \/>\n\t<meta property=\"og:image:width\" content=\"800\" \/>\n\t<meta property=\"og:image:height\" content=\"445\" \/>\n\t<meta property=\"og:image:type\" content=\"image\/jpeg\" \/>\n<meta name=\"author\" content=\"Tarcisio Oliveira\" \/>\n<meta name=\"twitter:card\" content=\"summary_large_image\" \/>\n<meta name=\"twitter:label1\" content=\"Escrito por\" \/>\n\t<meta name=\"twitter:data1\" content=\"Tarcisio Oliveira\" \/>\n\t<meta name=\"twitter:label2\" content=\"Est. tempo de leitura\" \/>\n\t<meta name=\"twitter:data2\" content=\"3 minutos\" \/>\n<script type=\"application\/ld+json\" class=\"yoast-schema-graph\">{\"@context\":\"https:\/\/schema.org\",\"@graph\":[{\"@type\":\"Article\",\"@id\":\"https:\/\/www.pm.pb.gov.br\/portal\/2023\/05\/23\/colegio-da-policia-militar-abre-xii-edicao-do-concurso-de-redacao-sobre-adocao-do-tjpb\/#article\",\"isPartOf\":{\"@id\":\"https:\/\/www.pm.pb.gov.br\/portal\/2023\/05\/23\/colegio-da-policia-militar-abre-xii-edicao-do-concurso-de-redacao-sobre-adocao-do-tjpb\/\"},\"author\":{\"name\":\"Tarcisio Oliveira\",\"@id\":\"https:\/\/www.pm.pb.gov.br\/portal\/#\/schema\/person\/f84f56dcc78ce4357054da888b8247fd\"},\"headline\":\"Col\u00e9gio da Pol\u00edcia Militar abre XII edi\u00e7\u00e3o do Concurso de Reda\u00e7\u00e3o sobre ado\u00e7\u00e3o, do TJPB\",\"datePublished\":\"2023-05-23T16:57:00+00:00\",\"dateModified\":\"2023-05-23T19:58:47+00:00\",\"mainEntityOfPage\":{\"@id\":\"https:\/\/www.pm.pb.gov.br\/portal\/2023\/05\/23\/colegio-da-policia-militar-abre-xii-edicao-do-concurso-de-redacao-sobre-adocao-do-tjpb\/\"},\"wordCount\":305,\"publisher\":{\"@id\":\"https:\/\/www.pm.pb.gov.br\/portal\/#organization\"},\"articleSection\":[\"Cursos\"],\"inLanguage\":\"pt-BR\"},{\"@type\":\"WebPage\",\"@id\":\"https:\/\/www.pm.pb.gov.br\/portal\/2023\/05\/23\/colegio-da-policia-militar-abre-xii-edicao-do-concurso-de-redacao-sobre-adocao-do-tjpb\/\",\"url\":\"https:\/\/www.pm.pb.gov.br\/portal\/2023\/05\/23\/colegio-da-policia-militar-abre-xii-edicao-do-concurso-de-redacao-sobre-adocao-do-tjpb\/\",\"name\":\"Col\u00e9gio da Pol\u00edcia Militar abre XII edi\u00e7\u00e3o do Concurso de Reda\u00e7\u00e3o sobre ado\u00e7\u00e3o, do TJPB - Pol\u00edcia Militar da Para\u00edba\",\"isPartOf\":{\"@id\":\"https:\/\/www.pm.pb.gov.br\/portal\/#website\"},\"datePublished\":\"2023-05-23T16:57:00+00:00\",\"dateModified\":\"2023-05-23T19:58:47+00:00\",\"breadcrumb\":{\"@id\":\"https:\/\/www.pm.pb.gov.br\/portal\/2023\/05\/23\/colegio-da-policia-militar-abre-xii-edicao-do-concurso-de-redacao-sobre-adocao-do-tjpb\/#breadcrumb\"},\"inLanguage\":\"pt-BR\",\"potentialAction\":[{\"@type\":\"ReadAction\",\"target\":[\"https:\/\/www.pm.pb.gov.br\/portal\/2023\/05\/23\/colegio-da-policia-militar-abre-xii-edicao-do-concurso-de-redacao-sobre-adocao-do-tjpb\/\"]}]},{\"@type\":\"BreadcrumbList\",\"@id\":\"https:\/\/www.pm.pb.gov.br\/portal\/2023\/05\/23\/colegio-da-policia-militar-abre-xii-edicao-do-concurso-de-redacao-sobre-adocao-do-tjpb\/#breadcrumb\",\"itemListElement\":[{\"@type\":\"ListItem\",\"position\":1,\"name\":\"In\u00edcio\",\"item\":\"https:\/\/www.pm.pb.gov.br\/portal\/\"},{\"@type\":\"ListItem\",\"position\":2,\"name\":\"Col\u00e9gio da Pol\u00edcia Militar abre XII edi\u00e7\u00e3o do Concurso de Reda\u00e7\u00e3o sobre ado\u00e7\u00e3o, do TJPB\"}]},{\"@type\":\"WebSite\",\"@id\":\"https:\/\/www.pm.pb.gov.br\/portal\/#website\",\"url\":\"https:\/\/www.pm.pb.gov.br\/portal\/\",\"name\":\"Pol\u00edcia Militar da Para\u00edba\",\"description\":\"\",\"publisher\":{\"@id\":\"https:\/\/www.pm.pb.gov.br\/portal\/#organization\"},\"potentialAction\":[{\"@type\":\"SearchAction\",\"target\":{\"@type\":\"EntryPoint\",\"urlTemplate\":\"https:\/\/www.pm.pb.gov.br\/portal\/?s={search_term_string}\"},\"query-input\":\"required name=search_term_string\"}],\"inLanguage\":\"pt-BR\"},{\"@type\":\"Organization\",\"@id\":\"https:\/\/www.pm.pb.gov.br\/portal\/#organization\",\"name\":\"Pol\u00edcia Militar da Para\u00edba\",\"url\":\"https:\/\/www.pm.pb.gov.br\/portal\/\",\"logo\":{\"@type\":\"ImageObject\",\"inLanguage\":\"pt-BR\",\"@id\":\"https:\/\/www.pm.pb.gov.br\/portal\/#\/schema\/logo\/image\/\",\"url\":\"https:\/\/www.pm.pb.gov.br\/portal\/wp-content\/uploads\/2025\/03\/cropped-logo-site-mag2-1.png\",\"contentUrl\":\"https:\/\/www.pm.pb.gov.br\/portal\/wp-content\/uploads\/2025\/03\/cropped-logo-site-mag2-1.png\",\"width\":320,\"height\":90,\"caption\":\"Pol\u00edcia Militar da Para\u00edba\"},\"image\":{\"@id\":\"https:\/\/www.pm.pb.gov.br\/portal\/#\/schema\/logo\/image\/\"}},{\"@type\":\"Person\",\"@id\":\"https:\/\/www.pm.pb.gov.br\/portal\/#\/schema\/person\/f84f56dcc78ce4357054da888b8247fd\",\"name\":\"Tarcisio Oliveira\",\"image\":{\"@type\":\"ImageObject\",\"inLanguage\":\"pt-BR\",\"@id\":\"https:\/\/www.pm.pb.gov.br\/portal\/#\/schema\/person\/image\/\",\"url\":\"https:\/\/secure.gravatar.com\/avatar\/72917b630b69d31cd0297507f34bac97?s=96&d=mm&r=g\",\"contentUrl\":\"https:\/\/secure.gravatar.com\/avatar\/72917b630b69d31cd0297507f34bac97?s=96&d=mm&r=g\",\"caption\":\"Tarcisio Oliveira\"},\"url\":\"https:\/\/www.pm.pb.gov.br\/portal\/author\/tarcisio\/\"}]}<\/script>\n<!-- \/ Yoast SEO plugin. -->","yoast_head_json":{"title":"Col\u00e9gio da Pol\u00edcia Militar abre XII edi\u00e7\u00e3o do Concurso de Reda\u00e7\u00e3o sobre ado\u00e7\u00e3o, do TJPB - Pol\u00edcia Militar da Para\u00edba","robots":{"index":"index","follow":"follow","max-snippet":"max-snippet:-1","max-image-preview":"max-image-preview:large","max-video-preview":"max-video-preview:-1"},"canonical":"https:\/\/www.pm.pb.gov.br\/portal\/2023\/05\/23\/colegio-da-policia-militar-abre-xii-edicao-do-concurso-de-redacao-sobre-adocao-do-tjpb\/","og_locale":"pt_BR","og_type":"article","og_title":"Col\u00e9gio da Pol\u00edcia Militar abre XII edi\u00e7\u00e3o do Concurso de Reda\u00e7\u00e3o sobre ado\u00e7\u00e3o, do TJPB - Pol\u00edcia Militar da Para\u00edba","og_description":"O Col\u00e9gio da Pol\u00edcia Militar \u201cEstudante Rebeca Cristina Alves Sim\u00f5es\u201d (CPM) foi escolhido para abrir, nesta ter\u00e7a-feira (23), a XII","og_url":"https:\/\/www.pm.pb.gov.br\/portal\/2023\/05\/23\/colegio-da-policia-militar-abre-xii-edicao-do-concurso-de-redacao-sobre-adocao-do-tjpb\/","og_site_name":"Pol\u00edcia Militar da Para\u00edba","article_published_time":"2023-05-23T16:57:00+00:00","article_modified_time":"2023-05-23T19:58:47+00:00","og_image":[{"width":800,"height":445,"url":"http:\/\/www.pm.pb.gov.br\/portal\/wp-content\/uploads\/2023\/05\/cpm.jpeg","type":"image\/jpeg"}],"author":"Tarcisio Oliveira","twitter_card":"summary_large_image","twitter_misc":{"Escrito por":"Tarcisio Oliveira","Est. tempo de leitura":"3 minutos"},"schema":{"@context":"https:\/\/schema.org","@graph":[{"@type":"Article","@id":"https:\/\/www.pm.pb.gov.br\/portal\/2023\/05\/23\/colegio-da-policia-militar-abre-xii-edicao-do-concurso-de-redacao-sobre-adocao-do-tjpb\/#article","isPartOf":{"@id":"https:\/\/www.pm.pb.gov.br\/portal\/2023\/05\/23\/colegio-da-policia-militar-abre-xii-edicao-do-concurso-de-redacao-sobre-adocao-do-tjpb\/"},"author":{"name":"Tarcisio Oliveira","@id":"https:\/\/www.pm.pb.gov.br\/portal\/#\/schema\/person\/f84f56dcc78ce4357054da888b8247fd"},"headline":"Col\u00e9gio da Pol\u00edcia Militar abre XII edi\u00e7\u00e3o do Concurso de Reda\u00e7\u00e3o sobre ado\u00e7\u00e3o, do TJPB","datePublished":"2023-05-23T16:57:00+00:00","dateModified":"2023-05-23T19:58:47+00:00","mainEntityOfPage":{"@id":"https:\/\/www.pm.pb.gov.br\/portal\/2023\/05\/23\/colegio-da-policia-militar-abre-xii-edicao-do-concurso-de-redacao-sobre-adocao-do-tjpb\/"},"wordCount":305,"publisher":{"@id":"https:\/\/www.pm.pb.gov.br\/portal\/#organization"},"articleSection":["Cursos"],"inLanguage":"pt-BR"},{"@type":"WebPage","@id":"https:\/\/www.pm.pb.gov.br\/portal\/2023\/05\/23\/colegio-da-policia-militar-abre-xii-edicao-do-concurso-de-redacao-sobre-adocao-do-tjpb\/","url":"https:\/\/www.pm.pb.gov.br\/portal\/2023\/05\/23\/colegio-da-policia-militar-abre-xii-edicao-do-concurso-de-redacao-sobre-adocao-do-tjpb\/","name":"Col\u00e9gio da Pol\u00edcia Militar abre XII edi\u00e7\u00e3o do Concurso de Reda\u00e7\u00e3o sobre ado\u00e7\u00e3o, do TJPB - Pol\u00edcia Militar da Para\u00edba","isPartOf":{"@id":"https:\/\/www.pm.pb.gov.br\/portal\/#website"},"datePublished":"2023-05-23T16:57:00+00:00","dateModified":"2023-05-23T19:58:47+00:00","breadcrumb":{"@id":"https:\/\/www.pm.pb.gov.br\/portal\/2023\/05\/23\/colegio-da-policia-militar-abre-xii-edicao-do-concurso-de-redacao-sobre-adocao-do-tjpb\/#breadcrumb"},"inLanguage":"pt-BR","potentialAction":[{"@type":"ReadAction","target":["https:\/\/www.pm.pb.gov.br\/portal\/2023\/05\/23\/colegio-da-policia-militar-abre-xii-edicao-do-concurso-de-redacao-sobre-adocao-do-tjpb\/"]}]},{"@type":"BreadcrumbList","@id":"https:\/\/www.pm.pb.gov.br\/portal\/2023\/05\/23\/colegio-da-policia-militar-abre-xii-edicao-do-concurso-de-redacao-sobre-adocao-do-tjpb\/#breadcrumb","itemListElement":[{"@type":"ListItem","position":1,"name":"In\u00edcio","item":"https:\/\/www.pm.pb.gov.br\/portal\/"},{"@type":"ListItem","position":2,"name":"Col\u00e9gio da Pol\u00edcia Militar abre XII edi\u00e7\u00e3o do Concurso de Reda\u00e7\u00e3o sobre ado\u00e7\u00e3o, do TJPB"}]},{"@type":"WebSite","@id":"https:\/\/www.pm.pb.gov.br\/portal\/#website","url":"https:\/\/www.pm.pb.gov.br\/portal\/","name":"Pol\u00edcia Militar da Para\u00edba","description":"","publisher":{"@id":"https:\/\/www.pm.pb.gov.br\/portal\/#organization"},"potentialAction":[{"@type":"SearchAction","target":{"@type":"EntryPoint","urlTemplate":"https:\/\/www.pm.pb.gov.br\/portal\/?s={search_term_string}"},"query-input":"required name=search_term_string"}],"inLanguage":"pt-BR"},{"@type":"Organization","@id":"https:\/\/www.pm.pb.gov.br\/portal\/#organization","name":"Pol\u00edcia Militar da Para\u00edba","url":"https:\/\/www.pm.pb.gov.br\/portal\/","logo":{"@type":"ImageObject","inLanguage":"pt-BR","@id":"https:\/\/www.pm.pb.gov.br\/portal\/#\/schema\/logo\/image\/","url":"https:\/\/www.pm.pb.gov.br\/portal\/wp-content\/uploads\/2025\/03\/cropped-logo-site-mag2-1.png","contentUrl":"https:\/\/www.pm.pb.gov.br\/portal\/wp-content\/uploads\/2025\/03\/cropped-logo-site-mag2-1.png","width":320,"height":90,"caption":"Pol\u00edcia Militar da Para\u00edba"},"image":{"@id":"https:\/\/www.pm.pb.gov.br\/portal\/#\/schema\/logo\/image\/"}},{"@type":"Person","@id":"https:\/\/www.pm.pb.gov.br\/portal\/#\/schema\/person\/f84f56dcc78ce4357054da888b8247fd","name":"Tarcisio Oliveira","image":{"@type":"ImageObject","inLanguage":"pt-BR","@id":"https:\/\/www.pm.pb.gov.br\/portal\/#\/schema\/person\/image\/","url":"https:\/\/secure.gravatar.com\/avatar\/72917b630b69d31cd0297507f34bac97?s=96&d=mm&r=g","contentUrl":"https:\/\/secure.gravatar.com\/avatar\/72917b630b69d31cd0297507f34bac97?s=96&d=mm&r=g","caption":"Tarcisio Oliveira"},"url":"https:\/\/www.pm.pb.gov.br\/portal\/author\/tarcisio\/"}]}},"_links":{"self":[{"href":"https:\/\/www.pm.pb.gov.br\/portal\/wp-json\/wp\/v2\/posts\/916586"}],"collection":[{"href":"https:\/\/www.pm.pb.gov.br\/portal\/wp-json\/wp\/v2\/posts"}],"about":[{"href":"https:\/\/www.pm.pb.gov.br\/portal\/wp-json\/wp\/v2\/types\/post"}],"author":[{"embeddable":true,"href":"https:\/\/www.pm.pb.gov.br\/portal\/wp-json\/wp\/v2\/users\/12"}],"replies":[{"embeddable":true,"href":"https:\/\/www.pm.pb.gov.br\/portal\/wp-json\/wp\/v2\/comments?post=916586"}],"version-history":[{"count":2,"href":"https:\/\/www.pm.pb.gov.br\/portal\/wp-json\/wp\/v2\/posts\/916586\/revisions"}],"predecessor-version":[{"id":916593,"href":"https:\/\/www.pm.pb.gov.br\/portal\/wp-json\/wp\/v2\/posts\/916586\/revisions\/916593"}],"wp:featuredmedia":[{"embeddable":true,"href":"https:\/\/www.pm.pb.gov.br\/portal\/wp-json\/wp\/v2\/media\/916587"}],"wp:attachment":[{"href":"https:\/\/www.pm.pb.gov.br\/portal\/wp-json\/wp\/v2\/media?parent=916586"}],"wp:term":[{"taxonomy":"category","embeddable":true,"href":"https:\/\/www.pm.pb.gov.br\/portal\/wp-json\/wp\/v2\/categories?post=916586"},{"taxonomy":"post_tag","embeddable":true,"href":"https:\/\/www.pm.pb.gov.br\/portal\/wp-json\/wp\/v2\/tags?post=916586"}],"curies":[{"name":"wp","href":"https:\/\/api.w.org\/{rel}","templated":true}]}}