{"id":916523,"date":"2023-05-16T22:38:13","date_gmt":"2023-05-17T01:38:13","guid":{"rendered":"https:\/\/www.pm.pb.gov.br\/portal\/?p=916523"},"modified":"2023-05-16T22:38:16","modified_gmt":"2023-05-17T01:38:16","slug":"acao-conjunta-desarticula-trio-do-piaui-que-aplicava-golpes-na-paraiba","status":"publish","type":"post","link":"https:\/\/www.pm.pb.gov.br\/portal\/2023\/05\/16\/acao-conjunta-desarticula-trio-do-piaui-que-aplicava-golpes-na-paraiba\/","title":{"rendered":"<strong>A\u00e7\u00e3o conjunta desarticula trio do Piau\u00ed, que aplicava golpes na Para\u00edba<\/strong>"},"content":{"rendered":"\n<p>Uma a\u00e7\u00e3o conjunta entre as Pol\u00edcias Federal, Militar e a Ger\u00eancia de Seguran\u00e7a dos Correios resultou na pris\u00e3o de tr\u00eas pessoas do Piau\u00ed, acusados de aplicarem golpes na Para\u00edba (foto acima ilustrativa). A pris\u00e3o aconteceu na tarde desta ter\u00e7a-feira (16), no bairro do Bessa em Jo\u00e3o Pessoa, ap\u00f3s abordagem a um ve\u00edculo onde os suspeitos estavam (foto abaixo).<\/p>\n<p>De acordo com o comando do Grupamento de A\u00e7\u00f5es T\u00e1ticas Especiais (Gate), da PMPB, os acusados usavam identidades falsas, tinham acesso pr\u00e9vio aos cart\u00f5es de cr\u00e9dito e de d\u00e9bito das v\u00edtimas, e sacavam as quantias. \u201cTemos informa\u00e7\u00f5es preliminares que o trio fez v\u00edtimas em pelo menos quatro cidades da Para\u00edba, como Jo\u00e3o Pessoa, Cabedelo, Guarabira e Mamanguape, sendo presos hoje pelo Gate quando tentavam ter acesso ao cart\u00e3o das v\u00edtimas que chegavam pelos Correios, usando identidades falsas\u201d, revelou o major Porf\u00edrio, comandante do Grupamento.<\/p>\n<figure id=\"attachment_916524\" aria-describedby=\"caption-attachment-916524\" style=\"width: 593px\" class=\"wp-caption aligncenter\"><img loading=\"lazy\" decoding=\"async\" class=\"wp-image-916524 size-medium\" src=\"http:\/\/www.pm.pb.gov.br\/portal\/wp-content\/uploads\/2023\/05\/WhatsApp-Image-2023-05-16-at-17.46.52-593x445.jpeg\" alt=\"\" width=\"593\" height=\"445\" srcset=\"https:\/\/www.pm.pb.gov.br\/portal\/wp-content\/uploads\/2023\/05\/WhatsApp-Image-2023-05-16-at-17.46.52-593x445.jpeg 593w, https:\/\/www.pm.pb.gov.br\/portal\/wp-content\/uploads\/2023\/05\/WhatsApp-Image-2023-05-16-at-17.46.52-760x570.jpeg 760w, https:\/\/www.pm.pb.gov.br\/portal\/wp-content\/uploads\/2023\/05\/WhatsApp-Image-2023-05-16-at-17.46.52-768x576.jpeg 768w, https:\/\/www.pm.pb.gov.br\/portal\/wp-content\/uploads\/2023\/05\/WhatsApp-Image-2023-05-16-at-17.46.52-1536x1152.jpeg 1536w, https:\/\/www.pm.pb.gov.br\/portal\/wp-content\/uploads\/2023\/05\/WhatsApp-Image-2023-05-16-at-17.46.52.jpeg 1600w\" sizes=\"(max-width: 593px) 100vw, 593px\" \/><figcaption id=\"caption-attachment-916524\" class=\"wp-caption-text\">Carro conduzido pelos acusados.<\/figcaption><\/figure>\n<p>O oficial informou que a partir desse acesso pr\u00e9vio aos cart\u00f5es, os acusados sacavam as quantias se passando pelos leg\u00edtimos titulares das contas. Entre os presos est\u00e3o dois homens de 40 e 41 anos de idade, e uma mulher de 40. O caso foi encaminhado para a Pol\u00edcia Federal onde a participa\u00e7\u00e3o do trio nos crimes ser\u00e1 investigada.<\/p>\n\n\n","protected":false},"excerpt":{"rendered":"<p>Uma a\u00e7\u00e3o conjunta entre as Pol\u00edcias Federal, Militar e a Ger\u00eancia de Seguran\u00e7a dos Correios resultou na pris\u00e3o de tr\u00eas<\/p>\n","protected":false},"author":12,"featured_media":910520,"comment_status":"closed","ping_status":"closed","sticky":false,"template":"","format":"standard","meta":{"_exactmetrics_skip_tracking":false,"_exactmetrics_sitenote_active":false,"_exactmetrics_sitenote_note":"","_exactmetrics_sitenote_category":0,"footnotes":""},"categories":[4],"tags":[],"yoast_head":"<!-- This site is optimized with the Yoast SEO plugin v22.0 - https:\/\/yoast.com\/wordpress\/plugins\/seo\/ -->\n<title>A\u00e7\u00e3o conjunta desarticula trio do Piau\u00ed, que aplicava golpes na Para\u00edba - Pol\u00edcia Militar da Para\u00edba<\/title>\n<meta name=\"robots\" content=\"index, follow, max-snippet:-1, max-image-preview:large, max-video-preview:-1\" \/>\n<link rel=\"canonical\" href=\"https:\/\/www.pm.pb.gov.br\/portal\/2023\/05\/16\/acao-conjunta-desarticula-trio-do-piaui-que-aplicava-golpes-na-paraiba\/\" \/>\n<meta property=\"og:locale\" content=\"pt_BR\" \/>\n<meta property=\"og:type\" content=\"article\" \/>\n<meta property=\"og:title\" content=\"A\u00e7\u00e3o conjunta desarticula trio do Piau\u00ed, que aplicava golpes na Para\u00edba - Pol\u00edcia Militar da Para\u00edba\" \/>\n<meta property=\"og:description\" content=\"Uma a\u00e7\u00e3o conjunta entre as Pol\u00edcias Federal, Militar e a Ger\u00eancia de Seguran\u00e7a dos Correios resultou na pris\u00e3o de tr\u00eas\" \/>\n<meta property=\"og:url\" content=\"https:\/\/www.pm.pb.gov.br\/portal\/2023\/05\/16\/acao-conjunta-desarticula-trio-do-piaui-que-aplicava-golpes-na-paraiba\/\" \/>\n<meta property=\"og:site_name\" content=\"Pol\u00edcia Militar da Para\u00edba\" \/>\n<meta property=\"article:published_time\" content=\"2023-05-17T01:38:13+00:00\" \/>\n<meta property=\"article:modified_time\" content=\"2023-05-17T01:38:16+00:00\" \/>\n<meta property=\"og:image\" content=\"http:\/\/www.pm.pb.gov.br\/portal\/wp-content\/uploads\/2021\/04\/gate2.jpg\" \/>\n\t<meta property=\"og:image:width\" content=\"800\" \/>\n\t<meta property=\"og:image:height\" content=\"445\" \/>\n\t<meta property=\"og:image:type\" content=\"image\/jpeg\" \/>\n<meta name=\"author\" content=\"Tarcisio Oliveira\" \/>\n<meta name=\"twitter:card\" content=\"summary_large_image\" \/>\n<meta name=\"twitter:label1\" content=\"Escrito por\" \/>\n\t<meta name=\"twitter:data1\" content=\"Tarcisio Oliveira\" \/>\n\t<meta name=\"twitter:label2\" content=\"Est. tempo de leitura\" \/>\n\t<meta name=\"twitter:data2\" content=\"2 minutos\" \/>\n<script type=\"application\/ld+json\" class=\"yoast-schema-graph\">{\"@context\":\"https:\/\/schema.org\",\"@graph\":[{\"@type\":\"Article\",\"@id\":\"https:\/\/www.pm.pb.gov.br\/portal\/2023\/05\/16\/acao-conjunta-desarticula-trio-do-piaui-que-aplicava-golpes-na-paraiba\/#article\",\"isPartOf\":{\"@id\":\"https:\/\/www.pm.pb.gov.br\/portal\/2023\/05\/16\/acao-conjunta-desarticula-trio-do-piaui-que-aplicava-golpes-na-paraiba\/\"},\"author\":{\"name\":\"Tarcisio Oliveira\",\"@id\":\"https:\/\/www.pm.pb.gov.br\/portal\/#\/schema\/person\/f84f56dcc78ce4357054da888b8247fd\"},\"headline\":\"A\u00e7\u00e3o conjunta desarticula trio do Piau\u00ed, que aplicava golpes na Para\u00edba\",\"datePublished\":\"2023-05-17T01:38:13+00:00\",\"dateModified\":\"2023-05-17T01:38:16+00:00\",\"mainEntityOfPage\":{\"@id\":\"https:\/\/www.pm.pb.gov.br\/portal\/2023\/05\/16\/acao-conjunta-desarticula-trio-do-piaui-que-aplicava-golpes-na-paraiba\/\"},\"wordCount\":252,\"publisher\":{\"@id\":\"https:\/\/www.pm.pb.gov.br\/portal\/#organization\"},\"articleSection\":[\"A\u00e7\u00f5es Policiais\"],\"inLanguage\":\"pt-BR\"},{\"@type\":\"WebPage\",\"@id\":\"https:\/\/www.pm.pb.gov.br\/portal\/2023\/05\/16\/acao-conjunta-desarticula-trio-do-piaui-que-aplicava-golpes-na-paraiba\/\",\"url\":\"https:\/\/www.pm.pb.gov.br\/portal\/2023\/05\/16\/acao-conjunta-desarticula-trio-do-piaui-que-aplicava-golpes-na-paraiba\/\",\"name\":\"A\u00e7\u00e3o conjunta desarticula trio do Piau\u00ed, que aplicava golpes na Para\u00edba - Pol\u00edcia Militar da Para\u00edba\",\"isPartOf\":{\"@id\":\"https:\/\/www.pm.pb.gov.br\/portal\/#website\"},\"datePublished\":\"2023-05-17T01:38:13+00:00\",\"dateModified\":\"2023-05-17T01:38:16+00:00\",\"breadcrumb\":{\"@id\":\"https:\/\/www.pm.pb.gov.br\/portal\/2023\/05\/16\/acao-conjunta-desarticula-trio-do-piaui-que-aplicava-golpes-na-paraiba\/#breadcrumb\"},\"inLanguage\":\"pt-BR\",\"potentialAction\":[{\"@type\":\"ReadAction\",\"target\":[\"https:\/\/www.pm.pb.gov.br\/portal\/2023\/05\/16\/acao-conjunta-desarticula-trio-do-piaui-que-aplicava-golpes-na-paraiba\/\"]}]},{\"@type\":\"BreadcrumbList\",\"@id\":\"https:\/\/www.pm.pb.gov.br\/portal\/2023\/05\/16\/acao-conjunta-desarticula-trio-do-piaui-que-aplicava-golpes-na-paraiba\/#breadcrumb\",\"itemListElement\":[{\"@type\":\"ListItem\",\"position\":1,\"name\":\"In\u00edcio\",\"item\":\"https:\/\/www.pm.pb.gov.br\/portal\/\"},{\"@type\":\"ListItem\",\"position\":2,\"name\":\"A\u00e7\u00e3o conjunta desarticula trio do Piau\u00ed, que aplicava golpes na Para\u00edba\"}]},{\"@type\":\"WebSite\",\"@id\":\"https:\/\/www.pm.pb.gov.br\/portal\/#website\",\"url\":\"https:\/\/www.pm.pb.gov.br\/portal\/\",\"name\":\"Pol\u00edcia Militar da Para\u00edba\",\"description\":\"\",\"publisher\":{\"@id\":\"https:\/\/www.pm.pb.gov.br\/portal\/#organization\"},\"potentialAction\":[{\"@type\":\"SearchAction\",\"target\":{\"@type\":\"EntryPoint\",\"urlTemplate\":\"https:\/\/www.pm.pb.gov.br\/portal\/?s={search_term_string}\"},\"query-input\":\"required name=search_term_string\"}],\"inLanguage\":\"pt-BR\"},{\"@type\":\"Organization\",\"@id\":\"https:\/\/www.pm.pb.gov.br\/portal\/#organization\",\"name\":\"Pol\u00edcia Militar da Para\u00edba\",\"url\":\"https:\/\/www.pm.pb.gov.br\/portal\/\",\"logo\":{\"@type\":\"ImageObject\",\"inLanguage\":\"pt-BR\",\"@id\":\"https:\/\/www.pm.pb.gov.br\/portal\/#\/schema\/logo\/image\/\",\"url\":\"https:\/\/www.pm.pb.gov.br\/portal\/wp-content\/uploads\/2025\/03\/cropped-logo-site-mag2-1.png\",\"contentUrl\":\"https:\/\/www.pm.pb.gov.br\/portal\/wp-content\/uploads\/2025\/03\/cropped-logo-site-mag2-1.png\",\"width\":320,\"height\":90,\"caption\":\"Pol\u00edcia Militar da Para\u00edba\"},\"image\":{\"@id\":\"https:\/\/www.pm.pb.gov.br\/portal\/#\/schema\/logo\/image\/\"}},{\"@type\":\"Person\",\"@id\":\"https:\/\/www.pm.pb.gov.br\/portal\/#\/schema\/person\/f84f56dcc78ce4357054da888b8247fd\",\"name\":\"Tarcisio Oliveira\",\"image\":{\"@type\":\"ImageObject\",\"inLanguage\":\"pt-BR\",\"@id\":\"https:\/\/www.pm.pb.gov.br\/portal\/#\/schema\/person\/image\/\",\"url\":\"https:\/\/secure.gravatar.com\/avatar\/72917b630b69d31cd0297507f34bac97?s=96&d=mm&r=g\",\"contentUrl\":\"https:\/\/secure.gravatar.com\/avatar\/72917b630b69d31cd0297507f34bac97?s=96&d=mm&r=g\",\"caption\":\"Tarcisio Oliveira\"},\"url\":\"https:\/\/www.pm.pb.gov.br\/portal\/author\/tarcisio\/\"}]}<\/script>\n<!-- \/ Yoast SEO plugin. -->","yoast_head_json":{"title":"A\u00e7\u00e3o conjunta desarticula trio do Piau\u00ed, que aplicava golpes na Para\u00edba - Pol\u00edcia Militar da Para\u00edba","robots":{"index":"index","follow":"follow","max-snippet":"max-snippet:-1","max-image-preview":"max-image-preview:large","max-video-preview":"max-video-preview:-1"},"canonical":"https:\/\/www.pm.pb.gov.br\/portal\/2023\/05\/16\/acao-conjunta-desarticula-trio-do-piaui-que-aplicava-golpes-na-paraiba\/","og_locale":"pt_BR","og_type":"article","og_title":"A\u00e7\u00e3o conjunta desarticula trio do Piau\u00ed, que aplicava golpes na Para\u00edba - Pol\u00edcia Militar da Para\u00edba","og_description":"Uma a\u00e7\u00e3o conjunta entre as Pol\u00edcias Federal, Militar e a Ger\u00eancia de Seguran\u00e7a dos Correios resultou na pris\u00e3o de tr\u00eas","og_url":"https:\/\/www.pm.pb.gov.br\/portal\/2023\/05\/16\/acao-conjunta-desarticula-trio-do-piaui-que-aplicava-golpes-na-paraiba\/","og_site_name":"Pol\u00edcia Militar da Para\u00edba","article_published_time":"2023-05-17T01:38:13+00:00","article_modified_time":"2023-05-17T01:38:16+00:00","og_image":[{"width":800,"height":445,"url":"http:\/\/www.pm.pb.gov.br\/portal\/wp-content\/uploads\/2021\/04\/gate2.jpg","type":"image\/jpeg"}],"author":"Tarcisio Oliveira","twitter_card":"summary_large_image","twitter_misc":{"Escrito por":"Tarcisio Oliveira","Est. tempo de leitura":"2 minutos"},"schema":{"@context":"https:\/\/schema.org","@graph":[{"@type":"Article","@id":"https:\/\/www.pm.pb.gov.br\/portal\/2023\/05\/16\/acao-conjunta-desarticula-trio-do-piaui-que-aplicava-golpes-na-paraiba\/#article","isPartOf":{"@id":"https:\/\/www.pm.pb.gov.br\/portal\/2023\/05\/16\/acao-conjunta-desarticula-trio-do-piaui-que-aplicava-golpes-na-paraiba\/"},"author":{"name":"Tarcisio Oliveira","@id":"https:\/\/www.pm.pb.gov.br\/portal\/#\/schema\/person\/f84f56dcc78ce4357054da888b8247fd"},"headline":"A\u00e7\u00e3o conjunta desarticula trio do Piau\u00ed, que aplicava golpes na Para\u00edba","datePublished":"2023-05-17T01:38:13+00:00","dateModified":"2023-05-17T01:38:16+00:00","mainEntityOfPage":{"@id":"https:\/\/www.pm.pb.gov.br\/portal\/2023\/05\/16\/acao-conjunta-desarticula-trio-do-piaui-que-aplicava-golpes-na-paraiba\/"},"wordCount":252,"publisher":{"@id":"https:\/\/www.pm.pb.gov.br\/portal\/#organization"},"articleSection":["A\u00e7\u00f5es Policiais"],"inLanguage":"pt-BR"},{"@type":"WebPage","@id":"https:\/\/www.pm.pb.gov.br\/portal\/2023\/05\/16\/acao-conjunta-desarticula-trio-do-piaui-que-aplicava-golpes-na-paraiba\/","url":"https:\/\/www.pm.pb.gov.br\/portal\/2023\/05\/16\/acao-conjunta-desarticula-trio-do-piaui-que-aplicava-golpes-na-paraiba\/","name":"A\u00e7\u00e3o conjunta desarticula trio do Piau\u00ed, que aplicava golpes na Para\u00edba - Pol\u00edcia Militar da Para\u00edba","isPartOf":{"@id":"https:\/\/www.pm.pb.gov.br\/portal\/#website"},"datePublished":"2023-05-17T01:38:13+00:00","dateModified":"2023-05-17T01:38:16+00:00","breadcrumb":{"@id":"https:\/\/www.pm.pb.gov.br\/portal\/2023\/05\/16\/acao-conjunta-desarticula-trio-do-piaui-que-aplicava-golpes-na-paraiba\/#breadcrumb"},"inLanguage":"pt-BR","potentialAction":[{"@type":"ReadAction","target":["https:\/\/www.pm.pb.gov.br\/portal\/2023\/05\/16\/acao-conjunta-desarticula-trio-do-piaui-que-aplicava-golpes-na-paraiba\/"]}]},{"@type":"BreadcrumbList","@id":"https:\/\/www.pm.pb.gov.br\/portal\/2023\/05\/16\/acao-conjunta-desarticula-trio-do-piaui-que-aplicava-golpes-na-paraiba\/#breadcrumb","itemListElement":[{"@type":"ListItem","position":1,"name":"In\u00edcio","item":"https:\/\/www.pm.pb.gov.br\/portal\/"},{"@type":"ListItem","position":2,"name":"A\u00e7\u00e3o conjunta desarticula trio do Piau\u00ed, que aplicava golpes na Para\u00edba"}]},{"@type":"WebSite","@id":"https:\/\/www.pm.pb.gov.br\/portal\/#website","url":"https:\/\/www.pm.pb.gov.br\/portal\/","name":"Pol\u00edcia Militar da Para\u00edba","description":"","publisher":{"@id":"https:\/\/www.pm.pb.gov.br\/portal\/#organization"},"potentialAction":[{"@type":"SearchAction","target":{"@type":"EntryPoint","urlTemplate":"https:\/\/www.pm.pb.gov.br\/portal\/?s={search_term_string}"},"query-input":"required name=search_term_string"}],"inLanguage":"pt-BR"},{"@type":"Organization","@id":"https:\/\/www.pm.pb.gov.br\/portal\/#organization","name":"Pol\u00edcia Militar da Para\u00edba","url":"https:\/\/www.pm.pb.gov.br\/portal\/","logo":{"@type":"ImageObject","inLanguage":"pt-BR","@id":"https:\/\/www.pm.pb.gov.br\/portal\/#\/schema\/logo\/image\/","url":"https:\/\/www.pm.pb.gov.br\/portal\/wp-content\/uploads\/2025\/03\/cropped-logo-site-mag2-1.png","contentUrl":"https:\/\/www.pm.pb.gov.br\/portal\/wp-content\/uploads\/2025\/03\/cropped-logo-site-mag2-1.png","width":320,"height":90,"caption":"Pol\u00edcia Militar da Para\u00edba"},"image":{"@id":"https:\/\/www.pm.pb.gov.br\/portal\/#\/schema\/logo\/image\/"}},{"@type":"Person","@id":"https:\/\/www.pm.pb.gov.br\/portal\/#\/schema\/person\/f84f56dcc78ce4357054da888b8247fd","name":"Tarcisio Oliveira","image":{"@type":"ImageObject","inLanguage":"pt-BR","@id":"https:\/\/www.pm.pb.gov.br\/portal\/#\/schema\/person\/image\/","url":"https:\/\/secure.gravatar.com\/avatar\/72917b630b69d31cd0297507f34bac97?s=96&d=mm&r=g","contentUrl":"https:\/\/secure.gravatar.com\/avatar\/72917b630b69d31cd0297507f34bac97?s=96&d=mm&r=g","caption":"Tarcisio Oliveira"},"url":"https:\/\/www.pm.pb.gov.br\/portal\/author\/tarcisio\/"}]}},"_links":{"self":[{"href":"https:\/\/www.pm.pb.gov.br\/portal\/wp-json\/wp\/v2\/posts\/916523"}],"collection":[{"href":"https:\/\/www.pm.pb.gov.br\/portal\/wp-json\/wp\/v2\/posts"}],"about":[{"href":"https:\/\/www.pm.pb.gov.br\/portal\/wp-json\/wp\/v2\/types\/post"}],"author":[{"embeddable":true,"href":"https:\/\/www.pm.pb.gov.br\/portal\/wp-json\/wp\/v2\/users\/12"}],"replies":[{"embeddable":true,"href":"https:\/\/www.pm.pb.gov.br\/portal\/wp-json\/wp\/v2\/comments?post=916523"}],"version-history":[{"count":1,"href":"https:\/\/www.pm.pb.gov.br\/portal\/wp-json\/wp\/v2\/posts\/916523\/revisions"}],"predecessor-version":[{"id":916525,"href":"https:\/\/www.pm.pb.gov.br\/portal\/wp-json\/wp\/v2\/posts\/916523\/revisions\/916525"}],"wp:featuredmedia":[{"embeddable":true,"href":"https:\/\/www.pm.pb.gov.br\/portal\/wp-json\/wp\/v2\/media\/910520"}],"wp:attachment":[{"href":"https:\/\/www.pm.pb.gov.br\/portal\/wp-json\/wp\/v2\/media?parent=916523"}],"wp:term":[{"taxonomy":"category","embeddable":true,"href":"https:\/\/www.pm.pb.gov.br\/portal\/wp-json\/wp\/v2\/categories?post=916523"},{"taxonomy":"post_tag","embeddable":true,"href":"https:\/\/www.pm.pb.gov.br\/portal\/wp-json\/wp\/v2\/tags?post=916523"}],"curies":[{"name":"wp","href":"https:\/\/api.w.org\/{rel}","templated":true}]}}