{"id":916505,"date":"2023-05-12T17:48:10","date_gmt":"2023-05-12T20:48:10","guid":{"rendered":"https:\/\/www.pm.pb.gov.br\/portal\/?p=916505"},"modified":"2023-05-12T17:48:13","modified_gmt":"2023-05-12T20:48:13","slug":"policia-militar-comemora-dia-das-maes-com-palestras-e-musica-no-comando-geral","status":"publish","type":"post","link":"https:\/\/www.pm.pb.gov.br\/portal\/2023\/05\/12\/policia-militar-comemora-dia-das-maes-com-palestras-e-musica-no-comando-geral\/","title":{"rendered":"Pol\u00edcia Militar comemora Dia das M\u00e3es com palestras e m\u00fasica no Comando Geral"},"content":{"rendered":"\n\n\n<p>A comemora\u00e7\u00e3o do Dia das M\u00e3es foi toda especial na Pol\u00edcia Militar da Para\u00edba. Na manh\u00e3 desta sexta-feira (12), as mam\u00e3es policiais que fazem parte do Quartel do Comando Geral tiveram uma manh\u00e3 diferente, sendo homenageadas e recebendo palestras e servi\u00e7os.<\/p>\n<p>A ocasi\u00e3o foi acompanhada pelo pr\u00f3prio comandante-geral da PM, coronel S\u00e9rgio Fonseca, que homenageou pessoalmente as militares que s\u00e3o m\u00e3es e que atuam nos diferentes \u00f3rg\u00e3os do QCG, dando suporte as diversas a\u00e7\u00f5es da Pol\u00edcia Militar em todo o estado (foto abaixo). Oficiais e pra\u00e7as da unidade tamb\u00e9m estiveram presentes no momento.<\/p>\n<p><img loading=\"lazy\" decoding=\"async\" class=\" wp-image-916507 aligncenter\" src=\"http:\/\/www.pm.pb.gov.br\/portal\/wp-content\/uploads\/2023\/05\/WhatsApp-Image-2023-05-12-at-11.45.06-666x445.jpeg\" alt=\"\" width=\"561\" height=\"375\" srcset=\"https:\/\/www.pm.pb.gov.br\/portal\/wp-content\/uploads\/2023\/05\/WhatsApp-Image-2023-05-12-at-11.45.06-666x445.jpeg 666w, https:\/\/www.pm.pb.gov.br\/portal\/wp-content\/uploads\/2023\/05\/WhatsApp-Image-2023-05-12-at-11.45.06-853x570.jpeg 853w, https:\/\/www.pm.pb.gov.br\/portal\/wp-content\/uploads\/2023\/05\/WhatsApp-Image-2023-05-12-at-11.45.06-768x513.jpeg 768w, https:\/\/www.pm.pb.gov.br\/portal\/wp-content\/uploads\/2023\/05\/WhatsApp-Image-2023-05-12-at-11.45.06-272x182.jpeg 272w, https:\/\/www.pm.pb.gov.br\/portal\/wp-content\/uploads\/2023\/05\/WhatsApp-Image-2023-05-12-at-11.45.06.jpeg 1280w\" sizes=\"(max-width: 561px) 100vw, 561px\" \/><\/p>\n<p>Entre as atividades alusivas desta sexta-feira estavam palestras de empreendedorismo e marketing, moda e estilo, apresenta\u00e7\u00e3o da Patrulha Musical, al\u00e9m de palavras de f\u00e9 com o pastor Cl\u00f3vis Bernardo. Mam\u00e3es tamb\u00e9m ganharam brindes e participaram de sorteios de v\u00e1rios produtos.<\/p>\n","protected":false},"excerpt":{"rendered":"<p>A comemora\u00e7\u00e3o do Dia das M\u00e3es foi toda especial na Pol\u00edcia Militar da Para\u00edba. Na manh\u00e3 desta sexta-feira (12), as<\/p>\n","protected":false},"author":12,"featured_media":916506,"comment_status":"closed","ping_status":"closed","sticky":false,"template":"","format":"standard","meta":{"_exactmetrics_skip_tracking":false,"_exactmetrics_sitenote_active":false,"_exactmetrics_sitenote_note":"","_exactmetrics_sitenote_category":0,"footnotes":""},"categories":[5],"tags":[],"yoast_head":"<!-- This site is optimized with the Yoast SEO plugin v22.0 - https:\/\/yoast.com\/wordpress\/plugins\/seo\/ -->\n<title>Pol\u00edcia Militar comemora Dia das M\u00e3es com palestras e m\u00fasica no Comando Geral - Pol\u00edcia Militar da Para\u00edba<\/title>\n<meta name=\"robots\" content=\"index, follow, max-snippet:-1, max-image-preview:large, max-video-preview:-1\" \/>\n<link rel=\"canonical\" href=\"https:\/\/www.pm.pb.gov.br\/portal\/2023\/05\/12\/policia-militar-comemora-dia-das-maes-com-palestras-e-musica-no-comando-geral\/\" \/>\n<meta property=\"og:locale\" content=\"pt_BR\" \/>\n<meta property=\"og:type\" content=\"article\" \/>\n<meta property=\"og:title\" content=\"Pol\u00edcia Militar comemora Dia das M\u00e3es com palestras e m\u00fasica no Comando Geral - Pol\u00edcia Militar da Para\u00edba\" \/>\n<meta property=\"og:description\" content=\"A comemora\u00e7\u00e3o do Dia das M\u00e3es foi toda especial na Pol\u00edcia Militar da Para\u00edba. Na manh\u00e3 desta sexta-feira (12), as\" \/>\n<meta property=\"og:url\" content=\"https:\/\/www.pm.pb.gov.br\/portal\/2023\/05\/12\/policia-militar-comemora-dia-das-maes-com-palestras-e-musica-no-comando-geral\/\" \/>\n<meta property=\"og:site_name\" content=\"Pol\u00edcia Militar da Para\u00edba\" \/>\n<meta property=\"article:published_time\" content=\"2023-05-12T20:48:10+00:00\" \/>\n<meta property=\"article:modified_time\" content=\"2023-05-12T20:48:13+00:00\" \/>\n<meta property=\"og:image\" content=\"http:\/\/www.pm.pb.gov.br\/portal\/wp-content\/uploads\/2023\/05\/diadasmaes.jpeg\" \/>\n\t<meta property=\"og:image:width\" content=\"800\" \/>\n\t<meta property=\"og:image:height\" content=\"445\" \/>\n\t<meta property=\"og:image:type\" content=\"image\/jpeg\" \/>\n<meta name=\"author\" content=\"Tarcisio Oliveira\" \/>\n<meta name=\"twitter:card\" content=\"summary_large_image\" \/>\n<meta name=\"twitter:label1\" content=\"Escrito por\" \/>\n\t<meta name=\"twitter:data1\" content=\"Tarcisio Oliveira\" \/>\n\t<meta name=\"twitter:label2\" content=\"Est. tempo de leitura\" \/>\n\t<meta name=\"twitter:data2\" content=\"1 minuto\" \/>\n<script type=\"application\/ld+json\" class=\"yoast-schema-graph\">{\"@context\":\"https:\/\/schema.org\",\"@graph\":[{\"@type\":\"Article\",\"@id\":\"https:\/\/www.pm.pb.gov.br\/portal\/2023\/05\/12\/policia-militar-comemora-dia-das-maes-com-palestras-e-musica-no-comando-geral\/#article\",\"isPartOf\":{\"@id\":\"https:\/\/www.pm.pb.gov.br\/portal\/2023\/05\/12\/policia-militar-comemora-dia-das-maes-com-palestras-e-musica-no-comando-geral\/\"},\"author\":{\"name\":\"Tarcisio Oliveira\",\"@id\":\"https:\/\/www.pm.pb.gov.br\/portal\/#\/schema\/person\/f84f56dcc78ce4357054da888b8247fd\"},\"headline\":\"Pol\u00edcia Militar comemora Dia das M\u00e3es com palestras e m\u00fasica no Comando Geral\",\"datePublished\":\"2023-05-12T20:48:10+00:00\",\"dateModified\":\"2023-05-12T20:48:13+00:00\",\"mainEntityOfPage\":{\"@id\":\"https:\/\/www.pm.pb.gov.br\/portal\/2023\/05\/12\/policia-militar-comemora-dia-das-maes-com-palestras-e-musica-no-comando-geral\/\"},\"wordCount\":170,\"publisher\":{\"@id\":\"https:\/\/www.pm.pb.gov.br\/portal\/#organization\"},\"articleSection\":[\"Homenagens\"],\"inLanguage\":\"pt-BR\"},{\"@type\":\"WebPage\",\"@id\":\"https:\/\/www.pm.pb.gov.br\/portal\/2023\/05\/12\/policia-militar-comemora-dia-das-maes-com-palestras-e-musica-no-comando-geral\/\",\"url\":\"https:\/\/www.pm.pb.gov.br\/portal\/2023\/05\/12\/policia-militar-comemora-dia-das-maes-com-palestras-e-musica-no-comando-geral\/\",\"name\":\"Pol\u00edcia Militar comemora Dia das M\u00e3es com palestras e m\u00fasica no Comando Geral - Pol\u00edcia Militar da Para\u00edba\",\"isPartOf\":{\"@id\":\"https:\/\/www.pm.pb.gov.br\/portal\/#website\"},\"datePublished\":\"2023-05-12T20:48:10+00:00\",\"dateModified\":\"2023-05-12T20:48:13+00:00\",\"breadcrumb\":{\"@id\":\"https:\/\/www.pm.pb.gov.br\/portal\/2023\/05\/12\/policia-militar-comemora-dia-das-maes-com-palestras-e-musica-no-comando-geral\/#breadcrumb\"},\"inLanguage\":\"pt-BR\",\"potentialAction\":[{\"@type\":\"ReadAction\",\"target\":[\"https:\/\/www.pm.pb.gov.br\/portal\/2023\/05\/12\/policia-militar-comemora-dia-das-maes-com-palestras-e-musica-no-comando-geral\/\"]}]},{\"@type\":\"BreadcrumbList\",\"@id\":\"https:\/\/www.pm.pb.gov.br\/portal\/2023\/05\/12\/policia-militar-comemora-dia-das-maes-com-palestras-e-musica-no-comando-geral\/#breadcrumb\",\"itemListElement\":[{\"@type\":\"ListItem\",\"position\":1,\"name\":\"In\u00edcio\",\"item\":\"https:\/\/www.pm.pb.gov.br\/portal\/\"},{\"@type\":\"ListItem\",\"position\":2,\"name\":\"Pol\u00edcia Militar comemora Dia das M\u00e3es com palestras e m\u00fasica no Comando Geral\"}]},{\"@type\":\"WebSite\",\"@id\":\"https:\/\/www.pm.pb.gov.br\/portal\/#website\",\"url\":\"https:\/\/www.pm.pb.gov.br\/portal\/\",\"name\":\"Pol\u00edcia Militar da Para\u00edba\",\"description\":\"\",\"publisher\":{\"@id\":\"https:\/\/www.pm.pb.gov.br\/portal\/#organization\"},\"potentialAction\":[{\"@type\":\"SearchAction\",\"target\":{\"@type\":\"EntryPoint\",\"urlTemplate\":\"https:\/\/www.pm.pb.gov.br\/portal\/?s={search_term_string}\"},\"query-input\":\"required name=search_term_string\"}],\"inLanguage\":\"pt-BR\"},{\"@type\":\"Organization\",\"@id\":\"https:\/\/www.pm.pb.gov.br\/portal\/#organization\",\"name\":\"Pol\u00edcia Militar da Para\u00edba\",\"url\":\"https:\/\/www.pm.pb.gov.br\/portal\/\",\"logo\":{\"@type\":\"ImageObject\",\"inLanguage\":\"pt-BR\",\"@id\":\"https:\/\/www.pm.pb.gov.br\/portal\/#\/schema\/logo\/image\/\",\"url\":\"https:\/\/www.pm.pb.gov.br\/portal\/wp-content\/uploads\/2025\/03\/cropped-logo-site-mag2-1.png\",\"contentUrl\":\"https:\/\/www.pm.pb.gov.br\/portal\/wp-content\/uploads\/2025\/03\/cropped-logo-site-mag2-1.png\",\"width\":320,\"height\":90,\"caption\":\"Pol\u00edcia Militar da Para\u00edba\"},\"image\":{\"@id\":\"https:\/\/www.pm.pb.gov.br\/portal\/#\/schema\/logo\/image\/\"}},{\"@type\":\"Person\",\"@id\":\"https:\/\/www.pm.pb.gov.br\/portal\/#\/schema\/person\/f84f56dcc78ce4357054da888b8247fd\",\"name\":\"Tarcisio Oliveira\",\"image\":{\"@type\":\"ImageObject\",\"inLanguage\":\"pt-BR\",\"@id\":\"https:\/\/www.pm.pb.gov.br\/portal\/#\/schema\/person\/image\/\",\"url\":\"https:\/\/secure.gravatar.com\/avatar\/72917b630b69d31cd0297507f34bac97?s=96&d=mm&r=g\",\"contentUrl\":\"https:\/\/secure.gravatar.com\/avatar\/72917b630b69d31cd0297507f34bac97?s=96&d=mm&r=g\",\"caption\":\"Tarcisio Oliveira\"},\"url\":\"https:\/\/www.pm.pb.gov.br\/portal\/author\/tarcisio\/\"}]}<\/script>\n<!-- \/ Yoast SEO plugin. -->","yoast_head_json":{"title":"Pol\u00edcia Militar comemora Dia das M\u00e3es com palestras e m\u00fasica no Comando Geral - Pol\u00edcia Militar da Para\u00edba","robots":{"index":"index","follow":"follow","max-snippet":"max-snippet:-1","max-image-preview":"max-image-preview:large","max-video-preview":"max-video-preview:-1"},"canonical":"https:\/\/www.pm.pb.gov.br\/portal\/2023\/05\/12\/policia-militar-comemora-dia-das-maes-com-palestras-e-musica-no-comando-geral\/","og_locale":"pt_BR","og_type":"article","og_title":"Pol\u00edcia Militar comemora Dia das M\u00e3es com palestras e m\u00fasica no Comando Geral - Pol\u00edcia Militar da Para\u00edba","og_description":"A comemora\u00e7\u00e3o do Dia das M\u00e3es foi toda especial na Pol\u00edcia Militar da Para\u00edba. Na manh\u00e3 desta sexta-feira (12), as","og_url":"https:\/\/www.pm.pb.gov.br\/portal\/2023\/05\/12\/policia-militar-comemora-dia-das-maes-com-palestras-e-musica-no-comando-geral\/","og_site_name":"Pol\u00edcia Militar da Para\u00edba","article_published_time":"2023-05-12T20:48:10+00:00","article_modified_time":"2023-05-12T20:48:13+00:00","og_image":[{"width":800,"height":445,"url":"http:\/\/www.pm.pb.gov.br\/portal\/wp-content\/uploads\/2023\/05\/diadasmaes.jpeg","type":"image\/jpeg"}],"author":"Tarcisio Oliveira","twitter_card":"summary_large_image","twitter_misc":{"Escrito por":"Tarcisio Oliveira","Est. tempo de leitura":"1 minuto"},"schema":{"@context":"https:\/\/schema.org","@graph":[{"@type":"Article","@id":"https:\/\/www.pm.pb.gov.br\/portal\/2023\/05\/12\/policia-militar-comemora-dia-das-maes-com-palestras-e-musica-no-comando-geral\/#article","isPartOf":{"@id":"https:\/\/www.pm.pb.gov.br\/portal\/2023\/05\/12\/policia-militar-comemora-dia-das-maes-com-palestras-e-musica-no-comando-geral\/"},"author":{"name":"Tarcisio Oliveira","@id":"https:\/\/www.pm.pb.gov.br\/portal\/#\/schema\/person\/f84f56dcc78ce4357054da888b8247fd"},"headline":"Pol\u00edcia Militar comemora Dia das M\u00e3es com palestras e m\u00fasica no Comando Geral","datePublished":"2023-05-12T20:48:10+00:00","dateModified":"2023-05-12T20:48:13+00:00","mainEntityOfPage":{"@id":"https:\/\/www.pm.pb.gov.br\/portal\/2023\/05\/12\/policia-militar-comemora-dia-das-maes-com-palestras-e-musica-no-comando-geral\/"},"wordCount":170,"publisher":{"@id":"https:\/\/www.pm.pb.gov.br\/portal\/#organization"},"articleSection":["Homenagens"],"inLanguage":"pt-BR"},{"@type":"WebPage","@id":"https:\/\/www.pm.pb.gov.br\/portal\/2023\/05\/12\/policia-militar-comemora-dia-das-maes-com-palestras-e-musica-no-comando-geral\/","url":"https:\/\/www.pm.pb.gov.br\/portal\/2023\/05\/12\/policia-militar-comemora-dia-das-maes-com-palestras-e-musica-no-comando-geral\/","name":"Pol\u00edcia Militar comemora Dia das M\u00e3es com palestras e m\u00fasica no Comando Geral - Pol\u00edcia Militar da Para\u00edba","isPartOf":{"@id":"https:\/\/www.pm.pb.gov.br\/portal\/#website"},"datePublished":"2023-05-12T20:48:10+00:00","dateModified":"2023-05-12T20:48:13+00:00","breadcrumb":{"@id":"https:\/\/www.pm.pb.gov.br\/portal\/2023\/05\/12\/policia-militar-comemora-dia-das-maes-com-palestras-e-musica-no-comando-geral\/#breadcrumb"},"inLanguage":"pt-BR","potentialAction":[{"@type":"ReadAction","target":["https:\/\/www.pm.pb.gov.br\/portal\/2023\/05\/12\/policia-militar-comemora-dia-das-maes-com-palestras-e-musica-no-comando-geral\/"]}]},{"@type":"BreadcrumbList","@id":"https:\/\/www.pm.pb.gov.br\/portal\/2023\/05\/12\/policia-militar-comemora-dia-das-maes-com-palestras-e-musica-no-comando-geral\/#breadcrumb","itemListElement":[{"@type":"ListItem","position":1,"name":"In\u00edcio","item":"https:\/\/www.pm.pb.gov.br\/portal\/"},{"@type":"ListItem","position":2,"name":"Pol\u00edcia Militar comemora Dia das M\u00e3es com palestras e m\u00fasica no Comando Geral"}]},{"@type":"WebSite","@id":"https:\/\/www.pm.pb.gov.br\/portal\/#website","url":"https:\/\/www.pm.pb.gov.br\/portal\/","name":"Pol\u00edcia Militar da Para\u00edba","description":"","publisher":{"@id":"https:\/\/www.pm.pb.gov.br\/portal\/#organization"},"potentialAction":[{"@type":"SearchAction","target":{"@type":"EntryPoint","urlTemplate":"https:\/\/www.pm.pb.gov.br\/portal\/?s={search_term_string}"},"query-input":"required name=search_term_string"}],"inLanguage":"pt-BR"},{"@type":"Organization","@id":"https:\/\/www.pm.pb.gov.br\/portal\/#organization","name":"Pol\u00edcia Militar da Para\u00edba","url":"https:\/\/www.pm.pb.gov.br\/portal\/","logo":{"@type":"ImageObject","inLanguage":"pt-BR","@id":"https:\/\/www.pm.pb.gov.br\/portal\/#\/schema\/logo\/image\/","url":"https:\/\/www.pm.pb.gov.br\/portal\/wp-content\/uploads\/2025\/03\/cropped-logo-site-mag2-1.png","contentUrl":"https:\/\/www.pm.pb.gov.br\/portal\/wp-content\/uploads\/2025\/03\/cropped-logo-site-mag2-1.png","width":320,"height":90,"caption":"Pol\u00edcia Militar da Para\u00edba"},"image":{"@id":"https:\/\/www.pm.pb.gov.br\/portal\/#\/schema\/logo\/image\/"}},{"@type":"Person","@id":"https:\/\/www.pm.pb.gov.br\/portal\/#\/schema\/person\/f84f56dcc78ce4357054da888b8247fd","name":"Tarcisio Oliveira","image":{"@type":"ImageObject","inLanguage":"pt-BR","@id":"https:\/\/www.pm.pb.gov.br\/portal\/#\/schema\/person\/image\/","url":"https:\/\/secure.gravatar.com\/avatar\/72917b630b69d31cd0297507f34bac97?s=96&d=mm&r=g","contentUrl":"https:\/\/secure.gravatar.com\/avatar\/72917b630b69d31cd0297507f34bac97?s=96&d=mm&r=g","caption":"Tarcisio Oliveira"},"url":"https:\/\/www.pm.pb.gov.br\/portal\/author\/tarcisio\/"}]}},"_links":{"self":[{"href":"https:\/\/www.pm.pb.gov.br\/portal\/wp-json\/wp\/v2\/posts\/916505"}],"collection":[{"href":"https:\/\/www.pm.pb.gov.br\/portal\/wp-json\/wp\/v2\/posts"}],"about":[{"href":"https:\/\/www.pm.pb.gov.br\/portal\/wp-json\/wp\/v2\/types\/post"}],"author":[{"embeddable":true,"href":"https:\/\/www.pm.pb.gov.br\/portal\/wp-json\/wp\/v2\/users\/12"}],"replies":[{"embeddable":true,"href":"https:\/\/www.pm.pb.gov.br\/portal\/wp-json\/wp\/v2\/comments?post=916505"}],"version-history":[{"count":1,"href":"https:\/\/www.pm.pb.gov.br\/portal\/wp-json\/wp\/v2\/posts\/916505\/revisions"}],"predecessor-version":[{"id":916508,"href":"https:\/\/www.pm.pb.gov.br\/portal\/wp-json\/wp\/v2\/posts\/916505\/revisions\/916508"}],"wp:featuredmedia":[{"embeddable":true,"href":"https:\/\/www.pm.pb.gov.br\/portal\/wp-json\/wp\/v2\/media\/916506"}],"wp:attachment":[{"href":"https:\/\/www.pm.pb.gov.br\/portal\/wp-json\/wp\/v2\/media?parent=916505"}],"wp:term":[{"taxonomy":"category","embeddable":true,"href":"https:\/\/www.pm.pb.gov.br\/portal\/wp-json\/wp\/v2\/categories?post=916505"},{"taxonomy":"post_tag","embeddable":true,"href":"https:\/\/www.pm.pb.gov.br\/portal\/wp-json\/wp\/v2\/tags?post=916505"}],"curies":[{"name":"wp","href":"https:\/\/api.w.org\/{rel}","templated":true}]}}